{"id":50860,"date":"2021-02-10T10:16:52","date_gmt":"2021-02-10T13:16:52","guid":{"rendered":"http:\/\/lavras.tv\/site\/?p=50860"},"modified":"2021-02-10T10:16:54","modified_gmt":"2021-02-10T13:16:54","slug":"collor-assessora-bolsonaro-em-temas-economicos-nos-deu-sugestoes","status":"publish","type":"post","link":"https:\/\/lavras.tv\/site\/2021\/02\/10\/collor-assessora-bolsonaro-em-temas-economicos-nos-deu-sugestoes\/","title":{"rendered":"Collor assessora Bolsonaro em temas econ\u00f4micos: \u2018Nos deu sugest\u00f5es\u2019"},"content":{"rendered":"<div class=\"lavra-antes-do-conteudo_2\" id=\"lavra-2144092053\"><div id=\"lavra-slider-27\" class=\"custom-slider lavra-slider-1850440020 lavra-slider\"><ul><li><div style=\"margin-left: auto;margin-right: auto;text-align: center;\" id=\"lavra-2081975118\"><a href=\"https:\/\/sistemas.lavras.mg.gov.br\/portalcidadao\/#df1b1a7c7b2a290bcb31e32771e610784662739a88807c0dacac58ede5f391a7530e299dc302d611ee73cb143fc22eaf93592e53e7b5bdb01b00a0b8d28dae460c141dd2ff83412e4dc1c31b16b25f33144a9e5620ea73b13f5bc1c59411d98439ad226e8af03840603796067d87afe130812cf3de24982d0e306f9e61e764e5\" aria-label=\"Lavras-TV&#8211;720x104px (1) (1)\"><img src=\"https:\/\/lavras.tv\/site\/wp-content\/uploads\/2025\/01\/Lavras-TV-720x104px-1-1.png\" alt=\"\"  srcset=\"https:\/\/lavras.tv\/site\/wp-content\/uploads\/2025\/01\/Lavras-TV-720x104px-1-1.png 720w, https:\/\/lavras.tv\/site\/wp-content\/uploads\/2025\/01\/Lavras-TV-720x104px-1-1-470x68.png 470w, https:\/\/lavras.tv\/site\/wp-content\/uploads\/2025\/01\/Lavras-TV-720x104px-1-1-170x25.png 170w, https:\/\/lavras.tv\/site\/wp-content\/uploads\/2025\/01\/Lavras-TV-720x104px-1-1-200x29.png 200w\" sizes=\"(max-width: 720px) 100vw, 720px\" width=\"720\" height=\"104\"  style=\"display: inline-block;\" \/><\/a><\/div><\/li><li><a href=\"https:\/\/sistemas.lavras.mg.gov.br\/portalcidadao\/#df1b1a7c7b2a290bcb31e32771e610784662739a88807c0dacac58ede5f391a7530e299dc302d611ee73cb143fc22eaf93592e53e7b5bdb01b00a0b8d28dae460c141dd2ff83412e4dc1c31b16b25f33144a9e5620ea73b13f5bc1c59411d98439ad226e8af03840603796067d87afe130812cf3de24982d0e306f9e61e764e5\" aria-label=\"Banner_Emprego_PortallavrasTV\"><img src=\"https:\/\/lavras.tv\/site\/wp-content\/uploads\/2025\/03\/Banner_Emprego_PortallavrasTV.png\" alt=\"\"  srcset=\"https:\/\/lavras.tv\/site\/wp-content\/uploads\/2025\/03\/Banner_Emprego_PortallavrasTV.png 720w, https:\/\/lavras.tv\/site\/wp-content\/uploads\/2025\/03\/Banner_Emprego_PortallavrasTV-470x68.png 470w, https:\/\/lavras.tv\/site\/wp-content\/uploads\/2025\/03\/Banner_Emprego_PortallavrasTV-170x25.png 170w, https:\/\/lavras.tv\/site\/wp-content\/uploads\/2025\/03\/Banner_Emprego_PortallavrasTV-200x29.png 200w\" sizes=\"(max-width: 720px) 100vw, 720px\" width=\"720\" height=\"104\"   \/><\/a><\/li><li><a href=\"https:\/\/sistemas.lavras.mg.gov.br\/portalcidadao\/#df1b1a7c7b2a290bcb31e32771e610784662739a88807c0dacac58ede5f391a7530e299dc302d611ee73cb143fc22eaf93592e53e7b5bdb01b00a0b8d28dae460c141dd2ff83412e4dc1c31b16b25f33144a9e5620ea73b13f5bc1c59411d98439ad226e8af03840603796067d87afe130812cf3de24982d0e306f9e61e764e5\" aria-label=\"Banner_Obras_PortallavrasTV\"><img src=\"https:\/\/lavras.tv\/site\/wp-content\/uploads\/2025\/03\/Banner_Obras_PortallavrasTV.png\" alt=\"\"  srcset=\"https:\/\/lavras.tv\/site\/wp-content\/uploads\/2025\/03\/Banner_Obras_PortallavrasTV.png 720w, https:\/\/lavras.tv\/site\/wp-content\/uploads\/2025\/03\/Banner_Obras_PortallavrasTV-470x68.png 470w, https:\/\/lavras.tv\/site\/wp-content\/uploads\/2025\/03\/Banner_Obras_PortallavrasTV-170x25.png 170w, https:\/\/lavras.tv\/site\/wp-content\/uploads\/2025\/03\/Banner_Obras_PortallavrasTV-200x29.png 200w\" sizes=\"(max-width: 720px) 100vw, 720px\" width=\"720\" height=\"104\"   \/><\/a><\/li><li><div style=\"margin-left: auto;margin-right: auto;text-align: center;\" id=\"lavra-1833694192\"><a href=\"https:\/\/sistemas.lavras.mg.gov.br\/portalcidadao\/#df1b1a7c7b2a290bcb31e32771e610784662739a88807c0dacac58ede5f391a7530e299dc302d611ee73cb143fc22eaf93592e53e7b5bdb01b00a0b8d28dae460c141dd2ff83412e4dc1c31b16b25f33144a9e5620ea73b13f5bc1c59411d98439ad226e8af03840603796067d87afe130812cf3de24982d0e306f9e61e764e5\" aria-label=\"Banner_Educa\u00e7\u00e3o_PortallavrasTV\"><img src=\"https:\/\/lavras.tv\/site\/wp-content\/uploads\/2025\/01\/Banner_Educacao_PortallavrasTV.png\" alt=\"\"  srcset=\"https:\/\/lavras.tv\/site\/wp-content\/uploads\/2025\/01\/Banner_Educacao_PortallavrasTV.png 720w, https:\/\/lavras.tv\/site\/wp-content\/uploads\/2025\/01\/Banner_Educacao_PortallavrasTV-470x68.png 470w, https:\/\/lavras.tv\/site\/wp-content\/uploads\/2025\/01\/Banner_Educacao_PortallavrasTV-170x25.png 170w, https:\/\/lavras.tv\/site\/wp-content\/uploads\/2025\/01\/Banner_Educacao_PortallavrasTV-200x29.png 200w\" sizes=\"(max-width: 720px) 100vw, 720px\" width=\"720\" height=\"104\"  style=\"display: inline-block;\" \/><\/a><\/div><\/li><li><a href=\"https:\/\/sistemas.lavras.mg.gov.br\/portalcidadao\/#df1b1a7c7b2a290bcb31e32771e610784662739a88807c0dacac58ede5f391a7530e299dc302d611ee73cb143fc22eaf93592e53e7b5bdb01b00a0b8d28dae460c141dd2ff83412e4dc1c31b16b25f33144a9e5620ea73b13f5bc1c59411d98439ad226e8af03840603796067d87afe130812cf3de24982d0e306f9e61e764e5\" aria-label=\"Banner_Sa\u00fade_PortallavrasTV\"><img src=\"https:\/\/lavras.tv\/site\/wp-content\/uploads\/2025\/03\/Banner_Saude_PortallavrasTV.png\" alt=\"\"  srcset=\"https:\/\/lavras.tv\/site\/wp-content\/uploads\/2025\/03\/Banner_Saude_PortallavrasTV.png 720w, https:\/\/lavras.tv\/site\/wp-content\/uploads\/2025\/03\/Banner_Saude_PortallavrasTV-470x68.png 470w, https:\/\/lavras.tv\/site\/wp-content\/uploads\/2025\/03\/Banner_Saude_PortallavrasTV-170x25.png 170w, https:\/\/lavras.tv\/site\/wp-content\/uploads\/2025\/03\/Banner_Saude_PortallavrasTV-200x29.png 200w\" sizes=\"(max-width: 720px) 100vw, 720px\" width=\"720\" height=\"104\"   \/><\/a><\/li><li><div id=\"lavra-2767616361\" style=\"width:720px;height:104px;background-color:#ddd;overflow:scroll;\">\n\t<strong>Sa\u00edda da depura\u00e7\u00e3o de an\u00fancios<\/strong>\n\t<br><br>\n\tO an\u00fancio n\u00e3o \u00e9 exibido na p\u00e1gina<br><br>post atual: Collor assessora Bolsonaro em temas econ\u00f4micos: \u2018Nos deu sugest\u00f5es\u2019, ID: 50860<br><br><span style=\"color: red;\">O post atual n\u00e3o \u00e9 id\u00eantico ao post principal.<\/span><br><br>An\u00fancios: ROXO - TOPO INTERNA - ROTATIVO 2 (197)<br \/>Grupo de an\u00fancios: Princ_Meio01_720x104 (27)<br><br>Condi\u00e7\u00f5es de exibi\u00e7\u00e3o<div style=\"margin-bottom: 20px; white-space: pre-wrap; font-family: monospace; width: 100%; background: #ffe9e9;\"><strong>condi\u00e7\u00f5es gerais<\/strong><table border=\"1\"><thead><tr><th><\/th><th>An\u00fancios<\/th><th>wp_the_query<\/th><\/tr><\/thead><tr><td>is_main_query<\/td><td>1<\/td><td>1<\/td><\/tr><tr><td>is_rest_api<\/td><td>0<\/td><td>1<\/td><\/tr><tr><td>page<\/td><td>0<\/td><td>1<\/td><\/tr><tr><td>numpages<\/td><td>0<\/td><td>1<\/td><\/tr><tr><td>is_archive<\/td><td>1<\/td><td><\/td><\/tr><tr><td>is_search<\/td><td>1<\/td><td><\/td><\/tr><tr><td>is_home<\/td><td>1<\/td><td><\/td><\/tr><tr><td>is_404<\/td><td>1<\/td><td><\/td><\/tr><tr><td>is_attachment<\/td><td>1<\/td><td><\/td><\/tr><tr><td>is_singular<\/td><td>1<\/td><td><\/td><\/tr><tr><td>is_front_page<\/td><td>1<\/td><td><\/td><\/tr><tr><td>is_feed<\/td><td>1<\/td><td><\/td><\/tr><\/table><\/div><br><br><span style=\"color: red;\">Seu site usa HTTPS, mas o c\u00f3digo do an\u00fancio cont\u00e9m HTTP e pode n\u00e3o funcionar.<\/span>\t<br><br>\n\t<a style=\"color: green;\" href=\"https:\/\/wpadvancedads.com\/manual\/ad-debug-mode\/?utm_source=advanced-ads&utm_medium=link&utm_campaign=ad-debug-mode\" target=\"_blank\" rel=\"nofollow\">Encontre solu\u00e7\u00f5es no manual<\/a>\n<\/div>\n<\/li><\/ul><\/div><script>( window.advanced_ads_ready || jQuery( document ).ready ).call( null, function() {var $lavraslider1850440020 = jQuery( \".lavra-slider-1850440020\" );$lavraslider1850440020.on( \"unslider.ready\", function() { jQuery( \"div.custom-slider ul li\" ).css( \"display\", \"block\" ); });$lavraslider1850440020.unslider({ delay:4000, autoplay:true, nav:false, arrows:false, infinite:true });$lavraslider1850440020.on(\"mouseover\", function() {$lavraslider1850440020.unslider(\"stop\");}).on(\"mouseout\", function() {$lavraslider1850440020.unslider(\"start\");});});<\/script><\/div>\n<p>O presidente Jair Bolsonaro (sem partido) acolheu sugest\u00f5es do senador e ex-presidente Fernando Collor de Mello (PROS) em assuntos econ\u00f4micos. Segundo o pr\u00f3prio Bolsonaro, as opini\u00f5es do alagoano foram recebidas em reuni\u00e3o com o ministro da Economia, Paulo Guedes. A pauta do encontro foi o aumento do pre\u00e7o da gasolina.<\/p>\n\n\n\n<p>O chefe do Executivo revelou a informa\u00e7\u00e3o durante o lan\u00e7amento do portal Participa + Brasil, nessa segunda-feira (8). A nova plataforma digital, de acordo com o governo federal, tem como prop\u00f3sito promover e qualificar o processo de participa\u00e7\u00e3o social, potencializar a transpar\u00eancia no processo de tomada de decis\u00f5es dos \u00f3rg\u00e3os e fortalecer a cidadania.<\/p>\n\n\n\n<p>Em um momento do discurso, o presidente da Rep\u00fablica se dirigiu a Collor, que estava presente no palco. \u201cNingu\u00e9m tem, presidente Collor, o que n\u00f3s temos, ningu\u00e9m tem, n\u00f3s temos tudo para sermos uma grande na\u00e7\u00e3o\u201d, disse.<\/p>\n\n\n\n<p>Depois, o presidente voltou a se dirigir ao senador de Alagoas, dessa vez revelando a participa\u00e7\u00e3o dele na \u00faltima reuni\u00e3o. \u201cComo hoje est\u00e1vamos reunidos aqui com a equipe econ\u00f4mica do Paulo Guedes vendo a condi\u00e7\u00e3o do impacto desse novo reajuste do combust\u00edvel o qual n\u00f3s n\u00e3o temos como interferir e n\u00e3o pensamos em interferir na Petrobras e apareceu o senhor Fernando Collor ali para tratar de outro assunto em outro local, convocamos para a reuni\u00e3o\u201d, justificou.<\/p>\n\n\n\n<div class=\"wp-block-image\"><figure class=\"aligncenter size-large\"><img fetchpriority=\"high\" decoding=\"async\" width=\"703\" height=\"392\" src=\"http:\/\/lavras.tv\/site\/wp-content\/uploads\/2021\/02\/collor-bolsonaro.jpg\" alt=\"\" class=\"wp-image-50861\" srcset=\"https:\/\/lavras.tv\/site\/wp-content\/uploads\/2021\/02\/collor-bolsonaro.jpg 703w, https:\/\/lavras.tv\/site\/wp-content\/uploads\/2021\/02\/collor-bolsonaro-470x262.jpg 470w, https:\/\/lavras.tv\/site\/wp-content\/uploads\/2021\/02\/collor-bolsonaro-170x95.jpg 170w\" sizes=\"(max-width: 703px) 100vw, 703px\" \/><\/figure><\/div>\n\n\n\n<p>Bolsonaro disse que as sugest\u00f5es de Collor na reuni\u00e3o sobre o aumento da gasolina contribu\u00edram para as decis\u00f5es. \u201cEle participou de grande parte da mesma e nos deu sugest\u00f5es, sugest\u00f5es bem vindas e acolhidas por n\u00f3s e dessa forma n\u00f3s vamos governando\u201d.<\/p>\n\n\n\n<h2 class=\"wp-block-heading\">Legislativo<\/h2>\n\n\n\n<p>No lan\u00e7amento, no Pal\u00e1cio do Planalto, estavam presentes, al\u00e9m do presidente e o ex-presidente Fernando Collor, a primeira-dama, o novo presidente do Senado Federal, Rodrigo Pacheco (DEM), o novo presidente da C\u00e2mara dos Deputados, Arthur Lira (PP), o ministro-chefe da Secretaria de Governo da Presid\u00eancia da Rep\u00fablica, Luiz Eduardo Ramos, o vice-presidente da Rep\u00fablica, Hamilton Mour\u00e3o (PRTB), o chefe da Casa Civil, Braga Neto, al\u00e9m de outras autoridades.<\/p>\n\n\n\n<p>No discurso, Bolsonaro tamb\u00e9m se referiu aos dois novos presidentes do Legislativo. \u201cAgrade\u00e7o o trabalho de voc\u00eas, bem como essas seletas pessoas que n\u00f3s temos aqui a frente eu queria saudar primeiro o novo presidente do Senado Federal, Rodrigo Pacheco, deseja-lhe boa sorte, felicidades, pedir a Deus que o oriente, parte tamb\u00e9m por vezes aquele \u00e2nimo, aquela vontade nossa de querer resolver rapidamente as coisas\u201d.<\/p>\n\n\n\n<p>\u201cO seu trabalho que \u00e9 a continuidade do Davi Alcolumbre&nbsp;do qual eu tenho o prazer de citar como uma pessoa que nos ajudou muito no Senado Federal e no Congresso, o Brasil andou\u201d, disse o presidente.<\/p>\n\n\n\n<p>Ao presidente da C\u00e2mara dos Deputados, referiu-se como \u201cvelho colega\u201d. \u201cSaudar o&nbsp; Arthur Lira o meu velho colega de Partido Progressista, ficamos talvez por 12 anos juntos, ou 16, sou mais antigo que voc\u00eas, n\u00e3o esque\u00e7am disso, cheguei l\u00e1 em 91\u201d.<\/p>\n\n\n\n<p>\u201cTamb\u00e9m desejar-lhe boa sorte, cumpriment\u00e1-lo pelas not\u00edcias que estou tendo de voc\u00ea j\u00e1 come\u00e7ar a trabalhar numa pauta que possa realmente destravar o Brasil, nos alavancar realmente para um mundo diferente\u201d, afirmou.<\/p>\n\n\n\n<p>Na sequ\u00eancia, o presidente se referiu ao Executivo e ao novo Legislativo como um s\u00f3 poder, apesar do princ\u00edpio de separa\u00e7\u00e3o dos poderes para fins de fiscaliza\u00e7\u00e3o. \u201cVoc\u00eas dois fazem parte juntamente comigo no Executivo, dizem, dizem n\u00e3o que os poderes s\u00e3o independentes mas n\u00f3s Executivo e Legislativo trabalhamos realmente afinados como se fossem um s\u00f3 Poder\u201d.<\/p>\n\n\n\n<p>Quando se referiu a aprova\u00e7\u00e3o de pautas, n\u00e3o falou sobre a possibilidade de pautas do Executivo sendo rejeitadas pelo Legislativo. \u201cO que voc\u00eas, o que os senhores fazem l\u00e1 eu chancelo aqui, o que eu proponho aos senhores voc\u00eas aprovam ou aperfei\u00e7oam e n\u00f3s juntos buscamos traduzir o nosso trabalho em felicidade para a nossa popula\u00e7\u00e3o\u201d.<\/p>\n\n\n\n<p>Bolsonaro ainda se referiu \u00e0 pandemia e crise econ\u00f4mica. \u201cJuntos n\u00f3s podemos sim dar esperan\u00e7a a esse povo eles merecem realmente um Brasil melhor n\u00e3o possamos esquecer como alguns esquecem, poucos que estamos vivendo ainda uma pandemia que deu uma desajustada na economia\u201d.<\/p>\n\n\n\n<p>Por fim, falou sobre a possibilidade, negada por ele antes, de um novo aux\u00edlio emergencial. \u201cEstamos negociando com o \u00d4nix Lorenzoni, Paulo Guedes, Marinho entre outros a quest\u00e3o de um aux\u00edlio ao nosso povo que est\u00e1 ainda numa situa\u00e7\u00e3o bastante complicada\u201d.<\/p>\n\n\n\n<p>Fonte: BHAZ<\/p>\n","protected":false},"excerpt":{"rendered":"<p>O presidente Jair Bolsonaro (sem partido) acolheu sugest\u00f5es do senador e ex-presidente Fernando Collor de Mello (PROS) em assuntos econ\u00f4micos. Segundo o pr\u00f3prio Bolsonaro, as opini\u00f5es do alagoano foram recebidas em reuni\u00e3o com o ministro da Economia, Paulo Guedes. A pauta do encontro foi o aumento do pre\u00e7o da gasolina. O chefe do Executivo revelou [&hellip;]<\/p>\n","protected":false},"author":2,"featured_media":50861,"comment_status":"closed","ping_status":"open","sticky":false,"template":"","format":"standard","meta":{"advgb_blocks_editor_width":"","advgb_blocks_columns_visual_guide":"","_exactmetrics_skip_tracking":false,"_exactmetrics_sitenote_active":false,"_exactmetrics_sitenote_note":"","_exactmetrics_sitenote_category":0,"footnotes":""},"categories":[7,2,12],"tags":[],"class_list":["post-50860","post","type-post","status-publish","format-standard","has-post-thumbnail","hentry","category-destaques","category-noticias","category-politica"],"better_featured_image":{"id":50861,"alt_text":"","caption":"","description":"","media_type":"image","media_details":{"width":703,"height":392,"file":"2021\/02\/collor-bolsonaro.jpg","sizes":{"medium":{"file":"collor-bolsonaro-470x262.jpg","width":470,"height":262,"mime-type":"image\/jpeg","source_url":"https:\/\/lavras.tv\/site\/wp-content\/uploads\/2021\/02\/collor-bolsonaro-470x262.jpg"},"thumbnail":{"file":"collor-bolsonaro-170x95.jpg","width":170,"height":95,"mime-type":"image\/jpeg","source_url":"https:\/\/lavras.tv\/site\/wp-content\/uploads\/2021\/02\/collor-bolsonaro-170x95.jpg"},"alm-thumbnail":{"file":"collor-bolsonaro-150x150.jpg","width":150,"height":150,"mime-type":"image\/jpeg","source_url":"https:\/\/lavras.tv\/site\/wp-content\/uploads\/2021\/02\/collor-bolsonaro-150x150.jpg"}},"image_meta":{"aperture":"0","credit":"","camera":"","caption":"","created_timestamp":"0","copyright":"","focal_length":"0","iso":"0","shutter_speed":"0","title":"","orientation":"0","keywords":[]}},"post":50860,"source_url":"https:\/\/lavras.tv\/site\/wp-content\/uploads\/2021\/02\/collor-bolsonaro.jpg"},"author_meta":{"display_name":"Lavras TV","author_link":"https:\/\/lavras.tv\/site\/author\/lavrastv\/"},"featured_img":"https:\/\/lavras.tv\/site\/wp-content\/uploads\/2021\/02\/collor-bolsonaro-470x262.jpg","coauthors":[],"tax_additional":{"categories":{"linked":["<a href=\"https:\/\/lavras.tv\/site\/category\/destaques\/\" class=\"advgb-post-tax-term\">Destaques<\/a>","<a href=\"https:\/\/lavras.tv\/site\/category\/noticias\/\" class=\"advgb-post-tax-term\">Not\u00edcias<\/a>","<a href=\"https:\/\/lavras.tv\/site\/category\/politica\/\" class=\"advgb-post-tax-term\">Pol\u00edtica<\/a>"],"unlinked":["<span class=\"advgb-post-tax-term\">Destaques<\/span>","<span class=\"advgb-post-tax-term\">Not\u00edcias<\/span>","<span class=\"advgb-post-tax-term\">Pol\u00edtica<\/span>"]}},"comment_count":"0","relative_dates":{"created":"Publicado 5 anos atr\u00e1s","modified":"Atualizado 5 anos atr\u00e1s"},"absolute_dates":{"created":"Publicado em 10 de fevereiro de 2021","modified":"Atualizado em 10 de fevereiro de 2021"},"absolute_dates_time":{"created":"Publicado em 10 de fevereiro de 2021 10:16","modified":"Atualizado em 10 de fevereiro de 2021 10:16"},"featured_img_caption":"","series_order":"","_links":{"self":[{"href":"https:\/\/lavras.tv\/site\/wp-json\/wp\/v2\/posts\/50860","targetHints":{"allow":["GET"]}}],"collection":[{"href":"https:\/\/lavras.tv\/site\/wp-json\/wp\/v2\/posts"}],"about":[{"href":"https:\/\/lavras.tv\/site\/wp-json\/wp\/v2\/types\/post"}],"author":[{"embeddable":true,"href":"https:\/\/lavras.tv\/site\/wp-json\/wp\/v2\/users\/2"}],"replies":[{"embeddable":true,"href":"https:\/\/lavras.tv\/site\/wp-json\/wp\/v2\/comments?post=50860"}],"version-history":[{"count":1,"href":"https:\/\/lavras.tv\/site\/wp-json\/wp\/v2\/posts\/50860\/revisions"}],"predecessor-version":[{"id":50862,"href":"https:\/\/lavras.tv\/site\/wp-json\/wp\/v2\/posts\/50860\/revisions\/50862"}],"wp:featuredmedia":[{"embeddable":true,"href":"https:\/\/lavras.tv\/site\/wp-json\/wp\/v2\/media\/50861"}],"wp:attachment":[{"href":"https:\/\/lavras.tv\/site\/wp-json\/wp\/v2\/media?parent=50860"}],"wp:term":[{"taxonomy":"category","embeddable":true,"href":"https:\/\/lavras.tv\/site\/wp-json\/wp\/v2\/categories?post=50860"},{"taxonomy":"post_tag","embeddable":true,"href":"https:\/\/lavras.tv\/site\/wp-json\/wp\/v2\/tags?post=50860"}],"curies":[{"name":"wp","href":"https:\/\/api.w.org\/{rel}","templated":true}]}}