{"id":5135,"date":"2016-12-23T08:30:21","date_gmt":"2016-12-23T10:30:21","guid":{"rendered":"http:\/\/lavras.tv\/site\/?p=5135"},"modified":"2016-12-23T08:30:21","modified_gmt":"2016-12-23T10:30:21","slug":"temer-diz-que-recorre-ao-stf-se-for-cassado-e-avisa-que-impopularidade-nao-atrapalha-o-governo","status":"publish","type":"post","link":"https:\/\/lavras.tv\/site\/2016\/12\/23\/temer-diz-que-recorre-ao-stf-se-for-cassado-e-avisa-que-impopularidade-nao-atrapalha-o-governo\/","title":{"rendered":"Temer diz que recorre ao STF se for cassado e avisa que impopularidade n\u00e3o atrapalha o governo"},"content":{"rendered":"<div class=\"lavra-antes-do-conteudo_2\" id=\"lavra-609703269\"><div id=\"lavra-slider-27\" class=\"custom-slider lavra-slider-1884692302 lavra-slider\"><ul><li><div style=\"margin-left: auto;margin-right: auto;text-align: center;\" id=\"lavra-3711268093\"><a href=\"https:\/\/sistemas.lavras.mg.gov.br\/portalcidadao\/#df1b1a7c7b2a290bcb31e32771e610784662739a88807c0dacac58ede5f391a7530e299dc302d611ee73cb143fc22eaf93592e53e7b5bdb01b00a0b8d28dae460c141dd2ff83412e4dc1c31b16b25f33144a9e5620ea73b13f5bc1c59411d98439ad226e8af03840603796067d87afe130812cf3de24982d0e306f9e61e764e5\" aria-label=\"Lavras-TV&#8211;720x104px (1) (1)\"><img src=\"https:\/\/lavras.tv\/site\/wp-content\/uploads\/2025\/01\/Lavras-TV-720x104px-1-1.png\" alt=\"\"  srcset=\"https:\/\/lavras.tv\/site\/wp-content\/uploads\/2025\/01\/Lavras-TV-720x104px-1-1.png 720w, https:\/\/lavras.tv\/site\/wp-content\/uploads\/2025\/01\/Lavras-TV-720x104px-1-1-470x68.png 470w, https:\/\/lavras.tv\/site\/wp-content\/uploads\/2025\/01\/Lavras-TV-720x104px-1-1-170x25.png 170w, https:\/\/lavras.tv\/site\/wp-content\/uploads\/2025\/01\/Lavras-TV-720x104px-1-1-200x29.png 200w\" sizes=\"(max-width: 720px) 100vw, 720px\" width=\"720\" height=\"104\"  style=\"display: inline-block;\" \/><\/a><\/div><\/li><li><a href=\"https:\/\/sistemas.lavras.mg.gov.br\/portalcidadao\/#df1b1a7c7b2a290bcb31e32771e610784662739a88807c0dacac58ede5f391a7530e299dc302d611ee73cb143fc22eaf93592e53e7b5bdb01b00a0b8d28dae460c141dd2ff83412e4dc1c31b16b25f33144a9e5620ea73b13f5bc1c59411d98439ad226e8af03840603796067d87afe130812cf3de24982d0e306f9e61e764e5\" aria-label=\"Banner_Emprego_PortallavrasTV\"><img src=\"https:\/\/lavras.tv\/site\/wp-content\/uploads\/2025\/03\/Banner_Emprego_PortallavrasTV.png\" alt=\"\"  srcset=\"https:\/\/lavras.tv\/site\/wp-content\/uploads\/2025\/03\/Banner_Emprego_PortallavrasTV.png 720w, https:\/\/lavras.tv\/site\/wp-content\/uploads\/2025\/03\/Banner_Emprego_PortallavrasTV-470x68.png 470w, https:\/\/lavras.tv\/site\/wp-content\/uploads\/2025\/03\/Banner_Emprego_PortallavrasTV-170x25.png 170w, https:\/\/lavras.tv\/site\/wp-content\/uploads\/2025\/03\/Banner_Emprego_PortallavrasTV-200x29.png 200w\" sizes=\"(max-width: 720px) 100vw, 720px\" width=\"720\" height=\"104\"   \/><\/a><\/li><li><a href=\"https:\/\/sistemas.lavras.mg.gov.br\/portalcidadao\/#df1b1a7c7b2a290bcb31e32771e610784662739a88807c0dacac58ede5f391a7530e299dc302d611ee73cb143fc22eaf93592e53e7b5bdb01b00a0b8d28dae460c141dd2ff83412e4dc1c31b16b25f33144a9e5620ea73b13f5bc1c59411d98439ad226e8af03840603796067d87afe130812cf3de24982d0e306f9e61e764e5\" aria-label=\"Banner_Obras_PortallavrasTV\"><img src=\"https:\/\/lavras.tv\/site\/wp-content\/uploads\/2025\/03\/Banner_Obras_PortallavrasTV.png\" alt=\"\"  srcset=\"https:\/\/lavras.tv\/site\/wp-content\/uploads\/2025\/03\/Banner_Obras_PortallavrasTV.png 720w, https:\/\/lavras.tv\/site\/wp-content\/uploads\/2025\/03\/Banner_Obras_PortallavrasTV-470x68.png 470w, https:\/\/lavras.tv\/site\/wp-content\/uploads\/2025\/03\/Banner_Obras_PortallavrasTV-170x25.png 170w, https:\/\/lavras.tv\/site\/wp-content\/uploads\/2025\/03\/Banner_Obras_PortallavrasTV-200x29.png 200w\" sizes=\"(max-width: 720px) 100vw, 720px\" width=\"720\" height=\"104\"   \/><\/a><\/li><li><div style=\"margin-left: auto;margin-right: auto;text-align: center;\" id=\"lavra-2923359835\"><a href=\"https:\/\/sistemas.lavras.mg.gov.br\/portalcidadao\/#df1b1a7c7b2a290bcb31e32771e610784662739a88807c0dacac58ede5f391a7530e299dc302d611ee73cb143fc22eaf93592e53e7b5bdb01b00a0b8d28dae460c141dd2ff83412e4dc1c31b16b25f33144a9e5620ea73b13f5bc1c59411d98439ad226e8af03840603796067d87afe130812cf3de24982d0e306f9e61e764e5\" aria-label=\"Banner_Educa\u00e7\u00e3o_PortallavrasTV\"><img src=\"https:\/\/lavras.tv\/site\/wp-content\/uploads\/2025\/01\/Banner_Educacao_PortallavrasTV.png\" alt=\"\"  srcset=\"https:\/\/lavras.tv\/site\/wp-content\/uploads\/2025\/01\/Banner_Educacao_PortallavrasTV.png 720w, https:\/\/lavras.tv\/site\/wp-content\/uploads\/2025\/01\/Banner_Educacao_PortallavrasTV-470x68.png 470w, https:\/\/lavras.tv\/site\/wp-content\/uploads\/2025\/01\/Banner_Educacao_PortallavrasTV-170x25.png 170w, https:\/\/lavras.tv\/site\/wp-content\/uploads\/2025\/01\/Banner_Educacao_PortallavrasTV-200x29.png 200w\" sizes=\"(max-width: 720px) 100vw, 720px\" width=\"720\" height=\"104\"  style=\"display: inline-block;\" \/><\/a><\/div><\/li><li><a href=\"https:\/\/sistemas.lavras.mg.gov.br\/portalcidadao\/#df1b1a7c7b2a290bcb31e32771e610784662739a88807c0dacac58ede5f391a7530e299dc302d611ee73cb143fc22eaf93592e53e7b5bdb01b00a0b8d28dae460c141dd2ff83412e4dc1c31b16b25f33144a9e5620ea73b13f5bc1c59411d98439ad226e8af03840603796067d87afe130812cf3de24982d0e306f9e61e764e5\" aria-label=\"Banner_Sa\u00fade_PortallavrasTV\"><img src=\"https:\/\/lavras.tv\/site\/wp-content\/uploads\/2025\/03\/Banner_Saude_PortallavrasTV.png\" alt=\"\"  srcset=\"https:\/\/lavras.tv\/site\/wp-content\/uploads\/2025\/03\/Banner_Saude_PortallavrasTV.png 720w, https:\/\/lavras.tv\/site\/wp-content\/uploads\/2025\/03\/Banner_Saude_PortallavrasTV-470x68.png 470w, https:\/\/lavras.tv\/site\/wp-content\/uploads\/2025\/03\/Banner_Saude_PortallavrasTV-170x25.png 170w, https:\/\/lavras.tv\/site\/wp-content\/uploads\/2025\/03\/Banner_Saude_PortallavrasTV-200x29.png 200w\" sizes=\"(max-width: 720px) 100vw, 720px\" width=\"720\" height=\"104\"   \/><\/a><\/li><li><div id=\"lavra-3775120930\" style=\"width:720px;height:104px;background-color:#ddd;overflow:scroll;\">\n\t<strong>Sa\u00edda da depura\u00e7\u00e3o de an\u00fancios<\/strong>\n\t<br><br>\n\tO an\u00fancio n\u00e3o \u00e9 exibido na p\u00e1gina<br><br>post atual: Temer diz que recorre ao STF se for cassado e avisa que impopularidade n\u00e3o atrapalha o governo, ID: 5135<br><br><span style=\"color: red;\">O post atual n\u00e3o \u00e9 id\u00eantico ao post principal.<\/span><br><br>An\u00fancios: ROXO - TOPO INTERNA - ROTATIVO 2 (197)<br \/>Grupo de an\u00fancios: Princ_Meio01_720x104 (27)<br><br>Condi\u00e7\u00f5es de exibi\u00e7\u00e3o<div style=\"margin-bottom: 20px; white-space: pre-wrap; font-family: monospace; width: 100%; background: #ffe9e9;\"><strong>condi\u00e7\u00f5es gerais<\/strong><table border=\"1\"><thead><tr><th><\/th><th>An\u00fancios<\/th><th>wp_the_query<\/th><\/tr><\/thead><tr><td>is_main_query<\/td><td>1<\/td><td>1<\/td><\/tr><tr><td>is_rest_api<\/td><td>0<\/td><td>1<\/td><\/tr><tr><td>page<\/td><td>0<\/td><td>1<\/td><\/tr><tr><td>numpages<\/td><td>0<\/td><td>1<\/td><\/tr><tr><td>is_archive<\/td><td>1<\/td><td><\/td><\/tr><tr><td>is_search<\/td><td>1<\/td><td><\/td><\/tr><tr><td>is_home<\/td><td>1<\/td><td><\/td><\/tr><tr><td>is_404<\/td><td>1<\/td><td><\/td><\/tr><tr><td>is_attachment<\/td><td>1<\/td><td><\/td><\/tr><tr><td>is_singular<\/td><td>1<\/td><td><\/td><\/tr><tr><td>is_front_page<\/td><td>1<\/td><td><\/td><\/tr><tr><td>is_feed<\/td><td>1<\/td><td><\/td><\/tr><\/table><\/div><br><br><span style=\"color: red;\">Seu site usa HTTPS, mas o c\u00f3digo do an\u00fancio cont\u00e9m HTTP e pode n\u00e3o funcionar.<\/span>\t<br><br>\n\t<a style=\"color: green;\" href=\"https:\/\/wpadvancedads.com\/manual\/ad-debug-mode\/?utm_source=advanced-ads&utm_medium=link&utm_campaign=ad-debug-mode\" target=\"_blank\" rel=\"nofollow\">Encontre solu\u00e7\u00f5es no manual<\/a>\n<\/div>\n<\/li><\/ul><\/div><script>( window.advanced_ads_ready || jQuery( document ).ready ).call( null, function() {var $lavraslider1884692302 = jQuery( \".lavra-slider-1884692302\" );$lavraslider1884692302.on( \"unslider.ready\", function() { jQuery( \"div.custom-slider ul li\" ).css( \"display\", \"block\" ); });$lavraslider1884692302.unslider({ delay:4000, autoplay:true, nav:false, arrows:false, infinite:true });$lavraslider1884692302.on(\"mouseover\", function() {$lavraslider1884692302.unslider(\"stop\");}).on(\"mouseout\", function() {$lavraslider1884692302.unslider(\"start\");});});<\/script><\/div><p>Ao fazer um balan\u00e7o dos sete meses de gest\u00e3o, o presidente Michel Temer afirmou nesta quinta-feira que n\u00e3o cogita renunciar ao cargo e que vai recorrer at\u00e9 ao Supremo Tribunal Federal caso o Tribunal Superior Eleitoral (TSE) decida pela cassa\u00e7\u00e3o da chapa Dilma-Temer. Mesmo sem ter sido questionado sobre uma poss\u00edvel ren\u00fancia, Temer disse que &#8220;n\u00e3o tem pensado&#8221; nisso.<\/p>\n<p><img fetchpriority=\"high\" decoding=\"async\" class=\" wp-image-5136 aligncenter\" src=\"http:\/\/lavras.tv\/site\/wp-content\/uploads\/2016\/12\/temer.jpg\" alt=\"temer\" width=\"1131\" height=\"662\" srcset=\"https:\/\/lavras.tv\/site\/wp-content\/uploads\/2016\/12\/temer.jpg 1263w, https:\/\/lavras.tv\/site\/wp-content\/uploads\/2016\/12\/temer-150x88.jpg 150w, https:\/\/lavras.tv\/site\/wp-content\/uploads\/2016\/12\/temer-300x176.jpg 300w, https:\/\/lavras.tv\/site\/wp-content\/uploads\/2016\/12\/temer-1024x600.jpg 1024w\" sizes=\"(max-width: 1131px) 100vw, 1131px\" \/><\/p>\n<p>Durante o caf\u00e9 da manh\u00e3 com jornalistas no Pal\u00e1cio da Alvorada, o presidente foi perguntado sobre uma eventual cassa\u00e7\u00e3o da chapa reeleita em 2014 e sobre poss\u00edveis impactos das investiga\u00e7\u00f5es da Opera\u00e7\u00e3o Lava Jato no mandato presidencial. Em rela\u00e7\u00e3o ao julgamento da a\u00e7\u00e3o que analisa se houve abuso de poder econ\u00f4mico na elei\u00e7\u00e3o presidencial de 2014, Temer disse que, caso o TSE decida pela cassa\u00e7\u00e3o, &#8220;haver\u00e1 recursos e mais recursos&#8221;, tamb\u00e9m ao Supremo.<\/p>\n<p>Temer negou tamb\u00e9m que o ministro da Casa Civil, Eliseu Padilha, v\u00e1 deixar o governo. Ontem, a Coluna do Estad\u00e3o informou que Padilha pediu ao lobista L\u00facio Funaro a entrega de dinheiro no escrit\u00f3rio do ex-assessor da Presid\u00eancia Jos\u00e9 Yunes. Funaro teria entregue a Yunes dinheiro em esp\u00e9cie repassado pela Odebrecht, empresa alvo das investiga\u00e7\u00e3o da Lava Jato. &#8220;N\u00e3o tirarei o chefe da Casa Civil. N\u00e3o haver\u00e1 mudan\u00e7a.&#8221;<\/p>\n<p>Al\u00e9m de negar mudan\u00e7as no n\u00facleo duro do governo, o presidente tamb\u00e9m afirmou que, &#8220;no momento&#8221;, n\u00e3o pensa em realizar uma reforma ministerial no in\u00edcio do pr\u00f3ximo ano.<\/p>\n<p>Ao lado dos ministros Henrique Meirelles (Fazenda) e Dyogo de Oliveira (Planejamento), o presidente minimizou a baixa popularidade e comentou a declara\u00e7\u00e3o do ex-presidente Fernando Henrique Cardoso &#8211; que comparou o atual governo a uma &#8220;pinguela&#8221;. Temer disse que, quando crian\u00e7a, &#8220;nunca caiu de uma&#8221;. A seguir os principais trechos da entrevista:<\/p>\n<p>TSE\/dela\u00e7\u00e3o\/ren\u00fancia. &#8220;Em havendo uma decis\u00e3o (a favor da cassa\u00e7\u00e3o) haver\u00e1 recursos e mais recursos, n\u00e3o s\u00f3 no TSE, mas no Supremo Tribunal Federal. Mas no dia que o Judici\u00e1rio tiver uma decis\u00e3o definitiva, eu serei obediente a ela&#8230; Segundo ponto, o fato de delatores terem mencionados nomes, digo com muita frequ\u00eancia que no Brasil se formou a seguinte convic\u00e7\u00e3o: se um delator mencionou o nome de algu\u00e9m, ele [O ACUSADO]est\u00e1 definitivamente condenado&#8230; Agora voc\u00ea me pergunta se eu vou renunciar? Eu confesso que n\u00e3o tenho pensado nisso.&#8221;<\/p>\n<p><strong>Reforma ministerial<\/strong><\/p>\n<p>&#8220;N\u00e3o tirarei o chefe da Casa Civil. Na verdade, ele continua firme e forte a frente da Casa Civil. Hoje (ontem) verifiquei uma not\u00edcia de que ele seria substitu\u00eddo por uma outra figura tamb\u00e9m exponencial, mas n\u00e3o haver\u00e1 mudan\u00e7a nenhuma. Sobre esse outro t\u00f3pico de que haver\u00e1 mudan\u00e7a ou n\u00e3o (reforma ministerial) isso, naturalmente n\u00e3o sei o que vai acontecer l\u00e1 para frente, mas n\u00e3o cogito. N\u00e3o h\u00e1 nenhuma inten\u00e7\u00e3o neste momento de fazer qualquer altera\u00e7\u00e3o ministerial.&#8221;<\/p>\n<p><strong>Vazamentos<\/strong><\/p>\n<p>&#8220;Quando mandei a carta para o procurador-geral n\u00e3o me insurgi contra a Lava Jato. Me insurgir contra a hist\u00f3ria, se tem 78, 80, 90 dela\u00e7\u00f5es, n\u00e3o pode soltar uma por semana. Digo que isso prejudica realmente, cria um clima de instabilidade. Se for poss\u00edvel, acelere essas dela\u00e7\u00f5es de modo que elas possam logo ser remitidas ao Supremo Tribunal Federal, ao ju\u00edzo competente. Se nessas dela\u00e7\u00f5es pessoas forem citadas, cada uma delas saber\u00e1 como justificar, como se defender.&#8221;<\/p>\n<p><strong>Pinguela<\/strong><\/p>\n<p>&#8220;Quando eu era menino, eu sou do interior do Estado de S\u00e3o Paulo, cidade pequena, havia um riacho e eu e alguns colegas brinc\u00e1vamos muito colocando uma pinguela para atravessar exatamente esse riacho&#8230; sabe que nunca ca\u00ed, embora fosse uma pinguela. Quando ou\u00e7o essa express\u00e3o do ex-presidente Fernando Henrique Cardoso \u00e9 porque se percebe que h\u00e1 muitas amarguras, paix\u00f5es. No fundo quando o ex-presidente menciona, ele menciona que \u00e9 um pinguela, mas precisamos sustentar.&#8221;<\/p>\n<p><strong>Erros<\/strong><\/p>\n<p>&#8220;Acho que eu tenho muitos erros, muitos acertos, como \u00e9 natural num governo. Agora, eu quero repetir aqui a frase do presidente Juscelino: eu n\u00e3o tenho compromisso com o erro. Quando eu percebo que erro, eu logo conserto. \u00c9 interessante quando voc\u00ea erra, as pessoas acham que voc\u00ea n\u00e3o pode recuar. E da\u00ed vem \u2018Temer recua\u2019&#8230; n\u00e3o me incomodo.&#8221;<\/p>\n<p><strong>Popularidade<\/strong><\/p>\n<p>&#8220;N\u00e3o abro m\u00e3o da popularidade. Dizem que h\u00e1 impopularidade. Isso me incomoda? Digamos assim, \u00e9 desagrad\u00e1vel. Mas n\u00e3o me incomoda para governar. Para governar, algu\u00e9m at\u00e9 disse, h\u00e1 poucos dias: \u2018Olha, a popularidade \u00e9 uma jaula. Aproveite a impopularidade para fazer aquilo que o Brasil precisa\u2019. E \u00e9 o que estou fazendo. L\u00e1 na frente haver\u00e1 reconhecimento. A verdade vir\u00e1.&#8221;<\/p>\n<p>Desembarque do PSB<\/p>\n<p>&#8220;O interessante \u00e9 que embora haja manifesta\u00e7\u00f5es de que devem sair, isso nunca chegou a mim. E nas vota\u00e7\u00f5es do Congresso, ressalvada essa \u00faltima (da renegocia\u00e7\u00e3o da d\u00edvida dos Estados), o PSB deu um n\u00famero muito significativo de votos. Ou seja, quando alguns l\u00edderes se manifestam n\u00e3o sei se tem repercuss\u00f5es dentro da bancada.&#8221;<\/p>\n<p><strong>FGTS<\/strong><\/p>\n<p>&#8220;Isso (o saque de contas inativas do Fundo de Garantia por Tempo de Servi\u00e7o) vai permitir que cerca de 10,2 milh\u00f5es de trabalhadores possam sacar o saldo de suas contas do FGTS. Os trabalhadores alcan\u00e7ados s\u00e3o aqueles que possuem contas no FGTS inativas at\u00e9 31\/12\/2015 (&#8230;) H\u00e1 restri\u00e7\u00f5es para o saque do saldo dessas contas (&#8230;) N\u00f3s estamos flexibilizando essa exig\u00eancia. Porque o momento que n\u00f3s vivemos na economia demanda a ado\u00e7\u00e3o de medidas que permitam, ainda que de forma parcial, uma recomposi\u00e7\u00e3o da renda do trabalhador (&#8230;) Portanto, \u00e9 uma inje\u00e7\u00e3o de recursos que vai mobilizar, movimentar a economia. E equivale, tamb\u00e9m pelos c\u00e1lculos do Planejamento, a cerca de 0,5% do PIB.&#8221; As informa\u00e7\u00f5es s\u00e3o do jornal O Estado de S. Paulo.<\/p>\n<p>Fonte: Itatiaia<\/p>\n","protected":false},"excerpt":{"rendered":"<p>Ao fazer um balan\u00e7o dos sete meses de gest\u00e3o, o presidente Michel Temer afirmou nesta quinta-feira que n\u00e3o cogita renunciar ao cargo e que vai recorrer at\u00e9 ao Supremo Tribunal Federal caso o Tribunal Superior Eleitoral (TSE) decida pela cassa\u00e7\u00e3o da chapa Dilma-Temer. Mesmo sem ter sido questionado sobre uma poss\u00edvel ren\u00fancia, Temer disse que [&hellip;]<\/p>\n","protected":false},"author":2,"featured_media":5136,"comment_status":"closed","ping_status":"open","sticky":false,"template":"","format":"standard","meta":{"advgb_blocks_editor_width":"","advgb_blocks_columns_visual_guide":"","_exactmetrics_skip_tracking":false,"_exactmetrics_sitenote_active":false,"_exactmetrics_sitenote_note":"","_exactmetrics_sitenote_category":0,"footnotes":""},"categories":[12],"tags":[697],"class_list":["post-5135","post","type-post","status-publish","format-standard","has-post-thumbnail","hentry","category-politica","tag-michel-temer"],"better_featured_image":{"id":5136,"alt_text":"","caption":"","description":"","media_type":"image","media_details":{"width":1263,"height":740,"file":"2016\/12\/temer.jpg","sizes":{"thumbnail":{"file":"temer-150x88.jpg","width":150,"height":88,"mime-type":"image\/jpeg","source_url":"https:\/\/lavras.tv\/site\/wp-content\/uploads\/2016\/12\/temer-150x88.jpg"},"medium":{"file":"temer-300x176.jpg","width":300,"height":176,"mime-type":"image\/jpeg","source_url":"https:\/\/lavras.tv\/site\/wp-content\/uploads\/2016\/12\/temer-300x176.jpg"},"large":{"file":"temer-1024x600.jpg","width":1024,"height":600,"mime-type":"image\/jpeg","source_url":"https:\/\/lavras.tv\/site\/wp-content\/uploads\/2016\/12\/temer-1024x600.jpg"},"featured-slider-img":{"file":"temer-640x480.jpg","width":640,"height":480,"mime-type":"image\/jpeg","source_url":"https:\/\/lavras.tv\/site\/wp-content\/uploads\/2016\/12\/temer-640x480.jpg"},"featured-post-img":{"file":"temer-480x320.jpg","width":480,"height":320,"mime-type":"image\/jpeg","source_url":"https:\/\/lavras.tv\/site\/wp-content\/uploads\/2016\/12\/temer-480x320.jpg"},"sow-carousel-default":{"file":"temer-272x182.jpg","width":272,"height":182,"mime-type":"image\/jpeg","source_url":"https:\/\/lavras.tv\/site\/wp-content\/uploads\/2016\/12\/temer-272x182.jpg"}},"image_meta":{"aperture":"0","credit":"","camera":"","caption":"","created_timestamp":"0","copyright":"","focal_length":"0","iso":"0","shutter_speed":"0","title":"","orientation":"0","keywords":[]}},"post":5135,"source_url":"https:\/\/lavras.tv\/site\/wp-content\/uploads\/2016\/12\/temer.jpg"},"author_meta":{"display_name":"Lavras TV","author_link":"https:\/\/lavras.tv\/site\/author\/lavrastv\/"},"featured_img":"https:\/\/lavras.tv\/site\/wp-content\/uploads\/2016\/12\/temer-300x176.jpg","coauthors":[],"tax_additional":{"categories":{"linked":["<a href=\"https:\/\/lavras.tv\/site\/category\/politica\/\" class=\"advgb-post-tax-term\">Pol\u00edtica<\/a>"],"unlinked":["<span class=\"advgb-post-tax-term\">Pol\u00edtica<\/span>"]},"tags":{"linked":["<a href=\"https:\/\/lavras.tv\/site\/category\/politica\/\" class=\"advgb-post-tax-term\">michel temer<\/a>"],"unlinked":["<span class=\"advgb-post-tax-term\">michel temer<\/span>"]}},"comment_count":"0","relative_dates":{"created":"Publicado 9 anos atr\u00e1s","modified":"Atualizado 9 anos atr\u00e1s"},"absolute_dates":{"created":"Publicado em 23 de dezembro de 2016","modified":"Atualizado em 23 de dezembro de 2016"},"absolute_dates_time":{"created":"Publicado em 23 de dezembro de 2016 08:30","modified":"Atualizado em 23 de dezembro de 2016 08:30"},"featured_img_caption":"","series_order":"","_links":{"self":[{"href":"https:\/\/lavras.tv\/site\/wp-json\/wp\/v2\/posts\/5135","targetHints":{"allow":["GET"]}}],"collection":[{"href":"https:\/\/lavras.tv\/site\/wp-json\/wp\/v2\/posts"}],"about":[{"href":"https:\/\/lavras.tv\/site\/wp-json\/wp\/v2\/types\/post"}],"author":[{"embeddable":true,"href":"https:\/\/lavras.tv\/site\/wp-json\/wp\/v2\/users\/2"}],"replies":[{"embeddable":true,"href":"https:\/\/lavras.tv\/site\/wp-json\/wp\/v2\/comments?post=5135"}],"version-history":[{"count":1,"href":"https:\/\/lavras.tv\/site\/wp-json\/wp\/v2\/posts\/5135\/revisions"}],"predecessor-version":[{"id":5137,"href":"https:\/\/lavras.tv\/site\/wp-json\/wp\/v2\/posts\/5135\/revisions\/5137"}],"wp:featuredmedia":[{"embeddable":true,"href":"https:\/\/lavras.tv\/site\/wp-json\/wp\/v2\/media\/5136"}],"wp:attachment":[{"href":"https:\/\/lavras.tv\/site\/wp-json\/wp\/v2\/media?parent=5135"}],"wp:term":[{"taxonomy":"category","embeddable":true,"href":"https:\/\/lavras.tv\/site\/wp-json\/wp\/v2\/categories?post=5135"},{"taxonomy":"post_tag","embeddable":true,"href":"https:\/\/lavras.tv\/site\/wp-json\/wp\/v2\/tags?post=5135"}],"curies":[{"name":"wp","href":"https:\/\/api.w.org\/{rel}","templated":true}]}}