{"id":5272,"date":"2016-12-30T07:56:04","date_gmt":"2016-12-30T09:56:04","guid":{"rendered":"http:\/\/lavras.tv\/site\/?p=5272"},"modified":"2016-12-30T07:56:04","modified_gmt":"2016-12-30T09:56:04","slug":"informe-parlamentar-deputada-damina-pereira-recebe-titulo-de-cidada-honoraria-em-ribeirao-vermelho","status":"publish","type":"post","link":"https:\/\/lavras.tv\/site\/2016\/12\/30\/informe-parlamentar-deputada-damina-pereira-recebe-titulo-de-cidada-honoraria-em-ribeirao-vermelho\/","title":{"rendered":"[Informe Parlamentar] Deputada D\u00e2mina Pereira recebe t\u00edtulo de \u2018Cidad\u00e3 Honor\u00e1ria\u2019 em Ribeir\u00e3o Vermelho"},"content":{"rendered":"<div class=\"lavra-antes-do-conteudo_2\" id=\"lavra-3725988680\"><div id=\"lavra-slider-27\" class=\"custom-slider lavra-slider-357392574 lavra-slider\"><ul><li><div style=\"margin-left: auto;margin-right: auto;text-align: center;\" id=\"lavra-271436584\"><a href=\"https:\/\/sistemas.lavras.mg.gov.br\/portalcidadao\/#df1b1a7c7b2a290bcb31e32771e610784662739a88807c0dacac58ede5f391a7530e299dc302d611ee73cb143fc22eaf93592e53e7b5bdb01b00a0b8d28dae460c141dd2ff83412e4dc1c31b16b25f33144a9e5620ea73b13f5bc1c59411d98439ad226e8af03840603796067d87afe130812cf3de24982d0e306f9e61e764e5\" aria-label=\"Lavras-TV&#8211;720x104px (1) (1)\"><img src=\"https:\/\/lavras.tv\/site\/wp-content\/uploads\/2025\/01\/Lavras-TV-720x104px-1-1.png\" alt=\"\"  srcset=\"https:\/\/lavras.tv\/site\/wp-content\/uploads\/2025\/01\/Lavras-TV-720x104px-1-1.png 720w, https:\/\/lavras.tv\/site\/wp-content\/uploads\/2025\/01\/Lavras-TV-720x104px-1-1-470x68.png 470w, https:\/\/lavras.tv\/site\/wp-content\/uploads\/2025\/01\/Lavras-TV-720x104px-1-1-170x25.png 170w, https:\/\/lavras.tv\/site\/wp-content\/uploads\/2025\/01\/Lavras-TV-720x104px-1-1-200x29.png 200w\" sizes=\"(max-width: 720px) 100vw, 720px\" width=\"720\" height=\"104\"  style=\"display: inline-block;\" \/><\/a><\/div><\/li><li><a href=\"https:\/\/sistemas.lavras.mg.gov.br\/portalcidadao\/#df1b1a7c7b2a290bcb31e32771e610784662739a88807c0dacac58ede5f391a7530e299dc302d611ee73cb143fc22eaf93592e53e7b5bdb01b00a0b8d28dae460c141dd2ff83412e4dc1c31b16b25f33144a9e5620ea73b13f5bc1c59411d98439ad226e8af03840603796067d87afe130812cf3de24982d0e306f9e61e764e5\" aria-label=\"Banner_Emprego_PortallavrasTV\"><img src=\"https:\/\/lavras.tv\/site\/wp-content\/uploads\/2025\/03\/Banner_Emprego_PortallavrasTV.png\" alt=\"\"  srcset=\"https:\/\/lavras.tv\/site\/wp-content\/uploads\/2025\/03\/Banner_Emprego_PortallavrasTV.png 720w, https:\/\/lavras.tv\/site\/wp-content\/uploads\/2025\/03\/Banner_Emprego_PortallavrasTV-470x68.png 470w, https:\/\/lavras.tv\/site\/wp-content\/uploads\/2025\/03\/Banner_Emprego_PortallavrasTV-170x25.png 170w, https:\/\/lavras.tv\/site\/wp-content\/uploads\/2025\/03\/Banner_Emprego_PortallavrasTV-200x29.png 200w\" sizes=\"(max-width: 720px) 100vw, 720px\" width=\"720\" height=\"104\"   \/><\/a><\/li><li><a href=\"https:\/\/sistemas.lavras.mg.gov.br\/portalcidadao\/#df1b1a7c7b2a290bcb31e32771e610784662739a88807c0dacac58ede5f391a7530e299dc302d611ee73cb143fc22eaf93592e53e7b5bdb01b00a0b8d28dae460c141dd2ff83412e4dc1c31b16b25f33144a9e5620ea73b13f5bc1c59411d98439ad226e8af03840603796067d87afe130812cf3de24982d0e306f9e61e764e5\" aria-label=\"Banner_Obras_PortallavrasTV\"><img src=\"https:\/\/lavras.tv\/site\/wp-content\/uploads\/2025\/03\/Banner_Obras_PortallavrasTV.png\" alt=\"\"  srcset=\"https:\/\/lavras.tv\/site\/wp-content\/uploads\/2025\/03\/Banner_Obras_PortallavrasTV.png 720w, https:\/\/lavras.tv\/site\/wp-content\/uploads\/2025\/03\/Banner_Obras_PortallavrasTV-470x68.png 470w, https:\/\/lavras.tv\/site\/wp-content\/uploads\/2025\/03\/Banner_Obras_PortallavrasTV-170x25.png 170w, https:\/\/lavras.tv\/site\/wp-content\/uploads\/2025\/03\/Banner_Obras_PortallavrasTV-200x29.png 200w\" sizes=\"(max-width: 720px) 100vw, 720px\" width=\"720\" height=\"104\"   \/><\/a><\/li><li><div style=\"margin-left: auto;margin-right: auto;text-align: center;\" id=\"lavra-3746225516\"><a href=\"https:\/\/sistemas.lavras.mg.gov.br\/portalcidadao\/#df1b1a7c7b2a290bcb31e32771e610784662739a88807c0dacac58ede5f391a7530e299dc302d611ee73cb143fc22eaf93592e53e7b5bdb01b00a0b8d28dae460c141dd2ff83412e4dc1c31b16b25f33144a9e5620ea73b13f5bc1c59411d98439ad226e8af03840603796067d87afe130812cf3de24982d0e306f9e61e764e5\" aria-label=\"Banner_Educa\u00e7\u00e3o_PortallavrasTV\"><img src=\"https:\/\/lavras.tv\/site\/wp-content\/uploads\/2025\/01\/Banner_Educacao_PortallavrasTV.png\" alt=\"\"  srcset=\"https:\/\/lavras.tv\/site\/wp-content\/uploads\/2025\/01\/Banner_Educacao_PortallavrasTV.png 720w, https:\/\/lavras.tv\/site\/wp-content\/uploads\/2025\/01\/Banner_Educacao_PortallavrasTV-470x68.png 470w, https:\/\/lavras.tv\/site\/wp-content\/uploads\/2025\/01\/Banner_Educacao_PortallavrasTV-170x25.png 170w, https:\/\/lavras.tv\/site\/wp-content\/uploads\/2025\/01\/Banner_Educacao_PortallavrasTV-200x29.png 200w\" sizes=\"(max-width: 720px) 100vw, 720px\" width=\"720\" height=\"104\"  style=\"display: inline-block;\" \/><\/a><\/div><\/li><li><a href=\"https:\/\/sistemas.lavras.mg.gov.br\/portalcidadao\/#df1b1a7c7b2a290bcb31e32771e610784662739a88807c0dacac58ede5f391a7530e299dc302d611ee73cb143fc22eaf93592e53e7b5bdb01b00a0b8d28dae460c141dd2ff83412e4dc1c31b16b25f33144a9e5620ea73b13f5bc1c59411d98439ad226e8af03840603796067d87afe130812cf3de24982d0e306f9e61e764e5\" aria-label=\"Banner_Sa\u00fade_PortallavrasTV\"><img src=\"https:\/\/lavras.tv\/site\/wp-content\/uploads\/2025\/03\/Banner_Saude_PortallavrasTV.png\" alt=\"\"  srcset=\"https:\/\/lavras.tv\/site\/wp-content\/uploads\/2025\/03\/Banner_Saude_PortallavrasTV.png 720w, https:\/\/lavras.tv\/site\/wp-content\/uploads\/2025\/03\/Banner_Saude_PortallavrasTV-470x68.png 470w, https:\/\/lavras.tv\/site\/wp-content\/uploads\/2025\/03\/Banner_Saude_PortallavrasTV-170x25.png 170w, https:\/\/lavras.tv\/site\/wp-content\/uploads\/2025\/03\/Banner_Saude_PortallavrasTV-200x29.png 200w\" sizes=\"(max-width: 720px) 100vw, 720px\" width=\"720\" height=\"104\"   \/><\/a><\/li><li><div id=\"lavra-1636597378\" style=\"width:720px;height:104px;background-color:#ddd;overflow:scroll;\">\n\t<strong>Sa\u00edda da depura\u00e7\u00e3o de an\u00fancios<\/strong>\n\t<br><br>\n\tO an\u00fancio n\u00e3o \u00e9 exibido na p\u00e1gina<br><br>post atual: [Informe Parlamentar] Deputada D\u00e2mina Pereira recebe t\u00edtulo de \u2018Cidad\u00e3 Honor\u00e1ria\u2019 em Ribeir\u00e3o Vermelho, ID: 5272<br><br><span style=\"color: red;\">O post atual n\u00e3o \u00e9 id\u00eantico ao post principal.<\/span><br><br>An\u00fancios: ROXO - TOPO INTERNA - ROTATIVO 2 (197)<br \/>Grupo de an\u00fancios: Princ_Meio01_720x104 (27)<br><br>Condi\u00e7\u00f5es de exibi\u00e7\u00e3o<div style=\"margin-bottom: 20px; white-space: pre-wrap; font-family: monospace; width: 100%; background: #ffe9e9;\"><strong>condi\u00e7\u00f5es gerais<\/strong><table border=\"1\"><thead><tr><th><\/th><th>An\u00fancios<\/th><th>wp_the_query<\/th><\/tr><\/thead><tr><td>is_main_query<\/td><td>1<\/td><td>1<\/td><\/tr><tr><td>is_rest_api<\/td><td>0<\/td><td>1<\/td><\/tr><tr><td>page<\/td><td>0<\/td><td>1<\/td><\/tr><tr><td>numpages<\/td><td>0<\/td><td>1<\/td><\/tr><tr><td>is_archive<\/td><td>1<\/td><td><\/td><\/tr><tr><td>is_search<\/td><td>1<\/td><td><\/td><\/tr><tr><td>is_home<\/td><td>1<\/td><td><\/td><\/tr><tr><td>is_404<\/td><td>1<\/td><td><\/td><\/tr><tr><td>is_attachment<\/td><td>1<\/td><td><\/td><\/tr><tr><td>is_singular<\/td><td>1<\/td><td><\/td><\/tr><tr><td>is_front_page<\/td><td>1<\/td><td><\/td><\/tr><tr><td>is_feed<\/td><td>1<\/td><td><\/td><\/tr><\/table><\/div><br><br><span style=\"color: red;\">Seu site usa HTTPS, mas o c\u00f3digo do an\u00fancio cont\u00e9m HTTP e pode n\u00e3o funcionar.<\/span>\t<br><br>\n\t<a style=\"color: green;\" href=\"https:\/\/wpadvancedads.com\/manual\/ad-debug-mode\/?utm_source=advanced-ads&utm_medium=link&utm_campaign=ad-debug-mode\" target=\"_blank\" rel=\"nofollow\">Encontre solu\u00e7\u00f5es no manual<\/a>\n<\/div>\n<\/li><\/ul><\/div><script>( window.advanced_ads_ready || jQuery( document ).ready ).call( null, function() {var $lavraslider357392574 = jQuery( \".lavra-slider-357392574\" );$lavraslider357392574.on( \"unslider.ready\", function() { jQuery( \"div.custom-slider ul li\" ).css( \"display\", \"block\" ); });$lavraslider357392574.unslider({ delay:4000, autoplay:true, nav:false, arrows:false, infinite:true });$lavraslider357392574.on(\"mouseover\", function() {$lavraslider357392574.unslider(\"stop\");}).on(\"mouseout\", function() {$lavraslider357392574.unslider(\"start\");});});<\/script><\/div><p class=\"m_4126893603850135998gmail-Standard\">Durante sess\u00e3o solene, realizada na data de comemora\u00e7\u00e3o dos 68 anos de emancipa\u00e7\u00e3o pol\u00edtica da cidade de Ribeir\u00e3o Vermelho (MG), a deputada federal D\u00e2mina Pereira (PSL-MG) foi agraciada com o t\u00edtulo de \u2018Cidad\u00e3 Honor\u00e1ria\u2019.\u00a0<!--more--><\/p>\n<p class=\"m_4126893603850135998gmail-Standard\">A indica\u00e7\u00e3o foi do vereador Roberto Carlos Ven\u00e2ncio (PSL). \u201cDurante a campanha eleitoral a deputada esteve por diversas vezes em nossa cidade com um carisma muito grande e a popula\u00e7\u00e3o se apegou a ela. A nossa representatividade na C\u00e2mara Federal l\u00e1 em Bras\u00edlia se tornou mais eficaz com a deputada D\u00e2mina, agora cidad\u00e3 ribeirense\u201d, explicou.<\/p>\n<p class=\"m_4126893603850135998gmail-Standard\">Muito honrada com a homenagem a parlamentar agradeceu a indica\u00e7\u00e3o e lembrou que Ribeir\u00e3o Vermelho \u00e9 terra Natal de seu pai Jo\u00e3o Pereira de Carvalho e de outros parentes tanto dela quanto do seu esposo, o empres\u00e1rio Carlos Alberto Pereira.<\/p>\n<p class=\"m_4126893603850135998gmail-Standard\">Para a deputada, que recebeu em 2016 tr\u00eas t\u00edtulos de cidadania honor\u00e1ria, essas homenagens d\u00e3o um \u00e2nimo a mais para continuar na vida p\u00fablica. \u201c\u00c9 muito bom a gente saber que nosso trabalho est\u00e1 sendo reconhecido, e eu estou muito feliz em receber essa condecora\u00e7\u00e3o, porque meu pai nasceu aqui e agora essa passa a ser tamb\u00e9m a minha cidade\u201d, comemorou D\u00e2mina.<\/p>\n<p class=\"m_4126893603850135998gmail-Standard\">A c\u00e2mara de Ribeir\u00e3o Vermelho \u00e9 composta por 9 vereadores. Na sess\u00e3o solene, al\u00e9m de t\u00edtulos, foram entregues diplomas de honra ao m\u00e9rito a pessoas que prestaram relevantes servi\u00e7os a cidade e tamb\u00e9m o t\u00edtulo de \u2018Professor Nota 10\u2019, uma homenagem concedida aos educadores que se destacaram no munic\u00edpio.<\/p>\n<p class=\"m_4126893603850135998gmail-Standard\"><img fetchpriority=\"high\" decoding=\"async\" class=\"size-full wp-image-5273 aligncenter\" src=\"http:\/\/lavras.tv\/site\/wp-content\/uploads\/2016\/12\/15621622_1826873880861017_3264283839267098353_n.jpg\" alt=\"15621622_1826873880861017_3264283839267098353_n\" width=\"941\" height=\"768\" srcset=\"https:\/\/lavras.tv\/site\/wp-content\/uploads\/2016\/12\/15621622_1826873880861017_3264283839267098353_n.jpg 941w, https:\/\/lavras.tv\/site\/wp-content\/uploads\/2016\/12\/15621622_1826873880861017_3264283839267098353_n-150x122.jpg 150w, https:\/\/lavras.tv\/site\/wp-content\/uploads\/2016\/12\/15621622_1826873880861017_3264283839267098353_n-300x245.jpg 300w\" sizes=\"(max-width: 941px) 100vw, 941px\" \/><\/p>\n<p class=\"m_4126893603850135998gmail-Standard\"><img decoding=\"async\" class=\"size-full wp-image-5274 aligncenter\" src=\"http:\/\/lavras.tv\/site\/wp-content\/uploads\/2016\/12\/15676227_1826873004194438_5425776071829340494_o.jpg\" alt=\"15676227_1826873004194438_5425776071829340494_o\" width=\"1024\" height=\"683\" srcset=\"https:\/\/lavras.tv\/site\/wp-content\/uploads\/2016\/12\/15676227_1826873004194438_5425776071829340494_o.jpg 1024w, https:\/\/lavras.tv\/site\/wp-content\/uploads\/2016\/12\/15676227_1826873004194438_5425776071829340494_o-150x100.jpg 150w, https:\/\/lavras.tv\/site\/wp-content\/uploads\/2016\/12\/15676227_1826873004194438_5425776071829340494_o-300x200.jpg 300w, https:\/\/lavras.tv\/site\/wp-content\/uploads\/2016\/12\/15676227_1826873004194438_5425776071829340494_o-480x320.jpg 480w, https:\/\/lavras.tv\/site\/wp-content\/uploads\/2016\/12\/15676227_1826873004194438_5425776071829340494_o-272x182.jpg 272w\" sizes=\"(max-width: 1024px) 100vw, 1024px\" \/><\/p>\n<p class=\"m_4126893603850135998gmail-Standard\"><img decoding=\"async\" class=\"size-full wp-image-5275 aligncenter\" src=\"http:\/\/lavras.tv\/site\/wp-content\/uploads\/2016\/12\/15698142_1826873130861092_5614476321322042328_n.jpg\" alt=\"15698142_1826873130861092_5614476321322042328_n\" width=\"960\" height=\"768\" srcset=\"https:\/\/lavras.tv\/site\/wp-content\/uploads\/2016\/12\/15698142_1826873130861092_5614476321322042328_n.jpg 960w, https:\/\/lavras.tv\/site\/wp-content\/uploads\/2016\/12\/15698142_1826873130861092_5614476321322042328_n-150x120.jpg 150w, https:\/\/lavras.tv\/site\/wp-content\/uploads\/2016\/12\/15698142_1826873130861092_5614476321322042328_n-300x240.jpg 300w\" sizes=\"(max-width: 960px) 100vw, 960px\" \/><\/p>\n<p class=\"m_4126893603850135998gmail-Standard\"><img loading=\"lazy\" decoding=\"async\" class=\"size-full wp-image-5276 aligncenter\" src=\"http:\/\/lavras.tv\/site\/wp-content\/uploads\/2016\/12\/15723715_1826872694194469_7373464449485781773_o.jpg\" alt=\"15723715_1826872694194469_7373464449485781773_o\" width=\"1024\" height=\"573\" srcset=\"https:\/\/lavras.tv\/site\/wp-content\/uploads\/2016\/12\/15723715_1826872694194469_7373464449485781773_o.jpg 1024w, https:\/\/lavras.tv\/site\/wp-content\/uploads\/2016\/12\/15723715_1826872694194469_7373464449485781773_o-150x84.jpg 150w, https:\/\/lavras.tv\/site\/wp-content\/uploads\/2016\/12\/15723715_1826872694194469_7373464449485781773_o-300x168.jpg 300w\" sizes=\"(max-width: 1024px) 100vw, 1024px\" \/><\/p>\n<p class=\"m_4126893603850135998gmail-Standard\"><img loading=\"lazy\" decoding=\"async\" class=\"size-full wp-image-5277 aligncenter\" src=\"http:\/\/lavras.tv\/site\/wp-content\/uploads\/2016\/12\/15723764_1826873964194342_4660123262640441576_o.jpg\" alt=\"15723764_1826873964194342_4660123262640441576_o\" width=\"1024\" height=\"683\" srcset=\"https:\/\/lavras.tv\/site\/wp-content\/uploads\/2016\/12\/15723764_1826873964194342_4660123262640441576_o.jpg 1024w, https:\/\/lavras.tv\/site\/wp-content\/uploads\/2016\/12\/15723764_1826873964194342_4660123262640441576_o-150x100.jpg 150w, https:\/\/lavras.tv\/site\/wp-content\/uploads\/2016\/12\/15723764_1826873964194342_4660123262640441576_o-300x200.jpg 300w, https:\/\/lavras.tv\/site\/wp-content\/uploads\/2016\/12\/15723764_1826873964194342_4660123262640441576_o-480x320.jpg 480w, https:\/\/lavras.tv\/site\/wp-content\/uploads\/2016\/12\/15723764_1826873964194342_4660123262640441576_o-272x182.jpg 272w\" sizes=\"(max-width: 1024px) 100vw, 1024px\" \/><\/p>\n<p class=\"m_4126893603850135998gmail-Standard\"><img loading=\"lazy\" decoding=\"async\" class=\"size-full wp-image-5278 aligncenter\" src=\"http:\/\/lavras.tv\/site\/wp-content\/uploads\/2016\/12\/15724958_1826873624194376_1156610987247659725_o.jpg\" alt=\"15724958_1826873624194376_1156610987247659725_o\" width=\"1024\" height=\"761\" srcset=\"https:\/\/lavras.tv\/site\/wp-content\/uploads\/2016\/12\/15724958_1826873624194376_1156610987247659725_o.jpg 1024w, https:\/\/lavras.tv\/site\/wp-content\/uploads\/2016\/12\/15724958_1826873624194376_1156610987247659725_o-150x111.jpg 150w, https:\/\/lavras.tv\/site\/wp-content\/uploads\/2016\/12\/15724958_1826873624194376_1156610987247659725_o-300x223.jpg 300w\" sizes=\"(max-width: 1024px) 100vw, 1024px\" \/><\/p>\n<p class=\"m_4126893603850135998gmail-Standard\"><img loading=\"lazy\" decoding=\"async\" class=\"size-full wp-image-5279 aligncenter\" src=\"http:\/\/lavras.tv\/site\/wp-content\/uploads\/2016\/12\/15732207_1826873540861051_2762338398261867237_o.jpg\" alt=\"15732207_1826873540861051_2762338398261867237_o\" width=\"1024\" height=\"683\" srcset=\"https:\/\/lavras.tv\/site\/wp-content\/uploads\/2016\/12\/15732207_1826873540861051_2762338398261867237_o.jpg 1024w, https:\/\/lavras.tv\/site\/wp-content\/uploads\/2016\/12\/15732207_1826873540861051_2762338398261867237_o-150x100.jpg 150w, https:\/\/lavras.tv\/site\/wp-content\/uploads\/2016\/12\/15732207_1826873540861051_2762338398261867237_o-300x200.jpg 300w, https:\/\/lavras.tv\/site\/wp-content\/uploads\/2016\/12\/15732207_1826873540861051_2762338398261867237_o-480x320.jpg 480w, https:\/\/lavras.tv\/site\/wp-content\/uploads\/2016\/12\/15732207_1826873540861051_2762338398261867237_o-272x182.jpg 272w\" sizes=\"(max-width: 1024px) 100vw, 1024px\" \/><\/p>\n<p class=\"m_4126893603850135998gmail-Standard\"><img loading=\"lazy\" decoding=\"async\" class=\"size-full wp-image-5280 aligncenter\" src=\"http:\/\/lavras.tv\/site\/wp-content\/uploads\/2016\/12\/15732327_1826873790861026_3434257950149028121_o.jpg\" alt=\"15732327_1826873790861026_3434257950149028121_o\" width=\"1024\" height=\"683\" srcset=\"https:\/\/lavras.tv\/site\/wp-content\/uploads\/2016\/12\/15732327_1826873790861026_3434257950149028121_o.jpg 1024w, https:\/\/lavras.tv\/site\/wp-content\/uploads\/2016\/12\/15732327_1826873790861026_3434257950149028121_o-150x100.jpg 150w, https:\/\/lavras.tv\/site\/wp-content\/uploads\/2016\/12\/15732327_1826873790861026_3434257950149028121_o-300x200.jpg 300w, https:\/\/lavras.tv\/site\/wp-content\/uploads\/2016\/12\/15732327_1826873790861026_3434257950149028121_o-480x320.jpg 480w, https:\/\/lavras.tv\/site\/wp-content\/uploads\/2016\/12\/15732327_1826873790861026_3434257950149028121_o-272x182.jpg 272w\" sizes=\"(max-width: 1024px) 100vw, 1024px\" \/><\/p>\n<p class=\"m_4126893603850135998gmail-Standard\"><img loading=\"lazy\" decoding=\"async\" class=\"size-full wp-image-5281 aligncenter\" src=\"http:\/\/lavras.tv\/site\/wp-content\/uploads\/2016\/12\/15732345_1826873500861055_8006724923849524814_o.jpg\" alt=\"15732345_1826873500861055_8006724923849524814_o\" width=\"1024\" height=\"683\" srcset=\"https:\/\/lavras.tv\/site\/wp-content\/uploads\/2016\/12\/15732345_1826873500861055_8006724923849524814_o.jpg 1024w, https:\/\/lavras.tv\/site\/wp-content\/uploads\/2016\/12\/15732345_1826873500861055_8006724923849524814_o-150x100.jpg 150w, https:\/\/lavras.tv\/site\/wp-content\/uploads\/2016\/12\/15732345_1826873500861055_8006724923849524814_o-300x200.jpg 300w, https:\/\/lavras.tv\/site\/wp-content\/uploads\/2016\/12\/15732345_1826873500861055_8006724923849524814_o-480x320.jpg 480w, https:\/\/lavras.tv\/site\/wp-content\/uploads\/2016\/12\/15732345_1826873500861055_8006724923849524814_o-272x182.jpg 272w\" sizes=\"(max-width: 1024px) 100vw, 1024px\" \/><\/p>\n<p class=\"m_4126893603850135998gmail-Standard\"><img loading=\"lazy\" decoding=\"async\" class=\"size-full wp-image-5282 aligncenter\" src=\"http:\/\/lavras.tv\/site\/wp-content\/uploads\/2016\/12\/15732483_1826873250861080_4860153734602829937_o.jpg\" alt=\"15732483_1826873250861080_4860153734602829937_o\" width=\"1024\" height=\"683\" srcset=\"https:\/\/lavras.tv\/site\/wp-content\/uploads\/2016\/12\/15732483_1826873250861080_4860153734602829937_o.jpg 1024w, https:\/\/lavras.tv\/site\/wp-content\/uploads\/2016\/12\/15732483_1826873250861080_4860153734602829937_o-150x100.jpg 150w, https:\/\/lavras.tv\/site\/wp-content\/uploads\/2016\/12\/15732483_1826873250861080_4860153734602829937_o-300x200.jpg 300w, https:\/\/lavras.tv\/site\/wp-content\/uploads\/2016\/12\/15732483_1826873250861080_4860153734602829937_o-480x320.jpg 480w, https:\/\/lavras.tv\/site\/wp-content\/uploads\/2016\/12\/15732483_1826873250861080_4860153734602829937_o-272x182.jpg 272w\" sizes=\"(max-width: 1024px) 100vw, 1024px\" \/><\/p>\n<p class=\"m_4126893603850135998gmail-Standard\"><img loading=\"lazy\" decoding=\"async\" class=\"size-full wp-image-5283 aligncenter\" src=\"http:\/\/lavras.tv\/site\/wp-content\/uploads\/2016\/12\/15776723_1826873437527728_2262985309594679739_o.jpg\" alt=\"15776723_1826873437527728_2262985309594679739_o\" width=\"1024\" height=\"747\" srcset=\"https:\/\/lavras.tv\/site\/wp-content\/uploads\/2016\/12\/15776723_1826873437527728_2262985309594679739_o.jpg 1024w, https:\/\/lavras.tv\/site\/wp-content\/uploads\/2016\/12\/15776723_1826873437527728_2262985309594679739_o-150x109.jpg 150w, https:\/\/lavras.tv\/site\/wp-content\/uploads\/2016\/12\/15776723_1826873437527728_2262985309594679739_o-300x219.jpg 300w\" sizes=\"(max-width: 1024px) 100vw, 1024px\" \/><\/p>\n<p class=\"m_4126893603850135998gmail-Standard\"><img loading=\"lazy\" decoding=\"async\" class=\"size-full wp-image-5284 aligncenter\" src=\"http:\/\/lavras.tv\/site\/wp-content\/uploads\/2016\/12\/15800158_1826872700861135_4147703326395965409_o.jpg\" alt=\"15800158_1826872700861135_4147703326395965409_o\" width=\"1024\" height=\"676\" srcset=\"https:\/\/lavras.tv\/site\/wp-content\/uploads\/2016\/12\/15800158_1826872700861135_4147703326395965409_o.jpg 1024w, https:\/\/lavras.tv\/site\/wp-content\/uploads\/2016\/12\/15800158_1826872700861135_4147703326395965409_o-150x99.jpg 150w, https:\/\/lavras.tv\/site\/wp-content\/uploads\/2016\/12\/15800158_1826872700861135_4147703326395965409_o-300x198.jpg 300w\" sizes=\"(max-width: 1024px) 100vw, 1024px\" \/><\/p>\n<p class=\"m_4126893603850135998gmail-Standard\">Fonte: Gabinete da deputada D\u00e2mina Pereira<\/p>\n","protected":false},"excerpt":{"rendered":"<p>Durante sess\u00e3o solene, realizada na data de comemora\u00e7\u00e3o dos 68 anos de emancipa\u00e7\u00e3o pol\u00edtica da cidade de Ribeir\u00e3o Vermelho (MG), a deputada federal D\u00e2mina Pereira (PSL-MG) foi agraciada com o t\u00edtulo de \u2018Cidad\u00e3 Honor\u00e1ria\u2019.\u00a0<\/p>\n","protected":false},"author":2,"featured_media":5274,"comment_status":"closed","ping_status":"open","sticky":false,"template":"","format":"standard","meta":{"advgb_blocks_editor_width":"","advgb_blocks_columns_visual_guide":"","_exactmetrics_skip_tracking":false,"_exactmetrics_sitenote_active":false,"_exactmetrics_sitenote_note":"","_exactmetrics_sitenote_category":0,"footnotes":""},"categories":[7,12],"tags":[1398,2065,671,2066,515,2067],"class_list":["post-5272","post","type-post","status-publish","format-standard","has-post-thumbnail","hentry","category-destaques","category-politica","tag-camara-municipal","tag-cidada-honoraria","tag-damina-pereira","tag-deputada-damina","tag-ribeirao-vermelho","tag-roberto-carlos-venancio"],"better_featured_image":{"id":5274,"alt_text":"","caption":"","description":"","media_type":"image","media_details":{"width":1024,"height":683,"file":"2016\/12\/15676227_1826873004194438_5425776071829340494_o.jpg","sizes":{"thumbnail":{"file":"15676227_1826873004194438_5425776071829340494_o-150x100.jpg","width":150,"height":100,"mime-type":"image\/jpeg","source_url":"https:\/\/lavras.tv\/site\/wp-content\/uploads\/2016\/12\/15676227_1826873004194438_5425776071829340494_o-150x100.jpg"},"medium":{"file":"15676227_1826873004194438_5425776071829340494_o-300x200.jpg","width":300,"height":200,"mime-type":"image\/jpeg","source_url":"https:\/\/lavras.tv\/site\/wp-content\/uploads\/2016\/12\/15676227_1826873004194438_5425776071829340494_o-300x200.jpg"},"large":{"file":"15676227_1826873004194438_5425776071829340494_o-1024x683.jpg","width":1024,"height":683,"mime-type":"image\/jpeg","source_url":"https:\/\/lavras.tv\/site\/wp-content\/uploads\/2016\/12\/15676227_1826873004194438_5425776071829340494_o-1024x683.jpg"},"featured-slider-img":{"file":"15676227_1826873004194438_5425776071829340494_o-640x480.jpg","width":640,"height":480,"mime-type":"image\/jpeg","source_url":"https:\/\/lavras.tv\/site\/wp-content\/uploads\/2016\/12\/15676227_1826873004194438_5425776071829340494_o-640x480.jpg"},"featured-post-img":{"file":"15676227_1826873004194438_5425776071829340494_o-480x320.jpg","width":480,"height":320,"mime-type":"image\/jpeg","source_url":"https:\/\/lavras.tv\/site\/wp-content\/uploads\/2016\/12\/15676227_1826873004194438_5425776071829340494_o-480x320.jpg"},"sow-carousel-default":{"file":"15676227_1826873004194438_5425776071829340494_o-272x182.jpg","width":272,"height":182,"mime-type":"image\/jpeg","source_url":"https:\/\/lavras.tv\/site\/wp-content\/uploads\/2016\/12\/15676227_1826873004194438_5425776071829340494_o-272x182.jpg"}},"image_meta":{"aperture":"0","credit":"","camera":"","caption":"","created_timestamp":"0","copyright":"","focal_length":"0","iso":"0","shutter_speed":"0","title":"","orientation":"0","keywords":[]}},"post":5272,"source_url":"https:\/\/lavras.tv\/site\/wp-content\/uploads\/2016\/12\/15676227_1826873004194438_5425776071829340494_o.jpg"},"author_meta":{"display_name":"Lavras TV","author_link":"https:\/\/lavras.tv\/site\/author\/lavrastv\/"},"featured_img":"https:\/\/lavras.tv\/site\/wp-content\/uploads\/2016\/12\/15676227_1826873004194438_5425776071829340494_o-300x200.jpg","coauthors":[],"tax_additional":{"categories":{"linked":["<a href=\"https:\/\/lavras.tv\/site\/category\/destaques\/\" class=\"advgb-post-tax-term\">Destaques<\/a>","<a href=\"https:\/\/lavras.tv\/site\/category\/politica\/\" class=\"advgb-post-tax-term\">Pol\u00edtica<\/a>"],"unlinked":["<span class=\"advgb-post-tax-term\">Destaques<\/span>","<span class=\"advgb-post-tax-term\">Pol\u00edtica<\/span>"]},"tags":{"linked":["<a href=\"https:\/\/lavras.tv\/site\/category\/politica\/\" class=\"advgb-post-tax-term\">C\u00e2mara municipal<\/a>","<a href=\"https:\/\/lavras.tv\/site\/category\/politica\/\" class=\"advgb-post-tax-term\">cidad\u00e3 honor\u00e1ria<\/a>","<a href=\"https:\/\/lavras.tv\/site\/category\/politica\/\" class=\"advgb-post-tax-term\">D\u00e2mina Pereira<\/a>","<a href=\"https:\/\/lavras.tv\/site\/category\/politica\/\" class=\"advgb-post-tax-term\">deputada d\u00e2mina<\/a>","<a href=\"https:\/\/lavras.tv\/site\/category\/politica\/\" class=\"advgb-post-tax-term\">ribeir\u00e3o vermelho<\/a>","<a href=\"https:\/\/lavras.tv\/site\/category\/politica\/\" class=\"advgb-post-tax-term\">roberto carlos ven\u00e2ncio<\/a>"],"unlinked":["<span class=\"advgb-post-tax-term\">C\u00e2mara municipal<\/span>","<span class=\"advgb-post-tax-term\">cidad\u00e3 honor\u00e1ria<\/span>","<span class=\"advgb-post-tax-term\">D\u00e2mina Pereira<\/span>","<span class=\"advgb-post-tax-term\">deputada d\u00e2mina<\/span>","<span class=\"advgb-post-tax-term\">ribeir\u00e3o vermelho<\/span>","<span class=\"advgb-post-tax-term\">roberto carlos ven\u00e2ncio<\/span>"]}},"comment_count":"0","relative_dates":{"created":"Publicado 9 anos atr\u00e1s","modified":"Atualizado 9 anos atr\u00e1s"},"absolute_dates":{"created":"Publicado em 30 de dezembro de 2016","modified":"Atualizado em 30 de dezembro de 2016"},"absolute_dates_time":{"created":"Publicado em 30 de dezembro de 2016 07:56","modified":"Atualizado em 30 de dezembro de 2016 07:56"},"featured_img_caption":"","series_order":"","_links":{"self":[{"href":"https:\/\/lavras.tv\/site\/wp-json\/wp\/v2\/posts\/5272","targetHints":{"allow":["GET"]}}],"collection":[{"href":"https:\/\/lavras.tv\/site\/wp-json\/wp\/v2\/posts"}],"about":[{"href":"https:\/\/lavras.tv\/site\/wp-json\/wp\/v2\/types\/post"}],"author":[{"embeddable":true,"href":"https:\/\/lavras.tv\/site\/wp-json\/wp\/v2\/users\/2"}],"replies":[{"embeddable":true,"href":"https:\/\/lavras.tv\/site\/wp-json\/wp\/v2\/comments?post=5272"}],"version-history":[{"count":1,"href":"https:\/\/lavras.tv\/site\/wp-json\/wp\/v2\/posts\/5272\/revisions"}],"predecessor-version":[{"id":5285,"href":"https:\/\/lavras.tv\/site\/wp-json\/wp\/v2\/posts\/5272\/revisions\/5285"}],"wp:featuredmedia":[{"embeddable":true,"href":"https:\/\/lavras.tv\/site\/wp-json\/wp\/v2\/media\/5274"}],"wp:attachment":[{"href":"https:\/\/lavras.tv\/site\/wp-json\/wp\/v2\/media?parent=5272"}],"wp:term":[{"taxonomy":"category","embeddable":true,"href":"https:\/\/lavras.tv\/site\/wp-json\/wp\/v2\/categories?post=5272"},{"taxonomy":"post_tag","embeddable":true,"href":"https:\/\/lavras.tv\/site\/wp-json\/wp\/v2\/tags?post=5272"}],"curies":[{"name":"wp","href":"https:\/\/api.w.org\/{rel}","templated":true}]}}