{"id":5321,"date":"2017-01-03T09:55:22","date_gmt":"2017-01-03T11:55:22","guid":{"rendered":"http:\/\/lavras.tv\/site\/?p=5321"},"modified":"2017-01-03T09:55:22","modified_gmt":"2017-01-03T11:55:22","slug":"lavrense-encontra-no-esporte-chave-para-superar-perda-de-memorias","status":"publish","type":"post","link":"https:\/\/lavras.tv\/site\/2017\/01\/03\/lavrense-encontra-no-esporte-chave-para-superar-perda-de-memorias\/","title":{"rendered":"Lavrense encontra no esporte chave para superar perda de mem\u00f3rias"},"content":{"rendered":"<div class=\"lavra-antes-do-conteudo_2\" id=\"lavra-1579083752\"><div id=\"lavra-slider-27\" class=\"custom-slider lavra-slider-685983628 lavra-slider\"><ul><li><div style=\"margin-left: auto;margin-right: auto;text-align: center;\" id=\"lavra-3148270106\"><a href=\"https:\/\/sistemas.lavras.mg.gov.br\/portalcidadao\/#df1b1a7c7b2a290bcb31e32771e610784662739a88807c0dacac58ede5f391a7530e299dc302d611ee73cb143fc22eaf93592e53e7b5bdb01b00a0b8d28dae460c141dd2ff83412e4dc1c31b16b25f33144a9e5620ea73b13f5bc1c59411d98439ad226e8af03840603796067d87afe130812cf3de24982d0e306f9e61e764e5\" aria-label=\"Lavras-TV&#8211;720x104px (1) (1)\"><img src=\"https:\/\/lavras.tv\/site\/wp-content\/uploads\/2025\/01\/Lavras-TV-720x104px-1-1.png\" alt=\"\"  srcset=\"https:\/\/lavras.tv\/site\/wp-content\/uploads\/2025\/01\/Lavras-TV-720x104px-1-1.png 720w, https:\/\/lavras.tv\/site\/wp-content\/uploads\/2025\/01\/Lavras-TV-720x104px-1-1-470x68.png 470w, https:\/\/lavras.tv\/site\/wp-content\/uploads\/2025\/01\/Lavras-TV-720x104px-1-1-170x25.png 170w, https:\/\/lavras.tv\/site\/wp-content\/uploads\/2025\/01\/Lavras-TV-720x104px-1-1-200x29.png 200w\" sizes=\"(max-width: 720px) 100vw, 720px\" width=\"720\" height=\"104\"  style=\"display: inline-block;\" \/><\/a><\/div><\/li><li><a href=\"https:\/\/sistemas.lavras.mg.gov.br\/portalcidadao\/#df1b1a7c7b2a290bcb31e32771e610784662739a88807c0dacac58ede5f391a7530e299dc302d611ee73cb143fc22eaf93592e53e7b5bdb01b00a0b8d28dae460c141dd2ff83412e4dc1c31b16b25f33144a9e5620ea73b13f5bc1c59411d98439ad226e8af03840603796067d87afe130812cf3de24982d0e306f9e61e764e5\" aria-label=\"Banner_Emprego_PortallavrasTV\"><img src=\"https:\/\/lavras.tv\/site\/wp-content\/uploads\/2025\/03\/Banner_Emprego_PortallavrasTV.png\" alt=\"\"  srcset=\"https:\/\/lavras.tv\/site\/wp-content\/uploads\/2025\/03\/Banner_Emprego_PortallavrasTV.png 720w, https:\/\/lavras.tv\/site\/wp-content\/uploads\/2025\/03\/Banner_Emprego_PortallavrasTV-470x68.png 470w, https:\/\/lavras.tv\/site\/wp-content\/uploads\/2025\/03\/Banner_Emprego_PortallavrasTV-170x25.png 170w, https:\/\/lavras.tv\/site\/wp-content\/uploads\/2025\/03\/Banner_Emprego_PortallavrasTV-200x29.png 200w\" sizes=\"(max-width: 720px) 100vw, 720px\" width=\"720\" height=\"104\"   \/><\/a><\/li><li><a href=\"https:\/\/sistemas.lavras.mg.gov.br\/portalcidadao\/#df1b1a7c7b2a290bcb31e32771e610784662739a88807c0dacac58ede5f391a7530e299dc302d611ee73cb143fc22eaf93592e53e7b5bdb01b00a0b8d28dae460c141dd2ff83412e4dc1c31b16b25f33144a9e5620ea73b13f5bc1c59411d98439ad226e8af03840603796067d87afe130812cf3de24982d0e306f9e61e764e5\" aria-label=\"Banner_Obras_PortallavrasTV\"><img src=\"https:\/\/lavras.tv\/site\/wp-content\/uploads\/2025\/03\/Banner_Obras_PortallavrasTV.png\" alt=\"\"  srcset=\"https:\/\/lavras.tv\/site\/wp-content\/uploads\/2025\/03\/Banner_Obras_PortallavrasTV.png 720w, https:\/\/lavras.tv\/site\/wp-content\/uploads\/2025\/03\/Banner_Obras_PortallavrasTV-470x68.png 470w, https:\/\/lavras.tv\/site\/wp-content\/uploads\/2025\/03\/Banner_Obras_PortallavrasTV-170x25.png 170w, https:\/\/lavras.tv\/site\/wp-content\/uploads\/2025\/03\/Banner_Obras_PortallavrasTV-200x29.png 200w\" sizes=\"(max-width: 720px) 100vw, 720px\" width=\"720\" height=\"104\"   \/><\/a><\/li><li><div style=\"margin-left: auto;margin-right: auto;text-align: center;\" id=\"lavra-2591764339\"><a href=\"https:\/\/sistemas.lavras.mg.gov.br\/portalcidadao\/#df1b1a7c7b2a290bcb31e32771e610784662739a88807c0dacac58ede5f391a7530e299dc302d611ee73cb143fc22eaf93592e53e7b5bdb01b00a0b8d28dae460c141dd2ff83412e4dc1c31b16b25f33144a9e5620ea73b13f5bc1c59411d98439ad226e8af03840603796067d87afe130812cf3de24982d0e306f9e61e764e5\" aria-label=\"Banner_Educa\u00e7\u00e3o_PortallavrasTV\"><img src=\"https:\/\/lavras.tv\/site\/wp-content\/uploads\/2025\/01\/Banner_Educacao_PortallavrasTV.png\" alt=\"\"  srcset=\"https:\/\/lavras.tv\/site\/wp-content\/uploads\/2025\/01\/Banner_Educacao_PortallavrasTV.png 720w, https:\/\/lavras.tv\/site\/wp-content\/uploads\/2025\/01\/Banner_Educacao_PortallavrasTV-470x68.png 470w, https:\/\/lavras.tv\/site\/wp-content\/uploads\/2025\/01\/Banner_Educacao_PortallavrasTV-170x25.png 170w, https:\/\/lavras.tv\/site\/wp-content\/uploads\/2025\/01\/Banner_Educacao_PortallavrasTV-200x29.png 200w\" sizes=\"(max-width: 720px) 100vw, 720px\" width=\"720\" height=\"104\"  style=\"display: inline-block;\" \/><\/a><\/div><\/li><li><a href=\"https:\/\/sistemas.lavras.mg.gov.br\/portalcidadao\/#df1b1a7c7b2a290bcb31e32771e610784662739a88807c0dacac58ede5f391a7530e299dc302d611ee73cb143fc22eaf93592e53e7b5bdb01b00a0b8d28dae460c141dd2ff83412e4dc1c31b16b25f33144a9e5620ea73b13f5bc1c59411d98439ad226e8af03840603796067d87afe130812cf3de24982d0e306f9e61e764e5\" aria-label=\"Banner_Sa\u00fade_PortallavrasTV\"><img src=\"https:\/\/lavras.tv\/site\/wp-content\/uploads\/2025\/03\/Banner_Saude_PortallavrasTV.png\" alt=\"\"  srcset=\"https:\/\/lavras.tv\/site\/wp-content\/uploads\/2025\/03\/Banner_Saude_PortallavrasTV.png 720w, https:\/\/lavras.tv\/site\/wp-content\/uploads\/2025\/03\/Banner_Saude_PortallavrasTV-470x68.png 470w, https:\/\/lavras.tv\/site\/wp-content\/uploads\/2025\/03\/Banner_Saude_PortallavrasTV-170x25.png 170w, https:\/\/lavras.tv\/site\/wp-content\/uploads\/2025\/03\/Banner_Saude_PortallavrasTV-200x29.png 200w\" sizes=\"(max-width: 720px) 100vw, 720px\" width=\"720\" height=\"104\"   \/><\/a><\/li><li><div id=\"lavra-785028778\" style=\"width:720px;height:104px;background-color:#ddd;overflow:scroll;\">\n\t<strong>Sa\u00edda da depura\u00e7\u00e3o de an\u00fancios<\/strong>\n\t<br><br>\n\tO an\u00fancio n\u00e3o \u00e9 exibido na p\u00e1gina<br><br>post atual: Lavrense encontra no esporte chave para superar perda de mem\u00f3rias, ID: 5321<br><br><span style=\"color: red;\">O post atual n\u00e3o \u00e9 id\u00eantico ao post principal.<\/span><br><br>An\u00fancios: ROXO - TOPO INTERNA - ROTATIVO 2 (197)<br \/>Grupo de an\u00fancios: Princ_Meio01_720x104 (27)<br><br>Condi\u00e7\u00f5es de exibi\u00e7\u00e3o<div style=\"margin-bottom: 20px; white-space: pre-wrap; font-family: monospace; width: 100%; background: #ffe9e9;\"><strong>condi\u00e7\u00f5es gerais<\/strong><table border=\"1\"><thead><tr><th><\/th><th>An\u00fancios<\/th><th>wp_the_query<\/th><\/tr><\/thead><tr><td>is_main_query<\/td><td>1<\/td><td>1<\/td><\/tr><tr><td>is_rest_api<\/td><td>0<\/td><td>1<\/td><\/tr><tr><td>page<\/td><td>0<\/td><td>1<\/td><\/tr><tr><td>numpages<\/td><td>0<\/td><td>1<\/td><\/tr><tr><td>is_archive<\/td><td>1<\/td><td><\/td><\/tr><tr><td>is_search<\/td><td>1<\/td><td><\/td><\/tr><tr><td>is_home<\/td><td>1<\/td><td><\/td><\/tr><tr><td>is_404<\/td><td>1<\/td><td><\/td><\/tr><tr><td>is_attachment<\/td><td>1<\/td><td><\/td><\/tr><tr><td>is_singular<\/td><td>1<\/td><td><\/td><\/tr><tr><td>is_front_page<\/td><td>1<\/td><td><\/td><\/tr><tr><td>is_feed<\/td><td>1<\/td><td><\/td><\/tr><\/table><\/div><br><br><span style=\"color: red;\">Seu site usa HTTPS, mas o c\u00f3digo do an\u00fancio cont\u00e9m HTTP e pode n\u00e3o funcionar.<\/span>\t<br><br>\n\t<a style=\"color: green;\" href=\"https:\/\/wpadvancedads.com\/manual\/ad-debug-mode\/?utm_source=advanced-ads&utm_medium=link&utm_campaign=ad-debug-mode\" target=\"_blank\" rel=\"nofollow\">Encontre solu\u00e7\u00f5es no manual<\/a>\n<\/div>\n<\/li><\/ul><\/div><script>( window.advanced_ads_ready || jQuery( document ).ready ).call( null, function() {var $lavraslider685983628 = jQuery( \".lavra-slider-685983628\" );$lavraslider685983628.on( \"unslider.ready\", function() { jQuery( \"div.custom-slider ul li\" ).css( \"display\", \"block\" ); });$lavraslider685983628.unslider({ delay:4000, autoplay:true, nav:false, arrows:false, infinite:true });$lavraslider685983628.on(\"mouseover\", function() {$lavraslider685983628.unslider(\"stop\");}).on(\"mouseout\", function() {$lavraslider685983628.unslider(\"start\");});});<\/script><\/div><p>Cuidar da sa\u00fade, dizer mais vezes &#8220;eu te amo&#8221;, sorrir mais, ter filhos. <!--more-->Planos que passam pela cabe\u00e7a de muitas pessoas quando um novo ano se inicia, mas que na vida da administradora de empresas L\u00edvia Salles adquirem contornos de um verdadeiro trof\u00e9u para 2017. H\u00e1 pouco mais de dois anos, as dificuldades decorrentes da retirada de um tumor na cabe\u00e7a fariam os menores desejos se tornarem sonhos quase imposs\u00edveis, mas imposs\u00edvel \u00e9 um estado que a mineira de Lavras (MG) aprendeu a alcan\u00e7ar com a ajuda da pr\u00e1tica esportiva.<\/p>\n<p><img fetchpriority=\"high\" decoding=\"async\" class=\"size-full wp-image-5322 aligncenter\" src=\"http:\/\/lavras.tv\/site\/wp-content\/uploads\/2017\/01\/livia.jpg\" alt=\"livia\" width=\"620\" height=\"465\" srcset=\"https:\/\/lavras.tv\/site\/wp-content\/uploads\/2017\/01\/livia.jpg 620w, https:\/\/lavras.tv\/site\/wp-content\/uploads\/2017\/01\/livia-150x113.jpg 150w, https:\/\/lavras.tv\/site\/wp-content\/uploads\/2017\/01\/livia-300x225.jpg 300w\" sizes=\"(max-width: 620px) 100vw, 620px\" \/><\/p>\n<p>&#8220;Eu encontrei no esporte uma paix\u00e3o e um caminho para lidar com as limita\u00e7\u00f5es que adquiri. Se voc\u00ea me conhecesse antes, voc\u00ea veria que eu n\u00e3o conseguia falar. Eu esquecia as palavras. Eu tentava explicar, eu descrevia o que eu queria dizer porque eu n\u00e3o lembrava o nome das coisas. Eu me tornei mais calada porque eu ficava com vergonha. Gastava muito tempo para poder dar uma opini\u00e3o&#8221;, conta uma L\u00edvia que hoje \u00e9 muito falante.<\/p>\n<p>A hist\u00f3ria de supera\u00e7\u00e3o da mineira de 31 anos virou livro. Na autobiografia &#8220;Aprendendo com a vida&#8221;, ela conta como a not\u00edcia de sua doen\u00e7a se transformou no que ela chama de &#8220;empurr\u00e3o&#8221; para acreditar em si mesma e adotar novos h\u00e1bitos.<\/p>\n<div class=\"foto componente_materia midia-largura-620\"><img decoding=\"async\" class=\"aligncenter\" title=\"&amp;#39;Aprendendo com a vida&amp;#39; \u00e9 nome de livro lan\u00e7ado em 2016 por moradora de Lavras, que superou tumor no c\u00e9rebro (Foto: Arquivo pessoal\/L\u00edvia Salles)\" src=\"http:\/\/s2.glbimg.com\/Sz2jmatQBcmmaZ9IOeYJStJjHLc=\/620x465\/s.glbimg.com\/jo\/g1\/f\/original\/2017\/01\/01\/4_D6woxiE.jpg\" alt=\"&amp;#39;Aprendendo com a vida&amp;#39; \u00e9 nome de livro lan\u00e7ado em 2016 por moradora de Lavras, que superou tumor no c\u00e9rebro (Foto: Arquivo pessoal\/L\u00edvia Salles)\" width=\"620\" height=\"465\" \/><\/div>\n<p><strong>Dez anos de luta<\/strong><br \/>\nEra outubro de 2006 quando convuls\u00f5es denunciaram a exist\u00eancia de um tumor benigno no lado esquerdo do c\u00e9rebro da ent\u00e3o estudante de administra\u00e7\u00e3o de empresas. &#8220;Primeiro, eu me perguntei por que aquilo estava acontecendo comigo. Depois, quando os m\u00e9dicos indicaram rem\u00e9dios como forma de controle das crises, eu decidi que levaria a vida da forma mais normal poss\u00edvel, mas a\u00ed os sintomas da doen\u00e7a pioraram.&#8221;<\/p>\n<p>Um aumento na atividade el\u00e9trica em determinadas \u00e1reas do c\u00e9rebro cria um dist\u00farbio, que se caracteriza pela contra\u00e7\u00e3o involunt\u00e1ria dos m\u00fasculos. \u00c9 assim que a Medicina descreve uma convuls\u00e3o. L\u00edvia relata em seu livro que simplesmente se sentia desligada e, ao acordar, percebia dores e machucados pelo corpo. No primeiro ano, ela passou apenas por uma crise. Dois anos depois, chegava a ter tr\u00eas no mesmo dia.<\/p>\n<div class=\"foto componente_materia midia-largura-620\"><img decoding=\"async\" class=\"aligncenter\" title=\"Ap\u00f3s operar de tumor no c\u00e9rebro, L\u00edvia se viu com difuldades para se lembrar de palavras (Foto: Arquivo pessoal\/L\u00edvia Salles)\" src=\"http:\/\/s2.glbimg.com\/HDmlWPfHiWq6U_60M_4QXVUB44s=\/620x465\/s.glbimg.com\/jo\/g1\/f\/original\/2017\/01\/01\/6.jpg\" alt=\"Ap\u00f3s operar de tumor no c\u00e9rebro, L\u00edvia se viu com difuldades para se lembrar de palavras (Foto: Arquivo pessoal\/L\u00edvia Salles)\" width=\"620\" height=\"465\" \/><\/div>\n<p>Exames apontaram que o tumor estava crescendo irregularmente. N\u00e3o era maligno, mas podia se tornar um. Foi assim que a mineira teve que se submeter a uma cirurgia para a retirada da massa anormal de tecido. Embora arriscado, o procedimento foi bem sucedido, mas afetou para sempre a capacidade de L\u00edvia em guardar mem\u00f3rias recentes.<\/p>\n<p>Os problemas de comunica\u00e7\u00e3o decorrentes dessa sequela come\u00e7aram a criar novos obst\u00e1culos no dia-a-dia da administradora de empresa. Al\u00e9m disso, o longo per\u00edodo de consumo de medicamentos fez com que ela ganhasse peso- situa\u00e7\u00e3o que L\u00edvia s\u00f3 percebeu ap\u00f3s a cirurgia. Mais uma vez, o mundo parecia estar do avesso.<\/p>\n<p><strong>Desistir nunca foi alternativa<\/strong><br \/>\n&#8220;Mas eu queria viver e encontrei em mim uma for\u00e7a que eu desconhecia. Quando as convuls\u00f5es se agravaram, voltei para a casa dos meus pais, para a minha terra natal [at\u00e9 ent\u00e3o, ela estudava em Belo Horizonte] e, mesmo com as dificuldades, continuei estudando e trabalhando. Seis meses depois da minha cirurgia, eu me casei. Eu n\u00e3o ia desistir&#8221;, observa.<\/p>\n<p>Em 2014, novos exames mostraram que a capacidade de memoriza\u00e7\u00e3o de L\u00edvia estava quase desativada. Ela praticamente n\u00e3o conseguia mais ler, a escrita estava cada dia mais dif\u00edcil. Exerc\u00edcios de est\u00edmulo cognitivo foram recomendados, mas foi na corrida que todo o seu esfor\u00e7o para descobrir novas formas de criar mem\u00f3rias se potencializou.<\/p>\n<div class=\"foto componente_materia midia-largura-620\"><img loading=\"lazy\" decoding=\"async\" class=\"aligncenter\" title=\"L\u00edvia Salles e o marido: administradora de empresas luta h\u00e1 10 anos para manter vivas mem\u00f3rias recentes (Foto: Arquivo pessoal\/L\u00edvia Salles)\" src=\"http:\/\/s2.glbimg.com\/fbq50w83ABaBrLidcvvZcKMJgH8=\/620x465\/s.glbimg.com\/jo\/g1\/f\/original\/2017\/01\/01\/5.jpg\" alt=\"L\u00edvia Salles e o marido: administradora de empresas luta h\u00e1 10 anos para manter vivas mem\u00f3rias recentes (Foto: Arquivo pessoal\/L\u00edvia Salles)\" width=\"620\" height=\"465\" \/><\/div>\n<p><strong>Recuperando mem\u00f3rias<\/strong><br \/>\n&#8220;Eu percebi que a corrida estava ajudando a colocar meu pensamento em ordem, estava clareando minhas ideias e melhorando o meu aprendizado. [&#8230;] No come\u00e7o, eu n\u00e3o me lembrava de nada, mas logo a imagina\u00e7\u00e3o e o racioc\u00ednio come\u00e7aram a trabalhar e eu conseguia lembrar o que tinha feito no dia anterior- coisas simples como o que eu havia comido e a que horas eu havia dormido&#8221;, escreveu em uma das passagens de seu livro.<\/p>\n<p>A corrida entrou na rotina da administradora com o objetivo de devolver a ela o condicionamento f\u00edsico. No entanto, al\u00e9m da perda de peso, a atividade estimulou o c\u00e9rebro a criar novos caminhos para suas mem\u00f3rias. Animada com os resultados, L\u00edvia mudou seu estilo de vida.<\/p>\n<p>&#8220;Participo de maratonas. A \u00faltima em fui aconteceu em novembro [de 2016] em S\u00e3o Tom\u00e9 das Letras. Fiquei em primeiro lugar&#8221;, conta, orgulhosa. &#8220;Eu me apaixonei pela pr\u00e1tica de esportes, pela corrida&#8221;, relata ela que passou a ter uma rotina di\u00e1ria de exerc\u00edcios, incluindo outras atividades, como nata\u00e7\u00e3o, ciclismo e muscula\u00e7\u00e3o.<\/p>\n<div class=\"foto componente_materia midia-largura-620\"><img loading=\"lazy\" decoding=\"async\" class=\"aligncenter\" title=\"L\u00edvia Salles se apaixonou por esportes h\u00e1 dois anos e pr\u00e1tica teve impacto na recupera\u00e7\u00e3o de mem\u00f3rias, Lavras, MG (Foto: Arquivo pessoal\/L\u00edvia Salles)\" src=\"http:\/\/s2.glbimg.com\/UGz5E0jTQxvklUOJfsxat733ic4=\/620x465\/s.glbimg.com\/jo\/g1\/f\/original\/2017\/01\/01\/2_9KMQswe.jpg\" alt=\"L\u00edvia Salles se apaixonou por esportes h\u00e1 dois anos e pr\u00e1tica teve impacto na recupera\u00e7\u00e3o de mem\u00f3rias, Lavras, MG (Foto: Arquivo pessoal\/L\u00edvia Salles)\" width=\"620\" height=\"465\" \/><\/div>\n<p><strong>Recupera\u00e7\u00e3o de sonhos<\/strong><br \/>\nEm 2016, escrever um livro contando sua experi\u00eancia foi outro passo importante no processo de recupera\u00e7\u00e3o. Na chegada de 2017, ela sonha com outros desafios.<\/p>\n<p>&#8220;Eu quero partilhar minha hist\u00f3ria com outras pessoas e quero ter um filho. Ainda tenho um resqu\u00edcio do tumor, porque a retirada total poderia comprometer fala e vis\u00e3o, mas fa\u00e7o anualmente exames e ele est\u00e1 como que petrificado. Ainda tomo rem\u00e9dios, s\u00f3 que em dosagens bem baixas, como precau\u00e7\u00e3o para evitar poss\u00edveis convuls\u00f5es. E acredito que vou conseguir realizar mais esse sonho. Vamos esperar&#8221;, comenta, rindo, cheia de esperan\u00e7a, outro estado que ela aprendeu a vivenciar todos os dias.<\/p>\n<p>Fonte: G1 Sul de Minas<\/p>\n","protected":false},"excerpt":{"rendered":"<p>Cuidar da sa\u00fade, dizer mais vezes &#8220;eu te amo&#8221;, sorrir mais, ter filhos.<\/p>\n","protected":false},"author":2,"featured_media":5322,"comment_status":"closed","ping_status":"open","sticky":false,"template":"","format":"standard","meta":{"advgb_blocks_editor_width":"","advgb_blocks_columns_visual_guide":"","_exactmetrics_skip_tracking":false,"_exactmetrics_sitenote_active":false,"_exactmetrics_sitenote_note":"","_exactmetrics_sitenote_category":0,"footnotes":""},"categories":[7,3],"tags":[966,44,2092,1518,2093,134],"class_list":["post-5321","post","type-post","status-publish","format-standard","has-post-thumbnail","hentry","category-destaques","category-esportes","tag-esporte","tag-lavras-mg","tag-livia-salles","tag-livro","tag-perda-de-memoria","tag-superacao"],"better_featured_image":{"id":5322,"alt_text":"","caption":"","description":"","media_type":"image","media_details":{"width":620,"height":465,"file":"2017\/01\/livia.jpg","sizes":{"thumbnail":{"file":"livia-150x113.jpg","width":150,"height":113,"mime-type":"image\/jpeg","source_url":"https:\/\/lavras.tv\/site\/wp-content\/uploads\/2017\/01\/livia-150x113.jpg"},"medium":{"file":"livia-300x225.jpg","width":300,"height":225,"mime-type":"image\/jpeg","source_url":"https:\/\/lavras.tv\/site\/wp-content\/uploads\/2017\/01\/livia-300x225.jpg"},"featured-post-img":{"file":"livia-480x320.jpg","width":480,"height":320,"mime-type":"image\/jpeg","source_url":"https:\/\/lavras.tv\/site\/wp-content\/uploads\/2017\/01\/livia-480x320.jpg"},"sow-carousel-default":{"file":"livia-272x182.jpg","width":272,"height":182,"mime-type":"image\/jpeg","source_url":"https:\/\/lavras.tv\/site\/wp-content\/uploads\/2017\/01\/livia-272x182.jpg"}},"image_meta":{"aperture":"0","credit":"","camera":"","caption":"","created_timestamp":"0","copyright":"","focal_length":"0","iso":"0","shutter_speed":"0","title":"","orientation":"0","keywords":[]}},"post":5321,"source_url":"https:\/\/lavras.tv\/site\/wp-content\/uploads\/2017\/01\/livia.jpg"},"author_meta":{"display_name":"Lavras TV","author_link":"https:\/\/lavras.tv\/site\/author\/lavrastv\/"},"featured_img":"https:\/\/lavras.tv\/site\/wp-content\/uploads\/2017\/01\/livia-300x225.jpg","coauthors":[],"tax_additional":{"categories":{"linked":["<a href=\"https:\/\/lavras.tv\/site\/category\/destaques\/\" class=\"advgb-post-tax-term\">Destaques<\/a>","<a href=\"https:\/\/lavras.tv\/site\/category\/esportes\/\" class=\"advgb-post-tax-term\">Esportes<\/a>"],"unlinked":["<span class=\"advgb-post-tax-term\">Destaques<\/span>","<span class=\"advgb-post-tax-term\">Esportes<\/span>"]},"tags":{"linked":["<a href=\"https:\/\/lavras.tv\/site\/category\/esportes\/\" class=\"advgb-post-tax-term\">esporte<\/a>","<a href=\"https:\/\/lavras.tv\/site\/category\/esportes\/\" class=\"advgb-post-tax-term\">lavras mg<\/a>","<a href=\"https:\/\/lavras.tv\/site\/category\/esportes\/\" class=\"advgb-post-tax-term\">livia salles<\/a>","<a href=\"https:\/\/lavras.tv\/site\/category\/esportes\/\" class=\"advgb-post-tax-term\">livro<\/a>","<a href=\"https:\/\/lavras.tv\/site\/category\/esportes\/\" class=\"advgb-post-tax-term\">perda de mem\u00f3ria<\/a>","<a href=\"https:\/\/lavras.tv\/site\/category\/esportes\/\" class=\"advgb-post-tax-term\">supera\u00e7\u00e3o<\/a>"],"unlinked":["<span class=\"advgb-post-tax-term\">esporte<\/span>","<span class=\"advgb-post-tax-term\">lavras mg<\/span>","<span class=\"advgb-post-tax-term\">livia salles<\/span>","<span class=\"advgb-post-tax-term\">livro<\/span>","<span class=\"advgb-post-tax-term\">perda de mem\u00f3ria<\/span>","<span class=\"advgb-post-tax-term\">supera\u00e7\u00e3o<\/span>"]}},"comment_count":"0","relative_dates":{"created":"Publicado 9 anos atr\u00e1s","modified":"Atualizado 9 anos atr\u00e1s"},"absolute_dates":{"created":"Publicado em 3 de janeiro de 2017","modified":"Atualizado em 3 de janeiro de 2017"},"absolute_dates_time":{"created":"Publicado em 3 de janeiro de 2017 09:55","modified":"Atualizado em 3 de janeiro de 2017 09:55"},"featured_img_caption":"","series_order":"","_links":{"self":[{"href":"https:\/\/lavras.tv\/site\/wp-json\/wp\/v2\/posts\/5321","targetHints":{"allow":["GET"]}}],"collection":[{"href":"https:\/\/lavras.tv\/site\/wp-json\/wp\/v2\/posts"}],"about":[{"href":"https:\/\/lavras.tv\/site\/wp-json\/wp\/v2\/types\/post"}],"author":[{"embeddable":true,"href":"https:\/\/lavras.tv\/site\/wp-json\/wp\/v2\/users\/2"}],"replies":[{"embeddable":true,"href":"https:\/\/lavras.tv\/site\/wp-json\/wp\/v2\/comments?post=5321"}],"version-history":[{"count":1,"href":"https:\/\/lavras.tv\/site\/wp-json\/wp\/v2\/posts\/5321\/revisions"}],"predecessor-version":[{"id":5323,"href":"https:\/\/lavras.tv\/site\/wp-json\/wp\/v2\/posts\/5321\/revisions\/5323"}],"wp:featuredmedia":[{"embeddable":true,"href":"https:\/\/lavras.tv\/site\/wp-json\/wp\/v2\/media\/5322"}],"wp:attachment":[{"href":"https:\/\/lavras.tv\/site\/wp-json\/wp\/v2\/media?parent=5321"}],"wp:term":[{"taxonomy":"category","embeddable":true,"href":"https:\/\/lavras.tv\/site\/wp-json\/wp\/v2\/categories?post=5321"},{"taxonomy":"post_tag","embeddable":true,"href":"https:\/\/lavras.tv\/site\/wp-json\/wp\/v2\/tags?post=5321"}],"curies":[{"name":"wp","href":"https:\/\/api.w.org\/{rel}","templated":true}]}}