{"id":5340,"date":"2017-01-04T09:05:10","date_gmt":"2017-01-04T11:05:10","guid":{"rendered":"http:\/\/lavras.tv\/site\/?p=5340"},"modified":"2017-01-04T09:05:10","modified_gmt":"2017-01-04T11:05:10","slug":"acoes-do-governo-impulsionam-o-esporte-em-todas-as-regioes-de-minas-gerais","status":"publish","type":"post","link":"https:\/\/lavras.tv\/site\/2017\/01\/04\/acoes-do-governo-impulsionam-o-esporte-em-todas-as-regioes-de-minas-gerais\/","title":{"rendered":"A\u00e7\u00f5es do Governo impulsionam o esporte em todas as regi\u00f5es de Minas Gerais"},"content":{"rendered":"<div class=\"lavra-antes-do-conteudo_2\" id=\"lavra-1756097550\"><div id=\"lavra-slider-27\" class=\"custom-slider lavra-slider-3835798516 lavra-slider\"><ul><li><div style=\"margin-left: auto;margin-right: auto;text-align: center;\" id=\"lavra-3168998692\"><a href=\"https:\/\/sistemas.lavras.mg.gov.br\/portalcidadao\/#df1b1a7c7b2a290bcb31e32771e610784662739a88807c0dacac58ede5f391a7530e299dc302d611ee73cb143fc22eaf93592e53e7b5bdb01b00a0b8d28dae460c141dd2ff83412e4dc1c31b16b25f33144a9e5620ea73b13f5bc1c59411d98439ad226e8af03840603796067d87afe130812cf3de24982d0e306f9e61e764e5\" aria-label=\"Lavras-TV&#8211;720x104px (1) (1)\"><img src=\"https:\/\/lavras.tv\/site\/wp-content\/uploads\/2025\/01\/Lavras-TV-720x104px-1-1.png\" alt=\"\"  srcset=\"https:\/\/lavras.tv\/site\/wp-content\/uploads\/2025\/01\/Lavras-TV-720x104px-1-1.png 720w, https:\/\/lavras.tv\/site\/wp-content\/uploads\/2025\/01\/Lavras-TV-720x104px-1-1-470x68.png 470w, https:\/\/lavras.tv\/site\/wp-content\/uploads\/2025\/01\/Lavras-TV-720x104px-1-1-170x25.png 170w, https:\/\/lavras.tv\/site\/wp-content\/uploads\/2025\/01\/Lavras-TV-720x104px-1-1-200x29.png 200w\" sizes=\"(max-width: 720px) 100vw, 720px\" width=\"720\" height=\"104\"  style=\"display: inline-block;\" \/><\/a><\/div><\/li><li><a href=\"https:\/\/sistemas.lavras.mg.gov.br\/portalcidadao\/#df1b1a7c7b2a290bcb31e32771e610784662739a88807c0dacac58ede5f391a7530e299dc302d611ee73cb143fc22eaf93592e53e7b5bdb01b00a0b8d28dae460c141dd2ff83412e4dc1c31b16b25f33144a9e5620ea73b13f5bc1c59411d98439ad226e8af03840603796067d87afe130812cf3de24982d0e306f9e61e764e5\" aria-label=\"Banner_Emprego_PortallavrasTV\"><img src=\"https:\/\/lavras.tv\/site\/wp-content\/uploads\/2025\/03\/Banner_Emprego_PortallavrasTV.png\" alt=\"\"  srcset=\"https:\/\/lavras.tv\/site\/wp-content\/uploads\/2025\/03\/Banner_Emprego_PortallavrasTV.png 720w, https:\/\/lavras.tv\/site\/wp-content\/uploads\/2025\/03\/Banner_Emprego_PortallavrasTV-470x68.png 470w, https:\/\/lavras.tv\/site\/wp-content\/uploads\/2025\/03\/Banner_Emprego_PortallavrasTV-170x25.png 170w, https:\/\/lavras.tv\/site\/wp-content\/uploads\/2025\/03\/Banner_Emprego_PortallavrasTV-200x29.png 200w\" sizes=\"(max-width: 720px) 100vw, 720px\" width=\"720\" height=\"104\"   \/><\/a><\/li><li><a href=\"https:\/\/sistemas.lavras.mg.gov.br\/portalcidadao\/#df1b1a7c7b2a290bcb31e32771e610784662739a88807c0dacac58ede5f391a7530e299dc302d611ee73cb143fc22eaf93592e53e7b5bdb01b00a0b8d28dae460c141dd2ff83412e4dc1c31b16b25f33144a9e5620ea73b13f5bc1c59411d98439ad226e8af03840603796067d87afe130812cf3de24982d0e306f9e61e764e5\" aria-label=\"Banner_Obras_PortallavrasTV\"><img src=\"https:\/\/lavras.tv\/site\/wp-content\/uploads\/2025\/03\/Banner_Obras_PortallavrasTV.png\" alt=\"\"  srcset=\"https:\/\/lavras.tv\/site\/wp-content\/uploads\/2025\/03\/Banner_Obras_PortallavrasTV.png 720w, https:\/\/lavras.tv\/site\/wp-content\/uploads\/2025\/03\/Banner_Obras_PortallavrasTV-470x68.png 470w, https:\/\/lavras.tv\/site\/wp-content\/uploads\/2025\/03\/Banner_Obras_PortallavrasTV-170x25.png 170w, https:\/\/lavras.tv\/site\/wp-content\/uploads\/2025\/03\/Banner_Obras_PortallavrasTV-200x29.png 200w\" sizes=\"(max-width: 720px) 100vw, 720px\" width=\"720\" height=\"104\"   \/><\/a><\/li><li><div style=\"margin-left: auto;margin-right: auto;text-align: center;\" id=\"lavra-1979872333\"><a href=\"https:\/\/sistemas.lavras.mg.gov.br\/portalcidadao\/#df1b1a7c7b2a290bcb31e32771e610784662739a88807c0dacac58ede5f391a7530e299dc302d611ee73cb143fc22eaf93592e53e7b5bdb01b00a0b8d28dae460c141dd2ff83412e4dc1c31b16b25f33144a9e5620ea73b13f5bc1c59411d98439ad226e8af03840603796067d87afe130812cf3de24982d0e306f9e61e764e5\" aria-label=\"Banner_Educa\u00e7\u00e3o_PortallavrasTV\"><img src=\"https:\/\/lavras.tv\/site\/wp-content\/uploads\/2025\/01\/Banner_Educacao_PortallavrasTV.png\" alt=\"\"  srcset=\"https:\/\/lavras.tv\/site\/wp-content\/uploads\/2025\/01\/Banner_Educacao_PortallavrasTV.png 720w, https:\/\/lavras.tv\/site\/wp-content\/uploads\/2025\/01\/Banner_Educacao_PortallavrasTV-470x68.png 470w, https:\/\/lavras.tv\/site\/wp-content\/uploads\/2025\/01\/Banner_Educacao_PortallavrasTV-170x25.png 170w, https:\/\/lavras.tv\/site\/wp-content\/uploads\/2025\/01\/Banner_Educacao_PortallavrasTV-200x29.png 200w\" sizes=\"(max-width: 720px) 100vw, 720px\" width=\"720\" height=\"104\"  style=\"display: inline-block;\" \/><\/a><\/div><\/li><li><a href=\"https:\/\/sistemas.lavras.mg.gov.br\/portalcidadao\/#df1b1a7c7b2a290bcb31e32771e610784662739a88807c0dacac58ede5f391a7530e299dc302d611ee73cb143fc22eaf93592e53e7b5bdb01b00a0b8d28dae460c141dd2ff83412e4dc1c31b16b25f33144a9e5620ea73b13f5bc1c59411d98439ad226e8af03840603796067d87afe130812cf3de24982d0e306f9e61e764e5\" aria-label=\"Banner_Sa\u00fade_PortallavrasTV\"><img src=\"https:\/\/lavras.tv\/site\/wp-content\/uploads\/2025\/03\/Banner_Saude_PortallavrasTV.png\" alt=\"\"  srcset=\"https:\/\/lavras.tv\/site\/wp-content\/uploads\/2025\/03\/Banner_Saude_PortallavrasTV.png 720w, https:\/\/lavras.tv\/site\/wp-content\/uploads\/2025\/03\/Banner_Saude_PortallavrasTV-470x68.png 470w, https:\/\/lavras.tv\/site\/wp-content\/uploads\/2025\/03\/Banner_Saude_PortallavrasTV-170x25.png 170w, https:\/\/lavras.tv\/site\/wp-content\/uploads\/2025\/03\/Banner_Saude_PortallavrasTV-200x29.png 200w\" sizes=\"(max-width: 720px) 100vw, 720px\" width=\"720\" height=\"104\"   \/><\/a><\/li><li><div id=\"lavra-2681750923\" style=\"width:720px;height:104px;background-color:#ddd;overflow:scroll;\">\n\t<strong>Sa\u00edda da depura\u00e7\u00e3o de an\u00fancios<\/strong>\n\t<br><br>\n\tO an\u00fancio n\u00e3o \u00e9 exibido na p\u00e1gina<br><br>post atual: A\u00e7\u00f5es do Governo impulsionam o esporte em todas as regi\u00f5es de Minas Gerais, ID: 5340<br><br><span style=\"color: red;\">O post atual n\u00e3o \u00e9 id\u00eantico ao post principal.<\/span><br><br>An\u00fancios: ROXO - TOPO INTERNA - ROTATIVO 2 (197)<br \/>Grupo de an\u00fancios: Princ_Meio01_720x104 (27)<br><br>Condi\u00e7\u00f5es de exibi\u00e7\u00e3o<div style=\"margin-bottom: 20px; white-space: pre-wrap; font-family: monospace; width: 100%; background: #ffe9e9;\"><strong>condi\u00e7\u00f5es gerais<\/strong><table border=\"1\"><thead><tr><th><\/th><th>An\u00fancios<\/th><th>wp_the_query<\/th><\/tr><\/thead><tr><td>is_main_query<\/td><td>1<\/td><td>1<\/td><\/tr><tr><td>is_rest_api<\/td><td>0<\/td><td>1<\/td><\/tr><tr><td>page<\/td><td>0<\/td><td>1<\/td><\/tr><tr><td>numpages<\/td><td>0<\/td><td>1<\/td><\/tr><tr><td>is_archive<\/td><td>1<\/td><td><\/td><\/tr><tr><td>is_search<\/td><td>1<\/td><td><\/td><\/tr><tr><td>is_home<\/td><td>1<\/td><td><\/td><\/tr><tr><td>is_404<\/td><td>1<\/td><td><\/td><\/tr><tr><td>is_attachment<\/td><td>1<\/td><td><\/td><\/tr><tr><td>is_singular<\/td><td>1<\/td><td><\/td><\/tr><tr><td>is_front_page<\/td><td>1<\/td><td><\/td><\/tr><tr><td>is_feed<\/td><td>1<\/td><td><\/td><\/tr><\/table><\/div><br><br><span style=\"color: red;\">Seu site usa HTTPS, mas o c\u00f3digo do an\u00fancio cont\u00e9m HTTP e pode n\u00e3o funcionar.<\/span>\t<br><br>\n\t<a style=\"color: green;\" href=\"https:\/\/wpadvancedads.com\/manual\/ad-debug-mode\/?utm_source=advanced-ads&utm_medium=link&utm_campaign=ad-debug-mode\" target=\"_blank\" rel=\"nofollow\">Encontre solu\u00e7\u00f5es no manual<\/a>\n<\/div>\n<\/li><\/ul><\/div><script>( window.advanced_ads_ready || jQuery( document ).ready ).call( null, function() {var $lavraslider3835798516 = jQuery( \".lavra-slider-3835798516\" );$lavraslider3835798516.on( \"unslider.ready\", function() { jQuery( \"div.custom-slider ul li\" ).css( \"display\", \"block\" ); });$lavraslider3835798516.unslider({ delay:4000, autoplay:true, nav:false, arrows:false, infinite:true });$lavraslider3835798516.on(\"mouseover\", function() {$lavraslider3835798516.unslider(\"stop\");}).on(\"mouseout\", function() {$lavraslider3835798516.unslider(\"start\");});});<\/script><\/div><p>Desde o in\u00edcio da nova gest\u00e3o, o Governo de Minas Gerais esteve consciente da import\u00e2ncia do esporte para a popula\u00e7\u00e3o, tanto que criou a Secretaria de Estado de Esportes (Seesp) de forma independente, sem vincul\u00e1-la a outros temas, como Turismo ou Juventude, pastas \u00e0s quais a tem\u00e1tica esteve unida anteriormente.<\/p>\n<p>Para o secret\u00e1rio de Estado de Esportes em exerc\u00edcio, Ricardo Sapi, a iniciativa de dar independ\u00eancia \u00e0 secretaria foi fundamental. \u201cTemos um \u00f3rg\u00e3o dedicado \u00e0s pol\u00edticas p\u00fablicas do esporte em todas as suas dimens\u00f5es \u2013 rendimento, participa\u00e7\u00e3o e educacional \u2013, com profissionais integralmente dedicados a esse assunto, o que leva \u00e0 excel\u00eancia do trabalho e ao fortalecimento do esporte mineiro\u201d, afirmou.<\/p>\n<p>Para 2017, o objetivo \u00e9 dar continuidade ao trabalho desenvolvido nos \u00faltimos dois anos, ampliando a abordagem dos projetos e a\u00e7\u00f5es para atender ainda mais o paradesporto, aumentar a movimenta\u00e7\u00e3o das equipes esportivas dos munic\u00edpios nos programas da Secretaria, al\u00e9m de democratizar cada vez mais o acesso dos cidad\u00e3os \u00e0 pr\u00e1tica esportiva.<\/p>\n<p><strong>Palco de grandes eventos<\/strong><\/p>\n<p>Por meio da celebra\u00e7\u00e3o de conv\u00eanios e apoios institucionais, a Seesp viabilizou em 2015 e 2016 diversas competi\u00e7\u00f5es e eventos esportivos no estado. Al\u00e9m de movimentar toda a cadeia esportiva, essas competi\u00e7\u00f5es favorecem o crescimento da economia local e estimulam o interesse da popula\u00e7\u00e3o por diferentes modalidades, assim como o futebol americano que, no \u00faltimo ano, ganhou destaque em Minas Gerais.<\/p>\n<p>O Campeonato Mineiro da modalidade retornou ao calend\u00e1rio esportivo ap\u00f3s tr\u00eas anos de aus\u00eancia e teve sua partida inaugural em 21 de mar\u00e7o na Arena Independ\u00eancia. Na ocasi\u00e3o, o Minas Locomotiva (tricampe\u00e3o mineiro) venceu o BH Eagles (campe\u00e3o da Copa Am\u00e9rica) por 34 a 24.<\/p>\n<p>Mas quem ganhou mesmo foram os 5.634 espectadores que compareceram ao est\u00e1dio para acompanhar a disputa de uma das modalidades que mais crescem no Brasil.\u00a0 J\u00e1 a final da competi\u00e7\u00e3o foi realiza no Mineir\u00e3o, em junho, diante de 8.720 mil pessoas, quando nos segundos finais o Minas Locomotiva virou a partida contra o BH Eagles e sagrou-se campe\u00e3o por 21 a 17.<\/p>\n<p>Ainda em 2016, Minas Gerais foi casa da decis\u00e3o da Liga Nacional. Em jogo disputado na Arena Independ\u00eancia, no in\u00edcio de dezembro, o BH Eagles bateu o mato-grossense Sinop Coyotes e faturou a ta\u00e7a.<\/p>\n<p>Para o presidente da Federa\u00e7\u00e3o Mineira de Futebol Americano, Abra\u00e3o Coelho, o apoio da SEESP foi fundamental para impulsionar o crescimento do futebol americano em Minas Gerais nesse em 2016. \u201cTivemos visibilidade sem igual. Esse suporte abriu portas em diversas frentes e foi especialmente importante diante de dois gigantes: Arena Independ\u00eancia e Mineir\u00e3o. N\u00f3s nos sentimos abra\u00e7ados pela Seesp e temos ali um grande parceiro para seguir na expans\u00e3o da modalidade e transformar o estado em um grande celeiro de atletas para o Brasil&#8221;, afirmou.<\/p>\n<p>Outra modalidade que vem crescendo no estado \u00e9 o handebol. Em 2015, as cidades de Uberaba e Uberl\u00e2ndia sediaram o XX Mundial J\u00fanior Masculino. A competi\u00e7\u00e3o, que \u00e9 uma das mais importantes no calend\u00e1rio internacional da modalidade, reuniu equipes de 24 pa\u00edses no Tri\u00e2ngulo Mineiro. Realizada pela Federa\u00e7\u00e3o Internacional e pela Confedera\u00e7\u00e3o Brasileira de Handebol, a competi\u00e7\u00e3o contou com apoio do Governo de Minas Gerais e do Minist\u00e9rio do Esporte, al\u00e9m das prefeituras dos munic\u00edpios-sede. Na grande final, a Fran\u00e7a venceu a Dinamarca por 26 a 24 e levou o t\u00edtulo.<\/p>\n<p>Segundo dados da Funda\u00e7\u00e3o Uberlandense do Turismo, Esporte e Lazer (FUTEL), a realiza\u00e7\u00e3o do torneio movimentou cerca de R$ 2,5 milh\u00f5es na economia do munic\u00edpio. Movimento semelhante teve a cidade de Uberaba, que abrigou a abertura oficial e o jogo inaugural entre a Brasil e Jap\u00e3o.<\/p>\n<p>Ao sediar o Mundial, Minas Gerais impulsionou o handebol no estado, o que j\u00e1 rendeu bons resultados: o ADJF, de Juiz de Fora, conquistou, em 2016, o Campeonato Brasileiro Adulto e a Copa do Brasil Masculina de Handebol. Foi a primeira vez que um time mineiro venceu no mesmo ano as duas principais competi\u00e7\u00f5es nacionais da modalidade.<\/p>\n<p>Segundo o presidente da Federa\u00e7\u00e3o Mineira de Handebol, Cl\u00e1udio Dias, os desportistas mineiros celebram o trabalho da Sees. \u201cA Secretaria tem sido de fundamental import\u00e2ncia e soubemos, desde o in\u00edcio, que teria sucesso. Em 2015, logo no in\u00edcio da gest\u00e3o, a SEESP apoiou o sediamento, em Minas Gerais, do Mundial Sub-20. Foi a maior realiza\u00e7\u00e3o da hist\u00f3ria do handebol mineiro. Um sucesso absoluto de p\u00fablico e de organiza\u00e7\u00e3o. Minas aceitou o desafio e, realizou o mundial com apenas tr\u00eas meses de anteced\u00eancia, de forma exemplar\u201d, contou.<\/p>\n<p>Al\u00e9m do Mundial de Handebol, o Tri\u00e2ngulo Mineiro foi palco de tr\u00eas outros grandes momentos do esporte brasileiro. Em outubro de 2015, cerca de 5 mil pessoas participaram dos 63\u00ba Jogos Universit\u00e1rios Brasileiros (JUBs).<\/p>\n<p>A Confedera\u00e7\u00e3o Brasileira de Desporto Universit\u00e1rio (CBDU), realizadora da competi\u00e7\u00e3o, aplicou R$ 5,5 milh\u00f5es no JUBs e o evento movimentou cerca de R$ 11 milh\u00f5es na cadeia produtiva local nos 12 dias de disputas. O segmento de hotelaria foi um dos mais favorecidos. Com aproximadamente 4,7 mil leitos em toda a rede hoteleira, cerca de 90% deste total foram ocupados nas semanas do evento.<\/p>\n<p>J\u00e1 a cidade de Uberaba foi palco da 10\u00aa edi\u00e7\u00e3o do Grand Prix de Futsal, em novembro de 2015. Na competi\u00e7\u00e3o, realizada pela Confedera\u00e7\u00e3o Brasileira de Futsal (CBFS) e apoiada institucionalmente pela Seesp, a Sele\u00e7\u00e3o Brasileira conquistou o 9\u00ba t\u00edtulo da competi\u00e7\u00e3o. Al\u00e9m do Brasil, as equipes do Paraguai, Guatemala, Z\u00e2mbia, Col\u00f4mbia, Ir\u00e3, Uruguai e Angola tamb\u00e9m participaram da disputa.<\/p>\n<p>No in\u00edcio de maio de 2016, devido \u00e0 excelente campanha da sele\u00e7\u00e3o em Uberaba, a cidade foi escolhida para receber o lan\u00e7amento do novo uniforme da equipe verde e amarela.\u00a0J\u00e1 entre os dias 5 e 8 de maio, Uberaba sediou o Desafio Sul-Americano de Futsal. A competi\u00e7\u00e3o reuniu grandes confrontos continentais, com a participa\u00e7\u00e3o de Brasil, Argentina, Col\u00f4mbia e Uruguai. As partidas foram realizadas no Centro Ol\u00edmpico Engenheiro Wagner do Nascimento.<\/p>\n<p><strong>Sucesso nos tatames e quadras<\/strong><\/p>\n<p>Outro esporte que vem se destacando no cen\u00e1rio esportivo mineiro \u00e9 o jud\u00f4. A modalidade j\u00e1 teve seis projetos executados por meio da Lei Estadual de Incentivo ao Esporte, beneficiando quase 4 mil pessoas.<\/p>\n<figure class=\"image\"><img decoding=\"async\" class=\"alignnone\" src=\"http:\/\/agenciaminas.mg.gov.br\/ckeditor_assets\/pictures\/2170\/content_tiago_ciccarini1.jpg\" alt=\"\" \/><figcaption>Cr\u00e9dito: Tiago Ciccarini<\/figcaption><\/figure>\n<p>Al\u00e9m disso, no segundo semestre de 2015, com a presen\u00e7a de cerca de 2.800 alunos de escolas municipais de Belo Horizonte, o Brasil venceu a Alemanha por 4 a 2 no Superdesafio BRA de Jud\u00f4, realizado na Arena Minas T\u00eanis Clube.<\/p>\n<p>O Minas T\u00eanis Clube foi palco ainda de outro evento patrocinado pelo Governo de Minas Gerais e apoiado pela Secretaria de Estado de Esportes: a Copa Davis, em julho deste ano.\u00a0 Pela segunda vez na hist\u00f3ria, Minas Gerais recebeu um confronto da competi\u00e7\u00e3o que \u00e9 considerada a Copa do Mundo do T\u00eanis, dirigida pela Federa\u00e7\u00e3o Internacional de T\u00eanis (ITF).<\/p>\n<p>No confronto contra o Equador, o Brasil levou a melhor e, ap\u00f3s conquistar tr\u00eas pontos, saiu vitorioso em seu objetivo: classificar para o Playoff da Copa Davis, uma esp\u00e9cie de repescagem para o Grupo Mundial de 2017. As quadras mineiras receberam tamb\u00e9m nos \u00faltimos dois anos confrontos importantes do voleibol nacional.<\/p>\n<p>Em abril de 2015, a Seesp cedeu o Gin\u00e1sio Mineirinho para a partida decisiva da Superliga Masculina de V\u00f4lei, o campeonato brasileiro da modalidade. Em maio do mesmo ano, quem passou pelo local foi a Sele\u00e7\u00e3o Brasileira. A equipe do t\u00e9cnico Bernardinho esteve em Belo Horizonte para a disputa da primeira rodada da fase classificat\u00f3ria da Liga Mundial de V\u00f4lei.<\/p>\n<p>Em outubro, foi a vez da cidade de Betim ser sede do Mundial de Clubes de V\u00f4lei Masculino. A competi\u00e7\u00e3o, que contou com o apoio institucional da Seesp, teve a participa\u00e7\u00e3o de equipes dos seis continentes. Em 2016, a competi\u00e7\u00e3o retornou para Minas Gerais e teve as presen\u00e7as do Sada Cruzeiro e do Minas T\u00eanis Clube.<\/p>\n<p>Nesse ano, a modalidade proporcionou grande visibilidade para o estado. A Sele\u00e7\u00e3o da Pol\u00f4nia \u2013 campe\u00e3 mundial em 2012 e \u00faltima sede da fase final da Liga Mundial de Voleibol masculino \u2013 se preparou em Contagem para os Jogos Rio 2016, no Gin\u00e1sio Poliesportivo do Riacho. No local, a equipe disputou um amistoso com o Sada Cruzeiro.<\/p>\n<p>Assim como a Pol\u00f4nia, o Egito aproveitou a presen\u00e7a em Minas Gerais para realizar amistosos como parte da prepara\u00e7\u00e3o para os Jogos Ol\u00edmpicos.<\/p>\n<p><strong>Apoio ao esporte ind\u00edgena e de surdos<\/strong><\/p>\n<p>Por meio de conv\u00eanio, a Secretaria de Estado de Esportes viabilizou, em mar\u00e7o de 2016, a realiza\u00e7\u00e3o da 1\u00ba Ta\u00e7a Minas de Futsal para Surdos. A competi\u00e7\u00e3o, promovida pela Federa\u00e7\u00e3o Mineira Desportiva dos Surdos (FMDS), contou com a participa\u00e7\u00e3o de aproximadamente 260 atletas entre 16 e 35 anos, nas categorias masculino e feminino.<\/p>\n<p>J\u00e1 entre os dias 30 de junho e 3 de julho, a reserva ind\u00edgena Maxakali Aldeia Verde, localizada no munic\u00edpio de Ladainha, no Vale do Mucuri, recebeu a 4\u00aa edi\u00e7\u00e3o dos Jogos dos Povos Ind\u00edgenas de Minas Gerais.<\/p>\n<p>A competi\u00e7\u00e3o, que j\u00e1 est\u00e1 prevista nas a\u00e7\u00f5es da Seesp para 2017, foi viabilizada por meio de parceria das Secretarias de Estado de Educa\u00e7\u00e3o (SEE), de Trabalho e Desenvolvimento Social (Sedese) e de Direitos Humanos, Participa\u00e7\u00e3o Social e Cidadania (Sedpac) com a Prefeitura de Ladainha.<\/p>\n<p>Participaram do evento cerca de 600 atletas de 11 etnias. As modalidades disputadas foram Derruba o Toco, Arco e Flecha, Cabo de Guerra, Zarabatana, Corrida do Marac\u00e1, Bodok, Arremesso de Lan\u00e7a e Futebol.<\/p>\n<p><strong>Sucesso ol\u00edmpico<\/strong><\/p>\n<p>Criado em abril de 2015 pelo Governo de Minas Gerais, o N\u00facleo de Articula\u00e7\u00e3o Minas 2016 integrou for\u00e7as de 16 secretarias e \u00f3rg\u00e3os de Estado, coordenados pela Secretaria de Esportes. O objetivo foi planejar e executar as a\u00e7\u00f5es necess\u00e1rias para os eventos relacionados aos Jogos Rio 2016 em solo mineiro, como o Tour da Tocha e o Torneio Ol\u00edmpico de Futebol.<\/p>\n<p>A Seesp colocou em pr\u00e1tica um projeto pioneiro de atra\u00e7\u00e3o de comit\u00eas e delega\u00e7\u00f5es ol\u00edmpicas e paral\u00edmpicas para treino e aclimata\u00e7\u00e3o em Minas Gerais e a iniciativa obteve grande sucesso: passaram pelo estado representantes de 18 pa\u00edses que participaram das disputas das Olimp\u00edadas e Paralimp\u00edadas no Rio de Janeiro.<\/p>\n<figure class=\"image\"><img decoding=\"async\" class=\"aligncenter\" src=\"http:\/\/agenciaminas.mg.gov.br\/ckeditor_assets\/pictures\/2171\/content_marcelo_santanna.jpg\" alt=\"\" \/><figcaption>Cr\u00e9dito: Marcelo Sant\u00b4Anna\/Imprensa MG<\/figcaption><\/figure>\n<p>O coordenador do N\u00facleo de Articula\u00e7\u00e3o Minas 2016, Carlos Henrique, ressaltou as melhorias estruturais que estar\u00e3o \u00e0 disposi\u00e7\u00e3o de jovens talentos do esporte mineiro. \u201cO legado dos Jogos foi muito importante. Exemplo \u00e9 a UFMG, que a partir de agora possui uma pista de atletismo e um parque aqu\u00e1tico de alto n\u00edvel, que j\u00e1 est\u00e3o recrutando crian\u00e7as e jovens para praticarem modalidades esportivas nas depend\u00eancias da universidade\u201d, destacou.<\/p>\n<p>Minas Gerais foi a \u00fanica unidade federativa a fazer esse trabalho de capta\u00e7\u00e3o de delega\u00e7\u00f5es. E os resultados foram t\u00e3o positivos que at\u00e9 a prov\u00edncia de Yamanashi, vizinha da pr\u00f3xima sede das Olimp\u00edadas \u2013 T\u00f3quio (Jap\u00e3o) \u2013 buscou o governo de Minas Gerais para conhecer o projeto e se preparar para os Jogos 2020.<\/p>\n<p>O estado recebeu ainda o Tour da Tocha Ol\u00edmpica, que percorreu mais de 30 cidades, e o Mineir\u00e3o foi sede de 10 partidas do Torneio Ol\u00edmpico de Futebol.<\/p>\n<p><strong>Minas Esportiva chega para fortalecer o esporte<\/strong><\/p>\n<p>Com o fim do ciclo ol\u00edmpico Rio 2016, o programa Minas Ol\u00edmpica deixa de existir e d\u00e1 lugar ao Minas Esportiva, que re\u00fane as principais iniciativas da Seesp para o esporte de rendimento, forma\u00e7\u00e3o e participa\u00e7\u00e3o. E a iniciativa, nascida com a independ\u00eancia da pasta de esportes no governo, j\u00e1 colhe bons resultados.<\/p>\n<p>Em 2016, os Jogos Escolares de Minas Gerais (JEMG) alcan\u00e7aram o n\u00famero recorde de 829 munic\u00edpios inscritos e quase 40 mil alunos-atletas participantes entre 12 e 17 anos. Os campe\u00f5es estaduais do JEMG representaram o estado nos Jogos Escolares da Juventude e Paralimp\u00edadas Escolares.<\/p>\n<p>J\u00e1 os Jogos de Minas Gerais promovem o esporte de rendimento, sobretudo nos munic\u00edpios do interior, revelando atletas que possam representar o estado nas principais competi\u00e7\u00f5es nacionais e internacionais. Em 2016, foram investidos R$ 1,4 milh\u00e3o no evento que contou, em sua etapa estadual, com a participa\u00e7\u00e3o de quase 50 cidades.<\/p>\n<figure class=\"image\"><img decoding=\"async\" src=\"http:\/\/agenciaminas.mg.gov.br\/ckeditor_assets\/pictures\/2172\/content_tiago_ciccarini2.jpg\" alt=\"\" \/><figcaption>Cr\u00e9dito: Tiago Ciccarini<\/figcaption><\/figure>\n<p>Com o objetivo de valorizar o trabalho em prol do esporte mineiro, a Seesp contemplou, em 2016, 89 atletas e 20 t\u00e9cnicos com a Bolsa Atleta e Bolsa T\u00e9cnico, investindo R$ 1,13 milh\u00e3o. Entre os benefici\u00e1rios, atletas jovens, em in\u00edcio de carreira, e consagrados, com passagens por Olimp\u00edadas e Paralimp\u00edadas.<\/p>\n<p>O Minas Esportiva Incentivo ao Esporte, regulamentado pela Lei 20.824\/2013, com o objetivo de fortalecer o desporto e o paradesporto no estado por meio do esfor\u00e7o conjunto entre o Governo de Minas Gerais, apoiadores e executores, beneficiou, em 2016, mais de 30 mil pessoas e cerca de R$ 8,3 milh\u00f5es foram destinados aos projetos aprovados pelo mecanismo.<\/p>\n<p>O ICMS Esportivo, por sua vez, distribui o corresponde a 0,1% da cota do ICMS pertencente aos munic\u00edpios. Por meio do instrumento, a cidade de Cataguases tirou os jovens da criminalidade e tamb\u00e9m criou oportunidades. O munic\u00edpio foi um dos que mais pontuaram no mecanismo, o que lhe garantiu um repasse de R$ 137 mil em 2015, at\u00e9 o m\u00eas de outubro.<\/p>\n<p>Em 2016, a cidade de Caratinga atingiu a maior pontua\u00e7\u00e3o. O munic\u00edpio teve 101 programas\/projetos aprovados no ICMS Esportivo ano base 2015, em 11 atividades esportivas, e deve receber em 2017 mais de R$ 200 mil em repasses, isto \u00e9, 2,73% do montante total estimado para o ano em quest\u00e3o (R$ 8.656.754,91).<\/p>\n<p>Segundo o secret\u00e1rio Ricardo Sapi, o trabalho feito at\u00e9 o momento refletir\u00e1 no crescimento de Minas Gerais no cen\u00e1rio esportivo nos pr\u00f3ximos anos. \u201cEstamos fomentando um processo de forma\u00e7\u00e3o de novos atletas e fortalecimento de modalidades, al\u00e9m de propiciar aos munic\u00edpios e entidades a execu\u00e7\u00e3o de projetos sem que seja necess\u00e1rio retirar dinheiro de seus cofres. Minas ser\u00e1, muito em breve, uma pot\u00eancia do esporte. E se j\u00e1 temos tantos representantes que nos orgulham nos campos, quadras, piscinas e pistas atualmente, no futuro teremos muitos outros. Isso \u00e9 o que motiva nosso trabalho\u201d, finalizou.<\/p>\n<p>Fonte: Ag\u00eancia Minas<\/p>\n","protected":false},"excerpt":{"rendered":"<p>Desde o in\u00edcio da nova gest\u00e3o, o Governo de Minas Gerais esteve consciente da import\u00e2ncia do esporte para a popula\u00e7\u00e3o, tanto que criou a Secretaria de Estado de Esportes (Seesp) de forma independente, sem vincul\u00e1-la a outros temas, como Turismo ou Juventude, pastas \u00e0s quais a tem\u00e1tica esteve unida anteriormente. Para o secret\u00e1rio de Estado [&hellip;]<\/p>\n","protected":false},"author":2,"featured_media":5341,"comment_status":"closed","ping_status":"open","sticky":false,"template":"","format":"standard","meta":{"advgb_blocks_editor_width":"","advgb_blocks_columns_visual_guide":"","_exactmetrics_skip_tracking":false,"_exactmetrics_sitenote_active":false,"_exactmetrics_sitenote_note":"","_exactmetrics_sitenote_category":0,"footnotes":""},"categories":[3],"tags":[966,674,530],"class_list":["post-5340","post","type-post","status-publish","format-standard","has-post-thumbnail","hentry","category-esportes","tag-esporte","tag-governo-de-minas","tag-minas-gerais"],"better_featured_image":{"id":5341,"alt_text":"","caption":"","description":"","media_type":"image","media_details":{"width":1500,"height":1000,"file":"2017\/01\/esporte.jpg","sizes":{"thumbnail":{"file":"esporte-150x100.jpg","width":150,"height":100,"mime-type":"image\/jpeg","source_url":"https:\/\/lavras.tv\/site\/wp-content\/uploads\/2017\/01\/esporte-150x100.jpg"},"medium":{"file":"esporte-300x200.jpg","width":300,"height":200,"mime-type":"image\/jpeg","source_url":"https:\/\/lavras.tv\/site\/wp-content\/uploads\/2017\/01\/esporte-300x200.jpg"},"large":{"file":"esporte-1024x683.jpg","width":1024,"height":683,"mime-type":"image\/jpeg","source_url":"https:\/\/lavras.tv\/site\/wp-content\/uploads\/2017\/01\/esporte-1024x683.jpg"},"featured-slider-img":{"file":"esporte-640x480.jpg","width":640,"height":480,"mime-type":"image\/jpeg","source_url":"https:\/\/lavras.tv\/site\/wp-content\/uploads\/2017\/01\/esporte-640x480.jpg"},"featured-post-img":{"file":"esporte-480x320.jpg","width":480,"height":320,"mime-type":"image\/jpeg","source_url":"https:\/\/lavras.tv\/site\/wp-content\/uploads\/2017\/01\/esporte-480x320.jpg"},"sow-carousel-default":{"file":"esporte-272x182.jpg","width":272,"height":182,"mime-type":"image\/jpeg","source_url":"https:\/\/lavras.tv\/site\/wp-content\/uploads\/2017\/01\/esporte-272x182.jpg"}},"image_meta":{"aperture":"0","credit":"","camera":"","caption":"","created_timestamp":"0","copyright":"","focal_length":"0","iso":"0","shutter_speed":"0","title":"","orientation":"1","keywords":[]}},"post":5340,"source_url":"https:\/\/lavras.tv\/site\/wp-content\/uploads\/2017\/01\/esporte.jpg"},"author_meta":{"display_name":"Lavras TV","author_link":"https:\/\/lavras.tv\/site\/author\/lavrastv\/"},"featured_img":"https:\/\/lavras.tv\/site\/wp-content\/uploads\/2017\/01\/esporte-300x200.jpg","coauthors":[],"tax_additional":{"categories":{"linked":["<a href=\"https:\/\/lavras.tv\/site\/category\/esportes\/\" class=\"advgb-post-tax-term\">Esportes<\/a>"],"unlinked":["<span class=\"advgb-post-tax-term\">Esportes<\/span>"]},"tags":{"linked":["<a href=\"https:\/\/lavras.tv\/site\/category\/esportes\/\" class=\"advgb-post-tax-term\">esporte<\/a>","<a href=\"https:\/\/lavras.tv\/site\/category\/esportes\/\" class=\"advgb-post-tax-term\">governo de minas<\/a>","<a href=\"https:\/\/lavras.tv\/site\/category\/esportes\/\" class=\"advgb-post-tax-term\">minas gerais<\/a>"],"unlinked":["<span class=\"advgb-post-tax-term\">esporte<\/span>","<span class=\"advgb-post-tax-term\">governo de minas<\/span>","<span class=\"advgb-post-tax-term\">minas gerais<\/span>"]}},"comment_count":"0","relative_dates":{"created":"Publicado 9 anos atr\u00e1s","modified":"Atualizado 9 anos atr\u00e1s"},"absolute_dates":{"created":"Publicado em 4 de janeiro de 2017","modified":"Atualizado em 4 de janeiro de 2017"},"absolute_dates_time":{"created":"Publicado em 4 de janeiro de 2017 09:05","modified":"Atualizado em 4 de janeiro de 2017 09:05"},"featured_img_caption":"","series_order":"","_links":{"self":[{"href":"https:\/\/lavras.tv\/site\/wp-json\/wp\/v2\/posts\/5340","targetHints":{"allow":["GET"]}}],"collection":[{"href":"https:\/\/lavras.tv\/site\/wp-json\/wp\/v2\/posts"}],"about":[{"href":"https:\/\/lavras.tv\/site\/wp-json\/wp\/v2\/types\/post"}],"author":[{"embeddable":true,"href":"https:\/\/lavras.tv\/site\/wp-json\/wp\/v2\/users\/2"}],"replies":[{"embeddable":true,"href":"https:\/\/lavras.tv\/site\/wp-json\/wp\/v2\/comments?post=5340"}],"version-history":[{"count":1,"href":"https:\/\/lavras.tv\/site\/wp-json\/wp\/v2\/posts\/5340\/revisions"}],"predecessor-version":[{"id":5342,"href":"https:\/\/lavras.tv\/site\/wp-json\/wp\/v2\/posts\/5340\/revisions\/5342"}],"wp:featuredmedia":[{"embeddable":true,"href":"https:\/\/lavras.tv\/site\/wp-json\/wp\/v2\/media\/5341"}],"wp:attachment":[{"href":"https:\/\/lavras.tv\/site\/wp-json\/wp\/v2\/media?parent=5340"}],"wp:term":[{"taxonomy":"category","embeddable":true,"href":"https:\/\/lavras.tv\/site\/wp-json\/wp\/v2\/categories?post=5340"},{"taxonomy":"post_tag","embeddable":true,"href":"https:\/\/lavras.tv\/site\/wp-json\/wp\/v2\/tags?post=5340"}],"curies":[{"name":"wp","href":"https:\/\/api.w.org\/{rel}","templated":true}]}}