{"id":5351,"date":"2017-01-04T09:29:45","date_gmt":"2017-01-04T11:29:45","guid":{"rendered":"http:\/\/lavras.tv\/site\/?p=5351"},"modified":"2017-01-04T09:29:45","modified_gmt":"2017-01-04T11:29:45","slug":"temer-tera-de-superar-desafios-politicos-para-conter-crise-dizem-especialistas","status":"publish","type":"post","link":"https:\/\/lavras.tv\/site\/2017\/01\/04\/temer-tera-de-superar-desafios-politicos-para-conter-crise-dizem-especialistas\/","title":{"rendered":"Temer ter\u00e1 de superar desafios pol\u00edticos para conter crise, dizem especialistas"},"content":{"rendered":"<div class=\"lavra-antes-do-conteudo_2\" id=\"lavra-3319119025\"><div id=\"lavra-slider-27\" class=\"custom-slider lavra-slider-616334088 lavra-slider\"><ul><li><div style=\"margin-left: auto;margin-right: auto;text-align: center;\" id=\"lavra-1729477143\"><a href=\"https:\/\/sistemas.lavras.mg.gov.br\/portalcidadao\/#df1b1a7c7b2a290bcb31e32771e610784662739a88807c0dacac58ede5f391a7530e299dc302d611ee73cb143fc22eaf93592e53e7b5bdb01b00a0b8d28dae460c141dd2ff83412e4dc1c31b16b25f33144a9e5620ea73b13f5bc1c59411d98439ad226e8af03840603796067d87afe130812cf3de24982d0e306f9e61e764e5\" aria-label=\"Lavras-TV&#8211;720x104px (1) (1)\"><img src=\"https:\/\/lavras.tv\/site\/wp-content\/uploads\/2025\/01\/Lavras-TV-720x104px-1-1.png\" alt=\"\"  srcset=\"https:\/\/lavras.tv\/site\/wp-content\/uploads\/2025\/01\/Lavras-TV-720x104px-1-1.png 720w, https:\/\/lavras.tv\/site\/wp-content\/uploads\/2025\/01\/Lavras-TV-720x104px-1-1-470x68.png 470w, https:\/\/lavras.tv\/site\/wp-content\/uploads\/2025\/01\/Lavras-TV-720x104px-1-1-170x25.png 170w, https:\/\/lavras.tv\/site\/wp-content\/uploads\/2025\/01\/Lavras-TV-720x104px-1-1-200x29.png 200w\" sizes=\"(max-width: 720px) 100vw, 720px\" width=\"720\" height=\"104\"  style=\"display: inline-block;\" \/><\/a><\/div><\/li><li><a href=\"https:\/\/sistemas.lavras.mg.gov.br\/portalcidadao\/#df1b1a7c7b2a290bcb31e32771e610784662739a88807c0dacac58ede5f391a7530e299dc302d611ee73cb143fc22eaf93592e53e7b5bdb01b00a0b8d28dae460c141dd2ff83412e4dc1c31b16b25f33144a9e5620ea73b13f5bc1c59411d98439ad226e8af03840603796067d87afe130812cf3de24982d0e306f9e61e764e5\" aria-label=\"Banner_Emprego_PortallavrasTV\"><img src=\"https:\/\/lavras.tv\/site\/wp-content\/uploads\/2025\/03\/Banner_Emprego_PortallavrasTV.png\" alt=\"\"  srcset=\"https:\/\/lavras.tv\/site\/wp-content\/uploads\/2025\/03\/Banner_Emprego_PortallavrasTV.png 720w, https:\/\/lavras.tv\/site\/wp-content\/uploads\/2025\/03\/Banner_Emprego_PortallavrasTV-470x68.png 470w, https:\/\/lavras.tv\/site\/wp-content\/uploads\/2025\/03\/Banner_Emprego_PortallavrasTV-170x25.png 170w, https:\/\/lavras.tv\/site\/wp-content\/uploads\/2025\/03\/Banner_Emprego_PortallavrasTV-200x29.png 200w\" sizes=\"(max-width: 720px) 100vw, 720px\" width=\"720\" height=\"104\"   \/><\/a><\/li><li><a href=\"https:\/\/sistemas.lavras.mg.gov.br\/portalcidadao\/#df1b1a7c7b2a290bcb31e32771e610784662739a88807c0dacac58ede5f391a7530e299dc302d611ee73cb143fc22eaf93592e53e7b5bdb01b00a0b8d28dae460c141dd2ff83412e4dc1c31b16b25f33144a9e5620ea73b13f5bc1c59411d98439ad226e8af03840603796067d87afe130812cf3de24982d0e306f9e61e764e5\" aria-label=\"Banner_Obras_PortallavrasTV\"><img src=\"https:\/\/lavras.tv\/site\/wp-content\/uploads\/2025\/03\/Banner_Obras_PortallavrasTV.png\" alt=\"\"  srcset=\"https:\/\/lavras.tv\/site\/wp-content\/uploads\/2025\/03\/Banner_Obras_PortallavrasTV.png 720w, https:\/\/lavras.tv\/site\/wp-content\/uploads\/2025\/03\/Banner_Obras_PortallavrasTV-470x68.png 470w, https:\/\/lavras.tv\/site\/wp-content\/uploads\/2025\/03\/Banner_Obras_PortallavrasTV-170x25.png 170w, https:\/\/lavras.tv\/site\/wp-content\/uploads\/2025\/03\/Banner_Obras_PortallavrasTV-200x29.png 200w\" sizes=\"(max-width: 720px) 100vw, 720px\" width=\"720\" height=\"104\"   \/><\/a><\/li><li><div style=\"margin-left: auto;margin-right: auto;text-align: center;\" id=\"lavra-2850345006\"><a href=\"https:\/\/sistemas.lavras.mg.gov.br\/portalcidadao\/#df1b1a7c7b2a290bcb31e32771e610784662739a88807c0dacac58ede5f391a7530e299dc302d611ee73cb143fc22eaf93592e53e7b5bdb01b00a0b8d28dae460c141dd2ff83412e4dc1c31b16b25f33144a9e5620ea73b13f5bc1c59411d98439ad226e8af03840603796067d87afe130812cf3de24982d0e306f9e61e764e5\" aria-label=\"Banner_Educa\u00e7\u00e3o_PortallavrasTV\"><img src=\"https:\/\/lavras.tv\/site\/wp-content\/uploads\/2025\/01\/Banner_Educacao_PortallavrasTV.png\" alt=\"\"  srcset=\"https:\/\/lavras.tv\/site\/wp-content\/uploads\/2025\/01\/Banner_Educacao_PortallavrasTV.png 720w, https:\/\/lavras.tv\/site\/wp-content\/uploads\/2025\/01\/Banner_Educacao_PortallavrasTV-470x68.png 470w, https:\/\/lavras.tv\/site\/wp-content\/uploads\/2025\/01\/Banner_Educacao_PortallavrasTV-170x25.png 170w, https:\/\/lavras.tv\/site\/wp-content\/uploads\/2025\/01\/Banner_Educacao_PortallavrasTV-200x29.png 200w\" sizes=\"(max-width: 720px) 100vw, 720px\" width=\"720\" height=\"104\"  style=\"display: inline-block;\" \/><\/a><\/div><\/li><li><a href=\"https:\/\/sistemas.lavras.mg.gov.br\/portalcidadao\/#df1b1a7c7b2a290bcb31e32771e610784662739a88807c0dacac58ede5f391a7530e299dc302d611ee73cb143fc22eaf93592e53e7b5bdb01b00a0b8d28dae460c141dd2ff83412e4dc1c31b16b25f33144a9e5620ea73b13f5bc1c59411d98439ad226e8af03840603796067d87afe130812cf3de24982d0e306f9e61e764e5\" aria-label=\"Banner_Sa\u00fade_PortallavrasTV\"><img src=\"https:\/\/lavras.tv\/site\/wp-content\/uploads\/2025\/03\/Banner_Saude_PortallavrasTV.png\" alt=\"\"  srcset=\"https:\/\/lavras.tv\/site\/wp-content\/uploads\/2025\/03\/Banner_Saude_PortallavrasTV.png 720w, https:\/\/lavras.tv\/site\/wp-content\/uploads\/2025\/03\/Banner_Saude_PortallavrasTV-470x68.png 470w, https:\/\/lavras.tv\/site\/wp-content\/uploads\/2025\/03\/Banner_Saude_PortallavrasTV-170x25.png 170w, https:\/\/lavras.tv\/site\/wp-content\/uploads\/2025\/03\/Banner_Saude_PortallavrasTV-200x29.png 200w\" sizes=\"(max-width: 720px) 100vw, 720px\" width=\"720\" height=\"104\"   \/><\/a><\/li><li><div id=\"lavra-1994790394\" style=\"width:720px;height:104px;background-color:#ddd;overflow:scroll;\">\n\t<strong>Sa\u00edda da depura\u00e7\u00e3o de an\u00fancios<\/strong>\n\t<br><br>\n\tO an\u00fancio n\u00e3o \u00e9 exibido na p\u00e1gina<br><br>post atual: Temer ter\u00e1 de superar desafios pol\u00edticos para conter crise, dizem especialistas, ID: 5351<br><br><span style=\"color: red;\">O post atual n\u00e3o \u00e9 id\u00eantico ao post principal.<\/span><br><br>An\u00fancios: ROXO - TOPO INTERNA - ROTATIVO 2 (197)<br \/>Grupo de an\u00fancios: Princ_Meio01_720x104 (27)<br><br>Condi\u00e7\u00f5es de exibi\u00e7\u00e3o<div style=\"margin-bottom: 20px; white-space: pre-wrap; font-family: monospace; width: 100%; background: #ffe9e9;\"><strong>condi\u00e7\u00f5es gerais<\/strong><table border=\"1\"><thead><tr><th><\/th><th>An\u00fancios<\/th><th>wp_the_query<\/th><\/tr><\/thead><tr><td>is_main_query<\/td><td>1<\/td><td>1<\/td><\/tr><tr><td>is_rest_api<\/td><td>0<\/td><td>1<\/td><\/tr><tr><td>page<\/td><td>0<\/td><td>1<\/td><\/tr><tr><td>numpages<\/td><td>0<\/td><td>1<\/td><\/tr><tr><td>is_archive<\/td><td>1<\/td><td><\/td><\/tr><tr><td>is_search<\/td><td>1<\/td><td><\/td><\/tr><tr><td>is_home<\/td><td>1<\/td><td><\/td><\/tr><tr><td>is_404<\/td><td>1<\/td><td><\/td><\/tr><tr><td>is_attachment<\/td><td>1<\/td><td><\/td><\/tr><tr><td>is_singular<\/td><td>1<\/td><td><\/td><\/tr><tr><td>is_front_page<\/td><td>1<\/td><td><\/td><\/tr><tr><td>is_feed<\/td><td>1<\/td><td><\/td><\/tr><\/table><\/div><br><br><span style=\"color: red;\">Seu site usa HTTPS, mas o c\u00f3digo do an\u00fancio cont\u00e9m HTTP e pode n\u00e3o funcionar.<\/span>\t<br><br>\n\t<a style=\"color: green;\" href=\"https:\/\/wpadvancedads.com\/manual\/ad-debug-mode\/?utm_source=advanced-ads&utm_medium=link&utm_campaign=ad-debug-mode\" target=\"_blank\" rel=\"nofollow\">Encontre solu\u00e7\u00f5es no manual<\/a>\n<\/div>\n<\/li><\/ul><\/div><script>( window.advanced_ads_ready || jQuery( document ).ready ).call( null, function() {var $lavraslider616334088 = jQuery( \".lavra-slider-616334088\" );$lavraslider616334088.on( \"unslider.ready\", function() { jQuery( \"div.custom-slider ul li\" ).css( \"display\", \"block\" ); });$lavraslider616334088.unslider({ delay:4000, autoplay:true, nav:false, arrows:false, infinite:true });$lavraslider616334088.on(\"mouseover\", function() {$lavraslider616334088.unslider(\"stop\");}).on(\"mouseout\", function() {$lavraslider616334088.unslider(\"start\");});});<\/script><\/div><p>Em mensagem no fim de 2016, o presidente Michel Temer disse que 2017 ser\u00e1 o ano em que o Brasil derrotar\u00e1 a crise. Ele afirmou que o desafio de seu governo ser\u00e1 a recupera\u00e7\u00e3o dos empregos perdidos e o crescimento \u201csustent\u00e1vel e respons\u00e1vel\u201d da economia. Al\u00e9m disso, Temer antecipou que pretende focar esfor\u00e7os na promo\u00e7\u00e3o de uma reforma tribut\u00e1ria, com o objetivo de tornar a legisla\u00e7\u00e3o mais simples. A reforma pol\u00edtica e a aprova\u00e7\u00e3o da reforma trabalhista, que foi enviada pelo governo ao Congresso, tamb\u00e9m est\u00e3o no horizonte do presidente neste ano, bem como os desafios de desburocratizar o Estado, melhorar a qualidade da administra\u00e7\u00e3o p\u00fablica, baixar os juros e estimular a volta dos investimentos no pa\u00eds.<\/p>\n<p><img fetchpriority=\"high\" decoding=\"async\" class=\" wp-image-5352 aligncenter\" src=\"http:\/\/lavras.tv\/site\/wp-content\/uploads\/2017\/01\/temer.jpg\" alt=\"temer\" width=\"809\" height=\"507\" srcset=\"https:\/\/lavras.tv\/site\/wp-content\/uploads\/2017\/01\/temer.jpg 1200w, https:\/\/lavras.tv\/site\/wp-content\/uploads\/2017\/01\/temer-150x94.jpg 150w, https:\/\/lavras.tv\/site\/wp-content\/uploads\/2017\/01\/temer-300x188.jpg 300w, https:\/\/lavras.tv\/site\/wp-content\/uploads\/2017\/01\/temer-1024x643.jpg 1024w\" sizes=\"(max-width: 809px) 100vw, 809px\" \/><\/p>\n<p>Para especialistas consultados pela Ag\u00eancia Brasil, o presidente Michel Temer ter\u00e1 de vencer desafios pol\u00edticos para conseguir implantar as reformas desejadas e conter a crise econ\u00f4mica. Entre essas dificuldades, est\u00e3o os impactos das investiga\u00e7\u00f5es da Lava Jato no cen\u00e1rio pol\u00edtico e o processo que tramita no Tribunal Superio Eleitoral (TSE) sobre as contas da campanha eleitoral da chapa Dilma-Temer.<\/p>\n<p><strong>Lava Jato<br \/>\n<\/strong><\/p>\n<p>Em fevereiro, ap\u00f3s o fim do recesso da Corte, o Supremo Tribunal Federal (STF) dever\u00e1 homologar ou n\u00e3o as dela\u00e7\u00f5es premiadas de 77 executivos da empreiteira Odebrecht, que citaram o envolvimento de pol\u00edticos de v\u00e1rios partidos. S\u00e3o mais de 800 depoimentos que est\u00e3o em an\u00e1lise pelo relator, ministro Teori Zavascki.<\/p>\n<p>No in\u00edcio de dezembro, vieram \u00e0 tona uma s\u00e9rie de informa\u00e7\u00f5es sobre o depoimento prestado pelo ex-vice-presidente de Rela\u00e7\u00f5es Institucionais da Odebrecht, Cl\u00e1udio Melo Filho, \u00e0 for\u00e7a tarefa da Opera\u00e7\u00e3o Lava Jato. De acordo com reportagens, o executivo disse que entregou dinheiro vivo em 2014 ao advogado Jos\u00e9 Yunes, amigo e ent\u00e3o assessor de Temer. Melo tamb\u00e9m citou nomes importantes do governo como o ministro da Casa Civil, Eliseu Padilha, o ex-ministro do Planejamento, senador Romero Juc\u00e1 (PMDB-RR), e o ex-ministro da Secretaria de Governo Geddel Vieira Lima, tamb\u00e9m do PMDB. Todos negam irregularidades e Yunes pediu demiss\u00e3o do cargo.<\/p>\n<p>Para o cientista pol\u00edtico e pesquisador Ant\u00f4nio Fl\u00e1vio Testa, da UnB, um dos desafios que o presidente poder\u00e1 ter de lidar \u00e9 se as investiga\u00e7\u00f5es apontarem o envolvimento de ministros da equipe.<\/p>\n<p>\u201cO Temer j\u00e1 perdeu um aliado forte, que \u00e9 o Geddel [Vieira Lima, ex-ministro da Secretaria de Governo], e tem mais dois com a faca no pesco\u00e7o: Eliseu Padilha [ministro da Casa Civil] e Moreira Franco [secret\u00e1rio-executivo do Programa de Parceria de Investimentos]. Isso para ele \u00e9 uma situa\u00e7\u00e3o muito dif\u00edcil\u201d, disse Testa.<\/p>\n<p>De acordo com o cientista pol\u00edtico da Funda\u00e7\u00e3o Get\u00falio Vargas de S\u00e3o Paulo, Cl\u00e1udio Couto, as investiga\u00e7\u00f5es podem tamb\u00e9m atingir aliados no Congresso. \u201cNenhum parlamentar pode atirar pedras porque as investiga\u00e7\u00f5es podem atingir muitos deles. \u00c9 o que chamo de S\u00edndrome de Dem\u00f3stenes Torres, que foi um senador que atacava a todos at\u00e9 descobrirem que ele estava envolvido\u201d.<\/p>\n<p><strong>TSE<\/strong><\/p>\n<p>Outro desafio ser\u00e1 se o Tribunal Superior Eleitoral (TSE) rejeitar as contas da chapa Dilma-Temer, eleita em 2014. Nos primeiros meses do ano, o relator do processo que pede a cassa\u00e7\u00e3o da chapa, ministro Herman Benjamin, deve concluir o voto ap\u00f3s analisar as per\u00edcias cont\u00e1beis e os depoimentos das testemunhas.<\/p>\n<p>\u201cClaro que tem [a quest\u00e3o da] interpreta\u00e7\u00e3o do jogo pol\u00edtico, que pode adiar ou adiantar o processo no TSE. Na minha avalia\u00e7\u00e3o, pode adiantar se Temer n\u00e3o conseguir retomar a atividade econ\u00f4mica e se a Lava Jato continuar pegando personagens \u00e0 sua volta. Isso pode acelerar o julgamento. E pode adiar se houver sinais de recupera\u00e7\u00e3o da economia, se seus aliados conseguirem se defender\u201d, diz o cientista pol\u00edtico Ant\u00f4nio Testa.<\/p>\n<p>Em dezembro de 2014, as contas da campanha da ent\u00e3o presidenta Dilma Rousseff e seu companheiro de chapa, Michel Temer, foram aprovadas com ressalvas, por unanimidade, no TSE. No entanto, o processo foi reaberto porque o PSDB questionou a aprova\u00e7\u00e3o por entender que h\u00e1 irregularidades nas presta\u00e7\u00f5es de contas apresentadas.<\/p>\n<p>\u201c\u00c9 dif\u00edcil fazer previs\u00f5es em um cen\u00e1rio como o atual, em especial por conta dos riscos que um aprofundamento da Lava Jato pode ter para o governo Temer e por conta do julgamento das contas de campanha da chapa Dilma-Temer, o que pode, inclusive, resultar na cassa\u00e7\u00e3o do atual presidente\u201d, disse o professor do Instituto de Ci\u00eancia Pol\u00edtica da Universidade de Bras\u00edlia (UnB), Paulo C\u00e9sar Nascimento.<\/p>\n<p><strong>Previd\u00eancia<\/strong><\/p>\n<p>Paulo C\u00e9sar Nascimento avalia que 2017 ser\u00e1 um ano de \u201crem\u00e9dios amargos, de crescimento muito baixo e de reformas dolorosas\u201d. \u201cN\u00e3o tem outro jeito: o Brasil ter\u00e1 de passar por isso para, em 2018, respaldado pelas elei\u00e7\u00f5es e com o apoio do Congresso, algo melhorar\u201d, acrescentou.<\/p>\n<p>Um dos primeiros desafios de Temer, j\u00e1 no in\u00edcio do ano, \u00e9 o de aprovar a Reforma da Previd\u00eancia. Com uma base forte no Congresso Nacional, o governo j\u00e1 conseguiu a aprova\u00e7\u00e3o da constitucionalidade do texto, encaminhado para an\u00e1lise das comiss\u00f5es da C\u00e2mara e do Senado. A reforma precisa ser aprovada em duas vota\u00e7\u00f5es nos plen\u00e1rios de cada Casa.<\/p>\n<p>Alguns pontos da proposta j\u00e1 causaram diverg\u00eancias \u2013 como a idade m\u00ednima de 65 anos para a aposentadoria; 25 anos como tempo m\u00ednimo de contribui\u00e7\u00e3o; e a expectativa de que sejam necess\u00e1rios 49 anos de contribui\u00e7\u00e3o para se atingir a aposentadoria integral \u2013 e devem dificultar o caminho para a aprova\u00e7\u00e3o do texto. A proposta foi criticada por entidades sindicais de trabalhadores, entre elas a For\u00e7a Sindical, que tem como lideran\u00e7a o deputado Paulinho da For\u00e7a (SD-SP), aliado do governo.<\/p>\n<p>Para Ant\u00f4nio Fl\u00e1vio Testa, a reforma sofrer\u00e1 resist\u00eancia dos trabalhadores e Temer precisar\u00e1 usar toda a bagagem e habilidade pol\u00edtica para dribl\u00e1-la. Na avalia\u00e7\u00e3o do cientista pol\u00edtico, o presidente deve pedir o apoio da popula\u00e7\u00e3o.<\/p>\n<p>\u201cA comunica\u00e7\u00e3o dele [presidente] ainda n\u00e3o \u00e9 no sentido de explicar a trag\u00e9dia, pedir esfor\u00e7o da popula\u00e7\u00e3o, como foi feito em momentos decisivos como o Plano Real e no apag\u00e3o. Acho que ele precisa fazer isso agora porque seu governo j\u00e1 come\u00e7ou com a ampulheta virada e o Brasil tem uma agenda muito curta. A partir de setembro do ano que vem, o pa\u00eds come\u00e7ar\u00e1 a discutir a sucess\u00e3o. A\u00ed sim ficar\u00e1 ruim [para avan\u00e7ar na tramita\u00e7\u00e3o de projetos impopulares no Congresso]\u201d, disse.<\/p>\n<p>O cientista pol\u00edtico Cl\u00e1udio Couto tamb\u00e9m afirma que a aprova\u00e7\u00e3o das reformas propostas ser\u00e1 d\u00edficil. \u201cN\u00e3o ser\u00e1 um ano f\u00e1cil para o governo porque a agenda apresentada \u00e9 muito pesada em termos de reforma. Temer disse que quer ser um presidente reformista, mas a gente sabe que fazer reforma n\u00e3o \u00e9 coisa simples at\u00e9 porque costuma despertar resist\u00eancias\u201d, disse o cientista pol\u00edtico da FGV, destacando a habilidade pol\u00edtica do presidente e de v\u00e1rios de seus auxiliares.<\/p>\n<p>\u201cTemer j\u00e1 foi v\u00e1rias vezes presidente da C\u00e2mara e tem essa habilidade. O ex-presidente Lula tamb\u00e9m tinha. J\u00e1 a Dilma, n\u00e3o. Ela tinha dificuldades at\u00e9 para delegar politicamente. Presidentes precisam ter esse tipo de habilidade, e n\u00e3o fazer de seus ministros meros gar\u00e7ons que atendem pedidos\u201d.<\/p>\n<p><strong>Reforma do Ensino M\u00e9dio<\/strong><\/p>\n<p>Para Testa, outros projetos que tramitam no Congresso n\u00e3o devem encontrar tantos problemas para serem aprovados, como, segundo ele, a medida provis\u00f3ria da reforma do ensino m\u00e9dio, que j\u00e1 passou pela C\u00e2mara e precisa agora ser analisada pelos senadores.<\/p>\n<p>As mudan\u00e7as motivaram ocupa\u00e7\u00f5es de centenas de escolas pelo pa\u00eds por estudantes, que criticaram a forma como a proposta foi enviada aos parlamentares. Diante das cr\u00edticas, o presidente da Rep\u00fablica chegou a dizer que o importante foi estimular o debate sobre o assunto, e n\u00e3o faz quest\u00e3o de que o texto aprovado seja o da MP, desde que as mudan\u00e7as sejam aprovadas.<\/p>\n<p><strong>PSDB<\/strong><\/p>\n<p>J\u00e1 com rela\u00e7\u00e3o ao PSDB, principal partido aliado de Michel Temer, Ant\u00f4nio Fl\u00e1vio Testa, acredita que a legenda far\u00e1 o \u201cm\u00e1ximo esfor\u00e7o para ocupar mais espa\u00e7os estrat\u00e9gicos no governo&#8221;. \u201cA tend\u00eancia \u00e9 eles ficarem com Temer, como j\u00e1 falaram, at\u00e9 viabilizarem um tucano como candidato \u00e0 Presid\u00eancia da Rep\u00fablica. Mas v\u00e3o empurrar isso at\u00e9 o momento em que o governo Temer, na vis\u00e3o deles, ficar invi\u00e1vel\u201d, disse Testa.<\/p>\n<p>Para Cl\u00e1udio Couto, o governo Temer e o PSDB t\u00eam afinidades e \u00e9 interessante aos tucanos que o governo fa\u00e7a agora reformas impopulares, antes da pr\u00f3xima elei\u00e7\u00e3o presidencial quando o PSDB deve apresentar candidato ao cargo. \u201c\u00c9 interessante para os tucanos que o Temer se apresente como o chefe de um governo reformista\u201d.<\/p>\n<p>Na avalia\u00e7\u00e3o de Couto, apesar de pesquisas apontarem baixa popularidade de Temer, o que poderia colocar em risco o apoio do PSDB \u00e9 se ocorrerem mobiliza\u00e7\u00f5es e manifesta\u00e7\u00f5es p\u00fablicas contr\u00e1rias ao atual governo. \u201cN\u00e3o gostar do governo \u00e9 uma coisa. [Desgostar dele, a ponto de] motivar a popula\u00e7\u00e3o a se mobilizar contra ele \u00e9 outra. O governo Temer, at\u00e9 o momento, n\u00e3o parece correr esse risco. N\u00e3o est\u00e1 havendo ainda grandes mobiliza\u00e7\u00f5es das pessoas contra ele. Se houver, \u00e9 poss\u00edvel que n\u00e3o s\u00f3 o PSDB, mas outros partidos, desembarquem da base de apoio\u201d.<\/p>\n<p>Fonte: Itatiaia<\/p>\n","protected":false},"excerpt":{"rendered":"<p>Em mensagem no fim de 2016, o presidente Michel Temer disse que 2017 ser\u00e1 o ano em que o Brasil derrotar\u00e1 a crise. Ele afirmou que o desafio de seu governo ser\u00e1 a recupera\u00e7\u00e3o dos empregos perdidos e o crescimento \u201csustent\u00e1vel e respons\u00e1vel\u201d da economia. Al\u00e9m disso, Temer antecipou que pretende focar esfor\u00e7os na promo\u00e7\u00e3o [&hellip;]<\/p>\n","protected":false},"author":2,"featured_media":5352,"comment_status":"closed","ping_status":"open","sticky":false,"template":"","format":"standard","meta":{"advgb_blocks_editor_width":"","advgb_blocks_columns_visual_guide":"","_exactmetrics_skip_tracking":false,"_exactmetrics_sitenote_active":false,"_exactmetrics_sitenote_note":"","_exactmetrics_sitenote_category":0,"footnotes":""},"categories":[12],"tags":[895,1565,2112,697,2113],"class_list":["post-5351","post","type-post","status-publish","format-standard","has-post-thumbnail","hentry","category-politica","tag-895","tag-calendario-escolar-2017","tag-desafios","tag-michel-temer","tag-presidente"],"better_featured_image":{"id":5352,"alt_text":"","caption":"","description":"","media_type":"image","media_details":{"width":1200,"height":753,"file":"2017\/01\/temer.jpg","sizes":{"thumbnail":{"file":"temer-150x94.jpg","width":150,"height":94,"mime-type":"image\/jpeg","source_url":"https:\/\/lavras.tv\/site\/wp-content\/uploads\/2017\/01\/temer-150x94.jpg"},"medium":{"file":"temer-300x188.jpg","width":300,"height":188,"mime-type":"image\/jpeg","source_url":"https:\/\/lavras.tv\/site\/wp-content\/uploads\/2017\/01\/temer-300x188.jpg"},"large":{"file":"temer-1024x643.jpg","width":1024,"height":643,"mime-type":"image\/jpeg","source_url":"https:\/\/lavras.tv\/site\/wp-content\/uploads\/2017\/01\/temer-1024x643.jpg"},"featured-slider-img":{"file":"temer-640x480.jpg","width":640,"height":480,"mime-type":"image\/jpeg","source_url":"https:\/\/lavras.tv\/site\/wp-content\/uploads\/2017\/01\/temer-640x480.jpg"},"featured-post-img":{"file":"temer-480x320.jpg","width":480,"height":320,"mime-type":"image\/jpeg","source_url":"https:\/\/lavras.tv\/site\/wp-content\/uploads\/2017\/01\/temer-480x320.jpg"},"sow-carousel-default":{"file":"temer-272x182.jpg","width":272,"height":182,"mime-type":"image\/jpeg","source_url":"https:\/\/lavras.tv\/site\/wp-content\/uploads\/2017\/01\/temer-272x182.jpg"}},"image_meta":{"aperture":"0","credit":"","camera":"","caption":"","created_timestamp":"0","copyright":"","focal_length":"0","iso":"0","shutter_speed":"0","title":"","orientation":"0","keywords":[]}},"post":5351,"source_url":"https:\/\/lavras.tv\/site\/wp-content\/uploads\/2017\/01\/temer.jpg"},"author_meta":{"display_name":"Lavras TV","author_link":"https:\/\/lavras.tv\/site\/author\/lavrastv\/"},"featured_img":"https:\/\/lavras.tv\/site\/wp-content\/uploads\/2017\/01\/temer-300x188.jpg","coauthors":[],"tax_additional":{"categories":{"linked":["<a href=\"https:\/\/lavras.tv\/site\/category\/politica\/\" class=\"advgb-post-tax-term\">Pol\u00edtica<\/a>"],"unlinked":["<span class=\"advgb-post-tax-term\">Pol\u00edtica<\/span>"]},"tags":{"linked":["<a href=\"https:\/\/lavras.tv\/site\/category\/politica\/\" class=\"advgb-post-tax-term\">2017<\/a>","<a href=\"https:\/\/lavras.tv\/site\/category\/politica\/\" class=\"advgb-post-tax-term\">calend\u00e1rio escolar 2017<\/a>","<a href=\"https:\/\/lavras.tv\/site\/category\/politica\/\" class=\"advgb-post-tax-term\">desafios<\/a>","<a href=\"https:\/\/lavras.tv\/site\/category\/politica\/\" class=\"advgb-post-tax-term\">michel temer<\/a>","<a href=\"https:\/\/lavras.tv\/site\/category\/politica\/\" class=\"advgb-post-tax-term\">presidente<\/a>"],"unlinked":["<span class=\"advgb-post-tax-term\">2017<\/span>","<span class=\"advgb-post-tax-term\">calend\u00e1rio escolar 2017<\/span>","<span class=\"advgb-post-tax-term\">desafios<\/span>","<span class=\"advgb-post-tax-term\">michel temer<\/span>","<span class=\"advgb-post-tax-term\">presidente<\/span>"]}},"comment_count":"0","relative_dates":{"created":"Publicado 9 anos atr\u00e1s","modified":"Atualizado 9 anos atr\u00e1s"},"absolute_dates":{"created":"Publicado em 4 de janeiro de 2017","modified":"Atualizado em 4 de janeiro de 2017"},"absolute_dates_time":{"created":"Publicado em 4 de janeiro de 2017 09:29","modified":"Atualizado em 4 de janeiro de 2017 09:29"},"featured_img_caption":"","series_order":"","_links":{"self":[{"href":"https:\/\/lavras.tv\/site\/wp-json\/wp\/v2\/posts\/5351","targetHints":{"allow":["GET"]}}],"collection":[{"href":"https:\/\/lavras.tv\/site\/wp-json\/wp\/v2\/posts"}],"about":[{"href":"https:\/\/lavras.tv\/site\/wp-json\/wp\/v2\/types\/post"}],"author":[{"embeddable":true,"href":"https:\/\/lavras.tv\/site\/wp-json\/wp\/v2\/users\/2"}],"replies":[{"embeddable":true,"href":"https:\/\/lavras.tv\/site\/wp-json\/wp\/v2\/comments?post=5351"}],"version-history":[{"count":1,"href":"https:\/\/lavras.tv\/site\/wp-json\/wp\/v2\/posts\/5351\/revisions"}],"predecessor-version":[{"id":5353,"href":"https:\/\/lavras.tv\/site\/wp-json\/wp\/v2\/posts\/5351\/revisions\/5353"}],"wp:featuredmedia":[{"embeddable":true,"href":"https:\/\/lavras.tv\/site\/wp-json\/wp\/v2\/media\/5352"}],"wp:attachment":[{"href":"https:\/\/lavras.tv\/site\/wp-json\/wp\/v2\/media?parent=5351"}],"wp:term":[{"taxonomy":"category","embeddable":true,"href":"https:\/\/lavras.tv\/site\/wp-json\/wp\/v2\/categories?post=5351"},{"taxonomy":"post_tag","embeddable":true,"href":"https:\/\/lavras.tv\/site\/wp-json\/wp\/v2\/tags?post=5351"}],"curies":[{"name":"wp","href":"https:\/\/api.w.org\/{rel}","templated":true}]}}