{"id":541,"date":"2016-06-09T12:57:26","date_gmt":"2016-06-09T12:57:26","guid":{"rendered":"http:\/\/lavras.tv\/site\/?p=541"},"modified":"2016-06-09T12:57:26","modified_gmt":"2016-06-09T12:57:26","slug":"concurso-publico","status":"publish","type":"post","link":"https:\/\/lavras.tv\/site\/2016\/06\/09\/concurso-publico\/","title":{"rendered":"Concurso P\u00fablico"},"content":{"rendered":"<div class=\"lavra-antes-do-conteudo_2\" id=\"lavra-2256705731\"><div id=\"lavra-slider-27\" class=\"custom-slider lavra-slider-4235320465 lavra-slider\"><ul><li><div style=\"margin-left: auto;margin-right: auto;text-align: center;\" id=\"lavra-3695413071\"><a href=\"https:\/\/sistemas.lavras.mg.gov.br\/portalcidadao\/#df1b1a7c7b2a290bcb31e32771e610784662739a88807c0dacac58ede5f391a7530e299dc302d611ee73cb143fc22eaf93592e53e7b5bdb01b00a0b8d28dae460c141dd2ff83412e4dc1c31b16b25f33144a9e5620ea73b13f5bc1c59411d98439ad226e8af03840603796067d87afe130812cf3de24982d0e306f9e61e764e5\" aria-label=\"Lavras-TV&#8211;720x104px (1) (1)\"><img src=\"https:\/\/lavras.tv\/site\/wp-content\/uploads\/2025\/01\/Lavras-TV-720x104px-1-1.png\" alt=\"\"  srcset=\"https:\/\/lavras.tv\/site\/wp-content\/uploads\/2025\/01\/Lavras-TV-720x104px-1-1.png 720w, https:\/\/lavras.tv\/site\/wp-content\/uploads\/2025\/01\/Lavras-TV-720x104px-1-1-470x68.png 470w, https:\/\/lavras.tv\/site\/wp-content\/uploads\/2025\/01\/Lavras-TV-720x104px-1-1-170x25.png 170w, https:\/\/lavras.tv\/site\/wp-content\/uploads\/2025\/01\/Lavras-TV-720x104px-1-1-200x29.png 200w\" sizes=\"(max-width: 720px) 100vw, 720px\" width=\"720\" height=\"104\"  style=\"display: inline-block;\" \/><\/a><\/div><\/li><li><a href=\"https:\/\/sistemas.lavras.mg.gov.br\/portalcidadao\/#df1b1a7c7b2a290bcb31e32771e610784662739a88807c0dacac58ede5f391a7530e299dc302d611ee73cb143fc22eaf93592e53e7b5bdb01b00a0b8d28dae460c141dd2ff83412e4dc1c31b16b25f33144a9e5620ea73b13f5bc1c59411d98439ad226e8af03840603796067d87afe130812cf3de24982d0e306f9e61e764e5\" aria-label=\"Banner_Emprego_PortallavrasTV\"><img src=\"https:\/\/lavras.tv\/site\/wp-content\/uploads\/2025\/03\/Banner_Emprego_PortallavrasTV.png\" alt=\"\"  srcset=\"https:\/\/lavras.tv\/site\/wp-content\/uploads\/2025\/03\/Banner_Emprego_PortallavrasTV.png 720w, https:\/\/lavras.tv\/site\/wp-content\/uploads\/2025\/03\/Banner_Emprego_PortallavrasTV-470x68.png 470w, https:\/\/lavras.tv\/site\/wp-content\/uploads\/2025\/03\/Banner_Emprego_PortallavrasTV-170x25.png 170w, https:\/\/lavras.tv\/site\/wp-content\/uploads\/2025\/03\/Banner_Emprego_PortallavrasTV-200x29.png 200w\" sizes=\"(max-width: 720px) 100vw, 720px\" width=\"720\" height=\"104\"   \/><\/a><\/li><li><a href=\"https:\/\/sistemas.lavras.mg.gov.br\/portalcidadao\/#df1b1a7c7b2a290bcb31e32771e610784662739a88807c0dacac58ede5f391a7530e299dc302d611ee73cb143fc22eaf93592e53e7b5bdb01b00a0b8d28dae460c141dd2ff83412e4dc1c31b16b25f33144a9e5620ea73b13f5bc1c59411d98439ad226e8af03840603796067d87afe130812cf3de24982d0e306f9e61e764e5\" aria-label=\"Banner_Obras_PortallavrasTV\"><img src=\"https:\/\/lavras.tv\/site\/wp-content\/uploads\/2025\/03\/Banner_Obras_PortallavrasTV.png\" alt=\"\"  srcset=\"https:\/\/lavras.tv\/site\/wp-content\/uploads\/2025\/03\/Banner_Obras_PortallavrasTV.png 720w, https:\/\/lavras.tv\/site\/wp-content\/uploads\/2025\/03\/Banner_Obras_PortallavrasTV-470x68.png 470w, https:\/\/lavras.tv\/site\/wp-content\/uploads\/2025\/03\/Banner_Obras_PortallavrasTV-170x25.png 170w, https:\/\/lavras.tv\/site\/wp-content\/uploads\/2025\/03\/Banner_Obras_PortallavrasTV-200x29.png 200w\" sizes=\"(max-width: 720px) 100vw, 720px\" width=\"720\" height=\"104\"   \/><\/a><\/li><li><div style=\"margin-left: auto;margin-right: auto;text-align: center;\" id=\"lavra-1733867259\"><a href=\"https:\/\/sistemas.lavras.mg.gov.br\/portalcidadao\/#df1b1a7c7b2a290bcb31e32771e610784662739a88807c0dacac58ede5f391a7530e299dc302d611ee73cb143fc22eaf93592e53e7b5bdb01b00a0b8d28dae460c141dd2ff83412e4dc1c31b16b25f33144a9e5620ea73b13f5bc1c59411d98439ad226e8af03840603796067d87afe130812cf3de24982d0e306f9e61e764e5\" aria-label=\"Banner_Educa\u00e7\u00e3o_PortallavrasTV\"><img src=\"https:\/\/lavras.tv\/site\/wp-content\/uploads\/2025\/01\/Banner_Educacao_PortallavrasTV.png\" alt=\"\"  srcset=\"https:\/\/lavras.tv\/site\/wp-content\/uploads\/2025\/01\/Banner_Educacao_PortallavrasTV.png 720w, https:\/\/lavras.tv\/site\/wp-content\/uploads\/2025\/01\/Banner_Educacao_PortallavrasTV-470x68.png 470w, https:\/\/lavras.tv\/site\/wp-content\/uploads\/2025\/01\/Banner_Educacao_PortallavrasTV-170x25.png 170w, https:\/\/lavras.tv\/site\/wp-content\/uploads\/2025\/01\/Banner_Educacao_PortallavrasTV-200x29.png 200w\" sizes=\"(max-width: 720px) 100vw, 720px\" width=\"720\" height=\"104\"  style=\"display: inline-block;\" \/><\/a><\/div><\/li><li><a href=\"https:\/\/sistemas.lavras.mg.gov.br\/portalcidadao\/#df1b1a7c7b2a290bcb31e32771e610784662739a88807c0dacac58ede5f391a7530e299dc302d611ee73cb143fc22eaf93592e53e7b5bdb01b00a0b8d28dae460c141dd2ff83412e4dc1c31b16b25f33144a9e5620ea73b13f5bc1c59411d98439ad226e8af03840603796067d87afe130812cf3de24982d0e306f9e61e764e5\" aria-label=\"Banner_Sa\u00fade_PortallavrasTV\"><img src=\"https:\/\/lavras.tv\/site\/wp-content\/uploads\/2025\/03\/Banner_Saude_PortallavrasTV.png\" alt=\"\"  srcset=\"https:\/\/lavras.tv\/site\/wp-content\/uploads\/2025\/03\/Banner_Saude_PortallavrasTV.png 720w, https:\/\/lavras.tv\/site\/wp-content\/uploads\/2025\/03\/Banner_Saude_PortallavrasTV-470x68.png 470w, https:\/\/lavras.tv\/site\/wp-content\/uploads\/2025\/03\/Banner_Saude_PortallavrasTV-170x25.png 170w, https:\/\/lavras.tv\/site\/wp-content\/uploads\/2025\/03\/Banner_Saude_PortallavrasTV-200x29.png 200w\" sizes=\"(max-width: 720px) 100vw, 720px\" width=\"720\" height=\"104\"   \/><\/a><\/li><li><div id=\"lavra-2972678160\" style=\"width:720px;height:104px;background-color:#ddd;overflow:scroll;\">\n\t<strong>Sa\u00edda da depura\u00e7\u00e3o de an\u00fancios<\/strong>\n\t<br><br>\n\tO an\u00fancio n\u00e3o \u00e9 exibido na p\u00e1gina<br><br>post atual: Concurso P\u00fablico, ID: 541<br><br><span style=\"color: red;\">O post atual n\u00e3o \u00e9 id\u00eantico ao post principal.<\/span><br><br>An\u00fancios: ROXO - TOPO INTERNA - ROTATIVO 2 (197)<br \/>Grupo de an\u00fancios: Princ_Meio01_720x104 (27)<br><br>Condi\u00e7\u00f5es de exibi\u00e7\u00e3o<div style=\"margin-bottom: 20px; white-space: pre-wrap; font-family: monospace; width: 100%; background: #ffe9e9;\"><strong>condi\u00e7\u00f5es gerais<\/strong><table border=\"1\"><thead><tr><th><\/th><th>An\u00fancios<\/th><th>wp_the_query<\/th><\/tr><\/thead><tr><td>is_main_query<\/td><td>1<\/td><td>1<\/td><\/tr><tr><td>is_rest_api<\/td><td>0<\/td><td>1<\/td><\/tr><tr><td>page<\/td><td>0<\/td><td>1<\/td><\/tr><tr><td>numpages<\/td><td>0<\/td><td>1<\/td><\/tr><tr><td>is_archive<\/td><td>1<\/td><td><\/td><\/tr><tr><td>is_search<\/td><td>1<\/td><td><\/td><\/tr><tr><td>is_home<\/td><td>1<\/td><td><\/td><\/tr><tr><td>is_404<\/td><td>1<\/td><td><\/td><\/tr><tr><td>is_attachment<\/td><td>1<\/td><td><\/td><\/tr><tr><td>is_singular<\/td><td>1<\/td><td><\/td><\/tr><tr><td>is_front_page<\/td><td>1<\/td><td><\/td><\/tr><tr><td>is_feed<\/td><td>1<\/td><td><\/td><\/tr><\/table><\/div><br><br><span style=\"color: red;\">Seu site usa HTTPS, mas o c\u00f3digo do an\u00fancio cont\u00e9m HTTP e pode n\u00e3o funcionar.<\/span>\t<br><br>\n\t<a style=\"color: green;\" href=\"https:\/\/wpadvancedads.com\/manual\/ad-debug-mode\/?utm_source=advanced-ads&utm_medium=link&utm_campaign=ad-debug-mode\" target=\"_blank\" rel=\"nofollow\">Encontre solu\u00e7\u00f5es no manual<\/a>\n<\/div>\n<\/li><\/ul><\/div><script>( window.advanced_ads_ready || jQuery( document ).ready ).call( null, function() {var $lavraslider4235320465 = jQuery( \".lavra-slider-4235320465\" );$lavraslider4235320465.on( \"unslider.ready\", function() { jQuery( \"div.custom-slider ul li\" ).css( \"display\", \"block\" ); });$lavraslider4235320465.unslider({ delay:4000, autoplay:true, nav:false, arrows:false, infinite:true });$lavraslider4235320465.on(\"mouseover\", function() {$lavraslider4235320465.unslider(\"stop\");}).on(\"mouseout\", function() {$lavraslider4235320465.unslider(\"start\");});});<\/script><\/div><p>A prefeitura de Campo Belo abriu hoje, dia 8, as inscri\u00e7\u00f5es de um concurso p\u00fablico com 356 vagas. As oportunidades s\u00e3o para profissionais com n\u00edveis m\u00e9dio e superior nas fun\u00e7\u00f5es de:<\/p>\n<p>&#8211; Agente Administrativo I (5)<span class=\"text_exposed_show\"><br \/>\n&#8211; Agente Fiscal I (3)<br \/>\n&#8211; Agente Fiscal II (4)<img fetchpriority=\"high\" decoding=\"async\" class=\"wp-image-542 alignright\" src=\"http:\/\/lavras.tv\/site\/wp-content\/uploads\/2016\/06\/cb-pra\u00e7a.jpg\" alt=\"cb pra\u00e7a\" width=\"427\" height=\"284\" srcset=\"https:\/\/lavras.tv\/site\/wp-content\/uploads\/2016\/06\/cb-pra\u00e7a.jpg 1600w, https:\/\/lavras.tv\/site\/wp-content\/uploads\/2016\/06\/cb-pra\u00e7a-150x100.jpg 150w, https:\/\/lavras.tv\/site\/wp-content\/uploads\/2016\/06\/cb-pra\u00e7a-300x200.jpg 300w, https:\/\/lavras.tv\/site\/wp-content\/uploads\/2016\/06\/cb-pra\u00e7a-1024x683.jpg 1024w, https:\/\/lavras.tv\/site\/wp-content\/uploads\/2016\/06\/cb-pra\u00e7a-480x320.jpg 480w, https:\/\/lavras.tv\/site\/wp-content\/uploads\/2016\/06\/cb-pra\u00e7a-272x182.jpg 272w\" sizes=\"(max-width: 427px) 100vw, 427px\" \/><br \/>\n&#8211; Artes\u00e3o (1)<br \/>\n&#8211; Assessor Jur\u00eddico (2)<br \/>\n&#8211; Assistente Social (4)<br \/>\n&#8211; Auxiliar de Sa\u00fade Bucal (21)<\/p>\n<p>&#8211; Auxiliar de Servi\u00e7o I (4)<br \/>\n&#8211; Auxiliar de Servi\u00e7os Administrativos (17)<br \/>\n&#8211; Educador F\u00edsico (3)<br \/>\n&#8211; Enfermeiro (18)<br \/>\n&#8211; Enfermeiro Regulador (2)<br \/>\n&#8211; Farmac\u00eautico (3)<br \/>\n&#8211; Fiscal Sanit\u00e1rio (4)<br \/>\n&#8211; Fisioterapeuta (6)<br \/>\n&#8211; Fonoaudi\u00f3logo (2)<br \/>\n&#8211; M\u00e9dico (17)<br \/>\n&#8211; M\u00e9dico em Especialidade Mental (1)<br \/>\n&#8211; M\u00e9dico Supervisor e Autorizador (2)<br \/>\n&#8211; Motorista (5)<br \/>\n&#8211; Nutricionista (2)<br \/>\n&#8211; Odont\u00f3logo &#8211; N\u00edvel IX (3)<br \/>\n&#8211; Odont\u00f3logo &#8211; N\u00edvel IX-A (17)<br \/>\n&#8211; Procurador Jur\u00eddico (1)<br \/>\n&#8211; Psic\u00f3logo &#8211; N\u00edvel IX (4)<br \/>\n&#8211; Psic\u00f3logo &#8211; N\u00edvel IX-A (4)<br \/>\n&#8211; T\u00e9cnico de Inform\u00e1tica (2)<\/p>\n<p>&#8211; T\u00e9cnico em Enfermagem (21)<br \/>\n&#8211; Terapeuta Ocupacional (1)<br \/>\n&#8211; Agente Comunit\u00e1rio de Sa\u00fade (127)<br \/>\n&#8211; Agente de Combate \u00e0s Endemias (50)<\/span><\/p>\n<div class=\"text_exposed_show\">\n<p>Os sal\u00e1rios variam de R$ 880,00 a R$ 5.800,00, e as jornadas semanais s\u00e3o de at\u00e9 40 horas.<\/p>\n<p>As inscri\u00e7\u00f5es v\u00e3o at\u00e9 o dia 7 de julho e as provas est\u00e3o marcadas para 7 de agosto.<\/p>\n<p>O edital e a ficha de inscri\u00e7\u00e3o est\u00e3o no site<a href=\"http:\/\/l.facebook.com\/l.php?u=http%3A%2F%2Fwww.unilavrasconcursos.com.br%2F&amp;h=CAQEajXV3AQGTurm1nwGhkWbexcGs8BJjtXBTwqAAbu3OMg&amp;enc=AZPxPa-M_c7mqNlwW-K2fNMDLOJksoEFNwHmSFZU2MInrAYj95inKc580QXcbQgSW1RCZhK294yhG7m8wCWxou_RNKcgZVSOfVoZLDfDY3MgGWGGlU9UhvXq4J7pNhUB3FGpXH7HFT983RjHDyRJ85xnn_hwDWMRPiL652qxhDw8n0mW_KCSvrQd5sUeBmpt2blwZtXRPMMkHNTSmoQigzUX&amp;s=1\" target=\"_blank\" rel=\"nofollow\">www.unilavrasconcursos.com.br<\/a><\/p>\n<p>&nbsp;<\/p>\n<\/div>\n<p><!--more--><\/p>\n","protected":false},"excerpt":{"rendered":"<p>A prefeitura de Campo Belo abriu hoje, dia 8, as inscri\u00e7\u00f5es de um concurso p\u00fablico com 356 vagas. As oportunidades s\u00e3o para profissionais com n\u00edveis m\u00e9dio e superior nas fun\u00e7\u00f5es de: &#8211; Agente Administrativo I (5) &#8211; Agente Fiscal I (3) &#8211; Agente Fiscal II (4) &#8211; Artes\u00e3o (1) &#8211; Assessor Jur\u00eddico (2) &#8211; Assistente [&hellip;]<\/p>\n","protected":false},"author":2,"featured_media":542,"comment_status":"closed","ping_status":"open","sticky":false,"template":"","format":"standard","meta":{"advgb_blocks_editor_width":"","advgb_blocks_columns_visual_guide":"","_exactmetrics_skip_tracking":false,"_exactmetrics_sitenote_active":false,"_exactmetrics_sitenote_note":"","_exactmetrics_sitenote_category":0,"footnotes":""},"categories":[7,2],"tags":[98,97,99,44,50,100],"class_list":["post-541","post","type-post","status-publish","format-standard","has-post-thumbnail","hentry","category-destaques","category-noticias","tag-campo-belo","tag-concurso-prefeitura-campo-belo","tag-concurso-publico","tag-lavras-mg","tag-lavras-tv","tag-unilavras-concursos"],"better_featured_image":{"id":542,"alt_text":"","caption":"","description":"","media_type":"image","media_details":{"width":1600,"height":1067,"file":"2016\/06\/cb-pra\u00e7a.jpg","sizes":{"thumbnail":{"file":"cb-pra\u00e7a-150x100.jpg","width":150,"height":100,"mime-type":"image\/jpeg","source_url":"https:\/\/lavras.tv\/site\/wp-content\/uploads\/2016\/06\/cb-pra\u00e7a-150x100.jpg"},"medium":{"file":"cb-pra\u00e7a-300x200.jpg","width":300,"height":200,"mime-type":"image\/jpeg","source_url":"https:\/\/lavras.tv\/site\/wp-content\/uploads\/2016\/06\/cb-pra\u00e7a-300x200.jpg"},"large":{"file":"cb-pra\u00e7a-1024x683.jpg","width":1024,"height":683,"mime-type":"image\/jpeg","source_url":"https:\/\/lavras.tv\/site\/wp-content\/uploads\/2016\/06\/cb-pra\u00e7a-1024x683.jpg"},"featured-slider-img":{"file":"cb-pra\u00e7a-640x480.jpg","width":640,"height":480,"mime-type":"image\/jpeg","source_url":"https:\/\/lavras.tv\/site\/wp-content\/uploads\/2016\/06\/cb-pra\u00e7a-640x480.jpg"},"featured-post-img":{"file":"cb-pra\u00e7a-480x320.jpg","width":480,"height":320,"mime-type":"image\/jpeg","source_url":"https:\/\/lavras.tv\/site\/wp-content\/uploads\/2016\/06\/cb-pra\u00e7a-480x320.jpg"},"sow-carousel-default":{"file":"cb-pra\u00e7a-272x182.jpg","width":272,"height":182,"mime-type":"image\/jpeg","source_url":"https:\/\/lavras.tv\/site\/wp-content\/uploads\/2016\/06\/cb-pra\u00e7a-272x182.jpg"}},"image_meta":{"aperture":"9","credit":"","camera":"Canon EOS 50D","caption":"","created_timestamp":"1285851267","copyright":"","focal_length":"28","iso":"400","shutter_speed":"0.003125","title":"","orientation":"1","keywords":[]}},"post":541,"source_url":"https:\/\/lavras.tv\/site\/wp-content\/uploads\/2016\/06\/cb-pra\u00e7a.jpg"},"author_meta":{"display_name":"Lavras TV","author_link":"https:\/\/lavras.tv\/site\/author\/lavrastv\/"},"featured_img":"https:\/\/lavras.tv\/site\/wp-content\/uploads\/2016\/06\/cb-pra\u00e7a-300x200.jpg","coauthors":[],"tax_additional":{"categories":{"linked":["<a href=\"https:\/\/lavras.tv\/site\/category\/destaques\/\" class=\"advgb-post-tax-term\">Destaques<\/a>","<a href=\"https:\/\/lavras.tv\/site\/category\/noticias\/\" class=\"advgb-post-tax-term\">Not\u00edcias<\/a>"],"unlinked":["<span class=\"advgb-post-tax-term\">Destaques<\/span>","<span class=\"advgb-post-tax-term\">Not\u00edcias<\/span>"]},"tags":{"linked":["<a href=\"https:\/\/lavras.tv\/site\/category\/noticias\/\" class=\"advgb-post-tax-term\">campo belo<\/a>","<a href=\"https:\/\/lavras.tv\/site\/category\/noticias\/\" class=\"advgb-post-tax-term\">concurso prefeitura campo belo<\/a>","<a href=\"https:\/\/lavras.tv\/site\/category\/noticias\/\" class=\"advgb-post-tax-term\">concurso publico<\/a>","<a href=\"https:\/\/lavras.tv\/site\/category\/noticias\/\" class=\"advgb-post-tax-term\">lavras mg<\/a>","<a href=\"https:\/\/lavras.tv\/site\/category\/noticias\/\" class=\"advgb-post-tax-term\">lavras.tv<\/a>","<a href=\"https:\/\/lavras.tv\/site\/category\/noticias\/\" class=\"advgb-post-tax-term\">unilavras concursos<\/a>"],"unlinked":["<span class=\"advgb-post-tax-term\">campo belo<\/span>","<span class=\"advgb-post-tax-term\">concurso prefeitura campo belo<\/span>","<span class=\"advgb-post-tax-term\">concurso publico<\/span>","<span class=\"advgb-post-tax-term\">lavras mg<\/span>","<span class=\"advgb-post-tax-term\">lavras.tv<\/span>","<span class=\"advgb-post-tax-term\">unilavras concursos<\/span>"]}},"comment_count":"0","relative_dates":{"created":"Publicado 10 anos atr\u00e1s","modified":"Atualizado 10 anos atr\u00e1s"},"absolute_dates":{"created":"Publicado em 9 de junho de 2016","modified":"Atualizado em 9 de junho de 2016"},"absolute_dates_time":{"created":"Publicado em 9 de junho de 2016 12:57","modified":"Atualizado em 9 de junho de 2016 12:57"},"featured_img_caption":"","series_order":"","_links":{"self":[{"href":"https:\/\/lavras.tv\/site\/wp-json\/wp\/v2\/posts\/541","targetHints":{"allow":["GET"]}}],"collection":[{"href":"https:\/\/lavras.tv\/site\/wp-json\/wp\/v2\/posts"}],"about":[{"href":"https:\/\/lavras.tv\/site\/wp-json\/wp\/v2\/types\/post"}],"author":[{"embeddable":true,"href":"https:\/\/lavras.tv\/site\/wp-json\/wp\/v2\/users\/2"}],"replies":[{"embeddable":true,"href":"https:\/\/lavras.tv\/site\/wp-json\/wp\/v2\/comments?post=541"}],"version-history":[{"count":1,"href":"https:\/\/lavras.tv\/site\/wp-json\/wp\/v2\/posts\/541\/revisions"}],"predecessor-version":[{"id":543,"href":"https:\/\/lavras.tv\/site\/wp-json\/wp\/v2\/posts\/541\/revisions\/543"}],"wp:featuredmedia":[{"embeddable":true,"href":"https:\/\/lavras.tv\/site\/wp-json\/wp\/v2\/media\/542"}],"wp:attachment":[{"href":"https:\/\/lavras.tv\/site\/wp-json\/wp\/v2\/media?parent=541"}],"wp:term":[{"taxonomy":"category","embeddable":true,"href":"https:\/\/lavras.tv\/site\/wp-json\/wp\/v2\/categories?post=541"},{"taxonomy":"post_tag","embeddable":true,"href":"https:\/\/lavras.tv\/site\/wp-json\/wp\/v2\/tags?post=541"}],"curies":[{"name":"wp","href":"https:\/\/api.w.org\/{rel}","templated":true}]}}