{"id":5450,"date":"2017-01-07T09:42:26","date_gmt":"2017-01-07T11:42:26","guid":{"rendered":"http:\/\/lavras.tv\/site\/?p=5450"},"modified":"2017-01-07T09:42:26","modified_gmt":"2017-01-07T11:42:26","slug":"deputado-fabio-cherem-entrega-veiculo-e-equipamentos-para-a-prefeitura","status":"publish","type":"post","link":"https:\/\/lavras.tv\/site\/2017\/01\/07\/deputado-fabio-cherem-entrega-veiculo-e-equipamentos-para-a-prefeitura\/","title":{"rendered":"Deputado F\u00e1bio Cherem entrega ve\u00edculo e equipamentos para a prefeitura"},"content":{"rendered":"<div class=\"lavra-antes-do-conteudo_2\" id=\"lavra-4191665823\"><div id=\"lavra-slider-27\" class=\"custom-slider lavra-slider-3796943844 lavra-slider\"><ul><li><div style=\"margin-left: auto;margin-right: auto;text-align: center;\" id=\"lavra-3904838463\"><a href=\"https:\/\/sistemas.lavras.mg.gov.br\/portalcidadao\/#df1b1a7c7b2a290bcb31e32771e610784662739a88807c0dacac58ede5f391a7530e299dc302d611ee73cb143fc22eaf93592e53e7b5bdb01b00a0b8d28dae460c141dd2ff83412e4dc1c31b16b25f33144a9e5620ea73b13f5bc1c59411d98439ad226e8af03840603796067d87afe130812cf3de24982d0e306f9e61e764e5\" aria-label=\"Lavras-TV&#8211;720x104px (1) (1)\"><img src=\"https:\/\/lavras.tv\/site\/wp-content\/uploads\/2025\/01\/Lavras-TV-720x104px-1-1.png\" alt=\"\"  srcset=\"https:\/\/lavras.tv\/site\/wp-content\/uploads\/2025\/01\/Lavras-TV-720x104px-1-1.png 720w, https:\/\/lavras.tv\/site\/wp-content\/uploads\/2025\/01\/Lavras-TV-720x104px-1-1-470x68.png 470w, https:\/\/lavras.tv\/site\/wp-content\/uploads\/2025\/01\/Lavras-TV-720x104px-1-1-170x25.png 170w, https:\/\/lavras.tv\/site\/wp-content\/uploads\/2025\/01\/Lavras-TV-720x104px-1-1-200x29.png 200w\" sizes=\"(max-width: 720px) 100vw, 720px\" width=\"720\" height=\"104\"  style=\"display: inline-block;\" \/><\/a><\/div><\/li><li><a href=\"https:\/\/sistemas.lavras.mg.gov.br\/portalcidadao\/#df1b1a7c7b2a290bcb31e32771e610784662739a88807c0dacac58ede5f391a7530e299dc302d611ee73cb143fc22eaf93592e53e7b5bdb01b00a0b8d28dae460c141dd2ff83412e4dc1c31b16b25f33144a9e5620ea73b13f5bc1c59411d98439ad226e8af03840603796067d87afe130812cf3de24982d0e306f9e61e764e5\" aria-label=\"Banner_Emprego_PortallavrasTV\"><img src=\"https:\/\/lavras.tv\/site\/wp-content\/uploads\/2025\/03\/Banner_Emprego_PortallavrasTV.png\" alt=\"\"  srcset=\"https:\/\/lavras.tv\/site\/wp-content\/uploads\/2025\/03\/Banner_Emprego_PortallavrasTV.png 720w, https:\/\/lavras.tv\/site\/wp-content\/uploads\/2025\/03\/Banner_Emprego_PortallavrasTV-470x68.png 470w, https:\/\/lavras.tv\/site\/wp-content\/uploads\/2025\/03\/Banner_Emprego_PortallavrasTV-170x25.png 170w, https:\/\/lavras.tv\/site\/wp-content\/uploads\/2025\/03\/Banner_Emprego_PortallavrasTV-200x29.png 200w\" sizes=\"(max-width: 720px) 100vw, 720px\" width=\"720\" height=\"104\"   \/><\/a><\/li><li><a href=\"https:\/\/sistemas.lavras.mg.gov.br\/portalcidadao\/#df1b1a7c7b2a290bcb31e32771e610784662739a88807c0dacac58ede5f391a7530e299dc302d611ee73cb143fc22eaf93592e53e7b5bdb01b00a0b8d28dae460c141dd2ff83412e4dc1c31b16b25f33144a9e5620ea73b13f5bc1c59411d98439ad226e8af03840603796067d87afe130812cf3de24982d0e306f9e61e764e5\" aria-label=\"Banner_Obras_PortallavrasTV\"><img src=\"https:\/\/lavras.tv\/site\/wp-content\/uploads\/2025\/03\/Banner_Obras_PortallavrasTV.png\" alt=\"\"  srcset=\"https:\/\/lavras.tv\/site\/wp-content\/uploads\/2025\/03\/Banner_Obras_PortallavrasTV.png 720w, https:\/\/lavras.tv\/site\/wp-content\/uploads\/2025\/03\/Banner_Obras_PortallavrasTV-470x68.png 470w, https:\/\/lavras.tv\/site\/wp-content\/uploads\/2025\/03\/Banner_Obras_PortallavrasTV-170x25.png 170w, https:\/\/lavras.tv\/site\/wp-content\/uploads\/2025\/03\/Banner_Obras_PortallavrasTV-200x29.png 200w\" sizes=\"(max-width: 720px) 100vw, 720px\" width=\"720\" height=\"104\"   \/><\/a><\/li><li><div style=\"margin-left: auto;margin-right: auto;text-align: center;\" id=\"lavra-3216193408\"><a href=\"https:\/\/sistemas.lavras.mg.gov.br\/portalcidadao\/#df1b1a7c7b2a290bcb31e32771e610784662739a88807c0dacac58ede5f391a7530e299dc302d611ee73cb143fc22eaf93592e53e7b5bdb01b00a0b8d28dae460c141dd2ff83412e4dc1c31b16b25f33144a9e5620ea73b13f5bc1c59411d98439ad226e8af03840603796067d87afe130812cf3de24982d0e306f9e61e764e5\" aria-label=\"Banner_Educa\u00e7\u00e3o_PortallavrasTV\"><img src=\"https:\/\/lavras.tv\/site\/wp-content\/uploads\/2025\/01\/Banner_Educacao_PortallavrasTV.png\" alt=\"\"  srcset=\"https:\/\/lavras.tv\/site\/wp-content\/uploads\/2025\/01\/Banner_Educacao_PortallavrasTV.png 720w, https:\/\/lavras.tv\/site\/wp-content\/uploads\/2025\/01\/Banner_Educacao_PortallavrasTV-470x68.png 470w, https:\/\/lavras.tv\/site\/wp-content\/uploads\/2025\/01\/Banner_Educacao_PortallavrasTV-170x25.png 170w, https:\/\/lavras.tv\/site\/wp-content\/uploads\/2025\/01\/Banner_Educacao_PortallavrasTV-200x29.png 200w\" sizes=\"(max-width: 720px) 100vw, 720px\" width=\"720\" height=\"104\"  style=\"display: inline-block;\" \/><\/a><\/div><\/li><li><a href=\"https:\/\/sistemas.lavras.mg.gov.br\/portalcidadao\/#df1b1a7c7b2a290bcb31e32771e610784662739a88807c0dacac58ede5f391a7530e299dc302d611ee73cb143fc22eaf93592e53e7b5bdb01b00a0b8d28dae460c141dd2ff83412e4dc1c31b16b25f33144a9e5620ea73b13f5bc1c59411d98439ad226e8af03840603796067d87afe130812cf3de24982d0e306f9e61e764e5\" aria-label=\"Banner_Sa\u00fade_PortallavrasTV\"><img src=\"https:\/\/lavras.tv\/site\/wp-content\/uploads\/2025\/03\/Banner_Saude_PortallavrasTV.png\" alt=\"\"  srcset=\"https:\/\/lavras.tv\/site\/wp-content\/uploads\/2025\/03\/Banner_Saude_PortallavrasTV.png 720w, https:\/\/lavras.tv\/site\/wp-content\/uploads\/2025\/03\/Banner_Saude_PortallavrasTV-470x68.png 470w, https:\/\/lavras.tv\/site\/wp-content\/uploads\/2025\/03\/Banner_Saude_PortallavrasTV-170x25.png 170w, https:\/\/lavras.tv\/site\/wp-content\/uploads\/2025\/03\/Banner_Saude_PortallavrasTV-200x29.png 200w\" sizes=\"(max-width: 720px) 100vw, 720px\" width=\"720\" height=\"104\"   \/><\/a><\/li><li><div id=\"lavra-1454243240\" style=\"width:720px;height:104px;background-color:#ddd;overflow:scroll;\">\n\t<strong>Sa\u00edda da depura\u00e7\u00e3o de an\u00fancios<\/strong>\n\t<br><br>\n\tO an\u00fancio n\u00e3o \u00e9 exibido na p\u00e1gina<br><br>post atual: Deputado F\u00e1bio Cherem entrega ve\u00edculo e equipamentos para a prefeitura, ID: 5450<br><br><span style=\"color: red;\">O post atual n\u00e3o \u00e9 id\u00eantico ao post principal.<\/span><br><br>An\u00fancios: ROXO - TOPO INTERNA - ROTATIVO 2 (197)<br \/>Grupo de an\u00fancios: Princ_Meio01_720x104 (27)<br><br>Condi\u00e7\u00f5es de exibi\u00e7\u00e3o<div style=\"margin-bottom: 20px; white-space: pre-wrap; font-family: monospace; width: 100%; background: #ffe9e9;\"><strong>condi\u00e7\u00f5es gerais<\/strong><table border=\"1\"><thead><tr><th><\/th><th>An\u00fancios<\/th><th>wp_the_query<\/th><\/tr><\/thead><tr><td>is_main_query<\/td><td>1<\/td><td>1<\/td><\/tr><tr><td>is_rest_api<\/td><td>0<\/td><td>1<\/td><\/tr><tr><td>page<\/td><td>0<\/td><td>1<\/td><\/tr><tr><td>numpages<\/td><td>0<\/td><td>1<\/td><\/tr><tr><td>is_archive<\/td><td>1<\/td><td><\/td><\/tr><tr><td>is_search<\/td><td>1<\/td><td><\/td><\/tr><tr><td>is_home<\/td><td>1<\/td><td><\/td><\/tr><tr><td>is_404<\/td><td>1<\/td><td><\/td><\/tr><tr><td>is_attachment<\/td><td>1<\/td><td><\/td><\/tr><tr><td>is_singular<\/td><td>1<\/td><td><\/td><\/tr><tr><td>is_front_page<\/td><td>1<\/td><td><\/td><\/tr><tr><td>is_feed<\/td><td>1<\/td><td><\/td><\/tr><\/table><\/div><br><br><span style=\"color: red;\">Seu site usa HTTPS, mas o c\u00f3digo do an\u00fancio cont\u00e9m HTTP e pode n\u00e3o funcionar.<\/span>\t<br><br>\n\t<a style=\"color: green;\" href=\"https:\/\/wpadvancedads.com\/manual\/ad-debug-mode\/?utm_source=advanced-ads&utm_medium=link&utm_campaign=ad-debug-mode\" target=\"_blank\" rel=\"nofollow\">Encontre solu\u00e7\u00f5es no manual<\/a>\n<\/div>\n<\/li><\/ul><\/div><script>( window.advanced_ads_ready || jQuery( document ).ready ).call( null, function() {var $lavraslider3796943844 = jQuery( \".lavra-slider-3796943844\" );$lavraslider3796943844.on( \"unslider.ready\", function() { jQuery( \"div.custom-slider ul li\" ).css( \"display\", \"block\" ); });$lavraslider3796943844.unslider({ delay:4000, autoplay:true, nav:false, arrows:false, infinite:true });$lavraslider3796943844.on(\"mouseover\", function() {$lavraslider3796943844.unslider(\"stop\");}).on(\"mouseout\", function() {$lavraslider3796943844.unslider(\"start\");});});<\/script><\/div><p>O deputado F\u00e1bio Cherem participou na tarde de quinta-feira (5) da entrega oficial de um ve\u00edculo especialmente equipado para a Secretaria Municipal de Obras (SMO). <!--more-->Os recursos provenientes de emenda do parlamentar no valor de R$ 160 mil foram repassados ao Munic\u00edpio atrav\u00e9s de conv\u00eanio firmado com a Secretaria de Estado de Governo (Segov) ainda na administra\u00e7\u00e3o passada, contemplando tamb\u00e9m a aquisi\u00e7\u00e3o de materiais e equipamentos diversos tanto para o setor de Obras quanto para a Secretaria Municipal de Desenvolvimento Social (SMDS).<\/p>\n<figure id=\"attachment_5451\" aria-describedby=\"caption-attachment-5451\" style=\"width: 720px\" class=\"wp-caption aligncenter\"><img fetchpriority=\"high\" decoding=\"async\" class=\" wp-image-5451\" src=\"http:\/\/lavras.tv\/site\/wp-content\/uploads\/2017\/01\/fabio-cherem.jpg\" alt=\"O deputado estadual F\u00e1bio Cherem entrega as chaves do ve\u00edculo adquirido atrav\u00e9s de emenda parlamentar ao secret\u00e1rio municipal de Obras e Defesa Civil, Thales Monteiro, acompanhado do prefeito Jos\u00e9 Cherem.\" width=\"720\" height=\"481\" srcset=\"https:\/\/lavras.tv\/site\/wp-content\/uploads\/2017\/01\/fabio-cherem.jpg 1280w, https:\/\/lavras.tv\/site\/wp-content\/uploads\/2017\/01\/fabio-cherem-150x100.jpg 150w, https:\/\/lavras.tv\/site\/wp-content\/uploads\/2017\/01\/fabio-cherem-300x200.jpg 300w, https:\/\/lavras.tv\/site\/wp-content\/uploads\/2017\/01\/fabio-cherem-1024x684.jpg 1024w, https:\/\/lavras.tv\/site\/wp-content\/uploads\/2017\/01\/fabio-cherem-480x320.jpg 480w, https:\/\/lavras.tv\/site\/wp-content\/uploads\/2017\/01\/fabio-cherem-272x182.jpg 272w\" sizes=\"(max-width: 720px) 100vw, 720px\" \/><figcaption id=\"caption-attachment-5451\" class=\"wp-caption-text\">O deputado estadual F\u00e1bio Cherem entrega as chaves do ve\u00edculo adquirido atrav\u00e9s de emenda parlamentar ao secret\u00e1rio municipal de Obras e Defesa Civil, Thales Monteiro, acompanhado do prefeito Jos\u00e9 Cherem.<\/figcaption><\/figure>\n<p>Para a Secretaria de Obras, al\u00e9m do ve\u00edculo, foram adquiridos v\u00e1rios equipamentos que ir\u00e3o beneficiar diretamente os trabalhos, como uma moto 150cc, um aparelho GPS, mesa de MDP, seis moto bombas d\u2019\u00e1gua de 5 e 3 cavalos, medidor de dist\u00e2ncia laser, m\u00e1quina fotogr\u00e1fica e impressora, al\u00e9m de mobili\u00e1rio.<\/p>\n<p>J\u00e1 a Secretaria Municipal de Desenvolvimento Social foi contemplada com impressoras, computadores, freezers, fog\u00f5es, televisores, geladeiras, aparelhos de DVD, bebedouros, arquivos, m\u00e1quina de lavar, ventiladores, colch\u00f5es, m\u00e1quina de costura dom\u00e9stica, m\u00e1quina de costura overloque, arm\u00e1rios de cozinha, batedeira, liquidificador, assadeira industrial, cadeiras de roda, mobili\u00e1rio de escrit\u00f3rio e arm\u00e1rios.<\/p>\n<p>O deputado F\u00e1bio Cherem destacou a import\u00e2ncia da correta utiliza\u00e7\u00e3o desses recursos na melhoria dos servi\u00e7os prestados pelos \u00f3rg\u00e3os da administra\u00e7\u00e3o municipal. \u201cApesar da morosidade na utiliza\u00e7\u00e3o do dinheiro pela administra\u00e7\u00e3o passada, sendo que s\u00f3 agora o processo foi finalizado com a compra dos \u00faltimos itens constantes no conv\u00eanio, todos esses equipamentos, ve\u00edculos, materiais de trabalho ser\u00e3o de suma import\u00e2ncia para que as equipes que agora est\u00e3o assumindo essas duas secretarias possam dar uma resposta \u00e0 altura dos anseios da popula\u00e7\u00e3o\u201d, destacou F\u00e1bio Cherem.<\/p>\n<p>O prefeito Jos\u00e9 Cherem fez quest\u00e3o de participar da entrega das chaves do ve\u00edculo, no p\u00e1tio da Prefeitura Municipal, ao lado do Secret\u00e1rio Municipal de Obras e Defesa Civil, Thales Monteiro, que informou que tanto o autom\u00f3vel quando os demais equipamentos ser\u00e3o utilizados na fiscaliza\u00e7\u00e3o das obras realizadas pelo \u00f3rg\u00e3o no munic\u00edpio.<\/p>\n<p>Fonte: assessoria do deputado F\u00e1bio Cherem<\/p>\n","protected":false},"excerpt":{"rendered":"<p>O deputado F\u00e1bio Cherem participou na tarde de quinta-feira (5) da entrega oficial de um ve\u00edculo especialmente equipado para a Secretaria Municipal de Obras (SMO).<\/p>\n","protected":false},"author":2,"featured_media":5451,"comment_status":"closed","ping_status":"open","sticky":false,"template":"","format":"standard","meta":{"advgb_blocks_editor_width":"","advgb_blocks_columns_visual_guide":"","_exactmetrics_skip_tracking":false,"_exactmetrics_sitenote_active":false,"_exactmetrics_sitenote_note":"","_exactmetrics_sitenote_category":0,"footnotes":""},"categories":[7,12],"tags":[2173,2172,1138,103],"class_list":["post-5450","post","type-post","status-publish","format-standard","has-post-thumbnail","hentry","category-destaques","category-politica","tag-deputado-fabio-cherem","tag-doacao-de-veiculo","tag-jose-cherem","tag-prefeitura-de-lavras"],"better_featured_image":{"id":5451,"alt_text":"","caption":"O deputado estadual F\u00e1bio Cherem entrega as chaves do ve\u00edculo adquirido atrav\u00e9s de emenda parlamentar ao secret\u00e1rio municipal de Obras e Defesa Civil, Thales Monteiro, acompanhado do prefeito Jos\u00e9 Cherem.","description":"","media_type":"image","media_details":{"width":1280,"height":855,"file":"2017\/01\/fabio-cherem.jpg","sizes":{"thumbnail":{"file":"fabio-cherem-150x100.jpg","width":150,"height":100,"mime-type":"image\/jpeg","source_url":"https:\/\/lavras.tv\/site\/wp-content\/uploads\/2017\/01\/fabio-cherem-150x100.jpg"},"medium":{"file":"fabio-cherem-300x200.jpg","width":300,"height":200,"mime-type":"image\/jpeg","source_url":"https:\/\/lavras.tv\/site\/wp-content\/uploads\/2017\/01\/fabio-cherem-300x200.jpg"},"large":{"file":"fabio-cherem-1024x684.jpg","width":1024,"height":684,"mime-type":"image\/jpeg","source_url":"https:\/\/lavras.tv\/site\/wp-content\/uploads\/2017\/01\/fabio-cherem-1024x684.jpg"},"featured-slider-img":{"file":"fabio-cherem-640x480.jpg","width":640,"height":480,"mime-type":"image\/jpeg","source_url":"https:\/\/lavras.tv\/site\/wp-content\/uploads\/2017\/01\/fabio-cherem-640x480.jpg"},"featured-post-img":{"file":"fabio-cherem-480x320.jpg","width":480,"height":320,"mime-type":"image\/jpeg","source_url":"https:\/\/lavras.tv\/site\/wp-content\/uploads\/2017\/01\/fabio-cherem-480x320.jpg"},"sow-carousel-default":{"file":"fabio-cherem-272x182.jpg","width":272,"height":182,"mime-type":"image\/jpeg","source_url":"https:\/\/lavras.tv\/site\/wp-content\/uploads\/2017\/01\/fabio-cherem-272x182.jpg"}},"image_meta":{"aperture":"0","credit":"","camera":"","caption":"","created_timestamp":"0","copyright":"","focal_length":"0","iso":"0","shutter_speed":"0","title":"","orientation":"0","keywords":[]}},"post":5450,"source_url":"https:\/\/lavras.tv\/site\/wp-content\/uploads\/2017\/01\/fabio-cherem.jpg"},"author_meta":{"display_name":"Lavras TV","author_link":"https:\/\/lavras.tv\/site\/author\/lavrastv\/"},"featured_img":"https:\/\/lavras.tv\/site\/wp-content\/uploads\/2017\/01\/fabio-cherem-300x200.jpg","coauthors":[],"tax_additional":{"categories":{"linked":["<a href=\"https:\/\/lavras.tv\/site\/category\/destaques\/\" class=\"advgb-post-tax-term\">Destaques<\/a>","<a href=\"https:\/\/lavras.tv\/site\/category\/politica\/\" class=\"advgb-post-tax-term\">Pol\u00edtica<\/a>"],"unlinked":["<span class=\"advgb-post-tax-term\">Destaques<\/span>","<span class=\"advgb-post-tax-term\">Pol\u00edtica<\/span>"]},"tags":{"linked":["<a href=\"https:\/\/lavras.tv\/site\/category\/politica\/\" class=\"advgb-post-tax-term\">deputado F\u00e1bio Cherem<\/a>","<a href=\"https:\/\/lavras.tv\/site\/category\/politica\/\" class=\"advgb-post-tax-term\">doa\u00e7\u00e3o de ve\u00edculo<\/a>","<a href=\"https:\/\/lavras.tv\/site\/category\/politica\/\" class=\"advgb-post-tax-term\">jos\u00e9 cherem<\/a>","<a href=\"https:\/\/lavras.tv\/site\/category\/politica\/\" class=\"advgb-post-tax-term\">prefeitura de lavras<\/a>"],"unlinked":["<span class=\"advgb-post-tax-term\">deputado F\u00e1bio Cherem<\/span>","<span class=\"advgb-post-tax-term\">doa\u00e7\u00e3o de ve\u00edculo<\/span>","<span class=\"advgb-post-tax-term\">jos\u00e9 cherem<\/span>","<span class=\"advgb-post-tax-term\">prefeitura de lavras<\/span>"]}},"comment_count":"0","relative_dates":{"created":"Publicado 9 anos atr\u00e1s","modified":"Atualizado 9 anos atr\u00e1s"},"absolute_dates":{"created":"Publicado em 7 de janeiro de 2017","modified":"Atualizado em 7 de janeiro de 2017"},"absolute_dates_time":{"created":"Publicado em 7 de janeiro de 2017 09:42","modified":"Atualizado em 7 de janeiro de 2017 09:42"},"featured_img_caption":"O deputado estadual F\u00e1bio Cherem entrega as chaves do ve\u00edculo adquirido atrav\u00e9s de emenda parlamentar ao secret\u00e1rio municipal de Obras e Defesa Civil, Thales Monteiro, acompanhado do prefeito Jos\u00e9 Cherem.","series_order":"","_links":{"self":[{"href":"https:\/\/lavras.tv\/site\/wp-json\/wp\/v2\/posts\/5450","targetHints":{"allow":["GET"]}}],"collection":[{"href":"https:\/\/lavras.tv\/site\/wp-json\/wp\/v2\/posts"}],"about":[{"href":"https:\/\/lavras.tv\/site\/wp-json\/wp\/v2\/types\/post"}],"author":[{"embeddable":true,"href":"https:\/\/lavras.tv\/site\/wp-json\/wp\/v2\/users\/2"}],"replies":[{"embeddable":true,"href":"https:\/\/lavras.tv\/site\/wp-json\/wp\/v2\/comments?post=5450"}],"version-history":[{"count":1,"href":"https:\/\/lavras.tv\/site\/wp-json\/wp\/v2\/posts\/5450\/revisions"}],"predecessor-version":[{"id":5452,"href":"https:\/\/lavras.tv\/site\/wp-json\/wp\/v2\/posts\/5450\/revisions\/5452"}],"wp:featuredmedia":[{"embeddable":true,"href":"https:\/\/lavras.tv\/site\/wp-json\/wp\/v2\/media\/5451"}],"wp:attachment":[{"href":"https:\/\/lavras.tv\/site\/wp-json\/wp\/v2\/media?parent=5450"}],"wp:term":[{"taxonomy":"category","embeddable":true,"href":"https:\/\/lavras.tv\/site\/wp-json\/wp\/v2\/categories?post=5450"},{"taxonomy":"post_tag","embeddable":true,"href":"https:\/\/lavras.tv\/site\/wp-json\/wp\/v2\/tags?post=5450"}],"curies":[{"name":"wp","href":"https:\/\/api.w.org\/{rel}","templated":true}]}}