{"id":5470,"date":"2017-01-09T09:48:02","date_gmt":"2017-01-09T11:48:02","guid":{"rendered":"http:\/\/lavras.tv\/site\/?p=5470"},"modified":"2017-01-09T09:48:02","modified_gmt":"2017-01-09T11:48:02","slug":"reuniao-fecha-acordo-para-expansao-da-copa-do-mundo-para-48-selecoes","status":"publish","type":"post","link":"https:\/\/lavras.tv\/site\/2017\/01\/09\/reuniao-fecha-acordo-para-expansao-da-copa-do-mundo-para-48-selecoes\/","title":{"rendered":"Reuni\u00e3o fecha acordo para expans\u00e3o da Copa do Mundo para 48 sele\u00e7\u00f5es"},"content":{"rendered":"<div class=\"lavra-antes-do-conteudo_2\" id=\"lavra-2183352360\"><div id=\"lavra-slider-27\" class=\"custom-slider lavra-slider-2785409353 lavra-slider\"><ul><li><div style=\"margin-left: auto;margin-right: auto;text-align: center;\" id=\"lavra-432457604\"><a href=\"https:\/\/sistemas.lavras.mg.gov.br\/portalcidadao\/#df1b1a7c7b2a290bcb31e32771e610784662739a88807c0dacac58ede5f391a7530e299dc302d611ee73cb143fc22eaf93592e53e7b5bdb01b00a0b8d28dae460c141dd2ff83412e4dc1c31b16b25f33144a9e5620ea73b13f5bc1c59411d98439ad226e8af03840603796067d87afe130812cf3de24982d0e306f9e61e764e5\" aria-label=\"Lavras-TV&#8211;720x104px (1) (1)\"><img src=\"https:\/\/lavras.tv\/site\/wp-content\/uploads\/2025\/01\/Lavras-TV-720x104px-1-1.png\" alt=\"\"  srcset=\"https:\/\/lavras.tv\/site\/wp-content\/uploads\/2025\/01\/Lavras-TV-720x104px-1-1.png 720w, https:\/\/lavras.tv\/site\/wp-content\/uploads\/2025\/01\/Lavras-TV-720x104px-1-1-470x68.png 470w, https:\/\/lavras.tv\/site\/wp-content\/uploads\/2025\/01\/Lavras-TV-720x104px-1-1-170x25.png 170w, https:\/\/lavras.tv\/site\/wp-content\/uploads\/2025\/01\/Lavras-TV-720x104px-1-1-200x29.png 200w\" sizes=\"(max-width: 720px) 100vw, 720px\" width=\"720\" height=\"104\"  style=\"display: inline-block;\" \/><\/a><\/div><\/li><li><a href=\"https:\/\/sistemas.lavras.mg.gov.br\/portalcidadao\/#df1b1a7c7b2a290bcb31e32771e610784662739a88807c0dacac58ede5f391a7530e299dc302d611ee73cb143fc22eaf93592e53e7b5bdb01b00a0b8d28dae460c141dd2ff83412e4dc1c31b16b25f33144a9e5620ea73b13f5bc1c59411d98439ad226e8af03840603796067d87afe130812cf3de24982d0e306f9e61e764e5\" aria-label=\"Banner_Emprego_PortallavrasTV\"><img src=\"https:\/\/lavras.tv\/site\/wp-content\/uploads\/2025\/03\/Banner_Emprego_PortallavrasTV.png\" alt=\"\"  srcset=\"https:\/\/lavras.tv\/site\/wp-content\/uploads\/2025\/03\/Banner_Emprego_PortallavrasTV.png 720w, https:\/\/lavras.tv\/site\/wp-content\/uploads\/2025\/03\/Banner_Emprego_PortallavrasTV-470x68.png 470w, https:\/\/lavras.tv\/site\/wp-content\/uploads\/2025\/03\/Banner_Emprego_PortallavrasTV-170x25.png 170w, https:\/\/lavras.tv\/site\/wp-content\/uploads\/2025\/03\/Banner_Emprego_PortallavrasTV-200x29.png 200w\" sizes=\"(max-width: 720px) 100vw, 720px\" width=\"720\" height=\"104\"   \/><\/a><\/li><li><a href=\"https:\/\/sistemas.lavras.mg.gov.br\/portalcidadao\/#df1b1a7c7b2a290bcb31e32771e610784662739a88807c0dacac58ede5f391a7530e299dc302d611ee73cb143fc22eaf93592e53e7b5bdb01b00a0b8d28dae460c141dd2ff83412e4dc1c31b16b25f33144a9e5620ea73b13f5bc1c59411d98439ad226e8af03840603796067d87afe130812cf3de24982d0e306f9e61e764e5\" aria-label=\"Banner_Obras_PortallavrasTV\"><img src=\"https:\/\/lavras.tv\/site\/wp-content\/uploads\/2025\/03\/Banner_Obras_PortallavrasTV.png\" alt=\"\"  srcset=\"https:\/\/lavras.tv\/site\/wp-content\/uploads\/2025\/03\/Banner_Obras_PortallavrasTV.png 720w, https:\/\/lavras.tv\/site\/wp-content\/uploads\/2025\/03\/Banner_Obras_PortallavrasTV-470x68.png 470w, https:\/\/lavras.tv\/site\/wp-content\/uploads\/2025\/03\/Banner_Obras_PortallavrasTV-170x25.png 170w, https:\/\/lavras.tv\/site\/wp-content\/uploads\/2025\/03\/Banner_Obras_PortallavrasTV-200x29.png 200w\" sizes=\"(max-width: 720px) 100vw, 720px\" width=\"720\" height=\"104\"   \/><\/a><\/li><li><div style=\"margin-left: auto;margin-right: auto;text-align: center;\" id=\"lavra-3503632102\"><a href=\"https:\/\/sistemas.lavras.mg.gov.br\/portalcidadao\/#df1b1a7c7b2a290bcb31e32771e610784662739a88807c0dacac58ede5f391a7530e299dc302d611ee73cb143fc22eaf93592e53e7b5bdb01b00a0b8d28dae460c141dd2ff83412e4dc1c31b16b25f33144a9e5620ea73b13f5bc1c59411d98439ad226e8af03840603796067d87afe130812cf3de24982d0e306f9e61e764e5\" aria-label=\"Banner_Educa\u00e7\u00e3o_PortallavrasTV\"><img src=\"https:\/\/lavras.tv\/site\/wp-content\/uploads\/2025\/01\/Banner_Educacao_PortallavrasTV.png\" alt=\"\"  srcset=\"https:\/\/lavras.tv\/site\/wp-content\/uploads\/2025\/01\/Banner_Educacao_PortallavrasTV.png 720w, https:\/\/lavras.tv\/site\/wp-content\/uploads\/2025\/01\/Banner_Educacao_PortallavrasTV-470x68.png 470w, https:\/\/lavras.tv\/site\/wp-content\/uploads\/2025\/01\/Banner_Educacao_PortallavrasTV-170x25.png 170w, https:\/\/lavras.tv\/site\/wp-content\/uploads\/2025\/01\/Banner_Educacao_PortallavrasTV-200x29.png 200w\" sizes=\"(max-width: 720px) 100vw, 720px\" width=\"720\" height=\"104\"  style=\"display: inline-block;\" \/><\/a><\/div><\/li><li><a href=\"https:\/\/sistemas.lavras.mg.gov.br\/portalcidadao\/#df1b1a7c7b2a290bcb31e32771e610784662739a88807c0dacac58ede5f391a7530e299dc302d611ee73cb143fc22eaf93592e53e7b5bdb01b00a0b8d28dae460c141dd2ff83412e4dc1c31b16b25f33144a9e5620ea73b13f5bc1c59411d98439ad226e8af03840603796067d87afe130812cf3de24982d0e306f9e61e764e5\" aria-label=\"Banner_Sa\u00fade_PortallavrasTV\"><img src=\"https:\/\/lavras.tv\/site\/wp-content\/uploads\/2025\/03\/Banner_Saude_PortallavrasTV.png\" alt=\"\"  srcset=\"https:\/\/lavras.tv\/site\/wp-content\/uploads\/2025\/03\/Banner_Saude_PortallavrasTV.png 720w, https:\/\/lavras.tv\/site\/wp-content\/uploads\/2025\/03\/Banner_Saude_PortallavrasTV-470x68.png 470w, https:\/\/lavras.tv\/site\/wp-content\/uploads\/2025\/03\/Banner_Saude_PortallavrasTV-170x25.png 170w, https:\/\/lavras.tv\/site\/wp-content\/uploads\/2025\/03\/Banner_Saude_PortallavrasTV-200x29.png 200w\" sizes=\"(max-width: 720px) 100vw, 720px\" width=\"720\" height=\"104\"   \/><\/a><\/li><li><div id=\"lavra-2964862393\" style=\"width:720px;height:104px;background-color:#ddd;overflow:scroll;\">\n\t<strong>Sa\u00edda da depura\u00e7\u00e3o de an\u00fancios<\/strong>\n\t<br><br>\n\tO an\u00fancio n\u00e3o \u00e9 exibido na p\u00e1gina<br><br>post atual: Reuni\u00e3o fecha acordo para expans\u00e3o da Copa do Mundo para 48 sele\u00e7\u00f5es, ID: 5470<br><br><span style=\"color: red;\">O post atual n\u00e3o \u00e9 id\u00eantico ao post principal.<\/span><br><br>An\u00fancios: ROXO - TOPO INTERNA - ROTATIVO 2 (197)<br \/>Grupo de an\u00fancios: Princ_Meio01_720x104 (27)<br><br>Condi\u00e7\u00f5es de exibi\u00e7\u00e3o<div style=\"margin-bottom: 20px; white-space: pre-wrap; font-family: monospace; width: 100%; background: #ffe9e9;\"><strong>condi\u00e7\u00f5es gerais<\/strong><table border=\"1\"><thead><tr><th><\/th><th>An\u00fancios<\/th><th>wp_the_query<\/th><\/tr><\/thead><tr><td>is_main_query<\/td><td>1<\/td><td>1<\/td><\/tr><tr><td>is_rest_api<\/td><td>0<\/td><td>1<\/td><\/tr><tr><td>page<\/td><td>0<\/td><td>1<\/td><\/tr><tr><td>numpages<\/td><td>0<\/td><td>1<\/td><\/tr><tr><td>is_archive<\/td><td>1<\/td><td><\/td><\/tr><tr><td>is_search<\/td><td>1<\/td><td><\/td><\/tr><tr><td>is_home<\/td><td>1<\/td><td><\/td><\/tr><tr><td>is_404<\/td><td>1<\/td><td><\/td><\/tr><tr><td>is_attachment<\/td><td>1<\/td><td><\/td><\/tr><tr><td>is_singular<\/td><td>1<\/td><td><\/td><\/tr><tr><td>is_front_page<\/td><td>1<\/td><td><\/td><\/tr><tr><td>is_feed<\/td><td>1<\/td><td><\/td><\/tr><\/table><\/div><br><br><span style=\"color: red;\">Seu site usa HTTPS, mas o c\u00f3digo do an\u00fancio cont\u00e9m HTTP e pode n\u00e3o funcionar.<\/span>\t<br><br>\n\t<a style=\"color: green;\" href=\"https:\/\/wpadvancedads.com\/manual\/ad-debug-mode\/?utm_source=advanced-ads&utm_medium=link&utm_campaign=ad-debug-mode\" target=\"_blank\" rel=\"nofollow\">Encontre solu\u00e7\u00f5es no manual<\/a>\n<\/div>\n<\/li><\/ul><\/div><script>( window.advanced_ads_ready || jQuery( document ).ready ).call( null, function() {var $lavraslider2785409353 = jQuery( \".lavra-slider-2785409353\" );$lavraslider2785409353.on( \"unslider.ready\", function() { jQuery( \"div.custom-slider ul li\" ).css( \"display\", \"block\" ); });$lavraslider2785409353.unslider({ delay:4000, autoplay:true, nav:false, arrows:false, infinite:true });$lavraslider2785409353.on(\"mouseover\", function() {$lavraslider2785409353.unslider(\"stop\");}).on(\"mouseout\", function() {$lavraslider2785409353.unslider(\"start\");});});<\/script><\/div><p>Uma reuni\u00e3o entre os dirigentes de cada continente do mundo fechou neste domingo, informalmente, um acordo para a maior expans\u00e3o da Copa do Mundo em sua hist\u00f3ria. A partir de 2026 ser\u00e3o 48 sele\u00e7\u00f5es e n\u00e3o 32 como \u00e9 o modelo atual. A decis\u00e3o vai ser confirmada nesta ter\u00e7a-feira, em Zurique, abrindo o caminho para uma explos\u00e3o na renda da Fifa. Nos pr\u00f3ximos meses, por\u00e9m, uma disputa acirrada ser\u00e1 estabelecida para determinar quem ficar\u00e1 com as vagas.<\/p>\n<p><img fetchpriority=\"high\" decoding=\"async\" class=\"size-full wp-image-5471 aligncenter\" src=\"http:\/\/lavras.tv\/site\/wp-content\/uploads\/2017\/01\/copa.jpg\" alt=\"copa\" width=\"620\" height=\"413\" srcset=\"https:\/\/lavras.tv\/site\/wp-content\/uploads\/2017\/01\/copa.jpg 620w, https:\/\/lavras.tv\/site\/wp-content\/uploads\/2017\/01\/copa-150x100.jpg 150w, https:\/\/lavras.tv\/site\/wp-content\/uploads\/2017\/01\/copa-300x200.jpg 300w, https:\/\/lavras.tv\/site\/wp-content\/uploads\/2017\/01\/copa-480x320.jpg 480w, https:\/\/lavras.tv\/site\/wp-content\/uploads\/2017\/01\/copa-272x182.jpg 272w\" sizes=\"(max-width: 620px) 100vw, 620px\" \/><\/p>\n<p>Nesta ter\u00e7a-feira, em Zurique, a Fifa votar\u00e1 a maior expans\u00e3o do torneio em seus quase 100 anos. Ningu\u00e9m esconde que a motiva\u00e7\u00e3o seja financeira. Com novas sele\u00e7\u00f5es, a entidade teria uma renda elevada a um recorde de R$ 21 bilh\u00f5es (US$ 6,5 bilh\u00f5es). Em compara\u00e7\u00e3o ao Mundial da R\u00fassia, em 2018, o aumento seria de US$ 1 bilh\u00e3o e 35% acima do que obteve na Copa de 2014 no Brasil.<\/p>\n<p>A pr\u00f3pria entidade admite que a qualidade do futebol vai sofrer e vem recebendo cr\u00edticas da atual campe\u00e3 do mundo, a Alemanha.<\/p>\n<p>Com o n\u00famero de 48 definido, a briga agora ser\u00e1 por vagas. A Conmebol insiste que quer sete para a Am\u00e9rica do Sul, o que \u00e9 alvo de cr\u00edticas de outras regi\u00f5es que alertam que o continente tem apenas 10 times.<\/p>\n<p>Para convencer os europeus, a Fifa acena com uma expans\u00e3o de 13 para 16 vagas, enquanto que a \u00c1frica passa de 5 para 9. Outra proposta indica 6,5 para a Concacaf, 8 para asi\u00e1ticos e uma para a Oceania. O modelo, por\u00e9m, n\u00e3o est\u00e1 fechado. S\u00f3 em renda com as TVs e direitos vendidos, o salto seria de meio bilh\u00e3o de d\u00f3lares.<\/p>\n<p>Durante o encontro deste domingo, a \u00c1frica chegou a propor que, em um primeiro momento, a Copa fosse expandida para 40 e s\u00f3 depois para 48. Mas foi voto vencido.<\/p>\n<p><strong>ESTRUTURA<\/strong> &#8211; No total, 80 jogos seriam disputados. Mas a Fifa promete que pode realizar o torneio no mesmo per\u00edodo que o atual modelo, com 32 dias. Aos clubes, a entidade tamb\u00e9m promete n\u00e3o aumentar o n\u00famero de dias com atletas cedidos \u00e0s sele\u00e7\u00f5es e que, no total, um time que chegue \u00e0 final disputaria apenas sete partidas. Esse \u00e9 o mesmo n\u00famero do atual modelo de Copa.<\/p>\n<p>Questionado pelo jornal O Estado de S.Paulo se haveria j\u00e1 um acordo, o su\u00ed\u00e7o Gianni Infantino, presidente da Fifa, desconversou. &#8220;Voc\u00eas ouviram a nova proposta?&#8221;, disse. &#8220;Uma Copa com 64 times&#8221;, brincou.<\/p>\n<p>O su\u00ed\u00e7o tamb\u00e9m tem a sua credibilidade colocada em risco. Se o projeto passar, ele demonstrar\u00e1 que tem legitimidade e que a sua promessa de campanha tinha apoio. Mas se fosse derrotado, poderia ter a sua posi\u00e7\u00e3o seriamente enfraquecida em uma entidade que ainda n\u00e3o se reergueu.<\/p>\n<p>Fonte: Itatiaia<\/p>\n","protected":false},"excerpt":{"rendered":"<p>Uma reuni\u00e3o entre os dirigentes de cada continente do mundo fechou neste domingo, informalmente, um acordo para a maior expans\u00e3o da Copa do Mundo em sua hist\u00f3ria. A partir de 2026 ser\u00e3o 48 sele\u00e7\u00f5es e n\u00e3o 32 como \u00e9 o modelo atual. A decis\u00e3o vai ser confirmada nesta ter\u00e7a-feira, em Zurique, abrindo o caminho para [&hellip;]<\/p>\n","protected":false},"author":2,"featured_media":5471,"comment_status":"closed","ping_status":"open","sticky":false,"template":"","format":"standard","meta":{"advgb_blocks_editor_width":"","advgb_blocks_columns_visual_guide":"","_exactmetrics_skip_tracking":false,"_exactmetrics_sitenote_active":false,"_exactmetrics_sitenote_note":"","_exactmetrics_sitenote_category":0,"footnotes":""},"categories":[3],"tags":[965,966,1036],"class_list":["post-5470","post","type-post","status-publish","format-standard","has-post-thumbnail","hentry","category-esportes","tag-copa-do-mundo","tag-esporte","tag-futebol"],"better_featured_image":{"id":5471,"alt_text":"","caption":"","description":"","media_type":"image","media_details":{"width":620,"height":413,"file":"2017\/01\/copa.jpg","sizes":{"thumbnail":{"file":"copa-150x100.jpg","width":150,"height":100,"mime-type":"image\/jpeg","source_url":"https:\/\/lavras.tv\/site\/wp-content\/uploads\/2017\/01\/copa-150x100.jpg"},"medium":{"file":"copa-300x200.jpg","width":300,"height":200,"mime-type":"image\/jpeg","source_url":"https:\/\/lavras.tv\/site\/wp-content\/uploads\/2017\/01\/copa-300x200.jpg"},"featured-post-img":{"file":"copa-480x320.jpg","width":480,"height":320,"mime-type":"image\/jpeg","source_url":"https:\/\/lavras.tv\/site\/wp-content\/uploads\/2017\/01\/copa-480x320.jpg"},"sow-carousel-default":{"file":"copa-272x182.jpg","width":272,"height":182,"mime-type":"image\/jpeg","source_url":"https:\/\/lavras.tv\/site\/wp-content\/uploads\/2017\/01\/copa-272x182.jpg"}},"image_meta":{"aperture":"0","credit":"","camera":"","caption":"","created_timestamp":"0","copyright":"","focal_length":"0","iso":"0","shutter_speed":"0","title":"","orientation":"0","keywords":[]}},"post":5470,"source_url":"https:\/\/lavras.tv\/site\/wp-content\/uploads\/2017\/01\/copa.jpg"},"author_meta":{"display_name":"Lavras TV","author_link":"https:\/\/lavras.tv\/site\/author\/lavrastv\/"},"featured_img":"https:\/\/lavras.tv\/site\/wp-content\/uploads\/2017\/01\/copa-300x200.jpg","coauthors":[],"tax_additional":{"categories":{"linked":["<a href=\"https:\/\/lavras.tv\/site\/category\/esportes\/\" class=\"advgb-post-tax-term\">Esportes<\/a>"],"unlinked":["<span class=\"advgb-post-tax-term\">Esportes<\/span>"]},"tags":{"linked":["<a href=\"https:\/\/lavras.tv\/site\/category\/esportes\/\" class=\"advgb-post-tax-term\">copa do mundo<\/a>","<a href=\"https:\/\/lavras.tv\/site\/category\/esportes\/\" class=\"advgb-post-tax-term\">esporte<\/a>","<a href=\"https:\/\/lavras.tv\/site\/category\/esportes\/\" class=\"advgb-post-tax-term\">futebol<\/a>"],"unlinked":["<span class=\"advgb-post-tax-term\">copa do mundo<\/span>","<span class=\"advgb-post-tax-term\">esporte<\/span>","<span class=\"advgb-post-tax-term\">futebol<\/span>"]}},"comment_count":"0","relative_dates":{"created":"Publicado 9 anos atr\u00e1s","modified":"Atualizado 9 anos atr\u00e1s"},"absolute_dates":{"created":"Publicado em 9 de janeiro de 2017","modified":"Atualizado em 9 de janeiro de 2017"},"absolute_dates_time":{"created":"Publicado em 9 de janeiro de 2017 09:48","modified":"Atualizado em 9 de janeiro de 2017 09:48"},"featured_img_caption":"","series_order":"","_links":{"self":[{"href":"https:\/\/lavras.tv\/site\/wp-json\/wp\/v2\/posts\/5470","targetHints":{"allow":["GET"]}}],"collection":[{"href":"https:\/\/lavras.tv\/site\/wp-json\/wp\/v2\/posts"}],"about":[{"href":"https:\/\/lavras.tv\/site\/wp-json\/wp\/v2\/types\/post"}],"author":[{"embeddable":true,"href":"https:\/\/lavras.tv\/site\/wp-json\/wp\/v2\/users\/2"}],"replies":[{"embeddable":true,"href":"https:\/\/lavras.tv\/site\/wp-json\/wp\/v2\/comments?post=5470"}],"version-history":[{"count":1,"href":"https:\/\/lavras.tv\/site\/wp-json\/wp\/v2\/posts\/5470\/revisions"}],"predecessor-version":[{"id":5472,"href":"https:\/\/lavras.tv\/site\/wp-json\/wp\/v2\/posts\/5470\/revisions\/5472"}],"wp:featuredmedia":[{"embeddable":true,"href":"https:\/\/lavras.tv\/site\/wp-json\/wp\/v2\/media\/5471"}],"wp:attachment":[{"href":"https:\/\/lavras.tv\/site\/wp-json\/wp\/v2\/media?parent=5470"}],"wp:term":[{"taxonomy":"category","embeddable":true,"href":"https:\/\/lavras.tv\/site\/wp-json\/wp\/v2\/categories?post=5470"},{"taxonomy":"post_tag","embeddable":true,"href":"https:\/\/lavras.tv\/site\/wp-json\/wp\/v2\/tags?post=5470"}],"curies":[{"name":"wp","href":"https:\/\/api.w.org\/{rel}","templated":true}]}}