{"id":5499,"date":"2017-01-10T09:15:12","date_gmt":"2017-01-10T11:15:12","guid":{"rendered":"http:\/\/lavras.tv\/site\/?p=5499"},"modified":"2017-01-10T09:15:12","modified_gmt":"2017-01-10T11:15:12","slug":"cruzeiro-e-palmeiras-buscam-acerto-para-troca-entre-fabiano-e-robinho-verdao-tambem-quer-willian","status":"publish","type":"post","link":"https:\/\/lavras.tv\/site\/2017\/01\/10\/cruzeiro-e-palmeiras-buscam-acerto-para-troca-entre-fabiano-e-robinho-verdao-tambem-quer-willian\/","title":{"rendered":"Cruzeiro e Palmeiras buscam acerto para troca entre Fabiano e Robinho; Verd\u00e3o tamb\u00e9m quer Willian"},"content":{"rendered":"<div class=\"lavra-antes-do-conteudo_2\" id=\"lavra-3700162169\"><div id=\"lavra-slider-27\" class=\"custom-slider lavra-slider-760972545 lavra-slider\"><ul><li><div style=\"margin-left: auto;margin-right: auto;text-align: center;\" id=\"lavra-276642303\"><a href=\"https:\/\/sistemas.lavras.mg.gov.br\/portalcidadao\/#df1b1a7c7b2a290bcb31e32771e610784662739a88807c0dacac58ede5f391a7530e299dc302d611ee73cb143fc22eaf93592e53e7b5bdb01b00a0b8d28dae460c141dd2ff83412e4dc1c31b16b25f33144a9e5620ea73b13f5bc1c59411d98439ad226e8af03840603796067d87afe130812cf3de24982d0e306f9e61e764e5\" aria-label=\"Lavras-TV&#8211;720x104px (1) (1)\"><img src=\"https:\/\/lavras.tv\/site\/wp-content\/uploads\/2025\/01\/Lavras-TV-720x104px-1-1.png\" alt=\"\"  srcset=\"https:\/\/lavras.tv\/site\/wp-content\/uploads\/2025\/01\/Lavras-TV-720x104px-1-1.png 720w, https:\/\/lavras.tv\/site\/wp-content\/uploads\/2025\/01\/Lavras-TV-720x104px-1-1-470x68.png 470w, https:\/\/lavras.tv\/site\/wp-content\/uploads\/2025\/01\/Lavras-TV-720x104px-1-1-170x25.png 170w, https:\/\/lavras.tv\/site\/wp-content\/uploads\/2025\/01\/Lavras-TV-720x104px-1-1-200x29.png 200w\" sizes=\"(max-width: 720px) 100vw, 720px\" width=\"720\" height=\"104\"  style=\"display: inline-block;\" \/><\/a><\/div><\/li><li><a href=\"https:\/\/sistemas.lavras.mg.gov.br\/portalcidadao\/#df1b1a7c7b2a290bcb31e32771e610784662739a88807c0dacac58ede5f391a7530e299dc302d611ee73cb143fc22eaf93592e53e7b5bdb01b00a0b8d28dae460c141dd2ff83412e4dc1c31b16b25f33144a9e5620ea73b13f5bc1c59411d98439ad226e8af03840603796067d87afe130812cf3de24982d0e306f9e61e764e5\" aria-label=\"Banner_Emprego_PortallavrasTV\"><img src=\"https:\/\/lavras.tv\/site\/wp-content\/uploads\/2025\/03\/Banner_Emprego_PortallavrasTV.png\" alt=\"\"  srcset=\"https:\/\/lavras.tv\/site\/wp-content\/uploads\/2025\/03\/Banner_Emprego_PortallavrasTV.png 720w, https:\/\/lavras.tv\/site\/wp-content\/uploads\/2025\/03\/Banner_Emprego_PortallavrasTV-470x68.png 470w, https:\/\/lavras.tv\/site\/wp-content\/uploads\/2025\/03\/Banner_Emprego_PortallavrasTV-170x25.png 170w, https:\/\/lavras.tv\/site\/wp-content\/uploads\/2025\/03\/Banner_Emprego_PortallavrasTV-200x29.png 200w\" sizes=\"(max-width: 720px) 100vw, 720px\" width=\"720\" height=\"104\"   \/><\/a><\/li><li><a href=\"https:\/\/sistemas.lavras.mg.gov.br\/portalcidadao\/#df1b1a7c7b2a290bcb31e32771e610784662739a88807c0dacac58ede5f391a7530e299dc302d611ee73cb143fc22eaf93592e53e7b5bdb01b00a0b8d28dae460c141dd2ff83412e4dc1c31b16b25f33144a9e5620ea73b13f5bc1c59411d98439ad226e8af03840603796067d87afe130812cf3de24982d0e306f9e61e764e5\" aria-label=\"Banner_Obras_PortallavrasTV\"><img src=\"https:\/\/lavras.tv\/site\/wp-content\/uploads\/2025\/03\/Banner_Obras_PortallavrasTV.png\" alt=\"\"  srcset=\"https:\/\/lavras.tv\/site\/wp-content\/uploads\/2025\/03\/Banner_Obras_PortallavrasTV.png 720w, https:\/\/lavras.tv\/site\/wp-content\/uploads\/2025\/03\/Banner_Obras_PortallavrasTV-470x68.png 470w, https:\/\/lavras.tv\/site\/wp-content\/uploads\/2025\/03\/Banner_Obras_PortallavrasTV-170x25.png 170w, https:\/\/lavras.tv\/site\/wp-content\/uploads\/2025\/03\/Banner_Obras_PortallavrasTV-200x29.png 200w\" sizes=\"(max-width: 720px) 100vw, 720px\" width=\"720\" height=\"104\"   \/><\/a><\/li><li><div style=\"margin-left: auto;margin-right: auto;text-align: center;\" id=\"lavra-3944847593\"><a href=\"https:\/\/sistemas.lavras.mg.gov.br\/portalcidadao\/#df1b1a7c7b2a290bcb31e32771e610784662739a88807c0dacac58ede5f391a7530e299dc302d611ee73cb143fc22eaf93592e53e7b5bdb01b00a0b8d28dae460c141dd2ff83412e4dc1c31b16b25f33144a9e5620ea73b13f5bc1c59411d98439ad226e8af03840603796067d87afe130812cf3de24982d0e306f9e61e764e5\" aria-label=\"Banner_Educa\u00e7\u00e3o_PortallavrasTV\"><img src=\"https:\/\/lavras.tv\/site\/wp-content\/uploads\/2025\/01\/Banner_Educacao_PortallavrasTV.png\" alt=\"\"  srcset=\"https:\/\/lavras.tv\/site\/wp-content\/uploads\/2025\/01\/Banner_Educacao_PortallavrasTV.png 720w, https:\/\/lavras.tv\/site\/wp-content\/uploads\/2025\/01\/Banner_Educacao_PortallavrasTV-470x68.png 470w, https:\/\/lavras.tv\/site\/wp-content\/uploads\/2025\/01\/Banner_Educacao_PortallavrasTV-170x25.png 170w, https:\/\/lavras.tv\/site\/wp-content\/uploads\/2025\/01\/Banner_Educacao_PortallavrasTV-200x29.png 200w\" sizes=\"(max-width: 720px) 100vw, 720px\" width=\"720\" height=\"104\"  style=\"display: inline-block;\" \/><\/a><\/div><\/li><li><a href=\"https:\/\/sistemas.lavras.mg.gov.br\/portalcidadao\/#df1b1a7c7b2a290bcb31e32771e610784662739a88807c0dacac58ede5f391a7530e299dc302d611ee73cb143fc22eaf93592e53e7b5bdb01b00a0b8d28dae460c141dd2ff83412e4dc1c31b16b25f33144a9e5620ea73b13f5bc1c59411d98439ad226e8af03840603796067d87afe130812cf3de24982d0e306f9e61e764e5\" aria-label=\"Banner_Sa\u00fade_PortallavrasTV\"><img src=\"https:\/\/lavras.tv\/site\/wp-content\/uploads\/2025\/03\/Banner_Saude_PortallavrasTV.png\" alt=\"\"  srcset=\"https:\/\/lavras.tv\/site\/wp-content\/uploads\/2025\/03\/Banner_Saude_PortallavrasTV.png 720w, https:\/\/lavras.tv\/site\/wp-content\/uploads\/2025\/03\/Banner_Saude_PortallavrasTV-470x68.png 470w, https:\/\/lavras.tv\/site\/wp-content\/uploads\/2025\/03\/Banner_Saude_PortallavrasTV-170x25.png 170w, https:\/\/lavras.tv\/site\/wp-content\/uploads\/2025\/03\/Banner_Saude_PortallavrasTV-200x29.png 200w\" sizes=\"(max-width: 720px) 100vw, 720px\" width=\"720\" height=\"104\"   \/><\/a><\/li><li><div id=\"lavra-3157309051\" style=\"width:720px;height:104px;background-color:#ddd;overflow:scroll;\">\n\t<strong>Sa\u00edda da depura\u00e7\u00e3o de an\u00fancios<\/strong>\n\t<br><br>\n\tO an\u00fancio n\u00e3o \u00e9 exibido na p\u00e1gina<br><br>post atual: Cruzeiro e Palmeiras buscam acerto para troca entre Fabiano e Robinho; Verd\u00e3o tamb\u00e9m quer Willian, ID: 5499<br><br><span style=\"color: red;\">O post atual n\u00e3o \u00e9 id\u00eantico ao post principal.<\/span><br><br>An\u00fancios: ROXO - TOPO INTERNA - ROTATIVO 2 (197)<br \/>Grupo de an\u00fancios: Princ_Meio01_720x104 (27)<br><br>Condi\u00e7\u00f5es de exibi\u00e7\u00e3o<div style=\"margin-bottom: 20px; white-space: pre-wrap; font-family: monospace; width: 100%; background: #ffe9e9;\"><strong>condi\u00e7\u00f5es gerais<\/strong><table border=\"1\"><thead><tr><th><\/th><th>An\u00fancios<\/th><th>wp_the_query<\/th><\/tr><\/thead><tr><td>is_main_query<\/td><td>1<\/td><td>1<\/td><\/tr><tr><td>is_rest_api<\/td><td>0<\/td><td>1<\/td><\/tr><tr><td>page<\/td><td>0<\/td><td>1<\/td><\/tr><tr><td>numpages<\/td><td>0<\/td><td>1<\/td><\/tr><tr><td>is_archive<\/td><td>1<\/td><td><\/td><\/tr><tr><td>is_search<\/td><td>1<\/td><td><\/td><\/tr><tr><td>is_home<\/td><td>1<\/td><td><\/td><\/tr><tr><td>is_404<\/td><td>1<\/td><td><\/td><\/tr><tr><td>is_attachment<\/td><td>1<\/td><td><\/td><\/tr><tr><td>is_singular<\/td><td>1<\/td><td><\/td><\/tr><tr><td>is_front_page<\/td><td>1<\/td><td><\/td><\/tr><tr><td>is_feed<\/td><td>1<\/td><td><\/td><\/tr><\/table><\/div><br><br><span style=\"color: red;\">Seu site usa HTTPS, mas o c\u00f3digo do an\u00fancio cont\u00e9m HTTP e pode n\u00e3o funcionar.<\/span>\t<br><br>\n\t<a style=\"color: green;\" href=\"https:\/\/wpadvancedads.com\/manual\/ad-debug-mode\/?utm_source=advanced-ads&utm_medium=link&utm_campaign=ad-debug-mode\" target=\"_blank\" rel=\"nofollow\">Encontre solu\u00e7\u00f5es no manual<\/a>\n<\/div>\n<\/li><\/ul><\/div><script>( window.advanced_ads_ready || jQuery( document ).ready ).call( null, function() {var $lavraslider760972545 = jQuery( \".lavra-slider-760972545\" );$lavraslider760972545.on( \"unslider.ready\", function() { jQuery( \"div.custom-slider ul li\" ).css( \"display\", \"block\" ); });$lavraslider760972545.unslider({ delay:4000, autoplay:true, nav:false, arrows:false, infinite:true });$lavraslider760972545.on(\"mouseover\", function() {$lavraslider760972545.unslider(\"stop\");}).on(\"mouseout\", function() {$lavraslider760972545.unslider(\"start\");});});<\/script><\/div><p>O t\u00e9cnico Mano Menezes recebeu nesta segunda-feira, na Toca II, os jogadores do Cruzeiro para o in\u00edcio da pr\u00e9-temporada, e o comandante da Raposa n\u00e3o poupou elogios ao elenco que ter\u00e1 em m\u00e3os para 2017. Em sintonia com o treinador, a diretoria celeste trabalha para definir o quanto antes a situa\u00e7\u00e3o do elenco e uma das pend\u00eancias diz respeito ao lateral-direito Fabiano.<\/p>\n<p><img fetchpriority=\"high\" decoding=\"async\" class=\"size-full wp-image-5500 aligncenter\" src=\"http:\/\/lavras.tv\/site\/wp-content\/uploads\/2017\/01\/esporte-1.jpg\" alt=\"esporte\" width=\"653\" height=\"367\" srcset=\"https:\/\/lavras.tv\/site\/wp-content\/uploads\/2017\/01\/esporte-1.jpg 653w, https:\/\/lavras.tv\/site\/wp-content\/uploads\/2017\/01\/esporte-1-150x84.jpg 150w, https:\/\/lavras.tv\/site\/wp-content\/uploads\/2017\/01\/esporte-1-300x169.jpg 300w\" sizes=\"(max-width: 653px) 100vw, 653px\" \/><\/p>\n<p>Campe\u00e3o Brasileiro pelo Palmeiras no ano passado, Fabiano se apresentou normalmente no CT azul nesta segunda-feira, mas em breve deve retornar ao alviverde. Cruzeiro e Palmeiras definem \u00faltimos detalhes para uma troca de jogadores. O time mineiro quer ficar com o polivalente meio-campista Robinho e, em contrapartida, dever\u00e1 repassar o lateral para o time paulista.<\/p>\n<p>Um dos detalhes que pesam para a indefini\u00e7\u00e3o \u00e9 que o Palmeiras tamb\u00e9m tem interesse no atacante Willian Bigode. O Palestra paulista tenta arquitetar um neg\u00f3cio envolvendo Fabiano e Willian \u201cBigode\u201d por Robinho. No entanto, a diretoria do Palestre mineiro\u00a0s\u00f3 aceita liberar um dos jogadores para firmar o neg\u00f3cio. Fabiano \u00e9 quem tem mais chances de ser envolvido na transa\u00e7\u00e3o.<\/p>\n<p>O nome de Willian surgiu como possibilidade no Palmeiras, muito pela \u00f3tima rela\u00e7\u00e3o entre o empres\u00e1rio do atleta, Eduardo Uram, e Alexandre Mattos, diretor de futebol do Verd\u00e3o. A dupla atua &#8220;em conjunto&#8221; em negocia\u00e7\u00f5es desde os tempos de Mattos na Toca II em uma outra negocia\u00e7\u00e3o.<\/p>\n<p>O neg\u00f3cio envolvendo Fabiano e Robinho, no entanto, n\u00e3o impede que o Palmeiras avance nas conversas para tirar Willian da Raposa.<\/p>\n<p><strong>Troca<\/strong><\/p>\n<p>O Cruzeiro, que em 2014 adquiriu 40% de Fabiano &#8211; que \u00e0 \u00e9poca atuava na Chapecoense &#8211; recentemente comprou mais 10% dos direitos do atleta. Com metade dos direitos do lateral, os dirigentes da Raposa aceitam trocar sua parte pela metade do \u201cpasse\u201d de Robinho.<\/p>\n<p>Em entrevista coletiva na apresenta\u00e7\u00e3o do elenco para a pr\u00e9-temporada, o gerente de futebol estrelado, Paulo C\u00e9sar Tinga, se esquivou de responder perguntas relacionadas aos neg\u00f3cios do clube.<\/p>\n<p>\u201cIsso na verdade \u00e9 com o Vicintin, ele est\u00e1 decidindo. Fiquei com as coisas da minha chegada. Est\u00e3o acontecendo essas decis\u00f5es e em dois ou tr\u00eas dias deve ter uma decis\u00e3o. Est\u00e1 aqui, apresentado, \u00e9 um atleta que tem muito valor. Todo jogador que est\u00e1 aqui tem muito valor, acabou de ser campe\u00e3o, fez o gol do t\u00edtulo. Normal as especula\u00e7\u00f5es, est\u00e1 aqui e at\u00e9 o momento contamos com ele\u201d, comentou.<\/p>\n<p>Mano Menezes, um dos interessados diretos nessa defini\u00e7\u00e3o \u2013 a lateral \u00e9 um dos pontos cr\u00edticos da equipe -, tamb\u00e9m preferiu deixar o assunto sob responsabilidade da diretoria.<\/p>\n<p>\u201cEssas quest\u00f5es vamos trabalhar internamente, como disse em dezembro. Para n\u00e3o expor o atleta, acho isso desrespeitoso tratar disso publicamente. Vamos fazer o que for melhor para o Cruzeiro\u201d, disse.<\/p>\n<p>No fim do ano passado, Mano Menezes j\u00e1 havia comentado que gostaria do retorno de Fabiano \u00e0 equipe.<\/p>\n<p><strong>Situa\u00e7\u00e3o<\/strong><\/p>\n<p>O Palmeiras det\u00e9m 50% dos direitos econ\u00f4micos de Robinho, e pagou R$ 2,5 milh\u00f5es pelo montante em janeiro de 2015. A outra metade est\u00e1 dividida entre Coritiba, antigo clube do jogador, e empres\u00e1rios. O Cruzeiro pagou 1,4 milh\u00e3o de Euros por 40% de Fabiano, e depois fez a composi\u00e7\u00e3o de mais 10%. A outra metade \u00e9 dividida entre os agentes Andr\u00e9 Cury e Rog\u00e9rio Messias, tamb\u00e9m conhecido como \u201cTiti\u201d.<\/p>\n<p>Pelo Palmeiras no ano passado, Fabiano atuou em sete partidas e marcou um gol, exatamente o tento que garantiu o t\u00edtulo palmeirense, de forma antecipada, da S\u00e9rie A do Campeonato Brasileiro, contra a Chapecoense, na 37\u00aa rodada do Brasileir\u00e3o. Robinho, por sua vez, teve papel de mais destaque com a camisa celeste. O volante, em 30 jogos, marcou sete gols e assistiu seus companheiros em 11 gols.<\/p>\n<p>&nbsp;<\/p>\n<p>Fonte: Hoje em Dia<\/p>\n","protected":false},"excerpt":{"rendered":"<p>O t\u00e9cnico Mano Menezes recebeu nesta segunda-feira, na Toca II, os jogadores do Cruzeiro para o in\u00edcio da pr\u00e9-temporada, e o comandante da Raposa n\u00e3o poupou elogios ao elenco que ter\u00e1 em m\u00e3os para 2017. Em sintonia com o treinador, a diretoria celeste trabalha para definir o quanto antes a situa\u00e7\u00e3o do elenco e uma [&hellip;]<\/p>\n","protected":false},"author":2,"featured_media":5500,"comment_status":"closed","ping_status":"open","sticky":false,"template":"","format":"standard","meta":{"advgb_blocks_editor_width":"","advgb_blocks_columns_visual_guide":"","_exactmetrics_skip_tracking":false,"_exactmetrics_sitenote_active":false,"_exactmetrics_sitenote_note":"","_exactmetrics_sitenote_category":0,"footnotes":""},"categories":[3],"tags":[908,966,2154,1584],"class_list":["post-5499","post","type-post","status-publish","format-standard","has-post-thumbnail","hentry","category-esportes","tag-cruzeiro","tag-esporte","tag-futebol-2017","tag-palmeiras"],"better_featured_image":{"id":5500,"alt_text":"","caption":"","description":"","media_type":"image","media_details":{"width":653,"height":367,"file":"2017\/01\/esporte-1.jpg","sizes":{"thumbnail":{"file":"esporte-1-150x84.jpg","width":150,"height":84,"mime-type":"image\/jpeg","source_url":"https:\/\/lavras.tv\/site\/wp-content\/uploads\/2017\/01\/esporte-1-150x84.jpg"},"medium":{"file":"esporte-1-300x169.jpg","width":300,"height":169,"mime-type":"image\/jpeg","source_url":"https:\/\/lavras.tv\/site\/wp-content\/uploads\/2017\/01\/esporte-1-300x169.jpg"},"featured-slider-img":{"file":"esporte-1-640x367.jpg","width":640,"height":367,"mime-type":"image\/jpeg","source_url":"https:\/\/lavras.tv\/site\/wp-content\/uploads\/2017\/01\/esporte-1-640x367.jpg"},"featured-post-img":{"file":"esporte-1-480x320.jpg","width":480,"height":320,"mime-type":"image\/jpeg","source_url":"https:\/\/lavras.tv\/site\/wp-content\/uploads\/2017\/01\/esporte-1-480x320.jpg"},"sow-carousel-default":{"file":"esporte-1-272x182.jpg","width":272,"height":182,"mime-type":"image\/jpeg","source_url":"https:\/\/lavras.tv\/site\/wp-content\/uploads\/2017\/01\/esporte-1-272x182.jpg"}},"image_meta":{"aperture":"0","credit":"","camera":"","caption":"","created_timestamp":"0","copyright":"","focal_length":"0","iso":"0","shutter_speed":"0","title":"","orientation":"0","keywords":[]}},"post":5499,"source_url":"https:\/\/lavras.tv\/site\/wp-content\/uploads\/2017\/01\/esporte-1.jpg"},"author_meta":{"display_name":"Lavras TV","author_link":"https:\/\/lavras.tv\/site\/author\/lavrastv\/"},"featured_img":"https:\/\/lavras.tv\/site\/wp-content\/uploads\/2017\/01\/esporte-1-300x169.jpg","coauthors":[],"tax_additional":{"categories":{"linked":["<a href=\"https:\/\/lavras.tv\/site\/category\/esportes\/\" class=\"advgb-post-tax-term\">Esportes<\/a>"],"unlinked":["<span class=\"advgb-post-tax-term\">Esportes<\/span>"]},"tags":{"linked":["<a href=\"https:\/\/lavras.tv\/site\/category\/esportes\/\" class=\"advgb-post-tax-term\">cruzeiro<\/a>","<a href=\"https:\/\/lavras.tv\/site\/category\/esportes\/\" class=\"advgb-post-tax-term\">esporte<\/a>","<a href=\"https:\/\/lavras.tv\/site\/category\/esportes\/\" class=\"advgb-post-tax-term\">futebol 2017<\/a>","<a href=\"https:\/\/lavras.tv\/site\/category\/esportes\/\" class=\"advgb-post-tax-term\">palmeiras<\/a>"],"unlinked":["<span class=\"advgb-post-tax-term\">cruzeiro<\/span>","<span class=\"advgb-post-tax-term\">esporte<\/span>","<span class=\"advgb-post-tax-term\">futebol 2017<\/span>","<span class=\"advgb-post-tax-term\">palmeiras<\/span>"]}},"comment_count":"0","relative_dates":{"created":"Publicado 9 anos atr\u00e1s","modified":"Atualizado 9 anos atr\u00e1s"},"absolute_dates":{"created":"Publicado em 10 de janeiro de 2017","modified":"Atualizado em 10 de janeiro de 2017"},"absolute_dates_time":{"created":"Publicado em 10 de janeiro de 2017 09:15","modified":"Atualizado em 10 de janeiro de 2017 09:15"},"featured_img_caption":"","series_order":"","_links":{"self":[{"href":"https:\/\/lavras.tv\/site\/wp-json\/wp\/v2\/posts\/5499","targetHints":{"allow":["GET"]}}],"collection":[{"href":"https:\/\/lavras.tv\/site\/wp-json\/wp\/v2\/posts"}],"about":[{"href":"https:\/\/lavras.tv\/site\/wp-json\/wp\/v2\/types\/post"}],"author":[{"embeddable":true,"href":"https:\/\/lavras.tv\/site\/wp-json\/wp\/v2\/users\/2"}],"replies":[{"embeddable":true,"href":"https:\/\/lavras.tv\/site\/wp-json\/wp\/v2\/comments?post=5499"}],"version-history":[{"count":2,"href":"https:\/\/lavras.tv\/site\/wp-json\/wp\/v2\/posts\/5499\/revisions"}],"predecessor-version":[{"id":5502,"href":"https:\/\/lavras.tv\/site\/wp-json\/wp\/v2\/posts\/5499\/revisions\/5502"}],"wp:featuredmedia":[{"embeddable":true,"href":"https:\/\/lavras.tv\/site\/wp-json\/wp\/v2\/media\/5500"}],"wp:attachment":[{"href":"https:\/\/lavras.tv\/site\/wp-json\/wp\/v2\/media?parent=5499"}],"wp:term":[{"taxonomy":"category","embeddable":true,"href":"https:\/\/lavras.tv\/site\/wp-json\/wp\/v2\/categories?post=5499"},{"taxonomy":"post_tag","embeddable":true,"href":"https:\/\/lavras.tv\/site\/wp-json\/wp\/v2\/tags?post=5499"}],"curies":[{"name":"wp","href":"https:\/\/api.w.org\/{rel}","templated":true}]}}