{"id":5523,"date":"2017-01-11T09:27:17","date_gmt":"2017-01-11T11:27:17","guid":{"rendered":"http:\/\/lavras.tv\/site\/?p=5523"},"modified":"2017-01-11T09:27:17","modified_gmt":"2017-01-11T11:27:17","slug":"encontro-com-deputado-reune-prefeitos-da-regiao","status":"publish","type":"post","link":"https:\/\/lavras.tv\/site\/2017\/01\/11\/encontro-com-deputado-reune-prefeitos-da-regiao\/","title":{"rendered":"Encontro com deputado re\u00fane prefeitos da regi\u00e3o"},"content":{"rendered":"<div class=\"lavra-antes-do-conteudo_2\" id=\"lavra-1436163244\"><div id=\"lavra-slider-27\" class=\"custom-slider lavra-slider-369448745 lavra-slider\"><ul><li><div style=\"margin-left: auto;margin-right: auto;text-align: center;\" id=\"lavra-951463716\"><a href=\"https:\/\/sistemas.lavras.mg.gov.br\/portalcidadao\/#df1b1a7c7b2a290bcb31e32771e610784662739a88807c0dacac58ede5f391a7530e299dc302d611ee73cb143fc22eaf93592e53e7b5bdb01b00a0b8d28dae460c141dd2ff83412e4dc1c31b16b25f33144a9e5620ea73b13f5bc1c59411d98439ad226e8af03840603796067d87afe130812cf3de24982d0e306f9e61e764e5\" aria-label=\"Lavras-TV&#8211;720x104px (1) (1)\"><img src=\"https:\/\/lavras.tv\/site\/wp-content\/uploads\/2025\/01\/Lavras-TV-720x104px-1-1.png\" alt=\"\"  srcset=\"https:\/\/lavras.tv\/site\/wp-content\/uploads\/2025\/01\/Lavras-TV-720x104px-1-1.png 720w, https:\/\/lavras.tv\/site\/wp-content\/uploads\/2025\/01\/Lavras-TV-720x104px-1-1-470x68.png 470w, https:\/\/lavras.tv\/site\/wp-content\/uploads\/2025\/01\/Lavras-TV-720x104px-1-1-170x25.png 170w, https:\/\/lavras.tv\/site\/wp-content\/uploads\/2025\/01\/Lavras-TV-720x104px-1-1-200x29.png 200w\" sizes=\"(max-width: 720px) 100vw, 720px\" width=\"720\" height=\"104\"  style=\"display: inline-block;\" \/><\/a><\/div><\/li><li><a href=\"https:\/\/sistemas.lavras.mg.gov.br\/portalcidadao\/#df1b1a7c7b2a290bcb31e32771e610784662739a88807c0dacac58ede5f391a7530e299dc302d611ee73cb143fc22eaf93592e53e7b5bdb01b00a0b8d28dae460c141dd2ff83412e4dc1c31b16b25f33144a9e5620ea73b13f5bc1c59411d98439ad226e8af03840603796067d87afe130812cf3de24982d0e306f9e61e764e5\" aria-label=\"Banner_Emprego_PortallavrasTV\"><img src=\"https:\/\/lavras.tv\/site\/wp-content\/uploads\/2025\/03\/Banner_Emprego_PortallavrasTV.png\" alt=\"\"  srcset=\"https:\/\/lavras.tv\/site\/wp-content\/uploads\/2025\/03\/Banner_Emprego_PortallavrasTV.png 720w, https:\/\/lavras.tv\/site\/wp-content\/uploads\/2025\/03\/Banner_Emprego_PortallavrasTV-470x68.png 470w, https:\/\/lavras.tv\/site\/wp-content\/uploads\/2025\/03\/Banner_Emprego_PortallavrasTV-170x25.png 170w, https:\/\/lavras.tv\/site\/wp-content\/uploads\/2025\/03\/Banner_Emprego_PortallavrasTV-200x29.png 200w\" sizes=\"(max-width: 720px) 100vw, 720px\" width=\"720\" height=\"104\"   \/><\/a><\/li><li><a href=\"https:\/\/sistemas.lavras.mg.gov.br\/portalcidadao\/#df1b1a7c7b2a290bcb31e32771e610784662739a88807c0dacac58ede5f391a7530e299dc302d611ee73cb143fc22eaf93592e53e7b5bdb01b00a0b8d28dae460c141dd2ff83412e4dc1c31b16b25f33144a9e5620ea73b13f5bc1c59411d98439ad226e8af03840603796067d87afe130812cf3de24982d0e306f9e61e764e5\" aria-label=\"Banner_Obras_PortallavrasTV\"><img src=\"https:\/\/lavras.tv\/site\/wp-content\/uploads\/2025\/03\/Banner_Obras_PortallavrasTV.png\" alt=\"\"  srcset=\"https:\/\/lavras.tv\/site\/wp-content\/uploads\/2025\/03\/Banner_Obras_PortallavrasTV.png 720w, https:\/\/lavras.tv\/site\/wp-content\/uploads\/2025\/03\/Banner_Obras_PortallavrasTV-470x68.png 470w, https:\/\/lavras.tv\/site\/wp-content\/uploads\/2025\/03\/Banner_Obras_PortallavrasTV-170x25.png 170w, https:\/\/lavras.tv\/site\/wp-content\/uploads\/2025\/03\/Banner_Obras_PortallavrasTV-200x29.png 200w\" sizes=\"(max-width: 720px) 100vw, 720px\" width=\"720\" height=\"104\"   \/><\/a><\/li><li><div style=\"margin-left: auto;margin-right: auto;text-align: center;\" id=\"lavra-994606123\"><a href=\"https:\/\/sistemas.lavras.mg.gov.br\/portalcidadao\/#df1b1a7c7b2a290bcb31e32771e610784662739a88807c0dacac58ede5f391a7530e299dc302d611ee73cb143fc22eaf93592e53e7b5bdb01b00a0b8d28dae460c141dd2ff83412e4dc1c31b16b25f33144a9e5620ea73b13f5bc1c59411d98439ad226e8af03840603796067d87afe130812cf3de24982d0e306f9e61e764e5\" aria-label=\"Banner_Educa\u00e7\u00e3o_PortallavrasTV\"><img src=\"https:\/\/lavras.tv\/site\/wp-content\/uploads\/2025\/01\/Banner_Educacao_PortallavrasTV.png\" alt=\"\"  srcset=\"https:\/\/lavras.tv\/site\/wp-content\/uploads\/2025\/01\/Banner_Educacao_PortallavrasTV.png 720w, https:\/\/lavras.tv\/site\/wp-content\/uploads\/2025\/01\/Banner_Educacao_PortallavrasTV-470x68.png 470w, https:\/\/lavras.tv\/site\/wp-content\/uploads\/2025\/01\/Banner_Educacao_PortallavrasTV-170x25.png 170w, https:\/\/lavras.tv\/site\/wp-content\/uploads\/2025\/01\/Banner_Educacao_PortallavrasTV-200x29.png 200w\" sizes=\"(max-width: 720px) 100vw, 720px\" width=\"720\" height=\"104\"  style=\"display: inline-block;\" \/><\/a><\/div><\/li><li><a href=\"https:\/\/sistemas.lavras.mg.gov.br\/portalcidadao\/#df1b1a7c7b2a290bcb31e32771e610784662739a88807c0dacac58ede5f391a7530e299dc302d611ee73cb143fc22eaf93592e53e7b5bdb01b00a0b8d28dae460c141dd2ff83412e4dc1c31b16b25f33144a9e5620ea73b13f5bc1c59411d98439ad226e8af03840603796067d87afe130812cf3de24982d0e306f9e61e764e5\" aria-label=\"Banner_Sa\u00fade_PortallavrasTV\"><img src=\"https:\/\/lavras.tv\/site\/wp-content\/uploads\/2025\/03\/Banner_Saude_PortallavrasTV.png\" alt=\"\"  srcset=\"https:\/\/lavras.tv\/site\/wp-content\/uploads\/2025\/03\/Banner_Saude_PortallavrasTV.png 720w, https:\/\/lavras.tv\/site\/wp-content\/uploads\/2025\/03\/Banner_Saude_PortallavrasTV-470x68.png 470w, https:\/\/lavras.tv\/site\/wp-content\/uploads\/2025\/03\/Banner_Saude_PortallavrasTV-170x25.png 170w, https:\/\/lavras.tv\/site\/wp-content\/uploads\/2025\/03\/Banner_Saude_PortallavrasTV-200x29.png 200w\" sizes=\"(max-width: 720px) 100vw, 720px\" width=\"720\" height=\"104\"   \/><\/a><\/li><li><div id=\"lavra-1827351951\" style=\"width:720px;height:104px;background-color:#ddd;overflow:scroll;\">\n\t<strong>Sa\u00edda da depura\u00e7\u00e3o de an\u00fancios<\/strong>\n\t<br><br>\n\tO an\u00fancio n\u00e3o \u00e9 exibido na p\u00e1gina<br><br>post atual: Encontro com deputado re\u00fane prefeitos da regi\u00e3o, ID: 5523<br><br><span style=\"color: red;\">O post atual n\u00e3o \u00e9 id\u00eantico ao post principal.<\/span><br><br>An\u00fancios: ROXO - TOPO INTERNA - ROTATIVO 2 (197)<br \/>Grupo de an\u00fancios: Princ_Meio01_720x104 (27)<br><br>Condi\u00e7\u00f5es de exibi\u00e7\u00e3o<div style=\"margin-bottom: 20px; white-space: pre-wrap; font-family: monospace; width: 100%; background: #ffe9e9;\"><strong>condi\u00e7\u00f5es gerais<\/strong><table border=\"1\"><thead><tr><th><\/th><th>An\u00fancios<\/th><th>wp_the_query<\/th><\/tr><\/thead><tr><td>is_main_query<\/td><td>1<\/td><td>1<\/td><\/tr><tr><td>is_rest_api<\/td><td>0<\/td><td>1<\/td><\/tr><tr><td>page<\/td><td>0<\/td><td>1<\/td><\/tr><tr><td>numpages<\/td><td>0<\/td><td>1<\/td><\/tr><tr><td>is_archive<\/td><td>1<\/td><td><\/td><\/tr><tr><td>is_search<\/td><td>1<\/td><td><\/td><\/tr><tr><td>is_home<\/td><td>1<\/td><td><\/td><\/tr><tr><td>is_404<\/td><td>1<\/td><td><\/td><\/tr><tr><td>is_attachment<\/td><td>1<\/td><td><\/td><\/tr><tr><td>is_singular<\/td><td>1<\/td><td><\/td><\/tr><tr><td>is_front_page<\/td><td>1<\/td><td><\/td><\/tr><tr><td>is_feed<\/td><td>1<\/td><td><\/td><\/tr><\/table><\/div><br><br><span style=\"color: red;\">Seu site usa HTTPS, mas o c\u00f3digo do an\u00fancio cont\u00e9m HTTP e pode n\u00e3o funcionar.<\/span>\t<br><br>\n\t<a style=\"color: green;\" href=\"https:\/\/wpadvancedads.com\/manual\/ad-debug-mode\/?utm_source=advanced-ads&utm_medium=link&utm_campaign=ad-debug-mode\" target=\"_blank\" rel=\"nofollow\">Encontre solu\u00e7\u00f5es no manual<\/a>\n<\/div>\n<\/li><\/ul><\/div><script>( window.advanced_ads_ready || jQuery( document ).ready ).call( null, function() {var $lavraslider369448745 = jQuery( \".lavra-slider-369448745\" );$lavraslider369448745.on( \"unslider.ready\", function() { jQuery( \"div.custom-slider ul li\" ).css( \"display\", \"block\" ); });$lavraslider369448745.unslider({ delay:4000, autoplay:true, nav:false, arrows:false, infinite:true });$lavraslider369448745.on(\"mouseover\", function() {$lavraslider369448745.unslider(\"stop\");}).on(\"mouseout\", function() {$lavraslider369448745.unslider(\"start\");});});<\/script><\/div><p>O deputado estadual F\u00e1bio Cherem esteve reunido na manh\u00e3 desta ter\u00e7a-feira (10) com \u00a0prefeitos da regi\u00e3o que comp\u00f5em a Associa\u00e7\u00e3o dos Munic\u00edpios da Microrregi\u00e3o do Alto Rio Grande (Amalg). O encontro, realizado na sede da prefeitura em Lavras, foi o primeiro passo no sentido de se estabelecer parcerias em torno de a\u00e7\u00f5es conjuntas que promovam o desenvolvimento regional de forma democr\u00e1tica e equilibrada, beneficiando todos os munic\u00edpios atrav\u00e9s de programas e projetos comuns.<\/p>\n<figure id=\"attachment_5524\" aria-describedby=\"caption-attachment-5524\" style=\"width: 735px\" class=\"wp-caption aligncenter\"><img fetchpriority=\"high\" decoding=\"async\" class=\"wp-image-5524 \" src=\"http:\/\/lavras.tv\/site\/wp-content\/uploads\/2017\/01\/prefeitos.jpg\" alt=\"prefeitos\" width=\"735\" height=\"488\" srcset=\"https:\/\/lavras.tv\/site\/wp-content\/uploads\/2017\/01\/prefeitos.jpg 1280w, https:\/\/lavras.tv\/site\/wp-content\/uploads\/2017\/01\/prefeitos-150x100.jpg 150w, https:\/\/lavras.tv\/site\/wp-content\/uploads\/2017\/01\/prefeitos-300x199.jpg 300w, https:\/\/lavras.tv\/site\/wp-content\/uploads\/2017\/01\/prefeitos-1024x680.jpg 1024w, https:\/\/lavras.tv\/site\/wp-content\/uploads\/2017\/01\/prefeitos-480x320.jpg 480w, https:\/\/lavras.tv\/site\/wp-content\/uploads\/2017\/01\/prefeitos-272x182.jpg 272w\" sizes=\"(max-width: 735px) 100vw, 735px\" \/><figcaption id=\"caption-attachment-5524\" class=\"wp-caption-text\">O deputado F\u00e1bio Cherem durante encontro da sede da prefeitura em Lavras: a busca de a\u00e7\u00f5es conjuntas em prol da viabiliza\u00e7\u00e3o de projetos para a regi\u00e3o foi a pauta do encontro.<\/figcaption><\/figure>\n<p>Estiveram presentes \u00e0 reuni\u00e3o os prefeitos de Lavras Jos\u00e9 Cherem, de Ijaci, Fabiano da Silva Moreti, de Ribeir\u00e3o Vermelho, Ana Rosa Lasmar, de Inga\u00ed, Jo\u00e3o Paulo Leite, que tamb\u00e9m \u00e9 o presidente da Amalg, do secret\u00e1rio executivo da entidade, Giuliano Ribeiro Pinto, al\u00e9m da prefeita de Nepomuceno Iza Menezes e assessores.<\/p>\n<p>De acordo com o deputado F\u00e1bio Cherem, o encontro serviu como ponto de partida na busca de unificar esfor\u00e7os para o enfrentamento da crise financeira pela qual passam os munic\u00edpios atrav\u00e9s cria\u00e7\u00e3o de um bloco forte que busque viabilizar projetos nas \u00e1reas de urbaniza\u00e7\u00e3o, infraestrutura, sa\u00fade, educa\u00e7\u00e3o e desenvolvimento econ\u00f4mico. \u201cA ideia \u00e9 retomar o nosso projeto de fazer de Lavras o alicerce para o desenvolvimento na regi\u00e3o, aglutinando uma energia fragmentada dos prefeitos da microrregi\u00e3o, criando novos padr\u00f5es de gest\u00e3o, novos padr\u00f5es para a execu\u00e7\u00e3o de projetos que visem a coletividade. Queremos adotar um conceito de modernidade onde uma cidade, de forma isolada, n\u00e3o consegue resolver os problemas na Sa\u00fade, na Educa\u00e7\u00e3o, de transporte, de seguran\u00e7a p\u00fablica. \u00c9 nessa linha que estamos mobilizando todos os prefeitos em torno do objetivo comum de buscar solu\u00e7\u00f5es neste momento de dificuldade econ\u00f4mica, com boas id\u00e9ias e baixo custo, resgatando a velha m\u00e1xima de que a uni\u00e3o faz a for\u00e7a\u201d, destacou F\u00e1bio Cherem.<\/p>\n<p>Dentre todos os pontos discutidos, as quest\u00f5es referentes ao desenvolvimento urbano e destina\u00e7\u00e3o dos res\u00edduos s\u00f3lidos tiveram uma aten\u00e7\u00e3o especial. \u201cQuando um mandato de inicia, \u00e9 o momento de se pensar naqueles projetos que demandam a aprova\u00e7\u00e3o de \u00f3rg\u00e3os de inst\u00e2ncias superiores, por isso estamos come\u00e7ando desde j\u00e1 discutir propostas e projetos nas \u00e1reas de desenvolvimento urbano, meio ambiente e infraestrutura para que possamos tirar tudo isso do papel e transformar em realidade, resgatando este esp\u00edrito de uni\u00e3o diante do Governo do Estado e da Uni\u00e3o, demonstrando que n\u00e3o \u00e9 uma cidade, mas sim uma regi\u00e3o com v\u00e1rios munic\u00edpios e uma popula\u00e7\u00e3o com mais de trezentos mil habitantes\u201d, salientou o deputado.<\/p>\n<p>O secret\u00e1rio executivo da Amalg, Giuliano Ribeiro, destacou a import\u00e2ncia da uni\u00e3o em torno de projetos comuns que beneficiem todos os munic\u00edpios da regi\u00e3o. \u201cTrata-se de uma vis\u00e3o idealista do deputado F\u00e1bio Cherem e do pr\u00f3prio prefeito Jos\u00e9 Cherem de reunir os prefeitos para juntos buscarmos a viabiliza\u00e7\u00e3o dos projetos, em destaque na \u00e1rea urban\u00edstica, na qual os munic\u00edpios n\u00e3o teriam condi\u00e7\u00f5es de investir sozinhos. Por isso a import\u00e2ncia da iniciativa, da uni\u00e3o de todos e da participa\u00e7\u00e3o da Amalg em torno de propostas que ir\u00e3o beneficiar todos os munic\u00edpios\u201d, disse Giuliano.<\/p>\n<p>O prefeito Jos\u00e9 Cherem, por sua vez, apontou como prioridades as quest\u00f5es do lixo, da \u00e1rea da Sa\u00fade e da crise econ\u00f4mica como prioridades entre os munic\u00edpios da microrregi\u00e3o. \u201cEstamos aliando os interesses em torno do cons\u00f3rcio ambiental, do cons\u00f3rcio de Sa\u00fade de dos problemas financeiros que s\u00e3o comuns a todos os munic\u00edpios da regi\u00e3o. Queremos evitar que algum dos parceiros sofra uma crise mais grave, que inviabilize qualquer a\u00e7\u00e3o, j\u00e1 que isso pode afetar e desequilibrar o grupo como um todo. Estamos trocando id\u00e9ias, trocando experi\u00eancias para viabilizar de forma global a nossa regi\u00e3o. Queremos uma regi\u00e3o forte, n\u00e3o uma cidade forte. Unindo for\u00e7as na nossa regi\u00e3o. Com uma pol\u00edtica forte a gente consegue superar a crise e alcan\u00e7ar grandes conquistas\u201d, frisou Jos\u00e9 Cherem.<\/p>\n","protected":false},"excerpt":{"rendered":"<p>O deputado estadual F\u00e1bio Cherem esteve reunido na manh\u00e3 desta ter\u00e7a-feira (10) com \u00a0prefeitos da regi\u00e3o que comp\u00f5em a Associa\u00e7\u00e3o dos Munic\u00edpios da Microrregi\u00e3o do Alto Rio Grande (Amalg). O encontro, realizado na sede da prefeitura em Lavras, foi o primeiro passo no sentido de se estabelecer parcerias em torno de a\u00e7\u00f5es conjuntas que promovam [&hellip;]<\/p>\n","protected":false},"author":2,"featured_media":5524,"comment_status":"closed","ping_status":"open","sticky":false,"template":"","format":"standard","meta":{"advgb_blocks_editor_width":"","advgb_blocks_columns_visual_guide":"","_exactmetrics_skip_tracking":false,"_exactmetrics_sitenote_active":false,"_exactmetrics_sitenote_note":"","_exactmetrics_sitenote_category":0,"footnotes":""},"categories":[7,12],"tags":[611,2173,2209,2211,2212,128,1082,2210,2213,1138,34,447,396,2208,515],"class_list":["post-5523","post","type-post","status-publish","format-standard","has-post-thumbnail","hentry","category-destaques","category-politica","tag-ana-rosa-lasmar","tag-deputado-fabio-cherem","tag-encontro","tag-fabiano-moreti","tag-giuliano-ribeiro-pinto","tag-ijaci","tag-ingai","tag-iza-menezes","tag-joao-paulo-leite","tag-jose-cherem","tag-lavras","tag-nepomuceno","tag-politica","tag-prefeitos","tag-ribeirao-vermelho"],"better_featured_image":{"id":5524,"alt_text":"","caption":"","description":"","media_type":"image","media_details":{"width":1280,"height":850,"file":"2017\/01\/prefeitos.jpg","sizes":{"thumbnail":{"file":"prefeitos-150x100.jpg","width":150,"height":100,"mime-type":"image\/jpeg","source_url":"https:\/\/lavras.tv\/site\/wp-content\/uploads\/2017\/01\/prefeitos-150x100.jpg"},"medium":{"file":"prefeitos-300x199.jpg","width":300,"height":199,"mime-type":"image\/jpeg","source_url":"https:\/\/lavras.tv\/site\/wp-content\/uploads\/2017\/01\/prefeitos-300x199.jpg"},"large":{"file":"prefeitos-1024x680.jpg","width":1024,"height":680,"mime-type":"image\/jpeg","source_url":"https:\/\/lavras.tv\/site\/wp-content\/uploads\/2017\/01\/prefeitos-1024x680.jpg"},"featured-slider-img":{"file":"prefeitos-640x480.jpg","width":640,"height":480,"mime-type":"image\/jpeg","source_url":"https:\/\/lavras.tv\/site\/wp-content\/uploads\/2017\/01\/prefeitos-640x480.jpg"},"featured-post-img":{"file":"prefeitos-480x320.jpg","width":480,"height":320,"mime-type":"image\/jpeg","source_url":"https:\/\/lavras.tv\/site\/wp-content\/uploads\/2017\/01\/prefeitos-480x320.jpg"},"sow-carousel-default":{"file":"prefeitos-272x182.jpg","width":272,"height":182,"mime-type":"image\/jpeg","source_url":"https:\/\/lavras.tv\/site\/wp-content\/uploads\/2017\/01\/prefeitos-272x182.jpg"}},"image_meta":{"aperture":"0","credit":"","camera":"","caption":"","created_timestamp":"0","copyright":"","focal_length":"0","iso":"0","shutter_speed":"0","title":"","orientation":"0","keywords":[]}},"post":5523,"source_url":"https:\/\/lavras.tv\/site\/wp-content\/uploads\/2017\/01\/prefeitos.jpg"},"author_meta":{"display_name":"Lavras TV","author_link":"https:\/\/lavras.tv\/site\/author\/lavrastv\/"},"featured_img":"https:\/\/lavras.tv\/site\/wp-content\/uploads\/2017\/01\/prefeitos-300x199.jpg","coauthors":[],"tax_additional":{"categories":{"linked":["<a href=\"https:\/\/lavras.tv\/site\/category\/destaques\/\" class=\"advgb-post-tax-term\">Destaques<\/a>","<a href=\"https:\/\/lavras.tv\/site\/category\/politica\/\" class=\"advgb-post-tax-term\">Pol\u00edtica<\/a>"],"unlinked":["<span class=\"advgb-post-tax-term\">Destaques<\/span>","<span class=\"advgb-post-tax-term\">Pol\u00edtica<\/span>"]},"tags":{"linked":["<a href=\"https:\/\/lavras.tv\/site\/category\/politica\/\" class=\"advgb-post-tax-term\">ana rosa lasmar<\/a>","<a href=\"https:\/\/lavras.tv\/site\/category\/politica\/\" class=\"advgb-post-tax-term\">deputado F\u00e1bio Cherem<\/a>","<a href=\"https:\/\/lavras.tv\/site\/category\/politica\/\" class=\"advgb-post-tax-term\">encontro<\/a>","<a href=\"https:\/\/lavras.tv\/site\/category\/politica\/\" class=\"advgb-post-tax-term\">Fabiano Moreti<\/a>","<a href=\"https:\/\/lavras.tv\/site\/category\/politica\/\" class=\"advgb-post-tax-term\">Giuliano Ribeiro Pinto<\/a>","<a href=\"https:\/\/lavras.tv\/site\/category\/politica\/\" class=\"advgb-post-tax-term\">ijaci<\/a>","<a href=\"https:\/\/lavras.tv\/site\/category\/politica\/\" class=\"advgb-post-tax-term\">inga\u00ed<\/a>","<a href=\"https:\/\/lavras.tv\/site\/category\/politica\/\" class=\"advgb-post-tax-term\">Iza Menezes<\/a>","<a href=\"https:\/\/lavras.tv\/site\/category\/politica\/\" class=\"advgb-post-tax-term\">Jo\u00e3o Paulo Leite<\/a>","<a href=\"https:\/\/lavras.tv\/site\/category\/politica\/\" class=\"advgb-post-tax-term\">jos\u00e9 cherem<\/a>","<a href=\"https:\/\/lavras.tv\/site\/category\/politica\/\" class=\"advgb-post-tax-term\">lavras<\/a>","<a href=\"https:\/\/lavras.tv\/site\/category\/politica\/\" class=\"advgb-post-tax-term\">nepomuceno<\/a>","<a href=\"https:\/\/lavras.tv\/site\/category\/politica\/\" class=\"advgb-post-tax-term\">pol\u00edtica<\/a>","<a href=\"https:\/\/lavras.tv\/site\/category\/politica\/\" class=\"advgb-post-tax-term\">prefeitos<\/a>","<a href=\"https:\/\/lavras.tv\/site\/category\/politica\/\" class=\"advgb-post-tax-term\">ribeir\u00e3o vermelho<\/a>"],"unlinked":["<span class=\"advgb-post-tax-term\">ana rosa lasmar<\/span>","<span class=\"advgb-post-tax-term\">deputado F\u00e1bio Cherem<\/span>","<span class=\"advgb-post-tax-term\">encontro<\/span>","<span class=\"advgb-post-tax-term\">Fabiano Moreti<\/span>","<span class=\"advgb-post-tax-term\">Giuliano Ribeiro Pinto<\/span>","<span class=\"advgb-post-tax-term\">ijaci<\/span>","<span class=\"advgb-post-tax-term\">inga\u00ed<\/span>","<span class=\"advgb-post-tax-term\">Iza Menezes<\/span>","<span class=\"advgb-post-tax-term\">Jo\u00e3o Paulo Leite<\/span>","<span class=\"advgb-post-tax-term\">jos\u00e9 cherem<\/span>","<span class=\"advgb-post-tax-term\">lavras<\/span>","<span class=\"advgb-post-tax-term\">nepomuceno<\/span>","<span class=\"advgb-post-tax-term\">pol\u00edtica<\/span>","<span class=\"advgb-post-tax-term\">prefeitos<\/span>","<span class=\"advgb-post-tax-term\">ribeir\u00e3o vermelho<\/span>"]}},"comment_count":"0","relative_dates":{"created":"Publicado 9 anos atr\u00e1s","modified":"Atualizado 9 anos atr\u00e1s"},"absolute_dates":{"created":"Publicado em 11 de janeiro de 2017","modified":"Atualizado em 11 de janeiro de 2017"},"absolute_dates_time":{"created":"Publicado em 11 de janeiro de 2017 09:27","modified":"Atualizado em 11 de janeiro de 2017 09:27"},"featured_img_caption":"","series_order":"","_links":{"self":[{"href":"https:\/\/lavras.tv\/site\/wp-json\/wp\/v2\/posts\/5523","targetHints":{"allow":["GET"]}}],"collection":[{"href":"https:\/\/lavras.tv\/site\/wp-json\/wp\/v2\/posts"}],"about":[{"href":"https:\/\/lavras.tv\/site\/wp-json\/wp\/v2\/types\/post"}],"author":[{"embeddable":true,"href":"https:\/\/lavras.tv\/site\/wp-json\/wp\/v2\/users\/2"}],"replies":[{"embeddable":true,"href":"https:\/\/lavras.tv\/site\/wp-json\/wp\/v2\/comments?post=5523"}],"version-history":[{"count":1,"href":"https:\/\/lavras.tv\/site\/wp-json\/wp\/v2\/posts\/5523\/revisions"}],"predecessor-version":[{"id":5525,"href":"https:\/\/lavras.tv\/site\/wp-json\/wp\/v2\/posts\/5523\/revisions\/5525"}],"wp:featuredmedia":[{"embeddable":true,"href":"https:\/\/lavras.tv\/site\/wp-json\/wp\/v2\/media\/5524"}],"wp:attachment":[{"href":"https:\/\/lavras.tv\/site\/wp-json\/wp\/v2\/media?parent=5523"}],"wp:term":[{"taxonomy":"category","embeddable":true,"href":"https:\/\/lavras.tv\/site\/wp-json\/wp\/v2\/categories?post=5523"},{"taxonomy":"post_tag","embeddable":true,"href":"https:\/\/lavras.tv\/site\/wp-json\/wp\/v2\/tags?post=5523"}],"curies":[{"name":"wp","href":"https:\/\/api.w.org\/{rel}","templated":true}]}}