{"id":5697,"date":"2017-01-17T10:11:47","date_gmt":"2017-01-17T12:11:47","guid":{"rendered":"http:\/\/lavras.tv\/site\/?p=5697"},"modified":"2017-01-17T10:11:47","modified_gmt":"2017-01-17T12:11:47","slug":"temer-quer-acelerar-construcao-de-cinco-presidios-e-fechar-acordo-com-os-estados","status":"publish","type":"post","link":"https:\/\/lavras.tv\/site\/2017\/01\/17\/temer-quer-acelerar-construcao-de-cinco-presidios-e-fechar-acordo-com-os-estados\/","title":{"rendered":"Temer quer acelerar constru\u00e7\u00e3o de cinco pres\u00eddios e fechar acordo com os Estados"},"content":{"rendered":"<div class=\"lavra-antes-do-conteudo_2\" id=\"lavra-1394689370\"><div id=\"lavra-slider-27\" class=\"custom-slider lavra-slider-2648869362 lavra-slider\"><ul><li><div style=\"margin-left: auto;margin-right: auto;text-align: center;\" id=\"lavra-2618782920\"><a href=\"https:\/\/sistemas.lavras.mg.gov.br\/portalcidadao\/#df1b1a7c7b2a290bcb31e32771e610784662739a88807c0dacac58ede5f391a7530e299dc302d611ee73cb143fc22eaf93592e53e7b5bdb01b00a0b8d28dae460c141dd2ff83412e4dc1c31b16b25f33144a9e5620ea73b13f5bc1c59411d98439ad226e8af03840603796067d87afe130812cf3de24982d0e306f9e61e764e5\" aria-label=\"Lavras-TV&#8211;720x104px (1) (1)\"><img src=\"https:\/\/lavras.tv\/site\/wp-content\/uploads\/2025\/01\/Lavras-TV-720x104px-1-1.png\" alt=\"\"  srcset=\"https:\/\/lavras.tv\/site\/wp-content\/uploads\/2025\/01\/Lavras-TV-720x104px-1-1.png 720w, https:\/\/lavras.tv\/site\/wp-content\/uploads\/2025\/01\/Lavras-TV-720x104px-1-1-470x68.png 470w, https:\/\/lavras.tv\/site\/wp-content\/uploads\/2025\/01\/Lavras-TV-720x104px-1-1-170x25.png 170w, https:\/\/lavras.tv\/site\/wp-content\/uploads\/2025\/01\/Lavras-TV-720x104px-1-1-200x29.png 200w\" sizes=\"(max-width: 720px) 100vw, 720px\" width=\"720\" height=\"104\"  style=\"display: inline-block;\" \/><\/a><\/div><\/li><li><a href=\"https:\/\/sistemas.lavras.mg.gov.br\/portalcidadao\/#df1b1a7c7b2a290bcb31e32771e610784662739a88807c0dacac58ede5f391a7530e299dc302d611ee73cb143fc22eaf93592e53e7b5bdb01b00a0b8d28dae460c141dd2ff83412e4dc1c31b16b25f33144a9e5620ea73b13f5bc1c59411d98439ad226e8af03840603796067d87afe130812cf3de24982d0e306f9e61e764e5\" aria-label=\"Banner_Emprego_PortallavrasTV\"><img src=\"https:\/\/lavras.tv\/site\/wp-content\/uploads\/2025\/03\/Banner_Emprego_PortallavrasTV.png\" alt=\"\"  srcset=\"https:\/\/lavras.tv\/site\/wp-content\/uploads\/2025\/03\/Banner_Emprego_PortallavrasTV.png 720w, https:\/\/lavras.tv\/site\/wp-content\/uploads\/2025\/03\/Banner_Emprego_PortallavrasTV-470x68.png 470w, https:\/\/lavras.tv\/site\/wp-content\/uploads\/2025\/03\/Banner_Emprego_PortallavrasTV-170x25.png 170w, https:\/\/lavras.tv\/site\/wp-content\/uploads\/2025\/03\/Banner_Emprego_PortallavrasTV-200x29.png 200w\" sizes=\"(max-width: 720px) 100vw, 720px\" width=\"720\" height=\"104\"   \/><\/a><\/li><li><a href=\"https:\/\/sistemas.lavras.mg.gov.br\/portalcidadao\/#df1b1a7c7b2a290bcb31e32771e610784662739a88807c0dacac58ede5f391a7530e299dc302d611ee73cb143fc22eaf93592e53e7b5bdb01b00a0b8d28dae460c141dd2ff83412e4dc1c31b16b25f33144a9e5620ea73b13f5bc1c59411d98439ad226e8af03840603796067d87afe130812cf3de24982d0e306f9e61e764e5\" aria-label=\"Banner_Obras_PortallavrasTV\"><img src=\"https:\/\/lavras.tv\/site\/wp-content\/uploads\/2025\/03\/Banner_Obras_PortallavrasTV.png\" alt=\"\"  srcset=\"https:\/\/lavras.tv\/site\/wp-content\/uploads\/2025\/03\/Banner_Obras_PortallavrasTV.png 720w, https:\/\/lavras.tv\/site\/wp-content\/uploads\/2025\/03\/Banner_Obras_PortallavrasTV-470x68.png 470w, https:\/\/lavras.tv\/site\/wp-content\/uploads\/2025\/03\/Banner_Obras_PortallavrasTV-170x25.png 170w, https:\/\/lavras.tv\/site\/wp-content\/uploads\/2025\/03\/Banner_Obras_PortallavrasTV-200x29.png 200w\" sizes=\"(max-width: 720px) 100vw, 720px\" width=\"720\" height=\"104\"   \/><\/a><\/li><li><div style=\"margin-left: auto;margin-right: auto;text-align: center;\" id=\"lavra-2812020612\"><a href=\"https:\/\/sistemas.lavras.mg.gov.br\/portalcidadao\/#df1b1a7c7b2a290bcb31e32771e610784662739a88807c0dacac58ede5f391a7530e299dc302d611ee73cb143fc22eaf93592e53e7b5bdb01b00a0b8d28dae460c141dd2ff83412e4dc1c31b16b25f33144a9e5620ea73b13f5bc1c59411d98439ad226e8af03840603796067d87afe130812cf3de24982d0e306f9e61e764e5\" aria-label=\"Banner_Educa\u00e7\u00e3o_PortallavrasTV\"><img src=\"https:\/\/lavras.tv\/site\/wp-content\/uploads\/2025\/01\/Banner_Educacao_PortallavrasTV.png\" alt=\"\"  srcset=\"https:\/\/lavras.tv\/site\/wp-content\/uploads\/2025\/01\/Banner_Educacao_PortallavrasTV.png 720w, https:\/\/lavras.tv\/site\/wp-content\/uploads\/2025\/01\/Banner_Educacao_PortallavrasTV-470x68.png 470w, https:\/\/lavras.tv\/site\/wp-content\/uploads\/2025\/01\/Banner_Educacao_PortallavrasTV-170x25.png 170w, https:\/\/lavras.tv\/site\/wp-content\/uploads\/2025\/01\/Banner_Educacao_PortallavrasTV-200x29.png 200w\" sizes=\"(max-width: 720px) 100vw, 720px\" width=\"720\" height=\"104\"  style=\"display: inline-block;\" \/><\/a><\/div><\/li><li><a href=\"https:\/\/sistemas.lavras.mg.gov.br\/portalcidadao\/#df1b1a7c7b2a290bcb31e32771e610784662739a88807c0dacac58ede5f391a7530e299dc302d611ee73cb143fc22eaf93592e53e7b5bdb01b00a0b8d28dae460c141dd2ff83412e4dc1c31b16b25f33144a9e5620ea73b13f5bc1c59411d98439ad226e8af03840603796067d87afe130812cf3de24982d0e306f9e61e764e5\" aria-label=\"Banner_Sa\u00fade_PortallavrasTV\"><img src=\"https:\/\/lavras.tv\/site\/wp-content\/uploads\/2025\/03\/Banner_Saude_PortallavrasTV.png\" alt=\"\"  srcset=\"https:\/\/lavras.tv\/site\/wp-content\/uploads\/2025\/03\/Banner_Saude_PortallavrasTV.png 720w, https:\/\/lavras.tv\/site\/wp-content\/uploads\/2025\/03\/Banner_Saude_PortallavrasTV-470x68.png 470w, https:\/\/lavras.tv\/site\/wp-content\/uploads\/2025\/03\/Banner_Saude_PortallavrasTV-170x25.png 170w, https:\/\/lavras.tv\/site\/wp-content\/uploads\/2025\/03\/Banner_Saude_PortallavrasTV-200x29.png 200w\" sizes=\"(max-width: 720px) 100vw, 720px\" width=\"720\" height=\"104\"   \/><\/a><\/li><li><div id=\"lavra-1175880803\" style=\"width:720px;height:104px;background-color:#ddd;overflow:scroll;\">\n\t<strong>Sa\u00edda da depura\u00e7\u00e3o de an\u00fancios<\/strong>\n\t<br><br>\n\tO an\u00fancio n\u00e3o \u00e9 exibido na p\u00e1gina<br><br>post atual: Temer quer acelerar constru\u00e7\u00e3o de cinco pres\u00eddios e fechar acordo com os Estados, ID: 5697<br><br><span style=\"color: red;\">O post atual n\u00e3o \u00e9 id\u00eantico ao post principal.<\/span><br><br>An\u00fancios: ROXO - TOPO INTERNA - ROTATIVO 2 (197)<br \/>Grupo de an\u00fancios: Princ_Meio01_720x104 (27)<br><br>Condi\u00e7\u00f5es de exibi\u00e7\u00e3o<div style=\"margin-bottom: 20px; white-space: pre-wrap; font-family: monospace; width: 100%; background: #ffe9e9;\"><strong>condi\u00e7\u00f5es gerais<\/strong><table border=\"1\"><thead><tr><th><\/th><th>An\u00fancios<\/th><th>wp_the_query<\/th><\/tr><\/thead><tr><td>is_main_query<\/td><td>1<\/td><td>1<\/td><\/tr><tr><td>is_rest_api<\/td><td>0<\/td><td>1<\/td><\/tr><tr><td>page<\/td><td>0<\/td><td>1<\/td><\/tr><tr><td>numpages<\/td><td>0<\/td><td>1<\/td><\/tr><tr><td>is_archive<\/td><td>1<\/td><td><\/td><\/tr><tr><td>is_search<\/td><td>1<\/td><td><\/td><\/tr><tr><td>is_home<\/td><td>1<\/td><td><\/td><\/tr><tr><td>is_404<\/td><td>1<\/td><td><\/td><\/tr><tr><td>is_attachment<\/td><td>1<\/td><td><\/td><\/tr><tr><td>is_singular<\/td><td>1<\/td><td><\/td><\/tr><tr><td>is_front_page<\/td><td>1<\/td><td><\/td><\/tr><tr><td>is_feed<\/td><td>1<\/td><td><\/td><\/tr><\/table><\/div><br><br><span style=\"color: red;\">Seu site usa HTTPS, mas o c\u00f3digo do an\u00fancio cont\u00e9m HTTP e pode n\u00e3o funcionar.<\/span>\t<br><br>\n\t<a style=\"color: green;\" href=\"https:\/\/wpadvancedads.com\/manual\/ad-debug-mode\/?utm_source=advanced-ads&utm_medium=link&utm_campaign=ad-debug-mode\" target=\"_blank\" rel=\"nofollow\">Encontre solu\u00e7\u00f5es no manual<\/a>\n<\/div>\n<\/li><\/ul><\/div><script>( window.advanced_ads_ready || jQuery( document ).ready ).call( null, function() {var $lavraslider2648869362 = jQuery( \".lavra-slider-2648869362\" );$lavraslider2648869362.on( \"unslider.ready\", function() { jQuery( \"div.custom-slider ul li\" ).css( \"display\", \"block\" ); });$lavraslider2648869362.unslider({ delay:4000, autoplay:true, nav:false, arrows:false, infinite:true });$lavraslider2648869362.on(\"mouseover\", function() {$lavraslider2648869362.unslider(\"stop\");}).on(\"mouseout\", function() {$lavraslider2648869362.unslider(\"start\");});});<\/script><\/div><p>Em uma tentativa de abrandar a atual crise, o presidente Michel Temer determinou ao ministro da Justi\u00e7a, Alexandre de Moraes, que a pasta conclua a constru\u00e7\u00e3o de cinco pres\u00eddios federais em at\u00e9 um ano.<\/p>\n<p><img fetchpriority=\"high\" decoding=\"async\" class=\"size-full wp-image-5352 aligncenter\" src=\"http:\/\/lavras.tv\/site\/wp-content\/uploads\/2017\/01\/temer.jpg\" alt=\"temer\" width=\"1200\" height=\"753\" srcset=\"https:\/\/lavras.tv\/site\/wp-content\/uploads\/2017\/01\/temer.jpg 1200w, https:\/\/lavras.tv\/site\/wp-content\/uploads\/2017\/01\/temer-150x94.jpg 150w, https:\/\/lavras.tv\/site\/wp-content\/uploads\/2017\/01\/temer-300x188.jpg 300w, https:\/\/lavras.tv\/site\/wp-content\/uploads\/2017\/01\/temer-1024x643.jpg 1024w\" sizes=\"(max-width: 1200px) 100vw, 1200px\" \/><\/p>\n<p>A implementa\u00e7\u00e3o dos estabelecimentos prisionais est\u00e1 prevista no Plano Nacional de Seguran\u00e7a P\u00fablica anunciado por Temer no dia 5. De acordo com o presidente, a ideia \u00e9 dividir as vagas pelas cinco regi\u00f5es do Pa\u00eds. At\u00e9 o momento, apenas o Rio Grande do Sul teve a confirma\u00e7\u00e3o de que ser\u00e1 um dos Estados contemplados.<\/p>\n<p>De acordo com auxiliares palacianos, para dar celeridade \u00e0 constru\u00e7\u00e3o dos pres\u00eddios, Temer solicitou ao minist\u00e9rio que siga o modelo adotado pelo Esp\u00edrito Santo, em que as edifica\u00e7\u00f5es s\u00e3o feitas por m\u00f3dulos. O governador do Estado, Paulo Hartung, conversou com Temer nos \u00faltimos dias sobre os benef\u00edcios desse tipo de constru\u00e7\u00e3o. Na conversa foi lembrado que o levantamento de um pres\u00eddio, de forma tradicional, pode levar at\u00e9 cinco anos. Ao acelerar a constru\u00e7\u00e3o de novos centros de deten\u00e7\u00e3o, o Executivo tamb\u00e9m espera que os governos estaduais tomem provid\u00eancias no mesmo sentido.<\/p>\n<p>Um encontro entre Temer e os governadores dos 26 Estados e do Distrito Federal est\u00e1 previsto para quarta-feira, 18, no Pal\u00e1cio do Planalto. Na ocasi\u00e3o, os chefes dos executivos estaduais dever\u00e3o assinar os compromissos estabelecidos no Plano Nacional de Seguran\u00e7a P\u00fablica. O gesto \u00e9 considerado apenas como pol\u00edtico e simb\u00f3lico, uma vez que na v\u00e9spera Alexandre de Moraes deve fechar o texto em reuni\u00e3o com os secret\u00e1rios de Seguran\u00e7a estaduais.<\/p>\n<p>Entre as medidas que devem ser assinadas nesta quarta-feira, 18 est\u00e1 um acordo de integra\u00e7\u00e3o entre o governo federal e os estaduais no sentido de facilitar a troca de informa\u00e7\u00f5es sobre a realidade prisional e criminal em cada uma das localidades. Na an\u00e1lise de integrantes do governo envolvidos nas discuss\u00f5es, a falta de dados \u00e9 um dos principais complicadores para se tirar do papel a\u00e7\u00f5es de m\u00e9dio e longo prazo na \u00e1rea de seguran\u00e7a.<\/p>\n<p>Mais encontros. A discuss\u00e3o sobre a atual crise do sistema penitenci\u00e1rio tamb\u00e9m fez parte de encontro realizado entre o presidente Michel Temer e o ex-ministro do Supremo Tribunal Federal Ayres Brito na segunda-feira, 16, em Bras\u00edlia. O ex-ministro \u00e9 amigo de Temer h\u00e1 mais de tr\u00eas d\u00e9cadas e foi cotado, no in\u00edcio do governo, para assumir a Justi\u00e7a. Na segunda-feira, 16, o presidente ainda se reuniu com Alexandre de Moraes, ocasi\u00e3o em que o ministro relatou a situa\u00e7\u00e3o da Penitenci\u00e1ria de Alca\u00e7uz, no Rio Grande do Norte. Apesar das cr\u00edticas de v\u00e1rios setores, o ministro contaria com \u201ctodo apoio do presidente\u201d, que consideraria sua gest\u00e3o como &#8220;boa&#8221;.<\/p>\n<p>Fonte: Itatiaia<\/p>\n","protected":false},"excerpt":{"rendered":"<p>Em uma tentativa de abrandar a atual crise, o presidente Michel Temer determinou ao ministro da Justi\u00e7a, Alexandre de Moraes, que a pasta conclua a constru\u00e7\u00e3o de cinco pres\u00eddios federais em at\u00e9 um ano. A implementa\u00e7\u00e3o dos estabelecimentos prisionais est\u00e1 prevista no Plano Nacional de Seguran\u00e7a P\u00fablica anunciado por Temer no dia 5. De acordo [&hellip;]<\/p>\n","protected":false},"author":2,"featured_media":5352,"comment_status":"closed","ping_status":"open","sticky":false,"template":"","format":"standard","meta":{"advgb_blocks_editor_width":"","advgb_blocks_columns_visual_guide":"","_exactmetrics_skip_tracking":false,"_exactmetrics_sitenote_active":false,"_exactmetrics_sitenote_note":"","_exactmetrics_sitenote_category":0,"footnotes":""},"categories":[12],"tags":[2300,396,2299,1933],"class_list":["post-5697","post","type-post","status-publish","format-standard","has-post-thumbnail","hentry","category-politica","tag-crise-carceraria","tag-politica","tag-presidios","tag-temer"],"better_featured_image":{"id":5352,"alt_text":"","caption":"","description":"","media_type":"image","media_details":{"width":1200,"height":753,"file":"2017\/01\/temer.jpg","sizes":{"thumbnail":{"file":"temer-150x94.jpg","width":150,"height":94,"mime-type":"image\/jpeg","source_url":"https:\/\/lavras.tv\/site\/wp-content\/uploads\/2017\/01\/temer-150x94.jpg"},"medium":{"file":"temer-300x188.jpg","width":300,"height":188,"mime-type":"image\/jpeg","source_url":"https:\/\/lavras.tv\/site\/wp-content\/uploads\/2017\/01\/temer-300x188.jpg"},"large":{"file":"temer-1024x643.jpg","width":1024,"height":643,"mime-type":"image\/jpeg","source_url":"https:\/\/lavras.tv\/site\/wp-content\/uploads\/2017\/01\/temer-1024x643.jpg"},"featured-slider-img":{"file":"temer-640x480.jpg","width":640,"height":480,"mime-type":"image\/jpeg","source_url":"https:\/\/lavras.tv\/site\/wp-content\/uploads\/2017\/01\/temer-640x480.jpg"},"featured-post-img":{"file":"temer-480x320.jpg","width":480,"height":320,"mime-type":"image\/jpeg","source_url":"https:\/\/lavras.tv\/site\/wp-content\/uploads\/2017\/01\/temer-480x320.jpg"},"sow-carousel-default":{"file":"temer-272x182.jpg","width":272,"height":182,"mime-type":"image\/jpeg","source_url":"https:\/\/lavras.tv\/site\/wp-content\/uploads\/2017\/01\/temer-272x182.jpg"}},"image_meta":{"aperture":"0","credit":"","camera":"","caption":"","created_timestamp":"0","copyright":"","focal_length":"0","iso":"0","shutter_speed":"0","title":"","orientation":"0","keywords":[]}},"post":5351,"source_url":"https:\/\/lavras.tv\/site\/wp-content\/uploads\/2017\/01\/temer.jpg"},"author_meta":{"display_name":"Lavras TV","author_link":"https:\/\/lavras.tv\/site\/author\/lavrastv\/"},"featured_img":"https:\/\/lavras.tv\/site\/wp-content\/uploads\/2017\/01\/temer-300x188.jpg","coauthors":[],"tax_additional":{"categories":{"linked":["<a href=\"https:\/\/lavras.tv\/site\/category\/politica\/\" class=\"advgb-post-tax-term\">Pol\u00edtica<\/a>"],"unlinked":["<span class=\"advgb-post-tax-term\">Pol\u00edtica<\/span>"]},"tags":{"linked":["<a href=\"https:\/\/lavras.tv\/site\/category\/politica\/\" class=\"advgb-post-tax-term\">crise carcer\u00e1ria<\/a>","<a href=\"https:\/\/lavras.tv\/site\/category\/politica\/\" class=\"advgb-post-tax-term\">pol\u00edtica<\/a>","<a href=\"https:\/\/lavras.tv\/site\/category\/politica\/\" class=\"advgb-post-tax-term\">pres\u00eddios<\/a>","<a href=\"https:\/\/lavras.tv\/site\/category\/politica\/\" class=\"advgb-post-tax-term\">Temer<\/a>"],"unlinked":["<span class=\"advgb-post-tax-term\">crise carcer\u00e1ria<\/span>","<span class=\"advgb-post-tax-term\">pol\u00edtica<\/span>","<span class=\"advgb-post-tax-term\">pres\u00eddios<\/span>","<span class=\"advgb-post-tax-term\">Temer<\/span>"]}},"comment_count":"0","relative_dates":{"created":"Publicado 9 anos atr\u00e1s","modified":"Atualizado 9 anos atr\u00e1s"},"absolute_dates":{"created":"Publicado em 17 de janeiro de 2017","modified":"Atualizado em 17 de janeiro de 2017"},"absolute_dates_time":{"created":"Publicado em 17 de janeiro de 2017 10:11","modified":"Atualizado em 17 de janeiro de 2017 10:11"},"featured_img_caption":"","series_order":"","_links":{"self":[{"href":"https:\/\/lavras.tv\/site\/wp-json\/wp\/v2\/posts\/5697","targetHints":{"allow":["GET"]}}],"collection":[{"href":"https:\/\/lavras.tv\/site\/wp-json\/wp\/v2\/posts"}],"about":[{"href":"https:\/\/lavras.tv\/site\/wp-json\/wp\/v2\/types\/post"}],"author":[{"embeddable":true,"href":"https:\/\/lavras.tv\/site\/wp-json\/wp\/v2\/users\/2"}],"replies":[{"embeddable":true,"href":"https:\/\/lavras.tv\/site\/wp-json\/wp\/v2\/comments?post=5697"}],"version-history":[{"count":1,"href":"https:\/\/lavras.tv\/site\/wp-json\/wp\/v2\/posts\/5697\/revisions"}],"predecessor-version":[{"id":5698,"href":"https:\/\/lavras.tv\/site\/wp-json\/wp\/v2\/posts\/5697\/revisions\/5698"}],"wp:featuredmedia":[{"embeddable":true,"href":"https:\/\/lavras.tv\/site\/wp-json\/wp\/v2\/media\/5352"}],"wp:attachment":[{"href":"https:\/\/lavras.tv\/site\/wp-json\/wp\/v2\/media?parent=5697"}],"wp:term":[{"taxonomy":"category","embeddable":true,"href":"https:\/\/lavras.tv\/site\/wp-json\/wp\/v2\/categories?post=5697"},{"taxonomy":"post_tag","embeddable":true,"href":"https:\/\/lavras.tv\/site\/wp-json\/wp\/v2\/tags?post=5697"}],"curies":[{"name":"wp","href":"https:\/\/api.w.org\/{rel}","templated":true}]}}