{"id":5699,"date":"2017-01-17T10:15:43","date_gmt":"2017-01-17T12:15:43","guid":{"rendered":"http:\/\/lavras.tv\/site\/?p=5699"},"modified":"2017-01-17T10:15:43","modified_gmt":"2017-01-17T12:15:43","slug":"primeira-liga-divulga-tabela-do-torneio-de-2017","status":"publish","type":"post","link":"https:\/\/lavras.tv\/site\/2017\/01\/17\/primeira-liga-divulga-tabela-do-torneio-de-2017\/","title":{"rendered":"Primeira Liga divulga tabela do torneio de 2017"},"content":{"rendered":"<div class=\"lavra-antes-do-conteudo_2\" id=\"lavra-1625243096\"><div id=\"lavra-slider-27\" class=\"custom-slider lavra-slider-1860173530 lavra-slider\"><ul><li><div style=\"margin-left: auto;margin-right: auto;text-align: center;\" id=\"lavra-3578581277\"><a href=\"https:\/\/sistemas.lavras.mg.gov.br\/portalcidadao\/#df1b1a7c7b2a290bcb31e32771e610784662739a88807c0dacac58ede5f391a7530e299dc302d611ee73cb143fc22eaf93592e53e7b5bdb01b00a0b8d28dae460c141dd2ff83412e4dc1c31b16b25f33144a9e5620ea73b13f5bc1c59411d98439ad226e8af03840603796067d87afe130812cf3de24982d0e306f9e61e764e5\" aria-label=\"Lavras-TV&#8211;720x104px (1) (1)\"><img src=\"https:\/\/lavras.tv\/site\/wp-content\/uploads\/2025\/01\/Lavras-TV-720x104px-1-1.png\" alt=\"\"  srcset=\"https:\/\/lavras.tv\/site\/wp-content\/uploads\/2025\/01\/Lavras-TV-720x104px-1-1.png 720w, https:\/\/lavras.tv\/site\/wp-content\/uploads\/2025\/01\/Lavras-TV-720x104px-1-1-470x68.png 470w, https:\/\/lavras.tv\/site\/wp-content\/uploads\/2025\/01\/Lavras-TV-720x104px-1-1-170x25.png 170w, https:\/\/lavras.tv\/site\/wp-content\/uploads\/2025\/01\/Lavras-TV-720x104px-1-1-200x29.png 200w\" sizes=\"(max-width: 720px) 100vw, 720px\" width=\"720\" height=\"104\"  style=\"display: inline-block;\" \/><\/a><\/div><\/li><li><a href=\"https:\/\/sistemas.lavras.mg.gov.br\/portalcidadao\/#df1b1a7c7b2a290bcb31e32771e610784662739a88807c0dacac58ede5f391a7530e299dc302d611ee73cb143fc22eaf93592e53e7b5bdb01b00a0b8d28dae460c141dd2ff83412e4dc1c31b16b25f33144a9e5620ea73b13f5bc1c59411d98439ad226e8af03840603796067d87afe130812cf3de24982d0e306f9e61e764e5\" aria-label=\"Banner_Emprego_PortallavrasTV\"><img src=\"https:\/\/lavras.tv\/site\/wp-content\/uploads\/2025\/03\/Banner_Emprego_PortallavrasTV.png\" alt=\"\"  srcset=\"https:\/\/lavras.tv\/site\/wp-content\/uploads\/2025\/03\/Banner_Emprego_PortallavrasTV.png 720w, https:\/\/lavras.tv\/site\/wp-content\/uploads\/2025\/03\/Banner_Emprego_PortallavrasTV-470x68.png 470w, https:\/\/lavras.tv\/site\/wp-content\/uploads\/2025\/03\/Banner_Emprego_PortallavrasTV-170x25.png 170w, https:\/\/lavras.tv\/site\/wp-content\/uploads\/2025\/03\/Banner_Emprego_PortallavrasTV-200x29.png 200w\" sizes=\"(max-width: 720px) 100vw, 720px\" width=\"720\" height=\"104\"   \/><\/a><\/li><li><a href=\"https:\/\/sistemas.lavras.mg.gov.br\/portalcidadao\/#df1b1a7c7b2a290bcb31e32771e610784662739a88807c0dacac58ede5f391a7530e299dc302d611ee73cb143fc22eaf93592e53e7b5bdb01b00a0b8d28dae460c141dd2ff83412e4dc1c31b16b25f33144a9e5620ea73b13f5bc1c59411d98439ad226e8af03840603796067d87afe130812cf3de24982d0e306f9e61e764e5\" aria-label=\"Banner_Obras_PortallavrasTV\"><img src=\"https:\/\/lavras.tv\/site\/wp-content\/uploads\/2025\/03\/Banner_Obras_PortallavrasTV.png\" alt=\"\"  srcset=\"https:\/\/lavras.tv\/site\/wp-content\/uploads\/2025\/03\/Banner_Obras_PortallavrasTV.png 720w, https:\/\/lavras.tv\/site\/wp-content\/uploads\/2025\/03\/Banner_Obras_PortallavrasTV-470x68.png 470w, https:\/\/lavras.tv\/site\/wp-content\/uploads\/2025\/03\/Banner_Obras_PortallavrasTV-170x25.png 170w, https:\/\/lavras.tv\/site\/wp-content\/uploads\/2025\/03\/Banner_Obras_PortallavrasTV-200x29.png 200w\" sizes=\"(max-width: 720px) 100vw, 720px\" width=\"720\" height=\"104\"   \/><\/a><\/li><li><div style=\"margin-left: auto;margin-right: auto;text-align: center;\" id=\"lavra-2908984080\"><a href=\"https:\/\/sistemas.lavras.mg.gov.br\/portalcidadao\/#df1b1a7c7b2a290bcb31e32771e610784662739a88807c0dacac58ede5f391a7530e299dc302d611ee73cb143fc22eaf93592e53e7b5bdb01b00a0b8d28dae460c141dd2ff83412e4dc1c31b16b25f33144a9e5620ea73b13f5bc1c59411d98439ad226e8af03840603796067d87afe130812cf3de24982d0e306f9e61e764e5\" aria-label=\"Banner_Educa\u00e7\u00e3o_PortallavrasTV\"><img src=\"https:\/\/lavras.tv\/site\/wp-content\/uploads\/2025\/01\/Banner_Educacao_PortallavrasTV.png\" alt=\"\"  srcset=\"https:\/\/lavras.tv\/site\/wp-content\/uploads\/2025\/01\/Banner_Educacao_PortallavrasTV.png 720w, https:\/\/lavras.tv\/site\/wp-content\/uploads\/2025\/01\/Banner_Educacao_PortallavrasTV-470x68.png 470w, https:\/\/lavras.tv\/site\/wp-content\/uploads\/2025\/01\/Banner_Educacao_PortallavrasTV-170x25.png 170w, https:\/\/lavras.tv\/site\/wp-content\/uploads\/2025\/01\/Banner_Educacao_PortallavrasTV-200x29.png 200w\" sizes=\"(max-width: 720px) 100vw, 720px\" width=\"720\" height=\"104\"  style=\"display: inline-block;\" \/><\/a><\/div><\/li><li><a href=\"https:\/\/sistemas.lavras.mg.gov.br\/portalcidadao\/#df1b1a7c7b2a290bcb31e32771e610784662739a88807c0dacac58ede5f391a7530e299dc302d611ee73cb143fc22eaf93592e53e7b5bdb01b00a0b8d28dae460c141dd2ff83412e4dc1c31b16b25f33144a9e5620ea73b13f5bc1c59411d98439ad226e8af03840603796067d87afe130812cf3de24982d0e306f9e61e764e5\" aria-label=\"Banner_Sa\u00fade_PortallavrasTV\"><img src=\"https:\/\/lavras.tv\/site\/wp-content\/uploads\/2025\/03\/Banner_Saude_PortallavrasTV.png\" alt=\"\"  srcset=\"https:\/\/lavras.tv\/site\/wp-content\/uploads\/2025\/03\/Banner_Saude_PortallavrasTV.png 720w, https:\/\/lavras.tv\/site\/wp-content\/uploads\/2025\/03\/Banner_Saude_PortallavrasTV-470x68.png 470w, https:\/\/lavras.tv\/site\/wp-content\/uploads\/2025\/03\/Banner_Saude_PortallavrasTV-170x25.png 170w, https:\/\/lavras.tv\/site\/wp-content\/uploads\/2025\/03\/Banner_Saude_PortallavrasTV-200x29.png 200w\" sizes=\"(max-width: 720px) 100vw, 720px\" width=\"720\" height=\"104\"   \/><\/a><\/li><li><div id=\"lavra-2935988151\" style=\"width:720px;height:104px;background-color:#ddd;overflow:scroll;\">\n\t<strong>Sa\u00edda da depura\u00e7\u00e3o de an\u00fancios<\/strong>\n\t<br><br>\n\tO an\u00fancio n\u00e3o \u00e9 exibido na p\u00e1gina<br><br>post atual: Primeira Liga divulga tabela do torneio de 2017, ID: 5699<br><br><span style=\"color: red;\">O post atual n\u00e3o \u00e9 id\u00eantico ao post principal.<\/span><br><br>An\u00fancios: ROXO - TOPO INTERNA - ROTATIVO 2 (197)<br \/>Grupo de an\u00fancios: Princ_Meio01_720x104 (27)<br><br>Condi\u00e7\u00f5es de exibi\u00e7\u00e3o<div style=\"margin-bottom: 20px; white-space: pre-wrap; font-family: monospace; width: 100%; background: #ffe9e9;\"><strong>condi\u00e7\u00f5es gerais<\/strong><table border=\"1\"><thead><tr><th><\/th><th>An\u00fancios<\/th><th>wp_the_query<\/th><\/tr><\/thead><tr><td>is_main_query<\/td><td>1<\/td><td>1<\/td><\/tr><tr><td>is_rest_api<\/td><td>0<\/td><td>1<\/td><\/tr><tr><td>page<\/td><td>0<\/td><td>1<\/td><\/tr><tr><td>numpages<\/td><td>0<\/td><td>1<\/td><\/tr><tr><td>is_archive<\/td><td>1<\/td><td><\/td><\/tr><tr><td>is_search<\/td><td>1<\/td><td><\/td><\/tr><tr><td>is_home<\/td><td>1<\/td><td><\/td><\/tr><tr><td>is_404<\/td><td>1<\/td><td><\/td><\/tr><tr><td>is_attachment<\/td><td>1<\/td><td><\/td><\/tr><tr><td>is_singular<\/td><td>1<\/td><td><\/td><\/tr><tr><td>is_front_page<\/td><td>1<\/td><td><\/td><\/tr><tr><td>is_feed<\/td><td>1<\/td><td><\/td><\/tr><\/table><\/div><br><br><span style=\"color: red;\">Seu site usa HTTPS, mas o c\u00f3digo do an\u00fancio cont\u00e9m HTTP e pode n\u00e3o funcionar.<\/span>\t<br><br>\n\t<a style=\"color: green;\" href=\"https:\/\/wpadvancedads.com\/manual\/ad-debug-mode\/?utm_source=advanced-ads&utm_medium=link&utm_campaign=ad-debug-mode\" target=\"_blank\" rel=\"nofollow\">Encontre solu\u00e7\u00f5es no manual<\/a>\n<\/div>\n<\/li><\/ul><\/div><script>( window.advanced_ads_ready || jQuery( document ).ready ).call( null, function() {var $lavraslider1860173530 = jQuery( \".lavra-slider-1860173530\" );$lavraslider1860173530.on( \"unslider.ready\", function() { jQuery( \"div.custom-slider ul li\" ).css( \"display\", \"block\" ); });$lavraslider1860173530.unslider({ delay:4000, autoplay:true, nav:false, arrows:false, infinite:true });$lavraslider1860173530.on(\"mouseover\", function() {$lavraslider1860173530.unslider(\"stop\");}).on(\"mouseout\", function() {$lavraslider1860173530.unslider(\"start\");});});<\/script><\/div><p>A organiza\u00e7\u00e3o da Primeira Liga anunciou, nesta segunda-feira, a tabela completa do torneio de 2017. A competi\u00e7\u00e3o ser\u00e1 aberta com o atual campe\u00e3o Fluminense recebendo o Crici\u00fama, no pr\u00f3ximo dia 24, \u00e0s 20h. A final est\u00e1 marcada para o dia 8 de outubro, um s\u00e1bado, \u00e0s 19h30.<\/p>\n<p>O primeiro clube mineiro a estrear na Primeira Liga ser\u00e1 o Am\u00e9rica, no pr\u00f3ximo dia 26, quinta-feira, \u00e0s 19h15, contra o Cear\u00e1, no Independ\u00eancia. No dia 1\u00ba de fevereiro, \u00e0s 19h30, Cruzeiro e Atl\u00e9tico come\u00e7am no torneio fazendo o primeiro cl\u00e1ssico da temporada.<\/p>\n<p>A Primeira Liga 2017 contar\u00e1 com 16 clubes divididos em quatro grupos. As equipes se enfrentam dentro da chave, com as duas melhores de cada grupo passando para as quartas de final. Ainda haver\u00e1 semifinal e final, ambas decididas em jogo \u00fanico.<\/p>\n<p><strong>Confira a tabela completa da Primeira Liga 2017:<\/strong><\/p>\n<p><em>24 de janeiro (ter\u00e7a-feira)<\/em><\/p>\n<p>20:00h &#8211; FLUMINENSE X CRICI\u00daMA<\/p>\n<p><em>25 de janeiro (quarta-feira)<\/em><\/p>\n<p>19:00h &#8211; PARAN\u00c1 X AVA\u00cd<\/p>\n<p>19:00h &#8211; FIGUEIRENSE X LONDRINA<\/p>\n<p><em>26 de janeiro (quinta-feira)<\/em><\/p>\n<p>19:15h &#8211; AM\u00c9RICA X CEAR\u00c1<\/p>\n<p>21:30h &#8211; CHAPECOENSE X JOINVILLE<\/p>\n<p><em>31 de janeiro (ter\u00e7a-feira)<\/em><\/p>\n<p>19:00h &#8211; AVA\u00cd X LONDRINA<\/p>\n<p><em>1\u00ba de fevereiro (quarta-feira)<\/em><\/p>\n<p>19:30h &#8211; CRUZEIRO X ATL\u00c9TICO<\/p>\n<p>19:30h &#8211; INTERNACIONAL X BRASIL-RS<\/p>\n<p><em>7 de fevereiro (ter\u00e7a-feira)<\/em><\/p>\n<p>19:30h &#8211; BRASIL-RS X CRICI\u00daMA<\/p>\n<p><em>8 de fevereiro (quarta-feira)<\/em><\/p>\n<p>19:30h &#8211; FLAMENGO X GR\u00caMIO<\/p>\n<p>19:30h &#8211; CRUZEIRO X CHAPECOENSE<\/p>\n<p><em>9 de fevereiro (quinta-feira)<\/em><\/p>\n<p>19:15h &#8211; INTERNACIONAL X FLUMINENSE<\/p>\n<p>21:30h &#8211; ATL\u00c9TICO X JOINVILLE<\/p>\n<p><em>16 de fevereiro (quinta-feira)<\/em><\/p>\n<p>19:15h &#8211; LONDRINA X PARAN\u00c1<\/p>\n<p>21:30h &#8211; FLAMENGO X AM\u00c9RICA<\/p>\n<p><em>22 de fevereiro (quarta-feira)<\/em><\/p>\n<p>19:30h &#8211; JOINVILLE X CRUZEIRO<\/p>\n<p>19:30h &#8211; GREMIO x AMERICA<\/p>\n<p><em>23 de fevereiro (quinta-feira)<\/em><\/p>\n<p>19:15h &#8211; CRICI\u00daMA X INTERNACIONAL<\/p>\n<p>21:30h &#8211; CEAR\u00c1 X FLAMENGO<\/p>\n<p><em>24 de fevereiro (sexta-feira)<\/em><\/p>\n<p>19:15h &#8211; PARAN\u00c1 X FIGUEIRENSE<\/p>\n<p><em>1\u00ba de mar\u00e7o (quarta-feira)<\/em><\/p>\n<p>19:30h &#8211; FLLUMINENSE X BRASIL-RS<\/p>\n<p>19:30h &#8211; FIGUEIRENSE X AVA\u00cd<\/p>\n<p><em>2 de mar\u00e7o (quinta-feira)<\/em><\/p>\n<p>19:15h &#8211; GR\u00caMIO X CEAR\u00c1<\/p>\n<p>21:30h &#8211; CHAPECOENSE X ATL\u00c9TICO<\/p>\n<p><em>29 de agosto (ter\u00e7a-feira)<\/em><\/p>\n<p>19:15h &#8211; QUARTAS DE FINAL<\/p>\n<p>21:45h &#8211; QUARTAS DE FINAL<\/p>\n<p><em>30 de agosto (quarta-feira)<\/em><\/p>\n<p>19:15h &#8211; QUARTAS DE FINAL<\/p>\n<p>21:45h &#8211; QUARTAS DE FINAL<\/p>\n<p><em>3 de setembro (domingo)<\/em><\/p>\n<p>18:00h &#8211; SEMIFINAL<\/p>\n<p>20:30h &#8211; SEMIFINAL<\/p>\n<p><em>8 de outubro (domingo)<\/em><\/p>\n<p>19:30h &#8211; FINAL<\/p>\n<p>&nbsp;<\/p>\n<p>Fonte: Itatiaia<\/p>\n","protected":false},"excerpt":{"rendered":"<p>A organiza\u00e7\u00e3o da Primeira Liga anunciou, nesta segunda-feira, a tabela completa do torneio de 2017. A competi\u00e7\u00e3o ser\u00e1 aberta com o atual campe\u00e3o Fluminense recebendo o Crici\u00fama, no pr\u00f3ximo dia 24, \u00e0s 20h. A final est\u00e1 marcada para o dia 8 de outubro, um s\u00e1bado, \u00e0s 19h30. O primeiro clube mineiro a estrear na Primeira [&hellip;]<\/p>\n","protected":false},"author":2,"featured_media":3900,"comment_status":"closed","ping_status":"open","sticky":false,"template":"","format":"standard","meta":{"advgb_blocks_editor_width":"","advgb_blocks_columns_visual_guide":"","_exactmetrics_skip_tracking":false,"_exactmetrics_sitenote_active":false,"_exactmetrics_sitenote_note":"","_exactmetrics_sitenote_category":0,"footnotes":""},"categories":[3],"tags":[966,1036,2301,1568,1642],"class_list":["post-5699","post","type-post","status-publish","format-standard","has-post-thumbnail","hentry","category-esportes","tag-esporte","tag-futebol","tag-jogos","tag-primeira-liga","tag-tabela"],"better_featured_image":{"id":3900,"alt_text":"","caption":"","description":"","media_type":"image","media_details":{"width":275,"height":183,"file":"2016\/11\/futebol.jpg","sizes":{"thumbnail":{"file":"futebol-150x100.jpg","width":150,"height":100,"mime-type":"image\/jpeg","source_url":"https:\/\/lavras.tv\/site\/wp-content\/uploads\/2016\/11\/futebol-150x100.jpg"},"sow-carousel-default":{"file":"futebol-272x182.jpg","width":272,"height":182,"mime-type":"image\/jpeg","source_url":"https:\/\/lavras.tv\/site\/wp-content\/uploads\/2016\/11\/futebol-272x182.jpg"}},"image_meta":{"aperture":"0","credit":"","camera":"","caption":"","created_timestamp":"0","copyright":"","focal_length":"0","iso":"0","shutter_speed":"0","title":"","orientation":"0","keywords":[]}},"post":3899,"source_url":"https:\/\/lavras.tv\/site\/wp-content\/uploads\/2016\/11\/futebol.jpg"},"author_meta":{"display_name":"Lavras TV","author_link":"https:\/\/lavras.tv\/site\/author\/lavrastv\/"},"featured_img":"https:\/\/lavras.tv\/site\/wp-content\/uploads\/2016\/11\/futebol.jpg","coauthors":[],"tax_additional":{"categories":{"linked":["<a href=\"https:\/\/lavras.tv\/site\/category\/esportes\/\" class=\"advgb-post-tax-term\">Esportes<\/a>"],"unlinked":["<span class=\"advgb-post-tax-term\">Esportes<\/span>"]},"tags":{"linked":["<a href=\"https:\/\/lavras.tv\/site\/category\/esportes\/\" class=\"advgb-post-tax-term\">esporte<\/a>","<a href=\"https:\/\/lavras.tv\/site\/category\/esportes\/\" class=\"advgb-post-tax-term\">futebol<\/a>","<a href=\"https:\/\/lavras.tv\/site\/category\/esportes\/\" class=\"advgb-post-tax-term\">jogos<\/a>","<a href=\"https:\/\/lavras.tv\/site\/category\/esportes\/\" class=\"advgb-post-tax-term\">primeira liga<\/a>","<a href=\"https:\/\/lavras.tv\/site\/category\/esportes\/\" class=\"advgb-post-tax-term\">tabela<\/a>"],"unlinked":["<span class=\"advgb-post-tax-term\">esporte<\/span>","<span class=\"advgb-post-tax-term\">futebol<\/span>","<span class=\"advgb-post-tax-term\">jogos<\/span>","<span class=\"advgb-post-tax-term\">primeira liga<\/span>","<span class=\"advgb-post-tax-term\">tabela<\/span>"]}},"comment_count":"0","relative_dates":{"created":"Publicado 9 anos atr\u00e1s","modified":"Atualizado 9 anos atr\u00e1s"},"absolute_dates":{"created":"Publicado em 17 de janeiro de 2017","modified":"Atualizado em 17 de janeiro de 2017"},"absolute_dates_time":{"created":"Publicado em 17 de janeiro de 2017 10:15","modified":"Atualizado em 17 de janeiro de 2017 10:15"},"featured_img_caption":"","series_order":"","_links":{"self":[{"href":"https:\/\/lavras.tv\/site\/wp-json\/wp\/v2\/posts\/5699","targetHints":{"allow":["GET"]}}],"collection":[{"href":"https:\/\/lavras.tv\/site\/wp-json\/wp\/v2\/posts"}],"about":[{"href":"https:\/\/lavras.tv\/site\/wp-json\/wp\/v2\/types\/post"}],"author":[{"embeddable":true,"href":"https:\/\/lavras.tv\/site\/wp-json\/wp\/v2\/users\/2"}],"replies":[{"embeddable":true,"href":"https:\/\/lavras.tv\/site\/wp-json\/wp\/v2\/comments?post=5699"}],"version-history":[{"count":1,"href":"https:\/\/lavras.tv\/site\/wp-json\/wp\/v2\/posts\/5699\/revisions"}],"predecessor-version":[{"id":5700,"href":"https:\/\/lavras.tv\/site\/wp-json\/wp\/v2\/posts\/5699\/revisions\/5700"}],"wp:featuredmedia":[{"embeddable":true,"href":"https:\/\/lavras.tv\/site\/wp-json\/wp\/v2\/media\/3900"}],"wp:attachment":[{"href":"https:\/\/lavras.tv\/site\/wp-json\/wp\/v2\/media?parent=5699"}],"wp:term":[{"taxonomy":"category","embeddable":true,"href":"https:\/\/lavras.tv\/site\/wp-json\/wp\/v2\/categories?post=5699"},{"taxonomy":"post_tag","embeddable":true,"href":"https:\/\/lavras.tv\/site\/wp-json\/wp\/v2\/tags?post=5699"}],"curies":[{"name":"wp","href":"https:\/\/api.w.org\/{rel}","templated":true}]}}