{"id":5703,"date":"2017-01-18T09:48:56","date_gmt":"2017-01-18T11:48:56","guid":{"rendered":"http:\/\/lavras.tv\/site\/?p=5703"},"modified":"2017-01-18T09:48:56","modified_gmt":"2017-01-18T11:48:56","slug":"prefeitura-anuncia-que-divida-deixada-pela-ultima-gestao-e-de-r33-milhoes","status":"publish","type":"post","link":"https:\/\/lavras.tv\/site\/2017\/01\/18\/prefeitura-anuncia-que-divida-deixada-pela-ultima-gestao-e-de-r33-milhoes\/","title":{"rendered":"Prefeitura anuncia que d\u00edvida deixada pela \u00faltima gest\u00e3o \u00e9 de R$33 milh\u00f5es"},"content":{"rendered":"<div class=\"lavra-antes-do-conteudo_2\" id=\"lavra-3306490704\"><div id=\"lavra-slider-27\" class=\"custom-slider lavra-slider-3861172364 lavra-slider\"><ul><li><div style=\"margin-left: auto;margin-right: auto;text-align: center;\" id=\"lavra-2918631746\"><a href=\"https:\/\/sistemas.lavras.mg.gov.br\/portalcidadao\/#df1b1a7c7b2a290bcb31e32771e610784662739a88807c0dacac58ede5f391a7530e299dc302d611ee73cb143fc22eaf93592e53e7b5bdb01b00a0b8d28dae460c141dd2ff83412e4dc1c31b16b25f33144a9e5620ea73b13f5bc1c59411d98439ad226e8af03840603796067d87afe130812cf3de24982d0e306f9e61e764e5\" aria-label=\"Lavras-TV&#8211;720x104px (1) (1)\"><img src=\"https:\/\/lavras.tv\/site\/wp-content\/uploads\/2025\/01\/Lavras-TV-720x104px-1-1.png\" alt=\"\"  srcset=\"https:\/\/lavras.tv\/site\/wp-content\/uploads\/2025\/01\/Lavras-TV-720x104px-1-1.png 720w, https:\/\/lavras.tv\/site\/wp-content\/uploads\/2025\/01\/Lavras-TV-720x104px-1-1-470x68.png 470w, https:\/\/lavras.tv\/site\/wp-content\/uploads\/2025\/01\/Lavras-TV-720x104px-1-1-170x25.png 170w, https:\/\/lavras.tv\/site\/wp-content\/uploads\/2025\/01\/Lavras-TV-720x104px-1-1-200x29.png 200w\" sizes=\"(max-width: 720px) 100vw, 720px\" width=\"720\" height=\"104\"  style=\"display: inline-block;\" \/><\/a><\/div><\/li><li><a href=\"https:\/\/sistemas.lavras.mg.gov.br\/portalcidadao\/#df1b1a7c7b2a290bcb31e32771e610784662739a88807c0dacac58ede5f391a7530e299dc302d611ee73cb143fc22eaf93592e53e7b5bdb01b00a0b8d28dae460c141dd2ff83412e4dc1c31b16b25f33144a9e5620ea73b13f5bc1c59411d98439ad226e8af03840603796067d87afe130812cf3de24982d0e306f9e61e764e5\" aria-label=\"Banner_Emprego_PortallavrasTV\"><img src=\"https:\/\/lavras.tv\/site\/wp-content\/uploads\/2025\/03\/Banner_Emprego_PortallavrasTV.png\" alt=\"\"  srcset=\"https:\/\/lavras.tv\/site\/wp-content\/uploads\/2025\/03\/Banner_Emprego_PortallavrasTV.png 720w, https:\/\/lavras.tv\/site\/wp-content\/uploads\/2025\/03\/Banner_Emprego_PortallavrasTV-470x68.png 470w, https:\/\/lavras.tv\/site\/wp-content\/uploads\/2025\/03\/Banner_Emprego_PortallavrasTV-170x25.png 170w, https:\/\/lavras.tv\/site\/wp-content\/uploads\/2025\/03\/Banner_Emprego_PortallavrasTV-200x29.png 200w\" sizes=\"(max-width: 720px) 100vw, 720px\" width=\"720\" height=\"104\"   \/><\/a><\/li><li><a href=\"https:\/\/sistemas.lavras.mg.gov.br\/portalcidadao\/#df1b1a7c7b2a290bcb31e32771e610784662739a88807c0dacac58ede5f391a7530e299dc302d611ee73cb143fc22eaf93592e53e7b5bdb01b00a0b8d28dae460c141dd2ff83412e4dc1c31b16b25f33144a9e5620ea73b13f5bc1c59411d98439ad226e8af03840603796067d87afe130812cf3de24982d0e306f9e61e764e5\" aria-label=\"Banner_Obras_PortallavrasTV\"><img src=\"https:\/\/lavras.tv\/site\/wp-content\/uploads\/2025\/03\/Banner_Obras_PortallavrasTV.png\" alt=\"\"  srcset=\"https:\/\/lavras.tv\/site\/wp-content\/uploads\/2025\/03\/Banner_Obras_PortallavrasTV.png 720w, https:\/\/lavras.tv\/site\/wp-content\/uploads\/2025\/03\/Banner_Obras_PortallavrasTV-470x68.png 470w, https:\/\/lavras.tv\/site\/wp-content\/uploads\/2025\/03\/Banner_Obras_PortallavrasTV-170x25.png 170w, https:\/\/lavras.tv\/site\/wp-content\/uploads\/2025\/03\/Banner_Obras_PortallavrasTV-200x29.png 200w\" sizes=\"(max-width: 720px) 100vw, 720px\" width=\"720\" height=\"104\"   \/><\/a><\/li><li><div style=\"margin-left: auto;margin-right: auto;text-align: center;\" id=\"lavra-650763240\"><a href=\"https:\/\/sistemas.lavras.mg.gov.br\/portalcidadao\/#df1b1a7c7b2a290bcb31e32771e610784662739a88807c0dacac58ede5f391a7530e299dc302d611ee73cb143fc22eaf93592e53e7b5bdb01b00a0b8d28dae460c141dd2ff83412e4dc1c31b16b25f33144a9e5620ea73b13f5bc1c59411d98439ad226e8af03840603796067d87afe130812cf3de24982d0e306f9e61e764e5\" aria-label=\"Banner_Educa\u00e7\u00e3o_PortallavrasTV\"><img src=\"https:\/\/lavras.tv\/site\/wp-content\/uploads\/2025\/01\/Banner_Educacao_PortallavrasTV.png\" alt=\"\"  srcset=\"https:\/\/lavras.tv\/site\/wp-content\/uploads\/2025\/01\/Banner_Educacao_PortallavrasTV.png 720w, https:\/\/lavras.tv\/site\/wp-content\/uploads\/2025\/01\/Banner_Educacao_PortallavrasTV-470x68.png 470w, https:\/\/lavras.tv\/site\/wp-content\/uploads\/2025\/01\/Banner_Educacao_PortallavrasTV-170x25.png 170w, https:\/\/lavras.tv\/site\/wp-content\/uploads\/2025\/01\/Banner_Educacao_PortallavrasTV-200x29.png 200w\" sizes=\"(max-width: 720px) 100vw, 720px\" width=\"720\" height=\"104\"  style=\"display: inline-block;\" \/><\/a><\/div><\/li><li><a href=\"https:\/\/sistemas.lavras.mg.gov.br\/portalcidadao\/#df1b1a7c7b2a290bcb31e32771e610784662739a88807c0dacac58ede5f391a7530e299dc302d611ee73cb143fc22eaf93592e53e7b5bdb01b00a0b8d28dae460c141dd2ff83412e4dc1c31b16b25f33144a9e5620ea73b13f5bc1c59411d98439ad226e8af03840603796067d87afe130812cf3de24982d0e306f9e61e764e5\" aria-label=\"Banner_Sa\u00fade_PortallavrasTV\"><img src=\"https:\/\/lavras.tv\/site\/wp-content\/uploads\/2025\/03\/Banner_Saude_PortallavrasTV.png\" alt=\"\"  srcset=\"https:\/\/lavras.tv\/site\/wp-content\/uploads\/2025\/03\/Banner_Saude_PortallavrasTV.png 720w, https:\/\/lavras.tv\/site\/wp-content\/uploads\/2025\/03\/Banner_Saude_PortallavrasTV-470x68.png 470w, https:\/\/lavras.tv\/site\/wp-content\/uploads\/2025\/03\/Banner_Saude_PortallavrasTV-170x25.png 170w, https:\/\/lavras.tv\/site\/wp-content\/uploads\/2025\/03\/Banner_Saude_PortallavrasTV-200x29.png 200w\" sizes=\"(max-width: 720px) 100vw, 720px\" width=\"720\" height=\"104\"   \/><\/a><\/li><li><div id=\"lavra-372455208\" style=\"width:720px;height:104px;background-color:#ddd;overflow:scroll;\">\n\t<strong>Sa\u00edda da depura\u00e7\u00e3o de an\u00fancios<\/strong>\n\t<br><br>\n\tO an\u00fancio n\u00e3o \u00e9 exibido na p\u00e1gina<br><br>post atual: Prefeitura anuncia que d\u00edvida deixada pela \u00faltima gest\u00e3o \u00e9 de R$33 milh\u00f5es, ID: 5703<br><br><span style=\"color: red;\">O post atual n\u00e3o \u00e9 id\u00eantico ao post principal.<\/span><br><br>An\u00fancios: ROXO - TOPO INTERNA - ROTATIVO 2 (197)<br \/>Grupo de an\u00fancios: Princ_Meio01_720x104 (27)<br><br>Condi\u00e7\u00f5es de exibi\u00e7\u00e3o<div style=\"margin-bottom: 20px; white-space: pre-wrap; font-family: monospace; width: 100%; background: #ffe9e9;\"><strong>condi\u00e7\u00f5es gerais<\/strong><table border=\"1\"><thead><tr><th><\/th><th>An\u00fancios<\/th><th>wp_the_query<\/th><\/tr><\/thead><tr><td>is_main_query<\/td><td>1<\/td><td>1<\/td><\/tr><tr><td>is_rest_api<\/td><td>0<\/td><td>1<\/td><\/tr><tr><td>page<\/td><td>0<\/td><td>1<\/td><\/tr><tr><td>numpages<\/td><td>0<\/td><td>1<\/td><\/tr><tr><td>is_archive<\/td><td>1<\/td><td><\/td><\/tr><tr><td>is_search<\/td><td>1<\/td><td><\/td><\/tr><tr><td>is_home<\/td><td>1<\/td><td><\/td><\/tr><tr><td>is_404<\/td><td>1<\/td><td><\/td><\/tr><tr><td>is_attachment<\/td><td>1<\/td><td><\/td><\/tr><tr><td>is_singular<\/td><td>1<\/td><td><\/td><\/tr><tr><td>is_front_page<\/td><td>1<\/td><td><\/td><\/tr><tr><td>is_feed<\/td><td>1<\/td><td><\/td><\/tr><\/table><\/div><br><br><span style=\"color: red;\">Seu site usa HTTPS, mas o c\u00f3digo do an\u00fancio cont\u00e9m HTTP e pode n\u00e3o funcionar.<\/span>\t<br><br>\n\t<a style=\"color: green;\" href=\"https:\/\/wpadvancedads.com\/manual\/ad-debug-mode\/?utm_source=advanced-ads&utm_medium=link&utm_campaign=ad-debug-mode\" target=\"_blank\" rel=\"nofollow\">Encontre solu\u00e7\u00f5es no manual<\/a>\n<\/div>\n<\/li><\/ul><\/div><script>( window.advanced_ads_ready || jQuery( document ).ready ).call( null, function() {var $lavraslider3861172364 = jQuery( \".lavra-slider-3861172364\" );$lavraslider3861172364.on( \"unslider.ready\", function() { jQuery( \"div.custom-slider ul li\" ).css( \"display\", \"block\" ); });$lavraslider3861172364.unslider({ delay:4000, autoplay:true, nav:false, arrows:false, infinite:true });$lavraslider3861172364.on(\"mouseover\", function() {$lavraslider3861172364.unslider(\"stop\");}).on(\"mouseout\", function() {$lavraslider3861172364.unslider(\"start\");});});<\/script><\/div><p>A prefeitura de Lavras realizou uma entrevista coletiva na tarde desta ter\u00e7a-feira, dia 17, para apresentar os n\u00fameros que justificam o decreto de calamidade administrativa e financeira, publicado na semana passada no Di\u00e1rio Oficial do Munic\u00edpio.\u00a0<!--more--><img fetchpriority=\"high\" decoding=\"async\" class=\"size-full wp-image-5706 aligncenter\" src=\"http:\/\/lavras.tv\/site\/wp-content\/uploads\/2017\/01\/coletiva-e1484739901784.jpg\" alt=\"coletiva\" width=\"724\" height=\"456\" srcset=\"https:\/\/lavras.tv\/site\/wp-content\/uploads\/2017\/01\/coletiva-e1484739901784.jpg 724w, https:\/\/lavras.tv\/site\/wp-content\/uploads\/2017\/01\/coletiva-e1484739901784-150x94.jpg 150w, https:\/\/lavras.tv\/site\/wp-content\/uploads\/2017\/01\/coletiva-e1484739901784-300x189.jpg 300w\" sizes=\"(max-width: 724px) 100vw, 724px\" \/><\/p>\n<p>A apresenta\u00e7\u00e3o foi feita pelo assessor jur\u00eddico do executivo, o advogado H\u00e9lio Ribeiro. Ele mostrou o resultado de um levantamento feito nos primeiros 15 dias da atual gest\u00e3o. Segundo o documento, o d\u00e9ficit atual nas contas da prefeitura \u00e9 de cerca de R$56 milh\u00f5es. A d\u00edvida fundada, que s\u00e3o contratos antigos de outras administra\u00e7\u00f5es, \u00e9 de quase R$24 milh\u00f5es. O restante se divide entre o fundo de previd\u00eancia LavrasPrev, o n\u00e3o pagamento de fornecedores e gastos com a folha de pagamento. De acordo com a atual gest\u00e3o, o ex-prefeito Silas Pereira deixou contas de R$33 milh\u00f5es do mandato dele e nenhum dinheiro no caixa.<\/p>\n<p><img decoding=\"async\" class=\"wp-image-5704 aligncenter\" src=\"http:\/\/lavras.tv\/site\/wp-content\/uploads\/2017\/01\/d\u00edvida-prefeitura.jpg\" alt=\"d\u00edvida prefeitura\" width=\"754\" height=\"457\" srcset=\"https:\/\/lavras.tv\/site\/wp-content\/uploads\/2017\/01\/d\u00edvida-prefeitura.jpg 800w, https:\/\/lavras.tv\/site\/wp-content\/uploads\/2017\/01\/d\u00edvida-prefeitura-150x91.jpg 150w, https:\/\/lavras.tv\/site\/wp-content\/uploads\/2017\/01\/d\u00edvida-prefeitura-300x182.jpg 300w\" sizes=\"(max-width: 754px) 100vw, 754px\" \/><\/p>\n<p>Ainda de acordo com o relat\u00f3rio, a prefeitura teve uma arrecada\u00e7\u00e3o recorde em 2016, de R$236 milh\u00f5es, o que contraria as informa\u00e7\u00f5es de que os repasses feitos pelos governos estadual e federal n\u00e3o estavam sendo creditados. &#8220;Eu acredito que n\u00e3o houve um planejamento e a \u00faltima administra\u00e7\u00e3o deixou a desejar&#8221;, comentou H\u00e9lio Ribeiro.<\/p>\n<p>Sobre o pagamento dos d\u00e9cimo-terceiros atrasados, a prefeitura n\u00e3o soube definir uma data para acertar o que ainda \u00e9 devido aos servidores. O relat\u00f3rio tamb\u00e9m traz fotos de sucateamento de objetos, ve\u00edculos e pr\u00e9dios p\u00fablicos. As informa\u00e7\u00f5es ser\u00e3o reunidas em um documento que ser\u00e1 entregue ao Minist\u00e9rio P\u00fablico e ao Tribunal de Contas de Minas Gerais, al\u00e9m de \u00f3rg\u00e3os federais. &#8220;Vamos denunciar a \u00faltima gest\u00e3o por todas essas quest\u00f5es e poderemos tomar algumas medidas judiciais em rela\u00e7\u00e3o aos ordenadores de despesas&#8221;, finalizou o assessor jur\u00eddico.<\/p>\n<p><strong>Ex-prefeito comenta relat\u00f3rio<\/strong><\/p>\n<p>A produ\u00e7\u00e3o do\u00a0<strong>Lavras.TV<\/strong> entrou em contato com o ex-prefeito Silas Pereira para saber a posi\u00e7\u00e3o dele sobre os dados apresentados. Silas disse que saiu da prefeitura devendo menos que o antecessor, Marcos Cherem. &#8220;<em>Quando assumi a prefeitura,\u00a0recebi do Prefeito Cassado o total de restos a pagar (processado e n\u00e3o processado ) de R$ 34.867.412,10. Menos portanto do que deixo pro meu sucessor. Com crise e tudo&#8221;<\/em>, concluiu Silas.<\/p>\n<p>&nbsp;<\/p>\n<p>Foto: Ricardo Silva<\/p>\n<p>&nbsp;<\/p>\n","protected":false},"excerpt":{"rendered":"<p>A prefeitura de Lavras realizou uma entrevista coletiva na tarde desta ter\u00e7a-feira, dia 17, para apresentar os n\u00fameros que justificam o decreto de calamidade administrativa e financeira, publicado na semana passada no Di\u00e1rio Oficial do Munic\u00edpio.\u00a0<\/p>\n","protected":false},"author":2,"featured_media":5706,"comment_status":"closed","ping_status":"open","sticky":false,"template":"","format":"standard","meta":{"advgb_blocks_editor_width":"","advgb_blocks_columns_visual_guide":"","_exactmetrics_skip_tracking":false,"_exactmetrics_sitenote_active":false,"_exactmetrics_sitenote_note":"","_exactmetrics_sitenote_category":0,"footnotes":""},"categories":[7,12],"tags":[648,257,2303,2304,1138,1574,103,2302,1139],"class_list":["post-5703","post","type-post","status-publish","format-standard","has-post-thumbnail","hentry","category-destaques","category-politica","tag-calamidade-financeira","tag-crise","tag-dividas","tag-helio-ribeiro","tag-jose-cherem","tag-prefeito","tag-prefeitura-de-lavras","tag-relatorio","tag-silas-pereira"],"better_featured_image":{"id":5706,"alt_text":"","caption":"","description":"","media_type":"image","media_details":{"width":724,"height":456,"file":"2017\/01\/coletiva-e1484739901784.jpg","sizes":{"thumbnail":{"file":"coletiva-e1484739901784-150x94.jpg","width":150,"height":94,"mime-type":"image\/jpeg","source_url":"https:\/\/lavras.tv\/site\/wp-content\/uploads\/2017\/01\/coletiva-e1484739901784-150x94.jpg"},"medium":{"file":"coletiva-e1484739901784-300x189.jpg","width":300,"height":189,"mime-type":"image\/jpeg","source_url":"https:\/\/lavras.tv\/site\/wp-content\/uploads\/2017\/01\/coletiva-e1484739901784-300x189.jpg"},"featured-slider-img":{"file":"coletiva-e1484739901784-640x456.jpg","width":640,"height":456,"mime-type":"image\/jpeg","source_url":"https:\/\/lavras.tv\/site\/wp-content\/uploads\/2017\/01\/coletiva-e1484739901784-640x456.jpg"},"featured-post-img":{"file":"coletiva-e1484739901784-480x320.jpg","width":480,"height":320,"mime-type":"image\/jpeg","source_url":"https:\/\/lavras.tv\/site\/wp-content\/uploads\/2017\/01\/coletiva-e1484739901784-480x320.jpg"},"sow-carousel-default":{"file":"coletiva-e1484739901784-272x182.jpg","width":272,"height":182,"mime-type":"image\/jpeg","source_url":"https:\/\/lavras.tv\/site\/wp-content\/uploads\/2017\/01\/coletiva-e1484739901784-272x182.jpg"}},"image_meta":{"aperture":"0","credit":"","camera":"","caption":"","created_timestamp":"0","copyright":"","focal_length":"0","iso":"0","shutter_speed":"0","title":"","orientation":"0","keywords":[]}},"post":5703,"source_url":"https:\/\/lavras.tv\/site\/wp-content\/uploads\/2017\/01\/coletiva-e1484739901784.jpg"},"author_meta":{"display_name":"Lavras TV","author_link":"https:\/\/lavras.tv\/site\/author\/lavrastv\/"},"featured_img":"https:\/\/lavras.tv\/site\/wp-content\/uploads\/2017\/01\/coletiva-e1484739901784-300x189.jpg","coauthors":[],"tax_additional":{"categories":{"linked":["<a href=\"https:\/\/lavras.tv\/site\/category\/destaques\/\" class=\"advgb-post-tax-term\">Destaques<\/a>","<a href=\"https:\/\/lavras.tv\/site\/category\/politica\/\" class=\"advgb-post-tax-term\">Pol\u00edtica<\/a>"],"unlinked":["<span class=\"advgb-post-tax-term\">Destaques<\/span>","<span class=\"advgb-post-tax-term\">Pol\u00edtica<\/span>"]},"tags":{"linked":["<a href=\"https:\/\/lavras.tv\/site\/category\/politica\/\" class=\"advgb-post-tax-term\">calamidade financeira<\/a>","<a href=\"https:\/\/lavras.tv\/site\/category\/politica\/\" class=\"advgb-post-tax-term\">crise<\/a>","<a href=\"https:\/\/lavras.tv\/site\/category\/politica\/\" class=\"advgb-post-tax-term\">d\u00edvidas<\/a>","<a href=\"https:\/\/lavras.tv\/site\/category\/politica\/\" class=\"advgb-post-tax-term\">H\u00e9lio Ribeiro<\/a>","<a href=\"https:\/\/lavras.tv\/site\/category\/politica\/\" class=\"advgb-post-tax-term\">jos\u00e9 cherem<\/a>","<a href=\"https:\/\/lavras.tv\/site\/category\/politica\/\" class=\"advgb-post-tax-term\">prefeito<\/a>","<a href=\"https:\/\/lavras.tv\/site\/category\/politica\/\" class=\"advgb-post-tax-term\">prefeitura de lavras<\/a>","<a href=\"https:\/\/lavras.tv\/site\/category\/politica\/\" class=\"advgb-post-tax-term\">relat\u00f3rio<\/a>","<a href=\"https:\/\/lavras.tv\/site\/category\/politica\/\" class=\"advgb-post-tax-term\">silas pereira<\/a>"],"unlinked":["<span class=\"advgb-post-tax-term\">calamidade financeira<\/span>","<span class=\"advgb-post-tax-term\">crise<\/span>","<span class=\"advgb-post-tax-term\">d\u00edvidas<\/span>","<span class=\"advgb-post-tax-term\">H\u00e9lio Ribeiro<\/span>","<span class=\"advgb-post-tax-term\">jos\u00e9 cherem<\/span>","<span class=\"advgb-post-tax-term\">prefeito<\/span>","<span class=\"advgb-post-tax-term\">prefeitura de lavras<\/span>","<span class=\"advgb-post-tax-term\">relat\u00f3rio<\/span>","<span class=\"advgb-post-tax-term\">silas pereira<\/span>"]}},"comment_count":"0","relative_dates":{"created":"Publicado 9 anos atr\u00e1s","modified":"Atualizado 9 anos atr\u00e1s"},"absolute_dates":{"created":"Publicado em 18 de janeiro de 2017","modified":"Atualizado em 18 de janeiro de 2017"},"absolute_dates_time":{"created":"Publicado em 18 de janeiro de 2017 09:48","modified":"Atualizado em 18 de janeiro de 2017 09:48"},"featured_img_caption":"","series_order":"","_links":{"self":[{"href":"https:\/\/lavras.tv\/site\/wp-json\/wp\/v2\/posts\/5703","targetHints":{"allow":["GET"]}}],"collection":[{"href":"https:\/\/lavras.tv\/site\/wp-json\/wp\/v2\/posts"}],"about":[{"href":"https:\/\/lavras.tv\/site\/wp-json\/wp\/v2\/types\/post"}],"author":[{"embeddable":true,"href":"https:\/\/lavras.tv\/site\/wp-json\/wp\/v2\/users\/2"}],"replies":[{"embeddable":true,"href":"https:\/\/lavras.tv\/site\/wp-json\/wp\/v2\/comments?post=5703"}],"version-history":[{"count":1,"href":"https:\/\/lavras.tv\/site\/wp-json\/wp\/v2\/posts\/5703\/revisions"}],"predecessor-version":[{"id":5707,"href":"https:\/\/lavras.tv\/site\/wp-json\/wp\/v2\/posts\/5703\/revisions\/5707"}],"wp:featuredmedia":[{"embeddable":true,"href":"https:\/\/lavras.tv\/site\/wp-json\/wp\/v2\/media\/5706"}],"wp:attachment":[{"href":"https:\/\/lavras.tv\/site\/wp-json\/wp\/v2\/media?parent=5703"}],"wp:term":[{"taxonomy":"category","embeddable":true,"href":"https:\/\/lavras.tv\/site\/wp-json\/wp\/v2\/categories?post=5703"},{"taxonomy":"post_tag","embeddable":true,"href":"https:\/\/lavras.tv\/site\/wp-json\/wp\/v2\/tags?post=5703"}],"curies":[{"name":"wp","href":"https:\/\/api.w.org\/{rel}","templated":true}]}}