{"id":5777,"date":"2017-01-19T09:27:35","date_gmt":"2017-01-19T11:27:35","guid":{"rendered":"http:\/\/lavras.tv\/site\/?p=5777"},"modified":"2017-01-19T09:27:35","modified_gmt":"2017-01-19T11:27:35","slug":"secretaria-de-estado-de-esportes-passa-a-contar-com-coordenadoria-de-paradesporto","status":"publish","type":"post","link":"https:\/\/lavras.tv\/site\/2017\/01\/19\/secretaria-de-estado-de-esportes-passa-a-contar-com-coordenadoria-de-paradesporto\/","title":{"rendered":"Secretaria de Estado de Esportes passa a contar com Coordenadoria de Paradesporto"},"content":{"rendered":"<div class=\"lavra-antes-do-conteudo_2\" id=\"lavra-2780624284\"><div id=\"lavra-slider-27\" class=\"custom-slider lavra-slider-2486975238 lavra-slider\"><ul><li><div style=\"margin-left: auto;margin-right: auto;text-align: center;\" id=\"lavra-4192098520\"><a href=\"https:\/\/sistemas.lavras.mg.gov.br\/portalcidadao\/#df1b1a7c7b2a290bcb31e32771e610784662739a88807c0dacac58ede5f391a7530e299dc302d611ee73cb143fc22eaf93592e53e7b5bdb01b00a0b8d28dae460c141dd2ff83412e4dc1c31b16b25f33144a9e5620ea73b13f5bc1c59411d98439ad226e8af03840603796067d87afe130812cf3de24982d0e306f9e61e764e5\" aria-label=\"Lavras-TV&#8211;720x104px (1) (1)\"><img src=\"https:\/\/lavras.tv\/site\/wp-content\/uploads\/2025\/01\/Lavras-TV-720x104px-1-1.png\" alt=\"\"  srcset=\"https:\/\/lavras.tv\/site\/wp-content\/uploads\/2025\/01\/Lavras-TV-720x104px-1-1.png 720w, https:\/\/lavras.tv\/site\/wp-content\/uploads\/2025\/01\/Lavras-TV-720x104px-1-1-470x68.png 470w, https:\/\/lavras.tv\/site\/wp-content\/uploads\/2025\/01\/Lavras-TV-720x104px-1-1-170x25.png 170w, https:\/\/lavras.tv\/site\/wp-content\/uploads\/2025\/01\/Lavras-TV-720x104px-1-1-200x29.png 200w\" sizes=\"(max-width: 720px) 100vw, 720px\" width=\"720\" height=\"104\"  style=\"display: inline-block;\" \/><\/a><\/div><\/li><li><a href=\"https:\/\/sistemas.lavras.mg.gov.br\/portalcidadao\/#df1b1a7c7b2a290bcb31e32771e610784662739a88807c0dacac58ede5f391a7530e299dc302d611ee73cb143fc22eaf93592e53e7b5bdb01b00a0b8d28dae460c141dd2ff83412e4dc1c31b16b25f33144a9e5620ea73b13f5bc1c59411d98439ad226e8af03840603796067d87afe130812cf3de24982d0e306f9e61e764e5\" aria-label=\"Banner_Emprego_PortallavrasTV\"><img src=\"https:\/\/lavras.tv\/site\/wp-content\/uploads\/2025\/03\/Banner_Emprego_PortallavrasTV.png\" alt=\"\"  srcset=\"https:\/\/lavras.tv\/site\/wp-content\/uploads\/2025\/03\/Banner_Emprego_PortallavrasTV.png 720w, https:\/\/lavras.tv\/site\/wp-content\/uploads\/2025\/03\/Banner_Emprego_PortallavrasTV-470x68.png 470w, https:\/\/lavras.tv\/site\/wp-content\/uploads\/2025\/03\/Banner_Emprego_PortallavrasTV-170x25.png 170w, https:\/\/lavras.tv\/site\/wp-content\/uploads\/2025\/03\/Banner_Emprego_PortallavrasTV-200x29.png 200w\" sizes=\"(max-width: 720px) 100vw, 720px\" width=\"720\" height=\"104\"   \/><\/a><\/li><li><a href=\"https:\/\/sistemas.lavras.mg.gov.br\/portalcidadao\/#df1b1a7c7b2a290bcb31e32771e610784662739a88807c0dacac58ede5f391a7530e299dc302d611ee73cb143fc22eaf93592e53e7b5bdb01b00a0b8d28dae460c141dd2ff83412e4dc1c31b16b25f33144a9e5620ea73b13f5bc1c59411d98439ad226e8af03840603796067d87afe130812cf3de24982d0e306f9e61e764e5\" aria-label=\"Banner_Obras_PortallavrasTV\"><img src=\"https:\/\/lavras.tv\/site\/wp-content\/uploads\/2025\/03\/Banner_Obras_PortallavrasTV.png\" alt=\"\"  srcset=\"https:\/\/lavras.tv\/site\/wp-content\/uploads\/2025\/03\/Banner_Obras_PortallavrasTV.png 720w, https:\/\/lavras.tv\/site\/wp-content\/uploads\/2025\/03\/Banner_Obras_PortallavrasTV-470x68.png 470w, https:\/\/lavras.tv\/site\/wp-content\/uploads\/2025\/03\/Banner_Obras_PortallavrasTV-170x25.png 170w, https:\/\/lavras.tv\/site\/wp-content\/uploads\/2025\/03\/Banner_Obras_PortallavrasTV-200x29.png 200w\" sizes=\"(max-width: 720px) 100vw, 720px\" width=\"720\" height=\"104\"   \/><\/a><\/li><li><div style=\"margin-left: auto;margin-right: auto;text-align: center;\" id=\"lavra-2448740896\"><a href=\"https:\/\/sistemas.lavras.mg.gov.br\/portalcidadao\/#df1b1a7c7b2a290bcb31e32771e610784662739a88807c0dacac58ede5f391a7530e299dc302d611ee73cb143fc22eaf93592e53e7b5bdb01b00a0b8d28dae460c141dd2ff83412e4dc1c31b16b25f33144a9e5620ea73b13f5bc1c59411d98439ad226e8af03840603796067d87afe130812cf3de24982d0e306f9e61e764e5\" aria-label=\"Banner_Educa\u00e7\u00e3o_PortallavrasTV\"><img src=\"https:\/\/lavras.tv\/site\/wp-content\/uploads\/2025\/01\/Banner_Educacao_PortallavrasTV.png\" alt=\"\"  srcset=\"https:\/\/lavras.tv\/site\/wp-content\/uploads\/2025\/01\/Banner_Educacao_PortallavrasTV.png 720w, https:\/\/lavras.tv\/site\/wp-content\/uploads\/2025\/01\/Banner_Educacao_PortallavrasTV-470x68.png 470w, https:\/\/lavras.tv\/site\/wp-content\/uploads\/2025\/01\/Banner_Educacao_PortallavrasTV-170x25.png 170w, https:\/\/lavras.tv\/site\/wp-content\/uploads\/2025\/01\/Banner_Educacao_PortallavrasTV-200x29.png 200w\" sizes=\"(max-width: 720px) 100vw, 720px\" width=\"720\" height=\"104\"  style=\"display: inline-block;\" \/><\/a><\/div><\/li><li><a href=\"https:\/\/sistemas.lavras.mg.gov.br\/portalcidadao\/#df1b1a7c7b2a290bcb31e32771e610784662739a88807c0dacac58ede5f391a7530e299dc302d611ee73cb143fc22eaf93592e53e7b5bdb01b00a0b8d28dae460c141dd2ff83412e4dc1c31b16b25f33144a9e5620ea73b13f5bc1c59411d98439ad226e8af03840603796067d87afe130812cf3de24982d0e306f9e61e764e5\" aria-label=\"Banner_Sa\u00fade_PortallavrasTV\"><img src=\"https:\/\/lavras.tv\/site\/wp-content\/uploads\/2025\/03\/Banner_Saude_PortallavrasTV.png\" alt=\"\"  srcset=\"https:\/\/lavras.tv\/site\/wp-content\/uploads\/2025\/03\/Banner_Saude_PortallavrasTV.png 720w, https:\/\/lavras.tv\/site\/wp-content\/uploads\/2025\/03\/Banner_Saude_PortallavrasTV-470x68.png 470w, https:\/\/lavras.tv\/site\/wp-content\/uploads\/2025\/03\/Banner_Saude_PortallavrasTV-170x25.png 170w, https:\/\/lavras.tv\/site\/wp-content\/uploads\/2025\/03\/Banner_Saude_PortallavrasTV-200x29.png 200w\" sizes=\"(max-width: 720px) 100vw, 720px\" width=\"720\" height=\"104\"   \/><\/a><\/li><li><div id=\"lavra-3833623126\" style=\"width:720px;height:104px;background-color:#ddd;overflow:scroll;\">\n\t<strong>Sa\u00edda da depura\u00e7\u00e3o de an\u00fancios<\/strong>\n\t<br><br>\n\tO an\u00fancio n\u00e3o \u00e9 exibido na p\u00e1gina<br><br>post atual: Secretaria de Estado de Esportes passa a contar com Coordenadoria de Paradesporto, ID: 5777<br><br><span style=\"color: red;\">O post atual n\u00e3o \u00e9 id\u00eantico ao post principal.<\/span><br><br>An\u00fancios: ROXO - TOPO INTERNA - ROTATIVO 2 (197)<br \/>Grupo de an\u00fancios: Princ_Meio01_720x104 (27)<br><br>Condi\u00e7\u00f5es de exibi\u00e7\u00e3o<div style=\"margin-bottom: 20px; white-space: pre-wrap; font-family: monospace; width: 100%; background: #ffe9e9;\"><strong>condi\u00e7\u00f5es gerais<\/strong><table border=\"1\"><thead><tr><th><\/th><th>An\u00fancios<\/th><th>wp_the_query<\/th><\/tr><\/thead><tr><td>is_main_query<\/td><td>1<\/td><td>1<\/td><\/tr><tr><td>is_rest_api<\/td><td>0<\/td><td>1<\/td><\/tr><tr><td>page<\/td><td>0<\/td><td>1<\/td><\/tr><tr><td>numpages<\/td><td>0<\/td><td>1<\/td><\/tr><tr><td>is_archive<\/td><td>1<\/td><td><\/td><\/tr><tr><td>is_search<\/td><td>1<\/td><td><\/td><\/tr><tr><td>is_home<\/td><td>1<\/td><td><\/td><\/tr><tr><td>is_404<\/td><td>1<\/td><td><\/td><\/tr><tr><td>is_attachment<\/td><td>1<\/td><td><\/td><\/tr><tr><td>is_singular<\/td><td>1<\/td><td><\/td><\/tr><tr><td>is_front_page<\/td><td>1<\/td><td><\/td><\/tr><tr><td>is_feed<\/td><td>1<\/td><td><\/td><\/tr><\/table><\/div><br><br><span style=\"color: red;\">Seu site usa HTTPS, mas o c\u00f3digo do an\u00fancio cont\u00e9m HTTP e pode n\u00e3o funcionar.<\/span>\t<br><br>\n\t<a style=\"color: green;\" href=\"https:\/\/wpadvancedads.com\/manual\/ad-debug-mode\/?utm_source=advanced-ads&utm_medium=link&utm_campaign=ad-debug-mode\" target=\"_blank\" rel=\"nofollow\">Encontre solu\u00e7\u00f5es no manual<\/a>\n<\/div>\n<\/li><\/ul><\/div><script>( window.advanced_ads_ready || jQuery( document ).ready ).call( null, function() {var $lavraslider2486975238 = jQuery( \".lavra-slider-2486975238\" );$lavraslider2486975238.on( \"unslider.ready\", function() { jQuery( \"div.custom-slider ul li\" ).css( \"display\", \"block\" ); });$lavraslider2486975238.unslider({ delay:4000, autoplay:true, nav:false, arrows:false, infinite:true });$lavraslider2486975238.on(\"mouseover\", function() {$lavraslider2486975238.unslider(\"stop\");}).on(\"mouseout\", function() {$lavraslider2486975238.unslider(\"start\");});});<\/script><\/div><p>Foi publicado nesta quarta-feira (18\/1) no Di\u00e1rio Oficial do Estado, o decreto n\u00ba. 47.128 que trata da nova organiza\u00e7\u00e3o do organograma da Secretaria de Estado de Esportes (Seesp). <!--more-->Com as mudan\u00e7as, servidores que j\u00e1 integram o quadro da secretaria ser\u00e3o realocados para a nova \u00e1rea.<\/p>\n<p><img fetchpriority=\"high\" decoding=\"async\" class=\"size-full wp-image-5778 aligncenter\" src=\"http:\/\/lavras.tv\/site\/wp-content\/uploads\/2017\/01\/paredesporto.jpg\" alt=\"paredesporto\" width=\"1021\" height=\"547\" srcset=\"https:\/\/lavras.tv\/site\/wp-content\/uploads\/2017\/01\/paredesporto.jpg 1021w, https:\/\/lavras.tv\/site\/wp-content\/uploads\/2017\/01\/paredesporto-150x80.jpg 150w, https:\/\/lavras.tv\/site\/wp-content\/uploads\/2017\/01\/paredesporto-300x161.jpg 300w\" sizes=\"(max-width: 1021px) 100vw, 1021px\" \/><\/p>\n<p>\u201cNosso objetivo principal, ao propor essas mudan\u00e7as, \u00e9 dinamizar os processos que envolvem as pol\u00edticas p\u00fablicas de esporte do estado, oferecendo aos servidores a chance de estarem em \u00e1reas mais espec\u00edficas, onde podem focar o seu trabalho e conhecimento em assuntos cuja sua expertise seja maior\u201d, comenta o secret\u00e1rio de Estado de Esportes em exerc\u00edcio, Ricardo Sapi.<\/p>\n<p><strong>Foco no paradesporto<\/strong><\/p>\n<p>A novidade mais aguardada na reestrutura\u00e7\u00e3o organizacional da Seesp era a volta de um setor espec\u00edfico para o esporte paral\u00edmpico. Em 2013 a diretoria que tratava da tem\u00e1tica foi exclu\u00edda do organograma da secretaria.<\/p>\n<p>\u201cMinas Gerais teve uma grande representatividade nos Jogos Paral\u00edmpicos Rio 2016, temos atletas extremamente bem sucedidos no esporte para deficientes, entidades que trabalham t\u00e3o bem nesta \u00e1rea, profissionais capacitados. Precis\u00e1vamos ter um espa\u00e7o para tratar exclusivamente do paradesporto com a aten\u00e7\u00e3o que ele merece\u201d, afirma Sapi.<\/p>\n<p>A Coordena\u00e7\u00e3o do Paradesporto, criada com o objetivo de identificar oportunidades, propor estrat\u00e9gias de a\u00e7\u00e3o, buscar parcerias e fomentar o desenvolvimento do esporte adaptado no estado, faz parte da Superintend\u00eancia de Programas Esportivos, que conta ainda com a Diretoria de Eventos Esportivos e de Incentivo ao Desporto Educacional, com a Diretoria de Incentivo ao Esporte de Forma\u00e7\u00e3o e de Rendimento, e a Diretoria de Incentivo ao Esporte de Participa\u00e7\u00e3o \u2013 essa tamb\u00e9m criada a partir do decreto.<\/p>\n<p><strong>Outras mudan\u00e7as<\/strong><\/p>\n<p>Duas superintend\u00eancias que comp\u00f5em a Seesp tiveram altera\u00e7\u00f5es \u2013 apenas a Superintend\u00eancia de Gest\u00e3o de Estruturas Esportivas permanece com sua composi\u00e7\u00e3o anterior.<\/p>\n<p>A Superintend\u00eancia de Planejamento, Gest\u00e3o e Finan\u00e7as, \u00f3rg\u00e3o comum a todas as secretarias do Governo estadual, antes dividida em tr\u00eas diretorias, agora conta com uma quarta: a Diretoria de Log\u00edstica e Aquisi\u00e7\u00f5es.<\/p>\n<p>J\u00e1 a Superintend\u00eancia de Fomento e Incentivo ao Esporte teve mantidas suas duas diretorias. A Diretoria de Gest\u00e3o de Lei de Incentivo ao Esporte, no entanto, passa a contar com dois n\u00facleos, com o objetivo de otimizar o trabalho de an\u00e1lise de projetos inscritos nos editais do Minas Esportiva Incentivo ao Esporte: o\u00a0 N\u00facleo de An\u00e1lise de Projetos Esportivos e o N\u00facleo de Monitoramento e Controle.<\/p>\n<p>Al\u00e9m disso, foi criada a Unidade Setorial de Controle Interno, subordinada tecnicamente \u00e0 Controladoria-Geral do Estado (CGE), que tem como compet\u00eancia promover, no \u00e2mbito da Seesp, as atividades de auditoria, correi\u00e7\u00e3o administrativa, transpar\u00eancia, preven\u00e7\u00e3o e combate \u00e0 corrup\u00e7\u00e3o.<\/p>\n<p>Foram criados tamb\u00e9m a Unidade Setorial de Parcerias P\u00fablico-Privadas, respons\u00e1vel pelas atividades de gerenciamento de Parcerias P\u00fablico-Privadas (PPP), e o N\u00facleo de Acompanhamento e An\u00e1lise T\u00e9cnica, cujo objetivo ser\u00e1 acompanhar e potencializar pol\u00edticas p\u00fablicas esportivas, por meio do monitoramento e da avalia\u00e7\u00e3o das iniciativas apoiadas pela Seesp, com vistas a garantir a qualidade da gest\u00e3o do esporte.<\/p>\n<p>Fonte: Ag\u00eancia Minas<\/p>\n","protected":false},"excerpt":{"rendered":"<p>Foi publicado nesta quarta-feira (18\/1) no Di\u00e1rio Oficial do Estado, o decreto n\u00ba. 47.128 que trata da nova organiza\u00e7\u00e3o do organograma da Secretaria de Estado de Esportes (Seesp).<\/p>\n","protected":false},"author":2,"featured_media":5778,"comment_status":"closed","ping_status":"open","sticky":false,"template":"","format":"standard","meta":{"advgb_blocks_editor_width":"","advgb_blocks_columns_visual_guide":"","_exactmetrics_skip_tracking":false,"_exactmetrics_sitenote_active":false,"_exactmetrics_sitenote_note":"","_exactmetrics_sitenote_category":0,"footnotes":""},"categories":[3],"tags":[966,530,2328,2329],"class_list":["post-5777","post","type-post","status-publish","format-standard","has-post-thumbnail","hentry","category-esportes","tag-esporte","tag-minas-gerais","tag-paradesporto","tag-paratletas"],"better_featured_image":{"id":5778,"alt_text":"","caption":"","description":"","media_type":"image","media_details":{"width":1021,"height":547,"file":"2017\/01\/paredesporto.jpg","sizes":{"thumbnail":{"file":"paredesporto-150x80.jpg","width":150,"height":80,"mime-type":"image\/jpeg","source_url":"https:\/\/lavras.tv\/site\/wp-content\/uploads\/2017\/01\/paredesporto-150x80.jpg"},"medium":{"file":"paredesporto-300x161.jpg","width":300,"height":161,"mime-type":"image\/jpeg","source_url":"https:\/\/lavras.tv\/site\/wp-content\/uploads\/2017\/01\/paredesporto-300x161.jpg"},"featured-slider-img":{"file":"paredesporto-640x480.jpg","width":640,"height":480,"mime-type":"image\/jpeg","source_url":"https:\/\/lavras.tv\/site\/wp-content\/uploads\/2017\/01\/paredesporto-640x480.jpg"},"featured-post-img":{"file":"paredesporto-480x320.jpg","width":480,"height":320,"mime-type":"image\/jpeg","source_url":"https:\/\/lavras.tv\/site\/wp-content\/uploads\/2017\/01\/paredesporto-480x320.jpg"},"sow-carousel-default":{"file":"paredesporto-272x182.jpg","width":272,"height":182,"mime-type":"image\/jpeg","source_url":"https:\/\/lavras.tv\/site\/wp-content\/uploads\/2017\/01\/paredesporto-272x182.jpg"}},"image_meta":{"aperture":"0","credit":"","camera":"","caption":"","created_timestamp":"0","copyright":"","focal_length":"0","iso":"0","shutter_speed":"0","title":"","orientation":"0","keywords":[]}},"post":5777,"source_url":"https:\/\/lavras.tv\/site\/wp-content\/uploads\/2017\/01\/paredesporto.jpg"},"author_meta":{"display_name":"Lavras TV","author_link":"https:\/\/lavras.tv\/site\/author\/lavrastv\/"},"featured_img":"https:\/\/lavras.tv\/site\/wp-content\/uploads\/2017\/01\/paredesporto-300x161.jpg","coauthors":[],"tax_additional":{"categories":{"linked":["<a href=\"https:\/\/lavras.tv\/site\/category\/esportes\/\" class=\"advgb-post-tax-term\">Esportes<\/a>"],"unlinked":["<span class=\"advgb-post-tax-term\">Esportes<\/span>"]},"tags":{"linked":["<a href=\"https:\/\/lavras.tv\/site\/category\/esportes\/\" class=\"advgb-post-tax-term\">esporte<\/a>","<a href=\"https:\/\/lavras.tv\/site\/category\/esportes\/\" class=\"advgb-post-tax-term\">minas gerais<\/a>","<a href=\"https:\/\/lavras.tv\/site\/category\/esportes\/\" class=\"advgb-post-tax-term\">paradesporto<\/a>","<a href=\"https:\/\/lavras.tv\/site\/category\/esportes\/\" class=\"advgb-post-tax-term\">paratletas<\/a>"],"unlinked":["<span class=\"advgb-post-tax-term\">esporte<\/span>","<span class=\"advgb-post-tax-term\">minas gerais<\/span>","<span class=\"advgb-post-tax-term\">paradesporto<\/span>","<span class=\"advgb-post-tax-term\">paratletas<\/span>"]}},"comment_count":"0","relative_dates":{"created":"Publicado 9 anos atr\u00e1s","modified":"Atualizado 9 anos atr\u00e1s"},"absolute_dates":{"created":"Publicado em 19 de janeiro de 2017","modified":"Atualizado em 19 de janeiro de 2017"},"absolute_dates_time":{"created":"Publicado em 19 de janeiro de 2017 09:27","modified":"Atualizado em 19 de janeiro de 2017 09:27"},"featured_img_caption":"","series_order":"","_links":{"self":[{"href":"https:\/\/lavras.tv\/site\/wp-json\/wp\/v2\/posts\/5777","targetHints":{"allow":["GET"]}}],"collection":[{"href":"https:\/\/lavras.tv\/site\/wp-json\/wp\/v2\/posts"}],"about":[{"href":"https:\/\/lavras.tv\/site\/wp-json\/wp\/v2\/types\/post"}],"author":[{"embeddable":true,"href":"https:\/\/lavras.tv\/site\/wp-json\/wp\/v2\/users\/2"}],"replies":[{"embeddable":true,"href":"https:\/\/lavras.tv\/site\/wp-json\/wp\/v2\/comments?post=5777"}],"version-history":[{"count":1,"href":"https:\/\/lavras.tv\/site\/wp-json\/wp\/v2\/posts\/5777\/revisions"}],"predecessor-version":[{"id":5779,"href":"https:\/\/lavras.tv\/site\/wp-json\/wp\/v2\/posts\/5777\/revisions\/5779"}],"wp:featuredmedia":[{"embeddable":true,"href":"https:\/\/lavras.tv\/site\/wp-json\/wp\/v2\/media\/5778"}],"wp:attachment":[{"href":"https:\/\/lavras.tv\/site\/wp-json\/wp\/v2\/media?parent=5777"}],"wp:term":[{"taxonomy":"category","embeddable":true,"href":"https:\/\/lavras.tv\/site\/wp-json\/wp\/v2\/categories?post=5777"},{"taxonomy":"post_tag","embeddable":true,"href":"https:\/\/lavras.tv\/site\/wp-json\/wp\/v2\/tags?post=5777"}],"curies":[{"name":"wp","href":"https:\/\/api.w.org\/{rel}","templated":true}]}}