{"id":5787,"date":"2017-01-19T10:23:21","date_gmt":"2017-01-19T12:23:21","guid":{"rendered":"http:\/\/lavras.tv\/site\/?p=5787"},"modified":"2017-01-19T10:23:21","modified_gmt":"2017-01-19T12:23:21","slug":"governo-orienta-agentes-a-reforcar-a-propria-seguranca","status":"publish","type":"post","link":"https:\/\/lavras.tv\/site\/2017\/01\/19\/governo-orienta-agentes-a-reforcar-a-propria-seguranca\/","title":{"rendered":"Governo orienta agentes a refor\u00e7ar a pr\u00f3pria seguran\u00e7a"},"content":{"rendered":"<div class=\"lavra-antes-do-conteudo_2\" id=\"lavra-2700807621\"><div id=\"lavra-slider-27\" class=\"custom-slider lavra-slider-2181398256 lavra-slider\"><ul><li><div style=\"margin-left: auto;margin-right: auto;text-align: center;\" id=\"lavra-324875652\"><a href=\"https:\/\/sistemas.lavras.mg.gov.br\/portalcidadao\/#df1b1a7c7b2a290bcb31e32771e610784662739a88807c0dacac58ede5f391a7530e299dc302d611ee73cb143fc22eaf93592e53e7b5bdb01b00a0b8d28dae460c141dd2ff83412e4dc1c31b16b25f33144a9e5620ea73b13f5bc1c59411d98439ad226e8af03840603796067d87afe130812cf3de24982d0e306f9e61e764e5\" aria-label=\"Lavras-TV&#8211;720x104px (1) (1)\"><img src=\"https:\/\/lavras.tv\/site\/wp-content\/uploads\/2025\/01\/Lavras-TV-720x104px-1-1.png\" alt=\"\"  srcset=\"https:\/\/lavras.tv\/site\/wp-content\/uploads\/2025\/01\/Lavras-TV-720x104px-1-1.png 720w, https:\/\/lavras.tv\/site\/wp-content\/uploads\/2025\/01\/Lavras-TV-720x104px-1-1-470x68.png 470w, https:\/\/lavras.tv\/site\/wp-content\/uploads\/2025\/01\/Lavras-TV-720x104px-1-1-170x25.png 170w, https:\/\/lavras.tv\/site\/wp-content\/uploads\/2025\/01\/Lavras-TV-720x104px-1-1-200x29.png 200w\" sizes=\"(max-width: 720px) 100vw, 720px\" width=\"720\" height=\"104\"  style=\"display: inline-block;\" \/><\/a><\/div><\/li><li><a href=\"https:\/\/sistemas.lavras.mg.gov.br\/portalcidadao\/#df1b1a7c7b2a290bcb31e32771e610784662739a88807c0dacac58ede5f391a7530e299dc302d611ee73cb143fc22eaf93592e53e7b5bdb01b00a0b8d28dae460c141dd2ff83412e4dc1c31b16b25f33144a9e5620ea73b13f5bc1c59411d98439ad226e8af03840603796067d87afe130812cf3de24982d0e306f9e61e764e5\" aria-label=\"Banner_Emprego_PortallavrasTV\"><img src=\"https:\/\/lavras.tv\/site\/wp-content\/uploads\/2025\/03\/Banner_Emprego_PortallavrasTV.png\" alt=\"\"  srcset=\"https:\/\/lavras.tv\/site\/wp-content\/uploads\/2025\/03\/Banner_Emprego_PortallavrasTV.png 720w, https:\/\/lavras.tv\/site\/wp-content\/uploads\/2025\/03\/Banner_Emprego_PortallavrasTV-470x68.png 470w, https:\/\/lavras.tv\/site\/wp-content\/uploads\/2025\/03\/Banner_Emprego_PortallavrasTV-170x25.png 170w, https:\/\/lavras.tv\/site\/wp-content\/uploads\/2025\/03\/Banner_Emprego_PortallavrasTV-200x29.png 200w\" sizes=\"(max-width: 720px) 100vw, 720px\" width=\"720\" height=\"104\"   \/><\/a><\/li><li><a href=\"https:\/\/sistemas.lavras.mg.gov.br\/portalcidadao\/#df1b1a7c7b2a290bcb31e32771e610784662739a88807c0dacac58ede5f391a7530e299dc302d611ee73cb143fc22eaf93592e53e7b5bdb01b00a0b8d28dae460c141dd2ff83412e4dc1c31b16b25f33144a9e5620ea73b13f5bc1c59411d98439ad226e8af03840603796067d87afe130812cf3de24982d0e306f9e61e764e5\" aria-label=\"Banner_Obras_PortallavrasTV\"><img src=\"https:\/\/lavras.tv\/site\/wp-content\/uploads\/2025\/03\/Banner_Obras_PortallavrasTV.png\" alt=\"\"  srcset=\"https:\/\/lavras.tv\/site\/wp-content\/uploads\/2025\/03\/Banner_Obras_PortallavrasTV.png 720w, https:\/\/lavras.tv\/site\/wp-content\/uploads\/2025\/03\/Banner_Obras_PortallavrasTV-470x68.png 470w, https:\/\/lavras.tv\/site\/wp-content\/uploads\/2025\/03\/Banner_Obras_PortallavrasTV-170x25.png 170w, https:\/\/lavras.tv\/site\/wp-content\/uploads\/2025\/03\/Banner_Obras_PortallavrasTV-200x29.png 200w\" sizes=\"(max-width: 720px) 100vw, 720px\" width=\"720\" height=\"104\"   \/><\/a><\/li><li><div style=\"margin-left: auto;margin-right: auto;text-align: center;\" id=\"lavra-522369769\"><a href=\"https:\/\/sistemas.lavras.mg.gov.br\/portalcidadao\/#df1b1a7c7b2a290bcb31e32771e610784662739a88807c0dacac58ede5f391a7530e299dc302d611ee73cb143fc22eaf93592e53e7b5bdb01b00a0b8d28dae460c141dd2ff83412e4dc1c31b16b25f33144a9e5620ea73b13f5bc1c59411d98439ad226e8af03840603796067d87afe130812cf3de24982d0e306f9e61e764e5\" aria-label=\"Banner_Educa\u00e7\u00e3o_PortallavrasTV\"><img src=\"https:\/\/lavras.tv\/site\/wp-content\/uploads\/2025\/01\/Banner_Educacao_PortallavrasTV.png\" alt=\"\"  srcset=\"https:\/\/lavras.tv\/site\/wp-content\/uploads\/2025\/01\/Banner_Educacao_PortallavrasTV.png 720w, https:\/\/lavras.tv\/site\/wp-content\/uploads\/2025\/01\/Banner_Educacao_PortallavrasTV-470x68.png 470w, https:\/\/lavras.tv\/site\/wp-content\/uploads\/2025\/01\/Banner_Educacao_PortallavrasTV-170x25.png 170w, https:\/\/lavras.tv\/site\/wp-content\/uploads\/2025\/01\/Banner_Educacao_PortallavrasTV-200x29.png 200w\" sizes=\"(max-width: 720px) 100vw, 720px\" width=\"720\" height=\"104\"  style=\"display: inline-block;\" \/><\/a><\/div><\/li><li><a href=\"https:\/\/sistemas.lavras.mg.gov.br\/portalcidadao\/#df1b1a7c7b2a290bcb31e32771e610784662739a88807c0dacac58ede5f391a7530e299dc302d611ee73cb143fc22eaf93592e53e7b5bdb01b00a0b8d28dae460c141dd2ff83412e4dc1c31b16b25f33144a9e5620ea73b13f5bc1c59411d98439ad226e8af03840603796067d87afe130812cf3de24982d0e306f9e61e764e5\" aria-label=\"Banner_Sa\u00fade_PortallavrasTV\"><img src=\"https:\/\/lavras.tv\/site\/wp-content\/uploads\/2025\/03\/Banner_Saude_PortallavrasTV.png\" alt=\"\"  srcset=\"https:\/\/lavras.tv\/site\/wp-content\/uploads\/2025\/03\/Banner_Saude_PortallavrasTV.png 720w, https:\/\/lavras.tv\/site\/wp-content\/uploads\/2025\/03\/Banner_Saude_PortallavrasTV-470x68.png 470w, https:\/\/lavras.tv\/site\/wp-content\/uploads\/2025\/03\/Banner_Saude_PortallavrasTV-170x25.png 170w, https:\/\/lavras.tv\/site\/wp-content\/uploads\/2025\/03\/Banner_Saude_PortallavrasTV-200x29.png 200w\" sizes=\"(max-width: 720px) 100vw, 720px\" width=\"720\" height=\"104\"   \/><\/a><\/li><li><div id=\"lavra-4028432764\" style=\"width:720px;height:104px;background-color:#ddd;overflow:scroll;\">\n\t<strong>Sa\u00edda da depura\u00e7\u00e3o de an\u00fancios<\/strong>\n\t<br><br>\n\tO an\u00fancio n\u00e3o \u00e9 exibido na p\u00e1gina<br><br>post atual: Governo orienta agentes a refor\u00e7ar a pr\u00f3pria seguran\u00e7a, ID: 5787<br><br><span style=\"color: red;\">O post atual n\u00e3o \u00e9 id\u00eantico ao post principal.<\/span><br><br>An\u00fancios: ROXO - TOPO INTERNA - ROTATIVO 2 (197)<br \/>Grupo de an\u00fancios: Princ_Meio01_720x104 (27)<br><br>Condi\u00e7\u00f5es de exibi\u00e7\u00e3o<div style=\"margin-bottom: 20px; white-space: pre-wrap; font-family: monospace; width: 100%; background: #ffe9e9;\"><strong>condi\u00e7\u00f5es gerais<\/strong><table border=\"1\"><thead><tr><th><\/th><th>An\u00fancios<\/th><th>wp_the_query<\/th><\/tr><\/thead><tr><td>is_main_query<\/td><td>1<\/td><td>1<\/td><\/tr><tr><td>is_rest_api<\/td><td>0<\/td><td>1<\/td><\/tr><tr><td>page<\/td><td>0<\/td><td>1<\/td><\/tr><tr><td>numpages<\/td><td>0<\/td><td>1<\/td><\/tr><tr><td>is_archive<\/td><td>1<\/td><td><\/td><\/tr><tr><td>is_search<\/td><td>1<\/td><td><\/td><\/tr><tr><td>is_home<\/td><td>1<\/td><td><\/td><\/tr><tr><td>is_404<\/td><td>1<\/td><td><\/td><\/tr><tr><td>is_attachment<\/td><td>1<\/td><td><\/td><\/tr><tr><td>is_singular<\/td><td>1<\/td><td><\/td><\/tr><tr><td>is_front_page<\/td><td>1<\/td><td><\/td><\/tr><tr><td>is_feed<\/td><td>1<\/td><td><\/td><\/tr><\/table><\/div><br><br><span style=\"color: red;\">Seu site usa HTTPS, mas o c\u00f3digo do an\u00fancio cont\u00e9m HTTP e pode n\u00e3o funcionar.<\/span>\t<br><br>\n\t<a style=\"color: green;\" href=\"https:\/\/wpadvancedads.com\/manual\/ad-debug-mode\/?utm_source=advanced-ads&utm_medium=link&utm_campaign=ad-debug-mode\" target=\"_blank\" rel=\"nofollow\">Encontre solu\u00e7\u00f5es no manual<\/a>\n<\/div>\n<\/li><\/ul><\/div><script>( window.advanced_ads_ready || jQuery( document ).ready ).call( null, function() {var $lavraslider2181398256 = jQuery( \".lavra-slider-2181398256\" );$lavraslider2181398256.on( \"unslider.ready\", function() { jQuery( \"div.custom-slider ul li\" ).css( \"display\", \"block\" ); });$lavraslider2181398256.unslider({ delay:4000, autoplay:true, nav:false, arrows:false, infinite:true });$lavraslider2181398256.on(\"mouseover\", function() {$lavraslider2181398256.unslider(\"stop\");}).on(\"mouseout\", function() {$lavraslider2181398256.unslider(\"start\");});});<\/script><\/div><p>O governo do Estado orientou os agentes penitenci\u00e1rios, amea\u00e7ados ap\u00f3s rebeli\u00e3o na Penitenci\u00e1ria Dutra Ladeira, a esconderem sua profiss\u00e3o. <!--more-->O memorando com a recomenda\u00e7\u00e3o, distribu\u00eddo pela Assessoria de Informa\u00e7\u00e3o e Intelig\u00eancia da Secretaria de Estado de Administra\u00e7\u00e3o Prisional (Seap), \u00e9 de ter\u00e7a-feira (17), um dia ap\u00f3s o motim na unidade de Ribeir\u00e3o das Neves e data em que come\u00e7aram a circular pelo WhatsApp mensagens com amea\u00e7as. Enquanto a categoria cobra a\u00e7\u00f5es mais incisivas do poder p\u00fablico, o Estado informou que \u201cest\u00e1 apurando as circunst\u00e2ncias de todos os \u00e1udios e v\u00eddeos gravados supostamente dentro de uma unidade prisional e que circularam nas redes sociais\u201d.<\/p>\n<p><img fetchpriority=\"high\" decoding=\"async\" class=\"size-full wp-image-5788 aligncenter\" src=\"http:\/\/lavras.tv\/site\/wp-content\/uploads\/2017\/01\/cadeia.jpg\" alt=\"cadeia\" width=\"680\" height=\"417\" srcset=\"https:\/\/lavras.tv\/site\/wp-content\/uploads\/2017\/01\/cadeia.jpg 680w, https:\/\/lavras.tv\/site\/wp-content\/uploads\/2017\/01\/cadeia-150x92.jpg 150w, https:\/\/lavras.tv\/site\/wp-content\/uploads\/2017\/01\/cadeia-300x184.jpg 300w\" sizes=\"(max-width: 680px) 100vw, 680px\" \/><\/p>\n<p>Entre as orienta\u00e7\u00f5es est\u00e3o a de n\u00e3o usar nenhuma pe\u00e7a do uniforme no trajeto entre a casa e o trabalho e a de optar por rotas alternativas. Al\u00e9m disso, o agente deve evitar postagens nas redes sociais que remetam \u00e0 profiss\u00e3o e manter o alerta em dias de folga e em eventos sociais. O registro de um boletim de ocorr\u00eancia e a comunica\u00e7\u00e3o imediata \u00e0 assessoria de intelig\u00eancia no caso de qualquer fato que fuja \u00e0 normalidade tamb\u00e9m fazem parte das recomenda\u00e7\u00f5es vindas do governo.<\/p>\n<p>No documento, a justificativa para as orienta\u00e7\u00f5es \u00e9 o atual cen\u00e1rio de crise no sistema prisional do pa\u00eds. O texto ainda informa que os cuidados devem ser redobrados nas regi\u00f5es onde h\u00e1 \u201catua\u00e7\u00e3o de organiza\u00e7\u00f5es criminosas intra e extramuros\u201d. A mesma recomenda\u00e7\u00e3o havia sido publicada no dia 6, mas voltada exclusivamente para os agentes que atuam nas regi\u00f5es do Tri\u00e2ngulo e do Alto Parana\u00edba. Como <strong>O TEMPO\u00a0<\/strong>mostrou ao longo da semana, a organiza\u00e7\u00e3o criminosa paulista Primeiro Comando da Capital (PCC) domina os pres\u00eddios das duas regi\u00f5es, e seus l\u00edderes s\u00e3o apontados como mandantes dos assassinatos de tr\u00eas agentes nos \u00faltimos dois anos.<\/p>\n<p>O governo salientou, no entanto, que as recomenda\u00e7\u00f5es para que os agentes penitenci\u00e1rios mantenham a profiss\u00e3o em sigilo \u201cs\u00e3o antigas e, eventualmente, reiteradas a todos os agentes de seguran\u00e7a penitenci\u00e1rios\u201d e que n\u00e3o se trata de um \u201ccaso excepcional\u201d.<\/p>\n<p><strong>Protocolar.<\/strong><\/p>\n<p>O presidente da Associa\u00e7\u00e3o Mineira dos Agentes de Seguran\u00e7a Prisional (Amasp), Diemerson Souza, afirmou que, por conta pr\u00f3pria, a maioria dos servidores j\u00e1 adota as medidas de seguran\u00e7a e salientou que o memorando exp\u00f5e a situa\u00e7\u00e3o de fragilidade em que vivem os servidores. \u201cO agente \u00e9 um representante do Estado, e quando ele \u00e9 obrigado a mudar a rotina porque sen\u00e3o ser\u00e1 atacado \u00e9 uma representa\u00e7\u00e3o de como o Estado \u00e9 hoje um ref\u00e9m do sistema prisional\u201d, afirmou.<\/p>\n<p>Um servidor da Penitenci\u00e1ria Nelson Hungria, em Contagem, que pediu anonimato, defendeu que o memorando da secretaria \u00e9 apenas \u201cprotocolar\u201d. Segundo ele, os agentes j\u00e1 s\u00e3o conhecidos dos presos, em especial porque moram perto e usam o mesmo sistema de transporte de seus familiares. No caso da Nelson Hungria, eles estariam agora ainda mais expostos, j\u00e1 que 12 dos 14 detentos transferidos ap\u00f3s a rebeli\u00e3o da Dutra Ladeira est\u00e3o agora isolados na unidade de Contagem.<\/p>\n<p>\u201cO l\u00edder do tr\u00e1fico no entorno da Nelson Hungria est\u00e1 na unidade, ele tem casas na regi\u00e3o. Todo mundo sabe quem a gente \u00e9\u201d, disse.<\/p>\n<div id=\"infografico\">\n<div id=\"artigo\" class=\"centered cidades\"><img decoding=\"async\" class=\"image aligncenter\" src=\"http:\/\/www.otempo.com.br\/polopoly_fs\/1.1425066.1484788560!image\/image.JPG\" alt=\"\" \/><\/p>\n<div class=\"row collapse\"><\/div>\n<\/div>\n<\/div>\n<h3>\nREUNI\u00c3O<\/h3>\n<p><strong>Diretor piv\u00f4 de rebeli\u00e3o ouve parentes de presos<\/strong><\/p>\n<p>O diretor da penitenci\u00e1ria Dutra Ladeira, em Ribeir\u00e3o das Neves, Rodrigo Machado, recebeu nessa quarta-feira (18) na unidade da regi\u00e3o metropolitana uma comiss\u00e3o de parentes de presos. A reuni\u00e3o com o dirigente que seria o piv\u00f4 da rebeli\u00e3o de segunda-feira, foi uma das determina\u00e7\u00f5es de audi\u00eancia realizada pela manh\u00e3 na Comiss\u00e3o de Direitos Humanos da Assembleia Legislativa. Machado ouviu as reclama\u00e7\u00f5es dos familiares.<\/p>\n<p>No encontro com os deputados tamb\u00e9m foi formada uma comiss\u00e3o de parentes de presidi\u00e1rios de todo o Estado. O grupo estar\u00e1 em contato direto com autoridades de seguran\u00e7a, parlamentares e a OAB. O secret\u00e1rio adjunto de Estado de Administra\u00e7\u00e3o Penitenci\u00e1ria, Robson Lucas da Silva, prometeu apurar todas as reclama\u00e7\u00f5es e compartilhou, inclusive, seu n\u00famero de telefone.<\/p>\n<p>\u201cFaltava esse di\u00e1logo. A gente n\u00e3o tinha com quem reclamar e apresentar nossas queixas. Acho que esse canal direto com o secret\u00e1rio vai ser importante para que a gente possa fazer nossas den\u00fancias\u201d, comemorou Keyla Lima, mulher de um preso por homic\u00eddio.<\/p>\n<p>Apesar de ter prometido apurar as den\u00fancias, o secret\u00e1rio voltou a afirmar que Machado, considerado linha dura, ser\u00e1 mantido no cargo.<strong>\u00a0<\/strong><\/p>\n<p>Fonte: O Tempo<\/p>\n<p>&nbsp;<\/p>\n","protected":false},"excerpt":{"rendered":"<p>O governo do Estado orientou os agentes penitenci\u00e1rios, amea\u00e7ados ap\u00f3s rebeli\u00e3o na Penitenci\u00e1ria Dutra Ladeira, a esconderem sua profiss\u00e3o.<\/p>\n","protected":false},"author":2,"featured_media":5788,"comment_status":"closed","ping_status":"open","sticky":false,"template":"","format":"standard","meta":{"advgb_blocks_editor_width":"","advgb_blocks_columns_visual_guide":"","_exactmetrics_skip_tracking":false,"_exactmetrics_sitenote_active":false,"_exactmetrics_sitenote_note":"","_exactmetrics_sitenote_category":0,"footnotes":""},"categories":[12],"tags":[2333,257,2334,530,2299,2335,2332],"class_list":["post-5787","post","type-post","status-publish","format-standard","has-post-thumbnail","hentry","category-politica","tag-cadeias","tag-crise","tag-diretores","tag-minas-gerais","tag-presidios","tag-rebeliao","tag-sistema-prisional"],"better_featured_image":{"id":5788,"alt_text":"","caption":"","description":"","media_type":"image","media_details":{"width":680,"height":417,"file":"2017\/01\/cadeia.jpg","sizes":{"thumbnail":{"file":"cadeia-150x92.jpg","width":150,"height":92,"mime-type":"image\/jpeg","source_url":"https:\/\/lavras.tv\/site\/wp-content\/uploads\/2017\/01\/cadeia-150x92.jpg"},"medium":{"file":"cadeia-300x184.jpg","width":300,"height":184,"mime-type":"image\/jpeg","source_url":"https:\/\/lavras.tv\/site\/wp-content\/uploads\/2017\/01\/cadeia-300x184.jpg"},"featured-slider-img":{"file":"cadeia-640x417.jpg","width":640,"height":417,"mime-type":"image\/jpeg","source_url":"https:\/\/lavras.tv\/site\/wp-content\/uploads\/2017\/01\/cadeia-640x417.jpg"},"featured-post-img":{"file":"cadeia-480x320.jpg","width":480,"height":320,"mime-type":"image\/jpeg","source_url":"https:\/\/lavras.tv\/site\/wp-content\/uploads\/2017\/01\/cadeia-480x320.jpg"},"sow-carousel-default":{"file":"cadeia-272x182.jpg","width":272,"height":182,"mime-type":"image\/jpeg","source_url":"https:\/\/lavras.tv\/site\/wp-content\/uploads\/2017\/01\/cadeia-272x182.jpg"}},"image_meta":{"aperture":"4","credit":"","camera":"Canon EOS 30D","caption":"O governador Jaques Wagner inaugura Cadeia P\u00fablica de Salvador \r\rNa foto\r\rFoto Adenilson Nunes\/AGECOM","created_timestamp":"1269513253","copyright":"","focal_length":"15","iso":"125","shutter_speed":"0.025","title":"","orientation":"1","keywords":[]}},"post":5787,"source_url":"https:\/\/lavras.tv\/site\/wp-content\/uploads\/2017\/01\/cadeia.jpg"},"author_meta":{"display_name":"Lavras TV","author_link":"https:\/\/lavras.tv\/site\/author\/lavrastv\/"},"featured_img":"https:\/\/lavras.tv\/site\/wp-content\/uploads\/2017\/01\/cadeia-300x184.jpg","coauthors":[],"tax_additional":{"categories":{"linked":["<a href=\"https:\/\/lavras.tv\/site\/category\/politica\/\" class=\"advgb-post-tax-term\">Pol\u00edtica<\/a>"],"unlinked":["<span class=\"advgb-post-tax-term\">Pol\u00edtica<\/span>"]},"tags":{"linked":["<a href=\"https:\/\/lavras.tv\/site\/category\/politica\/\" class=\"advgb-post-tax-term\">cadeias<\/a>","<a href=\"https:\/\/lavras.tv\/site\/category\/politica\/\" class=\"advgb-post-tax-term\">crise<\/a>","<a href=\"https:\/\/lavras.tv\/site\/category\/politica\/\" class=\"advgb-post-tax-term\">diretores<\/a>","<a href=\"https:\/\/lavras.tv\/site\/category\/politica\/\" class=\"advgb-post-tax-term\">minas gerais<\/a>","<a href=\"https:\/\/lavras.tv\/site\/category\/politica\/\" class=\"advgb-post-tax-term\">pres\u00eddios<\/a>","<a href=\"https:\/\/lavras.tv\/site\/category\/politica\/\" class=\"advgb-post-tax-term\">rebeli\u00e3o<\/a>","<a href=\"https:\/\/lavras.tv\/site\/category\/politica\/\" class=\"advgb-post-tax-term\">sistema prisional<\/a>"],"unlinked":["<span class=\"advgb-post-tax-term\">cadeias<\/span>","<span class=\"advgb-post-tax-term\">crise<\/span>","<span class=\"advgb-post-tax-term\">diretores<\/span>","<span class=\"advgb-post-tax-term\">minas gerais<\/span>","<span class=\"advgb-post-tax-term\">pres\u00eddios<\/span>","<span class=\"advgb-post-tax-term\">rebeli\u00e3o<\/span>","<span class=\"advgb-post-tax-term\">sistema prisional<\/span>"]}},"comment_count":"0","relative_dates":{"created":"Publicado 9 anos atr\u00e1s","modified":"Atualizado 9 anos atr\u00e1s"},"absolute_dates":{"created":"Publicado em 19 de janeiro de 2017","modified":"Atualizado em 19 de janeiro de 2017"},"absolute_dates_time":{"created":"Publicado em 19 de janeiro de 2017 10:23","modified":"Atualizado em 19 de janeiro de 2017 10:23"},"featured_img_caption":"","series_order":"","_links":{"self":[{"href":"https:\/\/lavras.tv\/site\/wp-json\/wp\/v2\/posts\/5787","targetHints":{"allow":["GET"]}}],"collection":[{"href":"https:\/\/lavras.tv\/site\/wp-json\/wp\/v2\/posts"}],"about":[{"href":"https:\/\/lavras.tv\/site\/wp-json\/wp\/v2\/types\/post"}],"author":[{"embeddable":true,"href":"https:\/\/lavras.tv\/site\/wp-json\/wp\/v2\/users\/2"}],"replies":[{"embeddable":true,"href":"https:\/\/lavras.tv\/site\/wp-json\/wp\/v2\/comments?post=5787"}],"version-history":[{"count":1,"href":"https:\/\/lavras.tv\/site\/wp-json\/wp\/v2\/posts\/5787\/revisions"}],"predecessor-version":[{"id":5789,"href":"https:\/\/lavras.tv\/site\/wp-json\/wp\/v2\/posts\/5787\/revisions\/5789"}],"wp:featuredmedia":[{"embeddable":true,"href":"https:\/\/lavras.tv\/site\/wp-json\/wp\/v2\/media\/5788"}],"wp:attachment":[{"href":"https:\/\/lavras.tv\/site\/wp-json\/wp\/v2\/media?parent=5787"}],"wp:term":[{"taxonomy":"category","embeddable":true,"href":"https:\/\/lavras.tv\/site\/wp-json\/wp\/v2\/categories?post=5787"},{"taxonomy":"post_tag","embeddable":true,"href":"https:\/\/lavras.tv\/site\/wp-json\/wp\/v2\/tags?post=5787"}],"curies":[{"name":"wp","href":"https:\/\/api.w.org\/{rel}","templated":true}]}}