{"id":5797,"date":"2017-01-20T08:27:42","date_gmt":"2017-01-20T10:27:42","guid":{"rendered":"http:\/\/lavras.tv\/site\/?p=5797"},"modified":"2017-01-20T08:27:42","modified_gmt":"2017-01-20T10:27:42","slug":"deputado-diego-andrade-anuncia-o-repasse-de-r-1-milhao-para-a-saude-em-lavras-e-um-onibus-escolar","status":"publish","type":"post","link":"https:\/\/lavras.tv\/site\/2017\/01\/20\/deputado-diego-andrade-anuncia-o-repasse-de-r-1-milhao-para-a-saude-em-lavras-e-um-onibus-escolar\/","title":{"rendered":"Deputado Diego Andrade anuncia o repasse de R$ 1 milh\u00e3o para a Sa\u00fade em Lavras e um \u00f4nibus escolar"},"content":{"rendered":"<div class=\"lavra-antes-do-conteudo_2\" id=\"lavra-4086837658\"><div id=\"lavra-slider-27\" class=\"custom-slider lavra-slider-1446058954 lavra-slider\"><ul><li><div style=\"margin-left: auto;margin-right: auto;text-align: center;\" id=\"lavra-2403596017\"><a href=\"https:\/\/sistemas.lavras.mg.gov.br\/portalcidadao\/#df1b1a7c7b2a290bcb31e32771e610784662739a88807c0dacac58ede5f391a7530e299dc302d611ee73cb143fc22eaf93592e53e7b5bdb01b00a0b8d28dae460c141dd2ff83412e4dc1c31b16b25f33144a9e5620ea73b13f5bc1c59411d98439ad226e8af03840603796067d87afe130812cf3de24982d0e306f9e61e764e5\" aria-label=\"Lavras-TV&#8211;720x104px (1) (1)\"><img src=\"https:\/\/lavras.tv\/site\/wp-content\/uploads\/2025\/01\/Lavras-TV-720x104px-1-1.png\" alt=\"\"  srcset=\"https:\/\/lavras.tv\/site\/wp-content\/uploads\/2025\/01\/Lavras-TV-720x104px-1-1.png 720w, https:\/\/lavras.tv\/site\/wp-content\/uploads\/2025\/01\/Lavras-TV-720x104px-1-1-470x68.png 470w, https:\/\/lavras.tv\/site\/wp-content\/uploads\/2025\/01\/Lavras-TV-720x104px-1-1-170x25.png 170w, https:\/\/lavras.tv\/site\/wp-content\/uploads\/2025\/01\/Lavras-TV-720x104px-1-1-200x29.png 200w\" sizes=\"(max-width: 720px) 100vw, 720px\" width=\"720\" height=\"104\"  style=\"display: inline-block;\" \/><\/a><\/div><\/li><li><a href=\"https:\/\/sistemas.lavras.mg.gov.br\/portalcidadao\/#df1b1a7c7b2a290bcb31e32771e610784662739a88807c0dacac58ede5f391a7530e299dc302d611ee73cb143fc22eaf93592e53e7b5bdb01b00a0b8d28dae460c141dd2ff83412e4dc1c31b16b25f33144a9e5620ea73b13f5bc1c59411d98439ad226e8af03840603796067d87afe130812cf3de24982d0e306f9e61e764e5\" aria-label=\"Banner_Emprego_PortallavrasTV\"><img src=\"https:\/\/lavras.tv\/site\/wp-content\/uploads\/2025\/03\/Banner_Emprego_PortallavrasTV.png\" alt=\"\"  srcset=\"https:\/\/lavras.tv\/site\/wp-content\/uploads\/2025\/03\/Banner_Emprego_PortallavrasTV.png 720w, https:\/\/lavras.tv\/site\/wp-content\/uploads\/2025\/03\/Banner_Emprego_PortallavrasTV-470x68.png 470w, https:\/\/lavras.tv\/site\/wp-content\/uploads\/2025\/03\/Banner_Emprego_PortallavrasTV-170x25.png 170w, https:\/\/lavras.tv\/site\/wp-content\/uploads\/2025\/03\/Banner_Emprego_PortallavrasTV-200x29.png 200w\" sizes=\"(max-width: 720px) 100vw, 720px\" width=\"720\" height=\"104\"   \/><\/a><\/li><li><a href=\"https:\/\/sistemas.lavras.mg.gov.br\/portalcidadao\/#df1b1a7c7b2a290bcb31e32771e610784662739a88807c0dacac58ede5f391a7530e299dc302d611ee73cb143fc22eaf93592e53e7b5bdb01b00a0b8d28dae460c141dd2ff83412e4dc1c31b16b25f33144a9e5620ea73b13f5bc1c59411d98439ad226e8af03840603796067d87afe130812cf3de24982d0e306f9e61e764e5\" aria-label=\"Banner_Obras_PortallavrasTV\"><img src=\"https:\/\/lavras.tv\/site\/wp-content\/uploads\/2025\/03\/Banner_Obras_PortallavrasTV.png\" alt=\"\"  srcset=\"https:\/\/lavras.tv\/site\/wp-content\/uploads\/2025\/03\/Banner_Obras_PortallavrasTV.png 720w, https:\/\/lavras.tv\/site\/wp-content\/uploads\/2025\/03\/Banner_Obras_PortallavrasTV-470x68.png 470w, https:\/\/lavras.tv\/site\/wp-content\/uploads\/2025\/03\/Banner_Obras_PortallavrasTV-170x25.png 170w, https:\/\/lavras.tv\/site\/wp-content\/uploads\/2025\/03\/Banner_Obras_PortallavrasTV-200x29.png 200w\" sizes=\"(max-width: 720px) 100vw, 720px\" width=\"720\" height=\"104\"   \/><\/a><\/li><li><div style=\"margin-left: auto;margin-right: auto;text-align: center;\" id=\"lavra-6154977\"><a href=\"https:\/\/sistemas.lavras.mg.gov.br\/portalcidadao\/#df1b1a7c7b2a290bcb31e32771e610784662739a88807c0dacac58ede5f391a7530e299dc302d611ee73cb143fc22eaf93592e53e7b5bdb01b00a0b8d28dae460c141dd2ff83412e4dc1c31b16b25f33144a9e5620ea73b13f5bc1c59411d98439ad226e8af03840603796067d87afe130812cf3de24982d0e306f9e61e764e5\" aria-label=\"Banner_Educa\u00e7\u00e3o_PortallavrasTV\"><img src=\"https:\/\/lavras.tv\/site\/wp-content\/uploads\/2025\/01\/Banner_Educacao_PortallavrasTV.png\" alt=\"\"  srcset=\"https:\/\/lavras.tv\/site\/wp-content\/uploads\/2025\/01\/Banner_Educacao_PortallavrasTV.png 720w, https:\/\/lavras.tv\/site\/wp-content\/uploads\/2025\/01\/Banner_Educacao_PortallavrasTV-470x68.png 470w, https:\/\/lavras.tv\/site\/wp-content\/uploads\/2025\/01\/Banner_Educacao_PortallavrasTV-170x25.png 170w, https:\/\/lavras.tv\/site\/wp-content\/uploads\/2025\/01\/Banner_Educacao_PortallavrasTV-200x29.png 200w\" sizes=\"(max-width: 720px) 100vw, 720px\" width=\"720\" height=\"104\"  style=\"display: inline-block;\" \/><\/a><\/div><\/li><li><a href=\"https:\/\/sistemas.lavras.mg.gov.br\/portalcidadao\/#df1b1a7c7b2a290bcb31e32771e610784662739a88807c0dacac58ede5f391a7530e299dc302d611ee73cb143fc22eaf93592e53e7b5bdb01b00a0b8d28dae460c141dd2ff83412e4dc1c31b16b25f33144a9e5620ea73b13f5bc1c59411d98439ad226e8af03840603796067d87afe130812cf3de24982d0e306f9e61e764e5\" aria-label=\"Banner_Sa\u00fade_PortallavrasTV\"><img src=\"https:\/\/lavras.tv\/site\/wp-content\/uploads\/2025\/03\/Banner_Saude_PortallavrasTV.png\" alt=\"\"  srcset=\"https:\/\/lavras.tv\/site\/wp-content\/uploads\/2025\/03\/Banner_Saude_PortallavrasTV.png 720w, https:\/\/lavras.tv\/site\/wp-content\/uploads\/2025\/03\/Banner_Saude_PortallavrasTV-470x68.png 470w, https:\/\/lavras.tv\/site\/wp-content\/uploads\/2025\/03\/Banner_Saude_PortallavrasTV-170x25.png 170w, https:\/\/lavras.tv\/site\/wp-content\/uploads\/2025\/03\/Banner_Saude_PortallavrasTV-200x29.png 200w\" sizes=\"(max-width: 720px) 100vw, 720px\" width=\"720\" height=\"104\"   \/><\/a><\/li><li><div id=\"lavra-2722369242\" style=\"width:720px;height:104px;background-color:#ddd;overflow:scroll;\">\n\t<strong>Sa\u00edda da depura\u00e7\u00e3o de an\u00fancios<\/strong>\n\t<br><br>\n\tO an\u00fancio n\u00e3o \u00e9 exibido na p\u00e1gina<br><br>post atual: Deputado Diego Andrade anuncia o repasse de R$ 1 milh\u00e3o para a Sa\u00fade em Lavras e um \u00f4nibus escolar, ID: 5797<br><br><span style=\"color: red;\">O post atual n\u00e3o \u00e9 id\u00eantico ao post principal.<\/span><br><br>An\u00fancios: ROXO - TOPO INTERNA - ROTATIVO 2 (197)<br \/>Grupo de an\u00fancios: Princ_Meio01_720x104 (27)<br><br>Condi\u00e7\u00f5es de exibi\u00e7\u00e3o<div style=\"margin-bottom: 20px; white-space: pre-wrap; font-family: monospace; width: 100%; background: #ffe9e9;\"><strong>condi\u00e7\u00f5es gerais<\/strong><table border=\"1\"><thead><tr><th><\/th><th>An\u00fancios<\/th><th>wp_the_query<\/th><\/tr><\/thead><tr><td>is_main_query<\/td><td>1<\/td><td>1<\/td><\/tr><tr><td>is_rest_api<\/td><td>0<\/td><td>1<\/td><\/tr><tr><td>page<\/td><td>0<\/td><td>1<\/td><\/tr><tr><td>numpages<\/td><td>0<\/td><td>1<\/td><\/tr><tr><td>is_archive<\/td><td>1<\/td><td><\/td><\/tr><tr><td>is_search<\/td><td>1<\/td><td><\/td><\/tr><tr><td>is_home<\/td><td>1<\/td><td><\/td><\/tr><tr><td>is_404<\/td><td>1<\/td><td><\/td><\/tr><tr><td>is_attachment<\/td><td>1<\/td><td><\/td><\/tr><tr><td>is_singular<\/td><td>1<\/td><td><\/td><\/tr><tr><td>is_front_page<\/td><td>1<\/td><td><\/td><\/tr><tr><td>is_feed<\/td><td>1<\/td><td><\/td><\/tr><\/table><\/div><br><br><span style=\"color: red;\">Seu site usa HTTPS, mas o c\u00f3digo do an\u00fancio cont\u00e9m HTTP e pode n\u00e3o funcionar.<\/span>\t<br><br>\n\t<a style=\"color: green;\" href=\"https:\/\/wpadvancedads.com\/manual\/ad-debug-mode\/?utm_source=advanced-ads&utm_medium=link&utm_campaign=ad-debug-mode\" target=\"_blank\" rel=\"nofollow\">Encontre solu\u00e7\u00f5es no manual<\/a>\n<\/div>\n<\/li><\/ul><\/div><script>( window.advanced_ads_ready || jQuery( document ).ready ).call( null, function() {var $lavraslider1446058954 = jQuery( \".lavra-slider-1446058954\" );$lavraslider1446058954.on( \"unslider.ready\", function() { jQuery( \"div.custom-slider ul li\" ).css( \"display\", \"block\" ); });$lavraslider1446058954.unslider({ delay:4000, autoplay:true, nav:false, arrows:false, infinite:true });$lavraslider1446058954.on(\"mouseover\", function() {$lavraslider1446058954.unslider(\"stop\");}).on(\"mouseout\", function() {$lavraslider1446058954.unslider(\"start\");});});<\/script><\/div><p>Em passagem por Lavras nesta quinta-feira (19), o presidente do PSD Estadual de Minas Gerais, deputado federal Diego Andrade, anunciou um repasse na ordem de R$ 1 milh\u00e3o para investimentos na \u00e1rea da Sa\u00fade em Lavras, al\u00e9m da destina\u00e7\u00e3o de um \u00f4nibus escolar para o munic\u00edpio no valor de R$ 270 mil.<!--more--><\/p>\n<p>A not\u00edcia foi dada durante um encontro no gabinete do prefeito Jos\u00e9 Cherem que serviu para tratar de investimentos em \u00e1reas como seguran\u00e7a, infraestrutura, tecnologia, educa\u00e7\u00e3o e sa\u00fade do munic\u00edpio, entre outras. A reuni\u00e3o contou com a presen\u00e7a do deputado F\u00e1bio Cherem, vice-presidente do PSD mineiro, do presidente da C\u00e2mara Municipal, vereador Jo\u00e3o Paulo Felizardo, e assessores.<\/p>\n<p><img fetchpriority=\"high\" decoding=\"async\" class=\" wp-image-5798 aligncenter\" src=\"http:\/\/lavras.tv\/site\/wp-content\/uploads\/2017\/01\/Diego_F\u00e1bo_Z\u00e9Cherem-e1484907948927.jpg\" alt=\"Diego_F\u00e1bo_Z\u00e9Cherem\" width=\"1151\" height=\"680\" srcset=\"https:\/\/lavras.tv\/site\/wp-content\/uploads\/2017\/01\/Diego_F\u00e1bo_Z\u00e9Cherem-e1484907948927.jpg 1180w, https:\/\/lavras.tv\/site\/wp-content\/uploads\/2017\/01\/Diego_F\u00e1bo_Z\u00e9Cherem-e1484907948927-150x89.jpg 150w, https:\/\/lavras.tv\/site\/wp-content\/uploads\/2017\/01\/Diego_F\u00e1bo_Z\u00e9Cherem-e1484907948927-300x177.jpg 300w, https:\/\/lavras.tv\/site\/wp-content\/uploads\/2017\/01\/Diego_F\u00e1bo_Z\u00e9Cherem-e1484907948927-1024x605.jpg 1024w\" sizes=\"(max-width: 1151px) 100vw, 1151px\" \/><\/p>\n<p>Os recursos para a Sa\u00fade foram destinados atrav\u00e9s de emenda impositiva do deputado Diego Andrade aprovada ainda em 2016, ap\u00f3s tratativas com o deputado F\u00e1bio Cherem, com o empenho previsto para o m\u00eas de abril. J\u00e1 o \u00f4nibus ir\u00e1 compor a frota do transporte escolar, beneficiando milhares de alunos da rede municipal de ensino.<\/p>\n<p>O deputado F\u00e1bio Cherem destacou que t\u00e3o importante quanto as emendas destinadas para o Lavras foi a discuss\u00e3o em torno de futuros projetos para o munic\u00edpio. \u201cEstamos construindo aqui o futuro desta administra\u00e7\u00e3o. Inicialmente estamos buscando recursos para transformar Lavras numa cidade digital, atrav\u00e9s da proximidade com o ministro Gilberto Kassab (PSD), da Ci\u00eancia e Tecnologia, o que favorece a conectividade com a libera\u00e7\u00e3o do sinal da internet, e tamb\u00e9m a seguran\u00e7a, com a instala\u00e7\u00e3o das c\u00e2meras inteligentes que identificam pela leitura das placas se um ve\u00edculo foi roubado, e isso ajuda muito a Pol\u00edcia Militar e gera a sensa\u00e7\u00e3o de seguran\u00e7a entre a popula\u00e7\u00e3o\u201d, afirmou F\u00e1bio Cherem.<\/p>\n<p>Diego Andrade falou da satisfa\u00e7\u00e3o de estar na cidade e de poder ajudar o munic\u00edpio neste in\u00edcio de mandato. \u201cEstou feliz de estar em Lavras com o deputado F\u00e1bio Cherem, vice-presidente do partido, e poder ajudar neste in\u00edcio de mandato do prefeito Jos\u00e9 Cherem, com um repasse no valor de R$ 1 milh\u00e3o para a Sa\u00fade, que ser\u00e1 liberado nos pr\u00f3ximos meses, e tamb\u00e9m um \u00f4nibus escolar. Al\u00e9m disso, discutimos investimentos em infraestrutura, educa\u00e7\u00e3o e seguran\u00e7a, num trabalho que certamente render\u00e3o bons resultados para o munic\u00edpio nos pr\u00f3ximos anos\u201d, frisou o deputado Diego Andrade.<\/p>\n<p>Fonte: assessoria do Deputado F\u00e1bio Cherem<\/p>\n","protected":false},"excerpt":{"rendered":"<p>Em passagem por Lavras nesta quinta-feira (19), o presidente do PSD Estadual de Minas Gerais, deputado federal Diego Andrade, anunciou um repasse na ordem de R$ 1 milh\u00e3o para investimentos na \u00e1rea da Sa\u00fade em Lavras, al\u00e9m da destina\u00e7\u00e3o de um \u00f4nibus escolar para o munic\u00edpio no valor de R$ 270 mil.<\/p>\n","protected":false},"author":2,"featured_media":5798,"comment_status":"closed","ping_status":"open","sticky":false,"template":"","format":"standard","meta":{"advgb_blocks_editor_width":"","advgb_blocks_columns_visual_guide":"","_exactmetrics_skip_tracking":false,"_exactmetrics_sitenote_active":false,"_exactmetrics_sitenote_note":"","_exactmetrics_sitenote_category":0,"footnotes":""},"categories":[7,12],"tags":[2341,2340,672,996,1138,44,1619,1343,1803],"class_list":["post-5797","post","type-post","status-publish","format-standard","has-post-thumbnail","hentry","category-destaques","category-politica","tag-deputado","tag-diego-andrade","tag-fabio-cherem","tag-joao-paulo-felizardo","tag-jose-cherem","tag-lavras-mg","tag-prefeitura","tag-recursos","tag-saude"],"better_featured_image":{"id":5798,"alt_text":"","caption":"","description":"","media_type":"image","media_details":{"width":1180,"height":697,"file":"2017\/01\/Diego_F\u00e1bo_Z\u00e9Cherem-e1484907948927.jpg","sizes":{"thumbnail":{"file":"Diego_F\u00e1bo_Z\u00e9Cherem-e1484907948927-150x89.jpg","width":150,"height":89,"mime-type":"image\/jpeg","source_url":"https:\/\/lavras.tv\/site\/wp-content\/uploads\/2017\/01\/Diego_F\u00e1bo_Z\u00e9Cherem-e1484907948927-150x89.jpg"},"medium":{"file":"Diego_F\u00e1bo_Z\u00e9Cherem-e1484907948927-300x177.jpg","width":300,"height":177,"mime-type":"image\/jpeg","source_url":"https:\/\/lavras.tv\/site\/wp-content\/uploads\/2017\/01\/Diego_F\u00e1bo_Z\u00e9Cherem-e1484907948927-300x177.jpg"},"large":{"file":"Diego_F\u00e1bo_Z\u00e9Cherem-e1484907948927-1024x605.jpg","width":1024,"height":605,"mime-type":"image\/jpeg","source_url":"https:\/\/lavras.tv\/site\/wp-content\/uploads\/2017\/01\/Diego_F\u00e1bo_Z\u00e9Cherem-e1484907948927-1024x605.jpg"},"featured-slider-img":{"file":"Diego_F\u00e1bo_Z\u00e9Cherem-e1484907948927-640x480.jpg","width":640,"height":480,"mime-type":"image\/jpeg","source_url":"https:\/\/lavras.tv\/site\/wp-content\/uploads\/2017\/01\/Diego_F\u00e1bo_Z\u00e9Cherem-e1484907948927-640x480.jpg"},"featured-post-img":{"file":"Diego_F\u00e1bo_Z\u00e9Cherem-e1484907948927-480x320.jpg","width":480,"height":320,"mime-type":"image\/jpeg","source_url":"https:\/\/lavras.tv\/site\/wp-content\/uploads\/2017\/01\/Diego_F\u00e1bo_Z\u00e9Cherem-e1484907948927-480x320.jpg"},"sow-carousel-default":{"file":"Diego_F\u00e1bo_Z\u00e9Cherem-e1484907948927-272x182.jpg","width":272,"height":182,"mime-type":"image\/jpeg","source_url":"https:\/\/lavras.tv\/site\/wp-content\/uploads\/2017\/01\/Diego_F\u00e1bo_Z\u00e9Cherem-e1484907948927-272x182.jpg"}},"image_meta":{"aperture":"0","credit":"","camera":"","caption":"","created_timestamp":"0","copyright":"","focal_length":"0","iso":"0","shutter_speed":"0","title":"","orientation":"0","keywords":[]}},"post":5797,"source_url":"https:\/\/lavras.tv\/site\/wp-content\/uploads\/2017\/01\/Diego_F\u00e1bo_Z\u00e9Cherem-e1484907948927.jpg"},"author_meta":{"display_name":"Lavras TV","author_link":"https:\/\/lavras.tv\/site\/author\/lavrastv\/"},"featured_img":"https:\/\/lavras.tv\/site\/wp-content\/uploads\/2017\/01\/Diego_F\u00e1bo_Z\u00e9Cherem-e1484907948927-300x177.jpg","coauthors":[],"tax_additional":{"categories":{"linked":["<a href=\"https:\/\/lavras.tv\/site\/category\/destaques\/\" class=\"advgb-post-tax-term\">Destaques<\/a>","<a href=\"https:\/\/lavras.tv\/site\/category\/politica\/\" class=\"advgb-post-tax-term\">Pol\u00edtica<\/a>"],"unlinked":["<span class=\"advgb-post-tax-term\">Destaques<\/span>","<span class=\"advgb-post-tax-term\">Pol\u00edtica<\/span>"]},"tags":{"linked":["<a href=\"https:\/\/lavras.tv\/site\/category\/politica\/\" class=\"advgb-post-tax-term\">deputado<\/a>","<a href=\"https:\/\/lavras.tv\/site\/category\/politica\/\" class=\"advgb-post-tax-term\">diego andrade<\/a>","<a href=\"https:\/\/lavras.tv\/site\/category\/politica\/\" class=\"advgb-post-tax-term\">fabio cherem<\/a>","<a href=\"https:\/\/lavras.tv\/site\/category\/politica\/\" class=\"advgb-post-tax-term\">Jo\u00e3o Paulo Felizardo<\/a>","<a href=\"https:\/\/lavras.tv\/site\/category\/politica\/\" class=\"advgb-post-tax-term\">jos\u00e9 cherem<\/a>","<a href=\"https:\/\/lavras.tv\/site\/category\/politica\/\" class=\"advgb-post-tax-term\">lavras mg<\/a>","<a href=\"https:\/\/lavras.tv\/site\/category\/politica\/\" class=\"advgb-post-tax-term\">prefeitura<\/a>","<a href=\"https:\/\/lavras.tv\/site\/category\/politica\/\" class=\"advgb-post-tax-term\">recursos<\/a>","<a href=\"https:\/\/lavras.tv\/site\/category\/politica\/\" class=\"advgb-post-tax-term\">sa\u00fade<\/a>"],"unlinked":["<span class=\"advgb-post-tax-term\">deputado<\/span>","<span class=\"advgb-post-tax-term\">diego andrade<\/span>","<span class=\"advgb-post-tax-term\">fabio cherem<\/span>","<span class=\"advgb-post-tax-term\">Jo\u00e3o Paulo Felizardo<\/span>","<span class=\"advgb-post-tax-term\">jos\u00e9 cherem<\/span>","<span class=\"advgb-post-tax-term\">lavras mg<\/span>","<span class=\"advgb-post-tax-term\">prefeitura<\/span>","<span class=\"advgb-post-tax-term\">recursos<\/span>","<span class=\"advgb-post-tax-term\">sa\u00fade<\/span>"]}},"comment_count":"0","relative_dates":{"created":"Publicado 9 anos atr\u00e1s","modified":"Atualizado 9 anos atr\u00e1s"},"absolute_dates":{"created":"Publicado em 20 de janeiro de 2017","modified":"Atualizado em 20 de janeiro de 2017"},"absolute_dates_time":{"created":"Publicado em 20 de janeiro de 2017 08:27","modified":"Atualizado em 20 de janeiro de 2017 08:27"},"featured_img_caption":"","series_order":"","_links":{"self":[{"href":"https:\/\/lavras.tv\/site\/wp-json\/wp\/v2\/posts\/5797","targetHints":{"allow":["GET"]}}],"collection":[{"href":"https:\/\/lavras.tv\/site\/wp-json\/wp\/v2\/posts"}],"about":[{"href":"https:\/\/lavras.tv\/site\/wp-json\/wp\/v2\/types\/post"}],"author":[{"embeddable":true,"href":"https:\/\/lavras.tv\/site\/wp-json\/wp\/v2\/users\/2"}],"replies":[{"embeddable":true,"href":"https:\/\/lavras.tv\/site\/wp-json\/wp\/v2\/comments?post=5797"}],"version-history":[{"count":1,"href":"https:\/\/lavras.tv\/site\/wp-json\/wp\/v2\/posts\/5797\/revisions"}],"predecessor-version":[{"id":5799,"href":"https:\/\/lavras.tv\/site\/wp-json\/wp\/v2\/posts\/5797\/revisions\/5799"}],"wp:featuredmedia":[{"embeddable":true,"href":"https:\/\/lavras.tv\/site\/wp-json\/wp\/v2\/media\/5798"}],"wp:attachment":[{"href":"https:\/\/lavras.tv\/site\/wp-json\/wp\/v2\/media?parent=5797"}],"wp:term":[{"taxonomy":"category","embeddable":true,"href":"https:\/\/lavras.tv\/site\/wp-json\/wp\/v2\/categories?post=5797"},{"taxonomy":"post_tag","embeddable":true,"href":"https:\/\/lavras.tv\/site\/wp-json\/wp\/v2\/tags?post=5797"}],"curies":[{"name":"wp","href":"https:\/\/api.w.org\/{rel}","templated":true}]}}