{"id":5848,"date":"2017-01-23T10:18:17","date_gmt":"2017-01-23T12:18:17","guid":{"rendered":"http:\/\/lavras.tv\/site\/?p=5848"},"modified":"2017-01-23T10:18:17","modified_gmt":"2017-01-23T12:18:17","slug":"aeronautica-desmente-boato-sobre-acidente-que-matou-teori","status":"publish","type":"post","link":"https:\/\/lavras.tv\/site\/2017\/01\/23\/aeronautica-desmente-boato-sobre-acidente-que-matou-teori\/","title":{"rendered":"Aeron\u00e1utica desmente boato sobre acidente que matou Teori"},"content":{"rendered":"<div class=\"lavra-antes-do-conteudo_2\" id=\"lavra-2980783432\"><div id=\"lavra-slider-27\" class=\"custom-slider lavra-slider-4106675580 lavra-slider\"><ul><li><div style=\"margin-left: auto;margin-right: auto;text-align: center;\" id=\"lavra-811154283\"><a href=\"https:\/\/sistemas.lavras.mg.gov.br\/portalcidadao\/#df1b1a7c7b2a290bcb31e32771e610784662739a88807c0dacac58ede5f391a7530e299dc302d611ee73cb143fc22eaf93592e53e7b5bdb01b00a0b8d28dae460c141dd2ff83412e4dc1c31b16b25f33144a9e5620ea73b13f5bc1c59411d98439ad226e8af03840603796067d87afe130812cf3de24982d0e306f9e61e764e5\" aria-label=\"Lavras-TV&#8211;720x104px (1) (1)\"><img src=\"https:\/\/lavras.tv\/site\/wp-content\/uploads\/2025\/01\/Lavras-TV-720x104px-1-1.png\" alt=\"\"  srcset=\"https:\/\/lavras.tv\/site\/wp-content\/uploads\/2025\/01\/Lavras-TV-720x104px-1-1.png 720w, https:\/\/lavras.tv\/site\/wp-content\/uploads\/2025\/01\/Lavras-TV-720x104px-1-1-470x68.png 470w, https:\/\/lavras.tv\/site\/wp-content\/uploads\/2025\/01\/Lavras-TV-720x104px-1-1-170x25.png 170w, https:\/\/lavras.tv\/site\/wp-content\/uploads\/2025\/01\/Lavras-TV-720x104px-1-1-200x29.png 200w\" sizes=\"(max-width: 720px) 100vw, 720px\" width=\"720\" height=\"104\"  style=\"display: inline-block;\" \/><\/a><\/div><\/li><li><a href=\"https:\/\/sistemas.lavras.mg.gov.br\/portalcidadao\/#df1b1a7c7b2a290bcb31e32771e610784662739a88807c0dacac58ede5f391a7530e299dc302d611ee73cb143fc22eaf93592e53e7b5bdb01b00a0b8d28dae460c141dd2ff83412e4dc1c31b16b25f33144a9e5620ea73b13f5bc1c59411d98439ad226e8af03840603796067d87afe130812cf3de24982d0e306f9e61e764e5\" aria-label=\"Banner_Emprego_PortallavrasTV\"><img src=\"https:\/\/lavras.tv\/site\/wp-content\/uploads\/2025\/03\/Banner_Emprego_PortallavrasTV.png\" alt=\"\"  srcset=\"https:\/\/lavras.tv\/site\/wp-content\/uploads\/2025\/03\/Banner_Emprego_PortallavrasTV.png 720w, https:\/\/lavras.tv\/site\/wp-content\/uploads\/2025\/03\/Banner_Emprego_PortallavrasTV-470x68.png 470w, https:\/\/lavras.tv\/site\/wp-content\/uploads\/2025\/03\/Banner_Emprego_PortallavrasTV-170x25.png 170w, https:\/\/lavras.tv\/site\/wp-content\/uploads\/2025\/03\/Banner_Emprego_PortallavrasTV-200x29.png 200w\" sizes=\"(max-width: 720px) 100vw, 720px\" width=\"720\" height=\"104\"   \/><\/a><\/li><li><a href=\"https:\/\/sistemas.lavras.mg.gov.br\/portalcidadao\/#df1b1a7c7b2a290bcb31e32771e610784662739a88807c0dacac58ede5f391a7530e299dc302d611ee73cb143fc22eaf93592e53e7b5bdb01b00a0b8d28dae460c141dd2ff83412e4dc1c31b16b25f33144a9e5620ea73b13f5bc1c59411d98439ad226e8af03840603796067d87afe130812cf3de24982d0e306f9e61e764e5\" aria-label=\"Banner_Obras_PortallavrasTV\"><img src=\"https:\/\/lavras.tv\/site\/wp-content\/uploads\/2025\/03\/Banner_Obras_PortallavrasTV.png\" alt=\"\"  srcset=\"https:\/\/lavras.tv\/site\/wp-content\/uploads\/2025\/03\/Banner_Obras_PortallavrasTV.png 720w, https:\/\/lavras.tv\/site\/wp-content\/uploads\/2025\/03\/Banner_Obras_PortallavrasTV-470x68.png 470w, https:\/\/lavras.tv\/site\/wp-content\/uploads\/2025\/03\/Banner_Obras_PortallavrasTV-170x25.png 170w, https:\/\/lavras.tv\/site\/wp-content\/uploads\/2025\/03\/Banner_Obras_PortallavrasTV-200x29.png 200w\" sizes=\"(max-width: 720px) 100vw, 720px\" width=\"720\" height=\"104\"   \/><\/a><\/li><li><div style=\"margin-left: auto;margin-right: auto;text-align: center;\" id=\"lavra-139536600\"><a href=\"https:\/\/sistemas.lavras.mg.gov.br\/portalcidadao\/#df1b1a7c7b2a290bcb31e32771e610784662739a88807c0dacac58ede5f391a7530e299dc302d611ee73cb143fc22eaf93592e53e7b5bdb01b00a0b8d28dae460c141dd2ff83412e4dc1c31b16b25f33144a9e5620ea73b13f5bc1c59411d98439ad226e8af03840603796067d87afe130812cf3de24982d0e306f9e61e764e5\" aria-label=\"Banner_Educa\u00e7\u00e3o_PortallavrasTV\"><img src=\"https:\/\/lavras.tv\/site\/wp-content\/uploads\/2025\/01\/Banner_Educacao_PortallavrasTV.png\" alt=\"\"  srcset=\"https:\/\/lavras.tv\/site\/wp-content\/uploads\/2025\/01\/Banner_Educacao_PortallavrasTV.png 720w, https:\/\/lavras.tv\/site\/wp-content\/uploads\/2025\/01\/Banner_Educacao_PortallavrasTV-470x68.png 470w, https:\/\/lavras.tv\/site\/wp-content\/uploads\/2025\/01\/Banner_Educacao_PortallavrasTV-170x25.png 170w, https:\/\/lavras.tv\/site\/wp-content\/uploads\/2025\/01\/Banner_Educacao_PortallavrasTV-200x29.png 200w\" sizes=\"(max-width: 720px) 100vw, 720px\" width=\"720\" height=\"104\"  style=\"display: inline-block;\" \/><\/a><\/div><\/li><li><a href=\"https:\/\/sistemas.lavras.mg.gov.br\/portalcidadao\/#df1b1a7c7b2a290bcb31e32771e610784662739a88807c0dacac58ede5f391a7530e299dc302d611ee73cb143fc22eaf93592e53e7b5bdb01b00a0b8d28dae460c141dd2ff83412e4dc1c31b16b25f33144a9e5620ea73b13f5bc1c59411d98439ad226e8af03840603796067d87afe130812cf3de24982d0e306f9e61e764e5\" aria-label=\"Banner_Sa\u00fade_PortallavrasTV\"><img src=\"https:\/\/lavras.tv\/site\/wp-content\/uploads\/2025\/03\/Banner_Saude_PortallavrasTV.png\" alt=\"\"  srcset=\"https:\/\/lavras.tv\/site\/wp-content\/uploads\/2025\/03\/Banner_Saude_PortallavrasTV.png 720w, https:\/\/lavras.tv\/site\/wp-content\/uploads\/2025\/03\/Banner_Saude_PortallavrasTV-470x68.png 470w, https:\/\/lavras.tv\/site\/wp-content\/uploads\/2025\/03\/Banner_Saude_PortallavrasTV-170x25.png 170w, https:\/\/lavras.tv\/site\/wp-content\/uploads\/2025\/03\/Banner_Saude_PortallavrasTV-200x29.png 200w\" sizes=\"(max-width: 720px) 100vw, 720px\" width=\"720\" height=\"104\"   \/><\/a><\/li><li><div id=\"lavra-926014904\" style=\"width:720px;height:104px;background-color:#ddd;overflow:scroll;\">\n\t<strong>Sa\u00edda da depura\u00e7\u00e3o de an\u00fancios<\/strong>\n\t<br><br>\n\tO an\u00fancio n\u00e3o \u00e9 exibido na p\u00e1gina<br><br>post atual: Aeron\u00e1utica desmente boato sobre acidente que matou Teori, ID: 5848<br><br><span style=\"color: red;\">O post atual n\u00e3o \u00e9 id\u00eantico ao post principal.<\/span><br><br>An\u00fancios: ROXO - TOPO INTERNA - ROTATIVO 2 (197)<br \/>Grupo de an\u00fancios: Princ_Meio01_720x104 (27)<br><br>Condi\u00e7\u00f5es de exibi\u00e7\u00e3o<div style=\"margin-bottom: 20px; white-space: pre-wrap; font-family: monospace; width: 100%; background: #ffe9e9;\"><strong>condi\u00e7\u00f5es gerais<\/strong><table border=\"1\"><thead><tr><th><\/th><th>An\u00fancios<\/th><th>wp_the_query<\/th><\/tr><\/thead><tr><td>is_main_query<\/td><td>1<\/td><td>1<\/td><\/tr><tr><td>is_rest_api<\/td><td>0<\/td><td>1<\/td><\/tr><tr><td>page<\/td><td>0<\/td><td>1<\/td><\/tr><tr><td>numpages<\/td><td>0<\/td><td>1<\/td><\/tr><tr><td>is_archive<\/td><td>1<\/td><td><\/td><\/tr><tr><td>is_search<\/td><td>1<\/td><td><\/td><\/tr><tr><td>is_home<\/td><td>1<\/td><td><\/td><\/tr><tr><td>is_404<\/td><td>1<\/td><td><\/td><\/tr><tr><td>is_attachment<\/td><td>1<\/td><td><\/td><\/tr><tr><td>is_singular<\/td><td>1<\/td><td><\/td><\/tr><tr><td>is_front_page<\/td><td>1<\/td><td><\/td><\/tr><tr><td>is_feed<\/td><td>1<\/td><td><\/td><\/tr><\/table><\/div><br><br><span style=\"color: red;\">Seu site usa HTTPS, mas o c\u00f3digo do an\u00fancio cont\u00e9m HTTP e pode n\u00e3o funcionar.<\/span>\t<br><br>\n\t<a style=\"color: green;\" href=\"https:\/\/wpadvancedads.com\/manual\/ad-debug-mode\/?utm_source=advanced-ads&utm_medium=link&utm_campaign=ad-debug-mode\" target=\"_blank\" rel=\"nofollow\">Encontre solu\u00e7\u00f5es no manual<\/a>\n<\/div>\n<\/li><\/ul><\/div><script>( window.advanced_ads_ready || jQuery( document ).ready ).call( null, function() {var $lavraslider4106675580 = jQuery( \".lavra-slider-4106675580\" );$lavraslider4106675580.on( \"unslider.ready\", function() { jQuery( \"div.custom-slider ul li\" ).css( \"display\", \"block\" ); });$lavraslider4106675580.unslider({ delay:4000, autoplay:true, nav:false, arrows:false, infinite:true });$lavraslider4106675580.on(\"mouseover\", function() {$lavraslider4106675580.unslider(\"stop\");}).on(\"mouseout\", function() {$lavraslider4106675580.unslider(\"start\");});});<\/script><\/div><p>A Aeron\u00e1utica, por meio de sua assessoria de imprensa, desmentiu neste domingo (22), um boato sobre o desastre com o avi\u00e3o em que viajava o ministro do Supremo Tribunal Federal (STF) Teori Zavascki, segundo o qual o piloto, Osmar Rodrigues, foi orientado pela torre de controle localizada no Rio de forma equivocada, de modo que a aeronave ca\u00edsse, matando o ministro.<\/p>\n<p><img fetchpriority=\"high\" decoding=\"async\" class=\"size-full wp-image-5849 aligncenter\" src=\"http:\/\/lavras.tv\/site\/wp-content\/uploads\/2017\/01\/aviao.jpg\" alt=\"aviao\" width=\"653\" height=\"316\" srcset=\"https:\/\/lavras.tv\/site\/wp-content\/uploads\/2017\/01\/aviao.jpg 653w, https:\/\/lavras.tv\/site\/wp-content\/uploads\/2017\/01\/aviao-150x73.jpg 150w, https:\/\/lavras.tv\/site\/wp-content\/uploads\/2017\/01\/aviao-300x145.jpg 300w\" sizes=\"(max-width: 653px) 100vw, 653px\" \/><\/p>\n<p>O respons\u00e1vel pela suposta instru\u00e7\u00e3o equivocada seria uma pessoa identificada como &#8220;sargento Marcondes&#8221;, que n\u00e3o existe, segundo a Aeron\u00e1utica. O &#8220;alerta&#8221;, que come\u00e7a com a frase &#8220;a casa caiu!&#8221; e atribui a informa\u00e7\u00e3o a &#8220;uma fonte an\u00f4nima da Aeron\u00e1utica&#8221;, que teria feito a comunica\u00e7\u00e3o ao Estado, est\u00e1 sendo compartilhado indiscriminadamente nas redes sociais, apesar do conte\u00fado fantasioso. O objetivo do personagem Marcondes seria prejudicar o andamento da Opera\u00e7\u00e3o Lava Jato, da qual Teori era relator.<\/p>\n<p>&#8220;Com rela\u00e7\u00e3o ao boato que circula nas redes sociais sobre a influ\u00eancia de um tal sargento Marcondes no acidente com a aeronave que transportava o ministro do STF Teori Zavascki e outros passageiros, no dia 19\/01\/2017, informamos que N\u00c3O \u00c9 VERDADE. N\u00e3o existe militar com esse nome na equipe de servi\u00e7o respons\u00e1vel por aquela \u00e1rea de controle, nem havia qualquer comunica\u00e7\u00e3o com o piloto da aeronave matr\u00edcula PR-SOM durante a aproxima\u00e7\u00e3o para o pouso em Paraty, porque o aer\u00f3dromo n\u00e3o possui \u00f3rg\u00e3o de controle de tr\u00e1fego a\u00e9reo&#8221;, diz nota oficial emitida pela Aeron\u00e1utica. &#8220;Ressaltamos que todos os procedimentos realizados pelos \u00f3rg\u00e3os de controle durante o voo estiveram de acordo com as legisla\u00e7\u00f5es vigentes, inerentes aos servi\u00e7os de controle de tr\u00e1fego a\u00e9reo&#8221;, afirma ainda a nota.<\/p>\n<p>O Cockpit Voice Record (gravador de voz da cabine) do avi\u00e3o j\u00e1 est\u00e1 em Bras\u00edlia, no Centro de Investiga\u00e7\u00e3o e Preven\u00e7\u00e3o de Acidentes Aeron\u00e1uticos (Cenipa), para ser analisado. L\u00e1 podem estar conversas que o piloto teve com a torre de comando do aeroporto de Congonhas, registradas enquanto o avi\u00e3o estava ainda em S\u00e3o Paulo, e, j\u00e1 em Paraty, \u00e1rea n\u00e3o controlada, e comunica\u00e7\u00f5es com pilotos de outras aeronaves que estivessem voando pela regi\u00e3o, em que o piloto pode ter relatado a baixa visibilidade.<\/p>\n<p>O avi\u00e3o saiu com Teori e outras tr\u00eas pessoas &#8211; o empres\u00e1rio Carlos Alberto Filgueiras, dono da aeronave, a massoterapeuta Ma\u00edra Panas e sua m\u00e3e, a professora Maria Hilda Panas -, al\u00e9m do piloto, \u00e0s 13h01 da quinta-feira, com destino a Paraty, e caiu no mar perto da Ilha Rosa, ap\u00f3s meia hora de voo e a dois quil\u00f4metros da cabeceira da pista do aeroporto da cidade do Sul Fluminense.<\/p>\n<p>Fonte: Hoje em Dia<\/p>\n","protected":false},"excerpt":{"rendered":"<p>A Aeron\u00e1utica, por meio de sua assessoria de imprensa, desmentiu neste domingo (22), um boato sobre o desastre com o avi\u00e3o em que viajava o ministro do Supremo Tribunal Federal (STF) Teori Zavascki, segundo o qual o piloto, Osmar Rodrigues, foi orientado pela torre de controle localizada no Rio de forma equivocada, de modo que [&hellip;]<\/p>\n","protected":false},"author":2,"featured_media":5849,"comment_status":"closed","ping_status":"open","sticky":false,"template":"","format":"standard","meta":{"advgb_blocks_editor_width":"","advgb_blocks_columns_visual_guide":"","_exactmetrics_skip_tracking":false,"_exactmetrics_sitenote_active":false,"_exactmetrics_sitenote_note":"","_exactmetrics_sitenote_category":0,"footnotes":""},"categories":[12],"tags":[77,2384,1605,2385,2383],"class_list":["post-5848","post","type-post","status-publish","format-standard","has-post-thumbnail","hentry","category-politica","tag-acidente","tag-aeronautica","tag-aviao","tag-boato","tag-teori"],"better_featured_image":{"id":5849,"alt_text":"","caption":"","description":"","media_type":"image","media_details":{"width":653,"height":316,"file":"2017\/01\/aviao.jpg","sizes":{"thumbnail":{"file":"aviao-150x73.jpg","width":150,"height":73,"mime-type":"image\/jpeg","source_url":"https:\/\/lavras.tv\/site\/wp-content\/uploads\/2017\/01\/aviao-150x73.jpg"},"medium":{"file":"aviao-300x145.jpg","width":300,"height":145,"mime-type":"image\/jpeg","source_url":"https:\/\/lavras.tv\/site\/wp-content\/uploads\/2017\/01\/aviao-300x145.jpg"},"featured-slider-img":{"file":"aviao-640x316.jpg","width":640,"height":316,"mime-type":"image\/jpeg","source_url":"https:\/\/lavras.tv\/site\/wp-content\/uploads\/2017\/01\/aviao-640x316.jpg"},"featured-post-img":{"file":"aviao-480x316.jpg","width":480,"height":316,"mime-type":"image\/jpeg","source_url":"https:\/\/lavras.tv\/site\/wp-content\/uploads\/2017\/01\/aviao-480x316.jpg"},"sow-carousel-default":{"file":"aviao-272x182.jpg","width":272,"height":182,"mime-type":"image\/jpeg","source_url":"https:\/\/lavras.tv\/site\/wp-content\/uploads\/2017\/01\/aviao-272x182.jpg"}},"image_meta":{"aperture":"0","credit":"","camera":"","caption":"","created_timestamp":"0","copyright":"","focal_length":"0","iso":"0","shutter_speed":"0","title":"","orientation":"0","keywords":[]}},"post":5848,"source_url":"https:\/\/lavras.tv\/site\/wp-content\/uploads\/2017\/01\/aviao.jpg"},"author_meta":{"display_name":"Lavras TV","author_link":"https:\/\/lavras.tv\/site\/author\/lavrastv\/"},"featured_img":"https:\/\/lavras.tv\/site\/wp-content\/uploads\/2017\/01\/aviao-300x145.jpg","coauthors":[],"tax_additional":{"categories":{"linked":["<a href=\"https:\/\/lavras.tv\/site\/category\/politica\/\" class=\"advgb-post-tax-term\">Pol\u00edtica<\/a>"],"unlinked":["<span class=\"advgb-post-tax-term\">Pol\u00edtica<\/span>"]},"tags":{"linked":["<a href=\"https:\/\/lavras.tv\/site\/category\/politica\/\" class=\"advgb-post-tax-term\">acidente<\/a>","<a href=\"https:\/\/lavras.tv\/site\/category\/politica\/\" class=\"advgb-post-tax-term\">aeron\u00e1utica<\/a>","<a href=\"https:\/\/lavras.tv\/site\/category\/politica\/\" class=\"advgb-post-tax-term\">avi\u00e3o<\/a>","<a href=\"https:\/\/lavras.tv\/site\/category\/politica\/\" class=\"advgb-post-tax-term\">boato<\/a>","<a href=\"https:\/\/lavras.tv\/site\/category\/politica\/\" class=\"advgb-post-tax-term\">teor\u00ed<\/a>"],"unlinked":["<span class=\"advgb-post-tax-term\">acidente<\/span>","<span class=\"advgb-post-tax-term\">aeron\u00e1utica<\/span>","<span class=\"advgb-post-tax-term\">avi\u00e3o<\/span>","<span class=\"advgb-post-tax-term\">boato<\/span>","<span class=\"advgb-post-tax-term\">teor\u00ed<\/span>"]}},"comment_count":"0","relative_dates":{"created":"Publicado 9 anos atr\u00e1s","modified":"Atualizado 9 anos atr\u00e1s"},"absolute_dates":{"created":"Publicado em 23 de janeiro de 2017","modified":"Atualizado em 23 de janeiro de 2017"},"absolute_dates_time":{"created":"Publicado em 23 de janeiro de 2017 10:18","modified":"Atualizado em 23 de janeiro de 2017 10:18"},"featured_img_caption":"","series_order":"","_links":{"self":[{"href":"https:\/\/lavras.tv\/site\/wp-json\/wp\/v2\/posts\/5848","targetHints":{"allow":["GET"]}}],"collection":[{"href":"https:\/\/lavras.tv\/site\/wp-json\/wp\/v2\/posts"}],"about":[{"href":"https:\/\/lavras.tv\/site\/wp-json\/wp\/v2\/types\/post"}],"author":[{"embeddable":true,"href":"https:\/\/lavras.tv\/site\/wp-json\/wp\/v2\/users\/2"}],"replies":[{"embeddable":true,"href":"https:\/\/lavras.tv\/site\/wp-json\/wp\/v2\/comments?post=5848"}],"version-history":[{"count":1,"href":"https:\/\/lavras.tv\/site\/wp-json\/wp\/v2\/posts\/5848\/revisions"}],"predecessor-version":[{"id":5850,"href":"https:\/\/lavras.tv\/site\/wp-json\/wp\/v2\/posts\/5848\/revisions\/5850"}],"wp:featuredmedia":[{"embeddable":true,"href":"https:\/\/lavras.tv\/site\/wp-json\/wp\/v2\/media\/5849"}],"wp:attachment":[{"href":"https:\/\/lavras.tv\/site\/wp-json\/wp\/v2\/media?parent=5848"}],"wp:term":[{"taxonomy":"category","embeddable":true,"href":"https:\/\/lavras.tv\/site\/wp-json\/wp\/v2\/categories?post=5848"},{"taxonomy":"post_tag","embeddable":true,"href":"https:\/\/lavras.tv\/site\/wp-json\/wp\/v2\/tags?post=5848"}],"curies":[{"name":"wp","href":"https:\/\/api.w.org\/{rel}","templated":true}]}}