{"id":5930,"date":"2017-01-25T09:37:18","date_gmt":"2017-01-25T11:37:18","guid":{"rendered":"http:\/\/lavras.tv\/site\/?p=5930"},"modified":"2017-01-25T09:37:18","modified_gmt":"2017-01-25T11:37:18","slug":"diretor-do-galo-diz-que-se-laudo-for-mantido-podera-ser-o-inicio-do-fim-do-independencia","status":"publish","type":"post","link":"https:\/\/lavras.tv\/site\/2017\/01\/25\/diretor-do-galo-diz-que-se-laudo-for-mantido-podera-ser-o-inicio-do-fim-do-independencia\/","title":{"rendered":"Diretor do Galo diz que se laudo for mantido, poder\u00e1 ser \u2018o in\u00edcio do fim do Independ\u00eancia\u2019"},"content":{"rendered":"<div class=\"lavra-antes-do-conteudo_2\" id=\"lavra-2796275274\"><div id=\"lavra-slider-27\" class=\"custom-slider lavra-slider-4036164466 lavra-slider\"><ul><li><div style=\"margin-left: auto;margin-right: auto;text-align: center;\" id=\"lavra-3524282710\"><a href=\"https:\/\/sistemas.lavras.mg.gov.br\/portalcidadao\/#df1b1a7c7b2a290bcb31e32771e610784662739a88807c0dacac58ede5f391a7530e299dc302d611ee73cb143fc22eaf93592e53e7b5bdb01b00a0b8d28dae460c141dd2ff83412e4dc1c31b16b25f33144a9e5620ea73b13f5bc1c59411d98439ad226e8af03840603796067d87afe130812cf3de24982d0e306f9e61e764e5\" aria-label=\"Lavras-TV&#8211;720x104px (1) (1)\"><img src=\"https:\/\/lavras.tv\/site\/wp-content\/uploads\/2025\/01\/Lavras-TV-720x104px-1-1.png\" alt=\"\"  srcset=\"https:\/\/lavras.tv\/site\/wp-content\/uploads\/2025\/01\/Lavras-TV-720x104px-1-1.png 720w, https:\/\/lavras.tv\/site\/wp-content\/uploads\/2025\/01\/Lavras-TV-720x104px-1-1-470x68.png 470w, https:\/\/lavras.tv\/site\/wp-content\/uploads\/2025\/01\/Lavras-TV-720x104px-1-1-170x25.png 170w, https:\/\/lavras.tv\/site\/wp-content\/uploads\/2025\/01\/Lavras-TV-720x104px-1-1-200x29.png 200w\" sizes=\"(max-width: 720px) 100vw, 720px\" width=\"720\" height=\"104\"  style=\"display: inline-block;\" \/><\/a><\/div><\/li><li><a href=\"https:\/\/sistemas.lavras.mg.gov.br\/portalcidadao\/#df1b1a7c7b2a290bcb31e32771e610784662739a88807c0dacac58ede5f391a7530e299dc302d611ee73cb143fc22eaf93592e53e7b5bdb01b00a0b8d28dae460c141dd2ff83412e4dc1c31b16b25f33144a9e5620ea73b13f5bc1c59411d98439ad226e8af03840603796067d87afe130812cf3de24982d0e306f9e61e764e5\" aria-label=\"Banner_Emprego_PortallavrasTV\"><img src=\"https:\/\/lavras.tv\/site\/wp-content\/uploads\/2025\/03\/Banner_Emprego_PortallavrasTV.png\" alt=\"\"  srcset=\"https:\/\/lavras.tv\/site\/wp-content\/uploads\/2025\/03\/Banner_Emprego_PortallavrasTV.png 720w, https:\/\/lavras.tv\/site\/wp-content\/uploads\/2025\/03\/Banner_Emprego_PortallavrasTV-470x68.png 470w, https:\/\/lavras.tv\/site\/wp-content\/uploads\/2025\/03\/Banner_Emprego_PortallavrasTV-170x25.png 170w, https:\/\/lavras.tv\/site\/wp-content\/uploads\/2025\/03\/Banner_Emprego_PortallavrasTV-200x29.png 200w\" sizes=\"(max-width: 720px) 100vw, 720px\" width=\"720\" height=\"104\"   \/><\/a><\/li><li><a href=\"https:\/\/sistemas.lavras.mg.gov.br\/portalcidadao\/#df1b1a7c7b2a290bcb31e32771e610784662739a88807c0dacac58ede5f391a7530e299dc302d611ee73cb143fc22eaf93592e53e7b5bdb01b00a0b8d28dae460c141dd2ff83412e4dc1c31b16b25f33144a9e5620ea73b13f5bc1c59411d98439ad226e8af03840603796067d87afe130812cf3de24982d0e306f9e61e764e5\" aria-label=\"Banner_Obras_PortallavrasTV\"><img src=\"https:\/\/lavras.tv\/site\/wp-content\/uploads\/2025\/03\/Banner_Obras_PortallavrasTV.png\" alt=\"\"  srcset=\"https:\/\/lavras.tv\/site\/wp-content\/uploads\/2025\/03\/Banner_Obras_PortallavrasTV.png 720w, https:\/\/lavras.tv\/site\/wp-content\/uploads\/2025\/03\/Banner_Obras_PortallavrasTV-470x68.png 470w, https:\/\/lavras.tv\/site\/wp-content\/uploads\/2025\/03\/Banner_Obras_PortallavrasTV-170x25.png 170w, https:\/\/lavras.tv\/site\/wp-content\/uploads\/2025\/03\/Banner_Obras_PortallavrasTV-200x29.png 200w\" sizes=\"(max-width: 720px) 100vw, 720px\" width=\"720\" height=\"104\"   \/><\/a><\/li><li><div style=\"margin-left: auto;margin-right: auto;text-align: center;\" id=\"lavra-90126761\"><a href=\"https:\/\/sistemas.lavras.mg.gov.br\/portalcidadao\/#df1b1a7c7b2a290bcb31e32771e610784662739a88807c0dacac58ede5f391a7530e299dc302d611ee73cb143fc22eaf93592e53e7b5bdb01b00a0b8d28dae460c141dd2ff83412e4dc1c31b16b25f33144a9e5620ea73b13f5bc1c59411d98439ad226e8af03840603796067d87afe130812cf3de24982d0e306f9e61e764e5\" aria-label=\"Banner_Educa\u00e7\u00e3o_PortallavrasTV\"><img src=\"https:\/\/lavras.tv\/site\/wp-content\/uploads\/2025\/01\/Banner_Educacao_PortallavrasTV.png\" alt=\"\"  srcset=\"https:\/\/lavras.tv\/site\/wp-content\/uploads\/2025\/01\/Banner_Educacao_PortallavrasTV.png 720w, https:\/\/lavras.tv\/site\/wp-content\/uploads\/2025\/01\/Banner_Educacao_PortallavrasTV-470x68.png 470w, https:\/\/lavras.tv\/site\/wp-content\/uploads\/2025\/01\/Banner_Educacao_PortallavrasTV-170x25.png 170w, https:\/\/lavras.tv\/site\/wp-content\/uploads\/2025\/01\/Banner_Educacao_PortallavrasTV-200x29.png 200w\" sizes=\"(max-width: 720px) 100vw, 720px\" width=\"720\" height=\"104\"  style=\"display: inline-block;\" \/><\/a><\/div><\/li><li><a href=\"https:\/\/sistemas.lavras.mg.gov.br\/portalcidadao\/#df1b1a7c7b2a290bcb31e32771e610784662739a88807c0dacac58ede5f391a7530e299dc302d611ee73cb143fc22eaf93592e53e7b5bdb01b00a0b8d28dae460c141dd2ff83412e4dc1c31b16b25f33144a9e5620ea73b13f5bc1c59411d98439ad226e8af03840603796067d87afe130812cf3de24982d0e306f9e61e764e5\" aria-label=\"Banner_Sa\u00fade_PortallavrasTV\"><img src=\"https:\/\/lavras.tv\/site\/wp-content\/uploads\/2025\/03\/Banner_Saude_PortallavrasTV.png\" alt=\"\"  srcset=\"https:\/\/lavras.tv\/site\/wp-content\/uploads\/2025\/03\/Banner_Saude_PortallavrasTV.png 720w, https:\/\/lavras.tv\/site\/wp-content\/uploads\/2025\/03\/Banner_Saude_PortallavrasTV-470x68.png 470w, https:\/\/lavras.tv\/site\/wp-content\/uploads\/2025\/03\/Banner_Saude_PortallavrasTV-170x25.png 170w, https:\/\/lavras.tv\/site\/wp-content\/uploads\/2025\/03\/Banner_Saude_PortallavrasTV-200x29.png 200w\" sizes=\"(max-width: 720px) 100vw, 720px\" width=\"720\" height=\"104\"   \/><\/a><\/li><li><div id=\"lavra-400102461\" style=\"width:720px;height:104px;background-color:#ddd;overflow:scroll;\">\n\t<strong>Sa\u00edda da depura\u00e7\u00e3o de an\u00fancios<\/strong>\n\t<br><br>\n\tO an\u00fancio n\u00e3o \u00e9 exibido na p\u00e1gina<br><br>post atual: Diretor do Galo diz que se laudo for mantido, poder\u00e1 ser \u2018o in\u00edcio do fim do Independ\u00eancia\u2019, ID: 5930<br><br><span style=\"color: red;\">O post atual n\u00e3o \u00e9 id\u00eantico ao post principal.<\/span><br><br>An\u00fancios: ROXO - TOPO INTERNA - ROTATIVO 2 (197)<br \/>Grupo de an\u00fancios: Princ_Meio01_720x104 (27)<br><br>Condi\u00e7\u00f5es de exibi\u00e7\u00e3o<div style=\"margin-bottom: 20px; white-space: pre-wrap; font-family: monospace; width: 100%; background: #ffe9e9;\"><strong>condi\u00e7\u00f5es gerais<\/strong><table border=\"1\"><thead><tr><th><\/th><th>An\u00fancios<\/th><th>wp_the_query<\/th><\/tr><\/thead><tr><td>is_main_query<\/td><td>1<\/td><td>1<\/td><\/tr><tr><td>is_rest_api<\/td><td>0<\/td><td>1<\/td><\/tr><tr><td>page<\/td><td>0<\/td><td>1<\/td><\/tr><tr><td>numpages<\/td><td>0<\/td><td>1<\/td><\/tr><tr><td>is_archive<\/td><td>1<\/td><td><\/td><\/tr><tr><td>is_search<\/td><td>1<\/td><td><\/td><\/tr><tr><td>is_home<\/td><td>1<\/td><td><\/td><\/tr><tr><td>is_404<\/td><td>1<\/td><td><\/td><\/tr><tr><td>is_attachment<\/td><td>1<\/td><td><\/td><\/tr><tr><td>is_singular<\/td><td>1<\/td><td><\/td><\/tr><tr><td>is_front_page<\/td><td>1<\/td><td><\/td><\/tr><tr><td>is_feed<\/td><td>1<\/td><td><\/td><\/tr><\/table><\/div><br><br><span style=\"color: red;\">Seu site usa HTTPS, mas o c\u00f3digo do an\u00fancio cont\u00e9m HTTP e pode n\u00e3o funcionar.<\/span>\t<br><br>\n\t<a style=\"color: green;\" href=\"https:\/\/wpadvancedads.com\/manual\/ad-debug-mode\/?utm_source=advanced-ads&utm_medium=link&utm_campaign=ad-debug-mode\" target=\"_blank\" rel=\"nofollow\">Encontre solu\u00e7\u00f5es no manual<\/a>\n<\/div>\n<\/li><\/ul><\/div><script>( window.advanced_ads_ready || jQuery( document ).ready ).call( null, function() {var $lavraslider4036164466 = jQuery( \".lavra-slider-4036164466\" );$lavraslider4036164466.on( \"unslider.ready\", function() { jQuery( \"div.custom-slider ul li\" ).css( \"display\", \"block\" ); });$lavraslider4036164466.unslider({ delay:4000, autoplay:true, nav:false, arrows:false, infinite:true });$lavraslider4036164466.on(\"mouseover\", function() {$lavraslider4036164466.unslider(\"stop\");}).on(\"mouseout\", function() {$lavraslider4036164466.unslider(\"start\");});});<\/script><\/div><p>O Atl\u00e9tico n\u00e3o concorda com o veto ao est\u00e1dio Independ\u00eancia para grandes jogos determinado pela Pol\u00edcia Militar em laudo emitido nesta ter\u00e7a-feira. Em entrevista \u00e0 Itatiaia, o diretor jur\u00eddico do clube alvinegro, L\u00e1saro C\u00e2ndido Cunha, disse que espera que a corpora\u00e7\u00e3o revise o relat\u00f3rio em reuni\u00e3o marcada para a pr\u00f3xima semana e se mostrou preocupado com uma poss\u00edvel negativa falando que a proibi\u00e7\u00e3o \u201cseria praticamente o in\u00edcio do fim do Independ\u00eancia\u201d.<\/p>\n<p><img fetchpriority=\"high\" decoding=\"async\" class=\"size-full wp-image-5931 aligncenter\" src=\"http:\/\/lavras.tv\/site\/wp-content\/uploads\/2017\/01\/galo.jpg\" alt=\"\" width=\"600\" height=\"370\" srcset=\"https:\/\/lavras.tv\/site\/wp-content\/uploads\/2017\/01\/galo.jpg 600w, https:\/\/lavras.tv\/site\/wp-content\/uploads\/2017\/01\/galo-150x93.jpg 150w, https:\/\/lavras.tv\/site\/wp-content\/uploads\/2017\/01\/galo-300x185.jpg 300w\" sizes=\"(max-width: 600px) 100vw, 600px\" \/><\/p>\n<p>L\u00e1saro Cunha entende que a emiss\u00e3o do laudo foi feita de forma equivocada, pois o Atl\u00e9tico n\u00e3o foi convocado para participar.<\/p>\n<p>\u201cO Atl\u00e9tico recebeu com preocupa\u00e7\u00e3o esse laudo, mas considera que a Pol\u00edcia Militar e os Bombeiros podem fazer as revis\u00f5es. E o clube espera que fa\u00e7a essas revis\u00f5es nesse laudo. N\u00e3o se justifica, pois na elabora\u00e7\u00e3o desse laudo, o Atl\u00e9tico n\u00e3o foi ouvido. Marcamos uma reuni\u00e3o para semana que vem para discutir essa quest\u00e3o. A gente confia que a Pol\u00edcia Militar far\u00e1 a revis\u00e3o\u201d, afirmou.<\/p>\n<p>O laudo da PM aponta para riscos de seguran\u00e7a no est\u00e1dio em confrontos contra sete clubes: Cruzeiro, Corinthians, S\u00e3o Paulo, Flamengo, Internacional, Sport e Atl\u00e9tico-PR.<\/p>\n<p>A justificativa para o impedimento de duelos no Horto contra Cruzeiro, Corinthians, S\u00e3o Paulo, Flamengo e Internacional \u00e9 o hist\u00f3rico de rivalidade do Atl\u00e9tico com esses clubes. J\u00e1 a inclus\u00e3o de Sport e Atl\u00e9tico-PR na lista \u00e9 explicada pela PM pelo fato de as torcidas desses clubes terem liga\u00e7\u00e3o com fac\u00e7\u00f5es do Cruzeiro.<\/p>\n<p>O diretor jur\u00eddico do Atl\u00e9tico n\u00e3o v\u00ea problemas relacionados \u00e0 seguran\u00e7a no est\u00e1dio e deixou no ar que o Atl\u00e9tico poder\u00e1 deixar o Independ\u00eancia caso o veto seja mantido na reuni\u00e3o da pr\u00f3xima semana.<\/p>\n<p>\u201cN\u00e3o se justifica vetar jogos com equipes do campeonato nacional e de outras competi\u00e7\u00f5es, sendo que no caso do Independ\u00eancia h\u00e1 um hist\u00f3rico positivo, sem registro de grandes problemas no est\u00e1dio. Seria praticamente o in\u00edcio do fim do Independ\u00eancia\u201d, ressaltou.<\/p>\n<p>\u201cO poder p\u00fablico tem que ser parceiro do futebol sen\u00e3o todo dia algu\u00e9m coloca um obst\u00e1culo a mais e, daqui a pouco, conseguem matar o futebol. A gente acredita que a Pol\u00edcia Militar n\u00e3o teve essa inten\u00e7\u00e3o e deve haver, seguramente haver\u00e1, uma revis\u00e3o disso\u201d, completou.<\/p>\n<p>No entanto, o laudo da PM manteve no Independ\u00eancia os duelos contra Palmeiras e Vasco. A alega\u00e7\u00e3o \u00e9 que as torcidas de ambos os clubes s\u00e3o \u2018irm\u00e3s\u2019 e n\u00e3o haveria problemas.<\/p>\n<p>Mesmo sem quase jogar como mandante no Independ\u00eancia, o Cruzeiro tamb\u00e9m foi citado no laudo da Pol\u00edcia Militar. Foram vetados os confrontos contra Atl\u00e9tico, Gr\u00eamio, Corinthians, Palmeiras, Vasco, Coritiba e Santa Cruz. Os motivos s\u00e3o os mesmos apontados para proibir as partidas do clube alvinegro.<\/p>\n<p>Fonte: Itatiaia<\/p>\n","protected":false},"excerpt":{"rendered":"<p>O Atl\u00e9tico n\u00e3o concorda com o veto ao est\u00e1dio Independ\u00eancia para grandes jogos determinado pela Pol\u00edcia Militar em laudo emitido nesta ter\u00e7a-feira. Em entrevista \u00e0 Itatiaia, o diretor jur\u00eddico do clube alvinegro, L\u00e1saro C\u00e2ndido Cunha, disse que espera que a corpora\u00e7\u00e3o revise o relat\u00f3rio em reuni\u00e3o marcada para a pr\u00f3xima semana e se mostrou preocupado [&hellip;]<\/p>\n","protected":false},"author":2,"featured_media":5931,"comment_status":"closed","ping_status":"open","sticky":false,"template":"","format":"standard","meta":{"advgb_blocks_editor_width":"","advgb_blocks_columns_visual_guide":"","_exactmetrics_skip_tracking":false,"_exactmetrics_sitenote_active":false,"_exactmetrics_sitenote_note":"","_exactmetrics_sitenote_category":0,"footnotes":""},"categories":[3],"tags":[895,2433,966,2434,1036,1063,449,2057],"class_list":["post-5930","post","type-post","status-publish","format-standard","has-post-thumbnail","hentry","category-esportes","tag-895","tag-clube-atletico-mineiro","tag-esporte","tag-estadio-independencia","tag-futebol","tag-galo","tag-policia-militar","tag-veto"],"better_featured_image":{"id":5931,"alt_text":"","caption":"","description":"","media_type":"image","media_details":{"width":600,"height":370,"file":"2017\/01\/galo.jpg","sizes":{"thumbnail":{"file":"galo-150x93.jpg","width":150,"height":93,"mime-type":"image\/jpeg","source_url":"https:\/\/lavras.tv\/site\/wp-content\/uploads\/2017\/01\/galo-150x93.jpg"},"medium":{"file":"galo-300x185.jpg","width":300,"height":185,"mime-type":"image\/jpeg","source_url":"https:\/\/lavras.tv\/site\/wp-content\/uploads\/2017\/01\/galo-300x185.jpg"},"featured-post-img":{"file":"galo-480x320.jpg","width":480,"height":320,"mime-type":"image\/jpeg","source_url":"https:\/\/lavras.tv\/site\/wp-content\/uploads\/2017\/01\/galo-480x320.jpg"},"sow-carousel-default":{"file":"galo-272x182.jpg","width":272,"height":182,"mime-type":"image\/jpeg","source_url":"https:\/\/lavras.tv\/site\/wp-content\/uploads\/2017\/01\/galo-272x182.jpg"}},"image_meta":{"aperture":"4.5","credit":"BRUNO CANTINI","camera":"Canon EOS 7D","caption":"BELO HORIZONTE\/ MINAS GERAIS \/ BRASIL  (12.11.2014) Atl\u00e9tico x Cruzeiro - no est\u00e1dio Independ\u00eancia - Final da Copa do Brasil 2014 - foto: Bruno Cantini","created_timestamp":"1415825760","copyright":"Copyright \u00a9 2013 Bruno Cantini","focal_length":"40","iso":"2000","shutter_speed":"0.005","title":"BELO HORIZONTE\/ MINAS GERAIS \/ BRASIL  (12.11.2014) Atl\u00e9tico x Cruzeiro - no est\u00e1dio Independ\u00eancia - Final da Copa do Brasil 2014 - foto: Bruno Cantini","orientation":"1","keywords":[]}},"post":5930,"source_url":"https:\/\/lavras.tv\/site\/wp-content\/uploads\/2017\/01\/galo.jpg"},"author_meta":{"display_name":"Lavras TV","author_link":"https:\/\/lavras.tv\/site\/author\/lavrastv\/"},"featured_img":"https:\/\/lavras.tv\/site\/wp-content\/uploads\/2017\/01\/galo-300x185.jpg","coauthors":[],"tax_additional":{"categories":{"linked":["<a href=\"https:\/\/lavras.tv\/site\/category\/esportes\/\" class=\"advgb-post-tax-term\">Esportes<\/a>"],"unlinked":["<span class=\"advgb-post-tax-term\">Esportes<\/span>"]},"tags":{"linked":["<a href=\"https:\/\/lavras.tv\/site\/category\/esportes\/\" class=\"advgb-post-tax-term\">2017<\/a>","<a href=\"https:\/\/lavras.tv\/site\/category\/esportes\/\" class=\"advgb-post-tax-term\">clube atl\u00e9tico mineiro<\/a>","<a href=\"https:\/\/lavras.tv\/site\/category\/esportes\/\" class=\"advgb-post-tax-term\">esporte<\/a>","<a href=\"https:\/\/lavras.tv\/site\/category\/esportes\/\" class=\"advgb-post-tax-term\">est\u00e1dio independ\u00eancia<\/a>","<a href=\"https:\/\/lavras.tv\/site\/category\/esportes\/\" class=\"advgb-post-tax-term\">futebol<\/a>","<a href=\"https:\/\/lavras.tv\/site\/category\/esportes\/\" class=\"advgb-post-tax-term\">galo<\/a>","<a href=\"https:\/\/lavras.tv\/site\/category\/esportes\/\" class=\"advgb-post-tax-term\">pol\u00edcia militar<\/a>","<a href=\"https:\/\/lavras.tv\/site\/category\/esportes\/\" class=\"advgb-post-tax-term\">veto<\/a>"],"unlinked":["<span class=\"advgb-post-tax-term\">2017<\/span>","<span class=\"advgb-post-tax-term\">clube atl\u00e9tico mineiro<\/span>","<span class=\"advgb-post-tax-term\">esporte<\/span>","<span class=\"advgb-post-tax-term\">est\u00e1dio independ\u00eancia<\/span>","<span class=\"advgb-post-tax-term\">futebol<\/span>","<span class=\"advgb-post-tax-term\">galo<\/span>","<span class=\"advgb-post-tax-term\">pol\u00edcia militar<\/span>","<span class=\"advgb-post-tax-term\">veto<\/span>"]}},"comment_count":"0","relative_dates":{"created":"Publicado 9 anos atr\u00e1s","modified":"Atualizado 9 anos atr\u00e1s"},"absolute_dates":{"created":"Publicado em 25 de janeiro de 2017","modified":"Atualizado em 25 de janeiro de 2017"},"absolute_dates_time":{"created":"Publicado em 25 de janeiro de 2017 09:37","modified":"Atualizado em 25 de janeiro de 2017 09:37"},"featured_img_caption":"","series_order":"","_links":{"self":[{"href":"https:\/\/lavras.tv\/site\/wp-json\/wp\/v2\/posts\/5930","targetHints":{"allow":["GET"]}}],"collection":[{"href":"https:\/\/lavras.tv\/site\/wp-json\/wp\/v2\/posts"}],"about":[{"href":"https:\/\/lavras.tv\/site\/wp-json\/wp\/v2\/types\/post"}],"author":[{"embeddable":true,"href":"https:\/\/lavras.tv\/site\/wp-json\/wp\/v2\/users\/2"}],"replies":[{"embeddable":true,"href":"https:\/\/lavras.tv\/site\/wp-json\/wp\/v2\/comments?post=5930"}],"version-history":[{"count":1,"href":"https:\/\/lavras.tv\/site\/wp-json\/wp\/v2\/posts\/5930\/revisions"}],"predecessor-version":[{"id":5932,"href":"https:\/\/lavras.tv\/site\/wp-json\/wp\/v2\/posts\/5930\/revisions\/5932"}],"wp:featuredmedia":[{"embeddable":true,"href":"https:\/\/lavras.tv\/site\/wp-json\/wp\/v2\/media\/5931"}],"wp:attachment":[{"href":"https:\/\/lavras.tv\/site\/wp-json\/wp\/v2\/media?parent=5930"}],"wp:term":[{"taxonomy":"category","embeddable":true,"href":"https:\/\/lavras.tv\/site\/wp-json\/wp\/v2\/categories?post=5930"},{"taxonomy":"post_tag","embeddable":true,"href":"https:\/\/lavras.tv\/site\/wp-json\/wp\/v2\/tags?post=5930"}],"curies":[{"name":"wp","href":"https:\/\/api.w.org\/{rel}","templated":true}]}}