{"id":59847,"date":"2023-11-29T17:36:38","date_gmt":"2023-11-29T20:36:38","guid":{"rendered":"https:\/\/lavras.tv\/site\/?p=59847"},"modified":"2023-11-29T17:36:38","modified_gmt":"2023-11-29T20:36:38","slug":"feirao-de-empregos-rex","status":"publish","type":"post","link":"https:\/\/lavras.tv\/site\/2023\/11\/29\/feirao-de-empregos-rex\/","title":{"rendered":"Feir\u00e3o de Empregos REX"},"content":{"rendered":"<div class=\"lavra-antes-do-conteudo_2\" id=\"lavra-1700304348\"><div id=\"lavra-slider-27\" class=\"custom-slider lavra-slider-1362099758 lavra-slider\"><ul><li><div style=\"margin-left: auto;margin-right: auto;text-align: center;\" id=\"lavra-3151719542\"><a href=\"https:\/\/sistemas.lavras.mg.gov.br\/portalcidadao\/#df1b1a7c7b2a290bcb31e32771e610784662739a88807c0dacac58ede5f391a7530e299dc302d611ee73cb143fc22eaf93592e53e7b5bdb01b00a0b8d28dae460c141dd2ff83412e4dc1c31b16b25f33144a9e5620ea73b13f5bc1c59411d98439ad226e8af03840603796067d87afe130812cf3de24982d0e306f9e61e764e5\" aria-label=\"Lavras-TV&#8211;720x104px (1) (1)\"><img src=\"https:\/\/lavras.tv\/site\/wp-content\/uploads\/2025\/01\/Lavras-TV-720x104px-1-1.png\" alt=\"\"  srcset=\"https:\/\/lavras.tv\/site\/wp-content\/uploads\/2025\/01\/Lavras-TV-720x104px-1-1.png 720w, https:\/\/lavras.tv\/site\/wp-content\/uploads\/2025\/01\/Lavras-TV-720x104px-1-1-470x68.png 470w, https:\/\/lavras.tv\/site\/wp-content\/uploads\/2025\/01\/Lavras-TV-720x104px-1-1-170x25.png 170w, https:\/\/lavras.tv\/site\/wp-content\/uploads\/2025\/01\/Lavras-TV-720x104px-1-1-200x29.png 200w\" sizes=\"(max-width: 720px) 100vw, 720px\" width=\"720\" height=\"104\"  style=\"display: inline-block;\" \/><\/a><\/div><\/li><li><a href=\"https:\/\/sistemas.lavras.mg.gov.br\/portalcidadao\/#df1b1a7c7b2a290bcb31e32771e610784662739a88807c0dacac58ede5f391a7530e299dc302d611ee73cb143fc22eaf93592e53e7b5bdb01b00a0b8d28dae460c141dd2ff83412e4dc1c31b16b25f33144a9e5620ea73b13f5bc1c59411d98439ad226e8af03840603796067d87afe130812cf3de24982d0e306f9e61e764e5\" aria-label=\"Banner_Emprego_PortallavrasTV\"><img src=\"https:\/\/lavras.tv\/site\/wp-content\/uploads\/2025\/03\/Banner_Emprego_PortallavrasTV.png\" alt=\"\"  srcset=\"https:\/\/lavras.tv\/site\/wp-content\/uploads\/2025\/03\/Banner_Emprego_PortallavrasTV.png 720w, https:\/\/lavras.tv\/site\/wp-content\/uploads\/2025\/03\/Banner_Emprego_PortallavrasTV-470x68.png 470w, https:\/\/lavras.tv\/site\/wp-content\/uploads\/2025\/03\/Banner_Emprego_PortallavrasTV-170x25.png 170w, https:\/\/lavras.tv\/site\/wp-content\/uploads\/2025\/03\/Banner_Emprego_PortallavrasTV-200x29.png 200w\" sizes=\"(max-width: 720px) 100vw, 720px\" width=\"720\" height=\"104\"   \/><\/a><\/li><li><a href=\"https:\/\/sistemas.lavras.mg.gov.br\/portalcidadao\/#df1b1a7c7b2a290bcb31e32771e610784662739a88807c0dacac58ede5f391a7530e299dc302d611ee73cb143fc22eaf93592e53e7b5bdb01b00a0b8d28dae460c141dd2ff83412e4dc1c31b16b25f33144a9e5620ea73b13f5bc1c59411d98439ad226e8af03840603796067d87afe130812cf3de24982d0e306f9e61e764e5\" aria-label=\"Banner_Obras_PortallavrasTV\"><img src=\"https:\/\/lavras.tv\/site\/wp-content\/uploads\/2025\/03\/Banner_Obras_PortallavrasTV.png\" alt=\"\"  srcset=\"https:\/\/lavras.tv\/site\/wp-content\/uploads\/2025\/03\/Banner_Obras_PortallavrasTV.png 720w, https:\/\/lavras.tv\/site\/wp-content\/uploads\/2025\/03\/Banner_Obras_PortallavrasTV-470x68.png 470w, https:\/\/lavras.tv\/site\/wp-content\/uploads\/2025\/03\/Banner_Obras_PortallavrasTV-170x25.png 170w, https:\/\/lavras.tv\/site\/wp-content\/uploads\/2025\/03\/Banner_Obras_PortallavrasTV-200x29.png 200w\" sizes=\"(max-width: 720px) 100vw, 720px\" width=\"720\" height=\"104\"   \/><\/a><\/li><li><div style=\"margin-left: auto;margin-right: auto;text-align: center;\" id=\"lavra-103573186\"><a href=\"https:\/\/sistemas.lavras.mg.gov.br\/portalcidadao\/#df1b1a7c7b2a290bcb31e32771e610784662739a88807c0dacac58ede5f391a7530e299dc302d611ee73cb143fc22eaf93592e53e7b5bdb01b00a0b8d28dae460c141dd2ff83412e4dc1c31b16b25f33144a9e5620ea73b13f5bc1c59411d98439ad226e8af03840603796067d87afe130812cf3de24982d0e306f9e61e764e5\" aria-label=\"Banner_Educa\u00e7\u00e3o_PortallavrasTV\"><img src=\"https:\/\/lavras.tv\/site\/wp-content\/uploads\/2025\/01\/Banner_Educacao_PortallavrasTV.png\" alt=\"\"  srcset=\"https:\/\/lavras.tv\/site\/wp-content\/uploads\/2025\/01\/Banner_Educacao_PortallavrasTV.png 720w, https:\/\/lavras.tv\/site\/wp-content\/uploads\/2025\/01\/Banner_Educacao_PortallavrasTV-470x68.png 470w, https:\/\/lavras.tv\/site\/wp-content\/uploads\/2025\/01\/Banner_Educacao_PortallavrasTV-170x25.png 170w, https:\/\/lavras.tv\/site\/wp-content\/uploads\/2025\/01\/Banner_Educacao_PortallavrasTV-200x29.png 200w\" sizes=\"(max-width: 720px) 100vw, 720px\" width=\"720\" height=\"104\"  style=\"display: inline-block;\" \/><\/a><\/div><\/li><li><a href=\"https:\/\/sistemas.lavras.mg.gov.br\/portalcidadao\/#df1b1a7c7b2a290bcb31e32771e610784662739a88807c0dacac58ede5f391a7530e299dc302d611ee73cb143fc22eaf93592e53e7b5bdb01b00a0b8d28dae460c141dd2ff83412e4dc1c31b16b25f33144a9e5620ea73b13f5bc1c59411d98439ad226e8af03840603796067d87afe130812cf3de24982d0e306f9e61e764e5\" aria-label=\"Banner_Sa\u00fade_PortallavrasTV\"><img src=\"https:\/\/lavras.tv\/site\/wp-content\/uploads\/2025\/03\/Banner_Saude_PortallavrasTV.png\" alt=\"\"  srcset=\"https:\/\/lavras.tv\/site\/wp-content\/uploads\/2025\/03\/Banner_Saude_PortallavrasTV.png 720w, https:\/\/lavras.tv\/site\/wp-content\/uploads\/2025\/03\/Banner_Saude_PortallavrasTV-470x68.png 470w, https:\/\/lavras.tv\/site\/wp-content\/uploads\/2025\/03\/Banner_Saude_PortallavrasTV-170x25.png 170w, https:\/\/lavras.tv\/site\/wp-content\/uploads\/2025\/03\/Banner_Saude_PortallavrasTV-200x29.png 200w\" sizes=\"(max-width: 720px) 100vw, 720px\" width=\"720\" height=\"104\"   \/><\/a><\/li><li><div id=\"lavra-179628695\" style=\"width:720px;height:104px;background-color:#ddd;overflow:scroll;\">\n\t<strong>Sa\u00edda da depura\u00e7\u00e3o de an\u00fancios<\/strong>\n\t<br><br>\n\tO an\u00fancio n\u00e3o \u00e9 exibido na p\u00e1gina<br><br>post atual: Feir\u00e3o de Empregos REX, ID: 59847<br><br><span style=\"color: red;\">O post atual n\u00e3o \u00e9 id\u00eantico ao post principal.<\/span><br><br>An\u00fancios: ROXO - TOPO INTERNA - ROTATIVO 2 (197)<br \/>Grupo de an\u00fancios: Princ_Meio01_720x104 (27)<br><br>Condi\u00e7\u00f5es de exibi\u00e7\u00e3o<div style=\"margin-bottom: 20px; white-space: pre-wrap; font-family: monospace; width: 100%; background: #ffe9e9;\"><strong>condi\u00e7\u00f5es gerais<\/strong><table border=\"1\"><thead><tr><th><\/th><th>An\u00fancios<\/th><th>wp_the_query<\/th><\/tr><\/thead><tr><td>is_main_query<\/td><td>1<\/td><td>1<\/td><\/tr><tr><td>is_rest_api<\/td><td>0<\/td><td>1<\/td><\/tr><tr><td>page<\/td><td>0<\/td><td>1<\/td><\/tr><tr><td>numpages<\/td><td>0<\/td><td>1<\/td><\/tr><tr><td>is_archive<\/td><td>1<\/td><td><\/td><\/tr><tr><td>is_search<\/td><td>1<\/td><td><\/td><\/tr><tr><td>is_home<\/td><td>1<\/td><td><\/td><\/tr><tr><td>is_404<\/td><td>1<\/td><td><\/td><\/tr><tr><td>is_attachment<\/td><td>1<\/td><td><\/td><\/tr><tr><td>is_singular<\/td><td>1<\/td><td><\/td><\/tr><tr><td>is_front_page<\/td><td>1<\/td><td><\/td><\/tr><tr><td>is_feed<\/td><td>1<\/td><td><\/td><\/tr><\/table><\/div><br><br><span style=\"color: red;\">Seu site usa HTTPS, mas o c\u00f3digo do an\u00fancio cont\u00e9m HTTP e pode n\u00e3o funcionar.<\/span>\t<br><br>\n\t<a style=\"color: green;\" href=\"https:\/\/wpadvancedads.com\/manual\/ad-debug-mode\/?utm_source=advanced-ads&utm_medium=link&utm_campaign=ad-debug-mode\" target=\"_blank\" rel=\"nofollow\">Encontre solu\u00e7\u00f5es no manual<\/a>\n<\/div>\n<\/li><\/ul><\/div><script>( window.advanced_ads_ready || jQuery( document ).ready ).call( null, function() {var $lavraslider1362099758 = jQuery( \".lavra-slider-1362099758\" );$lavraslider1362099758.on( \"unslider.ready\", function() { jQuery( \"div.custom-slider ul li\" ).css( \"display\", \"block\" ); });$lavraslider1362099758.unslider({ delay:4000, autoplay:true, nav:false, arrows:false, infinite:true });$lavraslider1362099758.on(\"mouseover\", function() {$lavraslider1362099758.unslider(\"stop\");}).on(\"mouseout\", function() {$lavraslider1362099758.unslider(\"start\");});});<\/script><\/div>\n<p>J\u00e1 pensou em fazer parte de uma das maiores redes de Supermercado do Sul de Minas? <img decoding=\"async\" height=\"16\" width=\"16\" alt=\"\ud83e\udd29\" src=\"https:\/\/static.xx.fbcdn.net\/images\/emoji.php\/v9\/t58\/1\/16\/1f929.png\"><\/p>\n\n\n\n<p>N\u00e3o perca tempo e venha fazer parte do time Rex!<\/p>\n\n\n\n<p><img decoding=\"async\" height=\"16\" width=\"16\" alt=\"\u27a1\" src=\"https:\/\/static.xx.fbcdn.net\/images\/emoji.php\/v9\/t9e\/1\/16\/27a1.png\"> Entre os dias 06, 07, 08\/12 estaremos na Sociedade S\u00e3o Vicente de Paulo em Lavras realizando entrevistas de emprego<\/p>\n\n\n\n<p><img decoding=\"async\" height=\"16\" width=\"16\" alt=\"\u23f1\" src=\"https:\/\/static.xx.fbcdn.net\/images\/emoji.php\/v9\/tb5\/1\/16\/23f1.png\"><a><\/a>13:30h as 16:30h<\/p>\n\n\n\n<p>Traga seus documentos e venha para o <a href=\"https:\/\/www.facebook.com\/hashtag\/time?__eep__=6&amp;__cft__[0]=AZV_bx--oyvHJ2bY68iTurJX4rVhJ9jcz9y31pkxee59vYyyhctFHONp00GWhFCNevz9NdVOykTa9YvoPTzsI6haEV32CbQaQTeTIy0rgB-nAC7Rxm0nyPawvilHlTkgxoo&amp;__tn__=*NK-R\">#time<\/a> Rex <img loading=\"lazy\" decoding=\"async\" height=\"16\" width=\"16\" src=\"https:\/\/static.xx.fbcdn.net\/images\/emoji.php\/v9\/t57\/1\/16\/1f609.png\" alt=\"\ud83d\ude09\"><\/p>\n\n\n\n<figure class=\"wp-block-image size-large\"><img loading=\"lazy\" decoding=\"async\" width=\"970\" height=\"970\" src=\"https:\/\/lavras.tv\/site\/wp-content\/uploads\/2023\/11\/WhatsApp-Image-2023-11-29-at-14.45.39-970x970.jpeg\" alt=\"\" class=\"wp-image-59848\" srcset=\"https:\/\/lavras.tv\/site\/wp-content\/uploads\/2023\/11\/WhatsApp-Image-2023-11-29-at-14.45.39-970x970.jpeg 970w, https:\/\/lavras.tv\/site\/wp-content\/uploads\/2023\/11\/WhatsApp-Image-2023-11-29-at-14.45.39-300x300.jpeg 300w, https:\/\/lavras.tv\/site\/wp-content\/uploads\/2023\/11\/WhatsApp-Image-2023-11-29-at-14.45.39-150x150.jpeg 150w, https:\/\/lavras.tv\/site\/wp-content\/uploads\/2023\/11\/WhatsApp-Image-2023-11-29-at-14.45.39-200x200.jpeg 200w, https:\/\/lavras.tv\/site\/wp-content\/uploads\/2023\/11\/WhatsApp-Image-2023-11-29-at-14.45.39.jpeg 1080w\" sizes=\"(max-width: 970px) 100vw, 970px\" \/><\/figure>\n","protected":false},"excerpt":{"rendered":"<p>J\u00e1 pensou em fazer parte de uma das maiores redes de Supermercado do Sul de Minas? N\u00e3o perca tempo e venha fazer parte do time Rex! Entre os dias 06, 07, 08\/12 estaremos na Sociedade S\u00e3o Vicente de Paulo em Lavras realizando entrevistas de emprego 13:30h as 16:30h Traga seus documentos e venha para o [&hellip;]<\/p>\n","protected":false},"author":5,"featured_media":59848,"comment_status":"closed","ping_status":"open","sticky":false,"template":"","format":"standard","meta":{"advgb_blocks_editor_width":"","advgb_blocks_columns_visual_guide":"","_exactmetrics_skip_tracking":false,"_exactmetrics_sitenote_active":false,"_exactmetrics_sitenote_note":"","_exactmetrics_sitenote_category":0,"footnotes":""},"categories":[7,20,2,18],"tags":[],"class_list":["post-59847","post","type-post","status-publish","format-standard","has-post-thumbnail","hentry","category-destaques","category-empregos","category-noticias","category-parceiros"],"better_featured_image":{"id":59848,"alt_text":"","caption":"","description":"","media_type":"image","media_details":{"width":1080,"height":1080,"file":"2023\/11\/WhatsApp-Image-2023-11-29-at-14.45.39.jpeg","filesize":253172,"sizes":{"medium":{"file":"WhatsApp-Image-2023-11-29-at-14.45.39-300x300.jpeg","width":300,"height":300,"mime-type":"image\/jpeg","filesize":23166,"source_url":"https:\/\/lavras.tv\/site\/wp-content\/uploads\/2023\/11\/WhatsApp-Image-2023-11-29-at-14.45.39-300x300.jpeg"},"large":{"file":"WhatsApp-Image-2023-11-29-at-14.45.39-970x970.jpeg","width":970,"height":970,"mime-type":"image\/jpeg","filesize":132681,"source_url":"https:\/\/lavras.tv\/site\/wp-content\/uploads\/2023\/11\/WhatsApp-Image-2023-11-29-at-14.45.39-970x970.jpeg"},"thumbnail":{"file":"WhatsApp-Image-2023-11-29-at-14.45.39-150x150.jpeg","width":150,"height":150,"mime-type":"image\/jpeg","filesize":8296,"source_url":"https:\/\/lavras.tv\/site\/wp-content\/uploads\/2023\/11\/WhatsApp-Image-2023-11-29-at-14.45.39-150x150.jpeg"},"lshowcase-thumb":{"file":"WhatsApp-Image-2023-11-29-at-14.45.39-200x200.jpeg","width":200,"height":200,"mime-type":"image\/jpeg","filesize":12518,"source_url":"https:\/\/lavras.tv\/site\/wp-content\/uploads\/2023\/11\/WhatsApp-Image-2023-11-29-at-14.45.39-200x200.jpeg"},"alm-thumbnail":{"file":"WhatsApp-Image-2023-11-29-at-14.45.39-150x150.jpeg","width":150,"height":150,"mime-type":"image\/jpeg","filesize":8296,"source_url":"https:\/\/lavras.tv\/site\/wp-content\/uploads\/2023\/11\/WhatsApp-Image-2023-11-29-at-14.45.39-150x150.jpeg"}},"image_meta":{"aperture":"0","credit":"","camera":"","caption":"","created_timestamp":"0","copyright":"","focal_length":"0","iso":"0","shutter_speed":"0","title":"","orientation":"0","keywords":[]}},"post":59847,"source_url":"https:\/\/lavras.tv\/site\/wp-content\/uploads\/2023\/11\/WhatsApp-Image-2023-11-29-at-14.45.39.jpeg"},"author_meta":{"display_name":"Vinicius Bustamante","author_link":"https:\/\/lavras.tv\/site\/author\/vinicius-bustamante\/"},"featured_img":"https:\/\/lavras.tv\/site\/wp-content\/uploads\/2023\/11\/WhatsApp-Image-2023-11-29-at-14.45.39-300x300.jpeg","coauthors":[],"tax_additional":{"categories":{"linked":["<a href=\"https:\/\/lavras.tv\/site\/category\/destaques\/\" class=\"advgb-post-tax-term\">Destaques<\/a>","<a href=\"https:\/\/lavras.tv\/site\/category\/empregos\/\" class=\"advgb-post-tax-term\">Empregos<\/a>","<a href=\"https:\/\/lavras.tv\/site\/category\/noticias\/\" class=\"advgb-post-tax-term\">Not\u00edcias<\/a>","<a href=\"https:\/\/lavras.tv\/site\/category\/parceiros\/\" class=\"advgb-post-tax-term\">Parceiros<\/a>"],"unlinked":["<span class=\"advgb-post-tax-term\">Destaques<\/span>","<span class=\"advgb-post-tax-term\">Empregos<\/span>","<span class=\"advgb-post-tax-term\">Not\u00edcias<\/span>","<span class=\"advgb-post-tax-term\">Parceiros<\/span>"]}},"comment_count":"0","relative_dates":{"created":"Publicado 2 anos atr\u00e1s","modified":"Atualizado 2 anos atr\u00e1s"},"absolute_dates":{"created":"Publicado em 29 de novembro de 2023","modified":"Atualizado em 29 de novembro de 2023"},"absolute_dates_time":{"created":"Publicado em 29 de novembro de 2023 17:36","modified":"Atualizado em 29 de novembro de 2023 17:36"},"featured_img_caption":"","series_order":"","_links":{"self":[{"href":"https:\/\/lavras.tv\/site\/wp-json\/wp\/v2\/posts\/59847","targetHints":{"allow":["GET"]}}],"collection":[{"href":"https:\/\/lavras.tv\/site\/wp-json\/wp\/v2\/posts"}],"about":[{"href":"https:\/\/lavras.tv\/site\/wp-json\/wp\/v2\/types\/post"}],"author":[{"embeddable":true,"href":"https:\/\/lavras.tv\/site\/wp-json\/wp\/v2\/users\/5"}],"replies":[{"embeddable":true,"href":"https:\/\/lavras.tv\/site\/wp-json\/wp\/v2\/comments?post=59847"}],"version-history":[{"count":1,"href":"https:\/\/lavras.tv\/site\/wp-json\/wp\/v2\/posts\/59847\/revisions"}],"predecessor-version":[{"id":59849,"href":"https:\/\/lavras.tv\/site\/wp-json\/wp\/v2\/posts\/59847\/revisions\/59849"}],"wp:featuredmedia":[{"embeddable":true,"href":"https:\/\/lavras.tv\/site\/wp-json\/wp\/v2\/media\/59848"}],"wp:attachment":[{"href":"https:\/\/lavras.tv\/site\/wp-json\/wp\/v2\/media?parent=59847"}],"wp:term":[{"taxonomy":"category","embeddable":true,"href":"https:\/\/lavras.tv\/site\/wp-json\/wp\/v2\/categories?post=59847"},{"taxonomy":"post_tag","embeddable":true,"href":"https:\/\/lavras.tv\/site\/wp-json\/wp\/v2\/tags?post=59847"}],"curies":[{"name":"wp","href":"https:\/\/api.w.org\/{rel}","templated":true}]}}