{"id":6027,"date":"2017-01-28T09:52:25","date_gmt":"2017-01-28T11:52:25","guid":{"rendered":"http:\/\/lavras.tv\/site\/?p=6027"},"modified":"2017-01-28T09:52:25","modified_gmt":"2017-01-28T11:52:25","slug":"daniel-nepomuceno-confirma-no-twitter-elias-como-novo-reforco-do-atletico","status":"publish","type":"post","link":"https:\/\/lavras.tv\/site\/2017\/01\/28\/daniel-nepomuceno-confirma-no-twitter-elias-como-novo-reforco-do-atletico\/","title":{"rendered":"Daniel Nepomuceno confirma no Twitter Elias como novo refor\u00e7o do Atl\u00e9tico"},"content":{"rendered":"<div class=\"lavra-antes-do-conteudo_2\" id=\"lavra-2504413596\"><div id=\"lavra-slider-27\" class=\"custom-slider lavra-slider-3965472920 lavra-slider\"><ul><li><div style=\"margin-left: auto;margin-right: auto;text-align: center;\" id=\"lavra-2395230785\"><a href=\"https:\/\/sistemas.lavras.mg.gov.br\/portalcidadao\/#df1b1a7c7b2a290bcb31e32771e610784662739a88807c0dacac58ede5f391a7530e299dc302d611ee73cb143fc22eaf93592e53e7b5bdb01b00a0b8d28dae460c141dd2ff83412e4dc1c31b16b25f33144a9e5620ea73b13f5bc1c59411d98439ad226e8af03840603796067d87afe130812cf3de24982d0e306f9e61e764e5\" aria-label=\"Lavras-TV&#8211;720x104px (1) (1)\"><img src=\"https:\/\/lavras.tv\/site\/wp-content\/uploads\/2025\/01\/Lavras-TV-720x104px-1-1.png\" alt=\"\"  srcset=\"https:\/\/lavras.tv\/site\/wp-content\/uploads\/2025\/01\/Lavras-TV-720x104px-1-1.png 720w, https:\/\/lavras.tv\/site\/wp-content\/uploads\/2025\/01\/Lavras-TV-720x104px-1-1-470x68.png 470w, https:\/\/lavras.tv\/site\/wp-content\/uploads\/2025\/01\/Lavras-TV-720x104px-1-1-170x25.png 170w, https:\/\/lavras.tv\/site\/wp-content\/uploads\/2025\/01\/Lavras-TV-720x104px-1-1-200x29.png 200w\" sizes=\"(max-width: 720px) 100vw, 720px\" width=\"720\" height=\"104\"  style=\"display: inline-block;\" \/><\/a><\/div><\/li><li><a href=\"https:\/\/sistemas.lavras.mg.gov.br\/portalcidadao\/#df1b1a7c7b2a290bcb31e32771e610784662739a88807c0dacac58ede5f391a7530e299dc302d611ee73cb143fc22eaf93592e53e7b5bdb01b00a0b8d28dae460c141dd2ff83412e4dc1c31b16b25f33144a9e5620ea73b13f5bc1c59411d98439ad226e8af03840603796067d87afe130812cf3de24982d0e306f9e61e764e5\" aria-label=\"Banner_Emprego_PortallavrasTV\"><img src=\"https:\/\/lavras.tv\/site\/wp-content\/uploads\/2025\/03\/Banner_Emprego_PortallavrasTV.png\" alt=\"\"  srcset=\"https:\/\/lavras.tv\/site\/wp-content\/uploads\/2025\/03\/Banner_Emprego_PortallavrasTV.png 720w, https:\/\/lavras.tv\/site\/wp-content\/uploads\/2025\/03\/Banner_Emprego_PortallavrasTV-470x68.png 470w, https:\/\/lavras.tv\/site\/wp-content\/uploads\/2025\/03\/Banner_Emprego_PortallavrasTV-170x25.png 170w, https:\/\/lavras.tv\/site\/wp-content\/uploads\/2025\/03\/Banner_Emprego_PortallavrasTV-200x29.png 200w\" sizes=\"(max-width: 720px) 100vw, 720px\" width=\"720\" height=\"104\"   \/><\/a><\/li><li><a href=\"https:\/\/sistemas.lavras.mg.gov.br\/portalcidadao\/#df1b1a7c7b2a290bcb31e32771e610784662739a88807c0dacac58ede5f391a7530e299dc302d611ee73cb143fc22eaf93592e53e7b5bdb01b00a0b8d28dae460c141dd2ff83412e4dc1c31b16b25f33144a9e5620ea73b13f5bc1c59411d98439ad226e8af03840603796067d87afe130812cf3de24982d0e306f9e61e764e5\" aria-label=\"Banner_Obras_PortallavrasTV\"><img src=\"https:\/\/lavras.tv\/site\/wp-content\/uploads\/2025\/03\/Banner_Obras_PortallavrasTV.png\" alt=\"\"  srcset=\"https:\/\/lavras.tv\/site\/wp-content\/uploads\/2025\/03\/Banner_Obras_PortallavrasTV.png 720w, https:\/\/lavras.tv\/site\/wp-content\/uploads\/2025\/03\/Banner_Obras_PortallavrasTV-470x68.png 470w, https:\/\/lavras.tv\/site\/wp-content\/uploads\/2025\/03\/Banner_Obras_PortallavrasTV-170x25.png 170w, https:\/\/lavras.tv\/site\/wp-content\/uploads\/2025\/03\/Banner_Obras_PortallavrasTV-200x29.png 200w\" sizes=\"(max-width: 720px) 100vw, 720px\" width=\"720\" height=\"104\"   \/><\/a><\/li><li><div style=\"margin-left: auto;margin-right: auto;text-align: center;\" id=\"lavra-1617102208\"><a href=\"https:\/\/sistemas.lavras.mg.gov.br\/portalcidadao\/#df1b1a7c7b2a290bcb31e32771e610784662739a88807c0dacac58ede5f391a7530e299dc302d611ee73cb143fc22eaf93592e53e7b5bdb01b00a0b8d28dae460c141dd2ff83412e4dc1c31b16b25f33144a9e5620ea73b13f5bc1c59411d98439ad226e8af03840603796067d87afe130812cf3de24982d0e306f9e61e764e5\" aria-label=\"Banner_Educa\u00e7\u00e3o_PortallavrasTV\"><img src=\"https:\/\/lavras.tv\/site\/wp-content\/uploads\/2025\/01\/Banner_Educacao_PortallavrasTV.png\" alt=\"\"  srcset=\"https:\/\/lavras.tv\/site\/wp-content\/uploads\/2025\/01\/Banner_Educacao_PortallavrasTV.png 720w, https:\/\/lavras.tv\/site\/wp-content\/uploads\/2025\/01\/Banner_Educacao_PortallavrasTV-470x68.png 470w, https:\/\/lavras.tv\/site\/wp-content\/uploads\/2025\/01\/Banner_Educacao_PortallavrasTV-170x25.png 170w, https:\/\/lavras.tv\/site\/wp-content\/uploads\/2025\/01\/Banner_Educacao_PortallavrasTV-200x29.png 200w\" sizes=\"(max-width: 720px) 100vw, 720px\" width=\"720\" height=\"104\"  style=\"display: inline-block;\" \/><\/a><\/div><\/li><li><a href=\"https:\/\/sistemas.lavras.mg.gov.br\/portalcidadao\/#df1b1a7c7b2a290bcb31e32771e610784662739a88807c0dacac58ede5f391a7530e299dc302d611ee73cb143fc22eaf93592e53e7b5bdb01b00a0b8d28dae460c141dd2ff83412e4dc1c31b16b25f33144a9e5620ea73b13f5bc1c59411d98439ad226e8af03840603796067d87afe130812cf3de24982d0e306f9e61e764e5\" aria-label=\"Banner_Sa\u00fade_PortallavrasTV\"><img src=\"https:\/\/lavras.tv\/site\/wp-content\/uploads\/2025\/03\/Banner_Saude_PortallavrasTV.png\" alt=\"\"  srcset=\"https:\/\/lavras.tv\/site\/wp-content\/uploads\/2025\/03\/Banner_Saude_PortallavrasTV.png 720w, https:\/\/lavras.tv\/site\/wp-content\/uploads\/2025\/03\/Banner_Saude_PortallavrasTV-470x68.png 470w, https:\/\/lavras.tv\/site\/wp-content\/uploads\/2025\/03\/Banner_Saude_PortallavrasTV-170x25.png 170w, https:\/\/lavras.tv\/site\/wp-content\/uploads\/2025\/03\/Banner_Saude_PortallavrasTV-200x29.png 200w\" sizes=\"(max-width: 720px) 100vw, 720px\" width=\"720\" height=\"104\"   \/><\/a><\/li><li><div id=\"lavra-29123523\" style=\"width:720px;height:104px;background-color:#ddd;overflow:scroll;\">\n\t<strong>Sa\u00edda da depura\u00e7\u00e3o de an\u00fancios<\/strong>\n\t<br><br>\n\tO an\u00fancio n\u00e3o \u00e9 exibido na p\u00e1gina<br><br>post atual: Daniel Nepomuceno confirma no Twitter Elias como novo refor\u00e7o do Atl\u00e9tico, ID: 6027<br><br><span style=\"color: red;\">O post atual n\u00e3o \u00e9 id\u00eantico ao post principal.<\/span><br><br>An\u00fancios: ROXO - TOPO INTERNA - ROTATIVO 2 (197)<br \/>Grupo de an\u00fancios: Princ_Meio01_720x104 (27)<br><br>Condi\u00e7\u00f5es de exibi\u00e7\u00e3o<div style=\"margin-bottom: 20px; white-space: pre-wrap; font-family: monospace; width: 100%; background: #ffe9e9;\"><strong>condi\u00e7\u00f5es gerais<\/strong><table border=\"1\"><thead><tr><th><\/th><th>An\u00fancios<\/th><th>wp_the_query<\/th><\/tr><\/thead><tr><td>is_main_query<\/td><td>1<\/td><td>1<\/td><\/tr><tr><td>is_rest_api<\/td><td>0<\/td><td>1<\/td><\/tr><tr><td>page<\/td><td>0<\/td><td>1<\/td><\/tr><tr><td>numpages<\/td><td>0<\/td><td>1<\/td><\/tr><tr><td>is_archive<\/td><td>1<\/td><td><\/td><\/tr><tr><td>is_search<\/td><td>1<\/td><td><\/td><\/tr><tr><td>is_home<\/td><td>1<\/td><td><\/td><\/tr><tr><td>is_404<\/td><td>1<\/td><td><\/td><\/tr><tr><td>is_attachment<\/td><td>1<\/td><td><\/td><\/tr><tr><td>is_singular<\/td><td>1<\/td><td><\/td><\/tr><tr><td>is_front_page<\/td><td>1<\/td><td><\/td><\/tr><tr><td>is_feed<\/td><td>1<\/td><td><\/td><\/tr><\/table><\/div><br><br><span style=\"color: red;\">Seu site usa HTTPS, mas o c\u00f3digo do an\u00fancio cont\u00e9m HTTP e pode n\u00e3o funcionar.<\/span>\t<br><br>\n\t<a style=\"color: green;\" href=\"https:\/\/wpadvancedads.com\/manual\/ad-debug-mode\/?utm_source=advanced-ads&utm_medium=link&utm_campaign=ad-debug-mode\" target=\"_blank\" rel=\"nofollow\">Encontre solu\u00e7\u00f5es no manual<\/a>\n<\/div>\n<\/li><\/ul><\/div><script>( window.advanced_ads_ready || jQuery( document ).ready ).call( null, function() {var $lavraslider3965472920 = jQuery( \".lavra-slider-3965472920\" );$lavraslider3965472920.on( \"unslider.ready\", function() { jQuery( \"div.custom-slider ul li\" ).css( \"display\", \"block\" ); });$lavraslider3965472920.unslider({ delay:4000, autoplay:true, nav:false, arrows:false, infinite:true });$lavraslider3965472920.on(\"mouseover\", function() {$lavraslider3965472920.unslider(\"stop\");}).on(\"mouseout\", function() {$lavraslider3965472920.unslider(\"start\");});});<\/script><\/div><p>O volante Elias foi confirmado como novo refor\u00e7o do Atl\u00e9tico. O an\u00fancio acaba de ser feito pelo presidente do clube, Daniel Nepomuceno, no Twitter. O jogador, que \u00e9 a quarta contrata\u00e7\u00e3o do Galo para a temporada, assinou v\u00ednculo por tr\u00eas anos e chegar\u00e1 em Belo Horizonte na ter\u00e7a ou na quarta-feira.<\/p>\n<div class=\"SandboxRoot is-touch env-bp-350\" data-twitter-event-id=\"0\">\n<div class=\"resize-sensor\">\u00a0<img fetchpriority=\"high\" decoding=\"async\" class=\"size-full wp-image-6028 aligncenter\" src=\"http:\/\/lavras.tv\/site\/wp-content\/uploads\/2017\/01\/galo-1.jpg\" alt=\"galo\" width=\"516\" height=\"180\" srcset=\"https:\/\/lavras.tv\/site\/wp-content\/uploads\/2017\/01\/galo-1.jpg 516w, https:\/\/lavras.tv\/site\/wp-content\/uploads\/2017\/01\/galo-1-150x52.jpg 150w, https:\/\/lavras.tv\/site\/wp-content\/uploads\/2017\/01\/galo-1-300x105.jpg 300w\" sizes=\"(max-width: 516px) 100vw, 516px\" \/><\/div>\n<\/div>\n<p>O Sporting divulgou um comunicado informando que o Atl\u00e9tico desembolsou 2,5 milh\u00f5es de euros (cerca de R$ 8,4 milh\u00f5es) por 70% dos direitos econ\u00f4micos do volante. Ainda de acordo com o clube portugu\u00eas, o valor pode chegar a 3,5 milh\u00f5es de euros (aproximadamente R$ 11,7 milh\u00f5es). Isso porque o Galo ter\u00e1 que pagar mais 1 milh\u00e3o de euros (R$ 3,360 milh\u00f5es) aos portugueses por objetivos alcan\u00e7ados.<\/p>\n<p>A chegada de Elias promete resolver o problema justamente no setor mais carente no Atl\u00e9tico. Depois das sa\u00eddas de Leandro Donizete e J\u00fanior Urso e da grave les\u00e3o de Lucas C\u00e2ndido, o elenco atleticano contava apenas com Rafael Carioca como o mais experiente da posi\u00e7\u00e3o. Os outros s\u00e3o os jovens Yago e Ralph.<\/p>\n<p>Pouco aproveitado no Sporting, a diretoria do clube portugu\u00eas esperava desde o in\u00edcio do ano uma proposta de alguma equipe do futebol chin\u00eas, no entanto a mudan\u00e7a recente nas regras para atua\u00e7\u00e3o de estrangeiros na Superliga Chinesa, reduzindo o n\u00famero de estrangeiros no time titular de quatro para tr\u00eas, praticamente inviabilizou qualquer interesse dos asi\u00e1ticos no brasileiro abrindo espa\u00e7o para o Atl\u00e9tico.<\/p>\n<p>Desde o fim do ano passado, a contrata\u00e7\u00e3o de volantes era prioridade m\u00e1xima no Galo. Al\u00e9m de perder J\u00fanior Urso e Leandro Donizete, para Guangzhou R&amp;F, da China, e Santos, respectivamente, o t\u00e9cnico Roger Machado tamb\u00e9m n\u00e3o contar\u00e1 por um longo tempo com Lucas C\u00e2ndido, que sofreu uma grave les\u00e3o no joelho durante treinamento na semana passada.<\/p>\n<p>Antes de Elias, o Atl\u00e9tico j\u00e1 tinha anunciado as contrata\u00e7\u00f5es do lateral-esquerdo Danilo Barcelos, do Am\u00e9rica, e do zagueiro Felipe Santana, que estava sem clube desde que deixou o\u00a0Kuban Krasnodar, da R\u00fassia, no meio do ano passado.<\/p>\n<p>E para o meio da temporada, o Atl\u00e9tico j\u00e1 fechou a contrata\u00e7\u00e3o do volante Roger Bernardo, do Ingolstadt, da Alemanha. Como o jogador tem v\u00ednculo com o clube alem\u00e3o at\u00e9 o fim de junho, o Galo passar\u00e1 a contar com o refor\u00e7o a partir de julho e, por isso, ainda n\u00e3o foi anunciado oficialmente.<\/p>\n<p><img decoding=\"async\" class=\"size-full wp-image-6029 aligncenter\" src=\"http:\/\/lavras.tv\/site\/wp-content\/uploads\/2017\/01\/elias.jpg\" alt=\"elias\" width=\"600\" height=\"396\" srcset=\"https:\/\/lavras.tv\/site\/wp-content\/uploads\/2017\/01\/elias.jpg 600w, https:\/\/lavras.tv\/site\/wp-content\/uploads\/2017\/01\/elias-150x99.jpg 150w, https:\/\/lavras.tv\/site\/wp-content\/uploads\/2017\/01\/elias-300x198.jpg 300w\" sizes=\"(max-width: 600px) 100vw, 600px\" \/><\/p>\n<p><strong>VEJA A FICHA DE ELIAS<\/strong><\/p>\n<p>Nome completo: Elias Mendes Trindade<\/p>\n<p>Data de nascimento: 16\/05\/1985<\/p>\n<p>Naturalidade: S\u00e3o Paulo (SP)<\/p>\n<p>Posi\u00e7\u00e3o: volante<\/p>\n<p><strong>Clubes<\/strong><\/p>\n<p>2005\/2006: N\u00e1utico-PE<\/p>\n<p>2007: S\u00e3o Bento-SP<\/p>\n<p>2007: Juventus-SP<\/p>\n<p>2008: Ponte Preta-SP<\/p>\n<p>2008\/2010: Corinthians-SP<\/p>\n<p>2011: Atl\u00e9tico de Madrid (ESP)<\/p>\n<p>2011\/2014: Sporting (POR)<\/p>\n<p>2013: Flamengo-RJ<\/p>\n<p>2014\/2016: Corinthians-SP<\/p>\n<p>2016: Sporting (POR)<\/p>\n<p>2017: Atl\u00e9tico<\/p>\n<p><strong>T\u00edtulos<\/strong><\/p>\n<p>2007: Copa Paulista<\/p>\n<p>2008: Campeonato Brasileiro S\u00e9rie B<\/p>\n<p>2009: Campeonato Paulista<\/p>\n<p>2009: Copa do Brasil<\/p>\n<p>2013: Copa do Brasil<\/p>\n<p>2014: Supercl\u00e1ssico das Am\u00e9ricas (Sele\u00e7\u00e3o Brasileira)<\/p>\n<p>2015: Campeonato Brasileiro<\/p>\n<p><strong>Pr\u00eamios Individuais<\/strong><\/p>\n<p>2010: Pr\u00eamio Craque do Brasileir\u00e3o e Bola de Prata<\/p>\n<p>2013: Pr\u00eamio Craque do Brasileir\u00e3o e Bola de Prata<\/p>\n<p>2015: Pr\u00eamio Craque do Brasileir\u00e3o e Bola de Prata<\/p>\n<p>Fonte: Itatiaia<\/p>\n","protected":false},"excerpt":{"rendered":"<p>O volante Elias foi confirmado como novo refor\u00e7o do Atl\u00e9tico. O an\u00fancio acaba de ser feito pelo presidente do clube, Daniel Nepomuceno, no Twitter. O jogador, que \u00e9 a quarta contrata\u00e7\u00e3o do Galo para a temporada, assinou v\u00ednculo por tr\u00eas anos e chegar\u00e1 em Belo Horizonte na ter\u00e7a ou na quarta-feira. \u00a0 O Sporting divulgou [&hellip;]<\/p>\n","protected":false},"author":2,"featured_media":6029,"comment_status":"closed","ping_status":"open","sticky":false,"template":"","format":"standard","meta":{"advgb_blocks_editor_width":"","advgb_blocks_columns_visual_guide":"","_exactmetrics_skip_tracking":false,"_exactmetrics_sitenote_active":false,"_exactmetrics_sitenote_note":"","_exactmetrics_sitenote_category":0,"footnotes":""},"categories":[3],"tags":[895,1064,2397,966,1036,1063,530],"class_list":["post-6027","post","type-post","status-publish","format-standard","has-post-thumbnail","hentry","category-esportes","tag-895","tag-atletico-mineiro","tag-elias","tag-esporte","tag-futebol","tag-galo","tag-minas-gerais"],"better_featured_image":{"id":6029,"alt_text":"","caption":"","description":"","media_type":"image","media_details":{"width":600,"height":396,"file":"2017\/01\/elias.jpg","sizes":{"thumbnail":{"file":"elias-150x99.jpg","width":150,"height":99,"mime-type":"image\/jpeg","source_url":"https:\/\/lavras.tv\/site\/wp-content\/uploads\/2017\/01\/elias-150x99.jpg"},"medium":{"file":"elias-300x198.jpg","width":300,"height":198,"mime-type":"image\/jpeg","source_url":"https:\/\/lavras.tv\/site\/wp-content\/uploads\/2017\/01\/elias-300x198.jpg"},"featured-post-img":{"file":"elias-480x320.jpg","width":480,"height":320,"mime-type":"image\/jpeg","source_url":"https:\/\/lavras.tv\/site\/wp-content\/uploads\/2017\/01\/elias-480x320.jpg"},"sow-carousel-default":{"file":"elias-272x182.jpg","width":272,"height":182,"mime-type":"image\/jpeg","source_url":"https:\/\/lavras.tv\/site\/wp-content\/uploads\/2017\/01\/elias-272x182.jpg"}},"image_meta":{"aperture":"0","credit":"","camera":"","caption":"","created_timestamp":"0","copyright":"","focal_length":"0","iso":"0","shutter_speed":"0","title":"","orientation":"1","keywords":[]}},"post":6027,"source_url":"https:\/\/lavras.tv\/site\/wp-content\/uploads\/2017\/01\/elias.jpg"},"author_meta":{"display_name":"Lavras TV","author_link":"https:\/\/lavras.tv\/site\/author\/lavrastv\/"},"featured_img":"https:\/\/lavras.tv\/site\/wp-content\/uploads\/2017\/01\/elias-300x198.jpg","coauthors":[],"tax_additional":{"categories":{"linked":["<a href=\"https:\/\/lavras.tv\/site\/category\/esportes\/\" class=\"advgb-post-tax-term\">Esportes<\/a>"],"unlinked":["<span class=\"advgb-post-tax-term\">Esportes<\/span>"]},"tags":{"linked":["<a href=\"https:\/\/lavras.tv\/site\/category\/esportes\/\" class=\"advgb-post-tax-term\">2017<\/a>","<a href=\"https:\/\/lavras.tv\/site\/category\/esportes\/\" class=\"advgb-post-tax-term\">atl\u00e9tico mineiro<\/a>","<a href=\"https:\/\/lavras.tv\/site\/category\/esportes\/\" class=\"advgb-post-tax-term\">elias<\/a>","<a href=\"https:\/\/lavras.tv\/site\/category\/esportes\/\" class=\"advgb-post-tax-term\">esporte<\/a>","<a href=\"https:\/\/lavras.tv\/site\/category\/esportes\/\" class=\"advgb-post-tax-term\">futebol<\/a>","<a href=\"https:\/\/lavras.tv\/site\/category\/esportes\/\" class=\"advgb-post-tax-term\">galo<\/a>","<a href=\"https:\/\/lavras.tv\/site\/category\/esportes\/\" class=\"advgb-post-tax-term\">minas gerais<\/a>"],"unlinked":["<span class=\"advgb-post-tax-term\">2017<\/span>","<span class=\"advgb-post-tax-term\">atl\u00e9tico mineiro<\/span>","<span class=\"advgb-post-tax-term\">elias<\/span>","<span class=\"advgb-post-tax-term\">esporte<\/span>","<span class=\"advgb-post-tax-term\">futebol<\/span>","<span class=\"advgb-post-tax-term\">galo<\/span>","<span class=\"advgb-post-tax-term\">minas gerais<\/span>"]}},"comment_count":"0","relative_dates":{"created":"Publicado 9 anos atr\u00e1s","modified":"Atualizado 9 anos atr\u00e1s"},"absolute_dates":{"created":"Publicado em 28 de janeiro de 2017","modified":"Atualizado em 28 de janeiro de 2017"},"absolute_dates_time":{"created":"Publicado em 28 de janeiro de 2017 09:52","modified":"Atualizado em 28 de janeiro de 2017 09:52"},"featured_img_caption":"","series_order":"","_links":{"self":[{"href":"https:\/\/lavras.tv\/site\/wp-json\/wp\/v2\/posts\/6027","targetHints":{"allow":["GET"]}}],"collection":[{"href":"https:\/\/lavras.tv\/site\/wp-json\/wp\/v2\/posts"}],"about":[{"href":"https:\/\/lavras.tv\/site\/wp-json\/wp\/v2\/types\/post"}],"author":[{"embeddable":true,"href":"https:\/\/lavras.tv\/site\/wp-json\/wp\/v2\/users\/2"}],"replies":[{"embeddable":true,"href":"https:\/\/lavras.tv\/site\/wp-json\/wp\/v2\/comments?post=6027"}],"version-history":[{"count":1,"href":"https:\/\/lavras.tv\/site\/wp-json\/wp\/v2\/posts\/6027\/revisions"}],"predecessor-version":[{"id":6030,"href":"https:\/\/lavras.tv\/site\/wp-json\/wp\/v2\/posts\/6027\/revisions\/6030"}],"wp:featuredmedia":[{"embeddable":true,"href":"https:\/\/lavras.tv\/site\/wp-json\/wp\/v2\/media\/6029"}],"wp:attachment":[{"href":"https:\/\/lavras.tv\/site\/wp-json\/wp\/v2\/media?parent=6027"}],"wp:term":[{"taxonomy":"category","embeddable":true,"href":"https:\/\/lavras.tv\/site\/wp-json\/wp\/v2\/categories?post=6027"},{"taxonomy":"post_tag","embeddable":true,"href":"https:\/\/lavras.tv\/site\/wp-json\/wp\/v2\/tags?post=6027"}],"curies":[{"name":"wp","href":"https:\/\/api.w.org\/{rel}","templated":true}]}}