{"id":6031,"date":"2017-01-28T09:55:18","date_gmt":"2017-01-28T11:55:18","guid":{"rendered":"http:\/\/lavras.tv\/site\/?p=6031"},"modified":"2017-01-28T09:55:18","modified_gmt":"2017-01-28T11:55:18","slug":"mano-admite-que-cruzeiro-carece-de-ritmo-de-jogo-antes-de-estreia-no-mineiro","status":"publish","type":"post","link":"https:\/\/lavras.tv\/site\/2017\/01\/28\/mano-admite-que-cruzeiro-carece-de-ritmo-de-jogo-antes-de-estreia-no-mineiro\/","title":{"rendered":"Mano admite que Cruzeiro carece de ritmo de jogo antes de estreia no Mineiro"},"content":{"rendered":"<div class=\"lavra-antes-do-conteudo_2\" id=\"lavra-3163650230\"><div id=\"lavra-slider-27\" class=\"custom-slider lavra-slider-2161626531 lavra-slider\"><ul><li><div style=\"margin-left: auto;margin-right: auto;text-align: center;\" id=\"lavra-1737395754\"><a href=\"https:\/\/sistemas.lavras.mg.gov.br\/portalcidadao\/#df1b1a7c7b2a290bcb31e32771e610784662739a88807c0dacac58ede5f391a7530e299dc302d611ee73cb143fc22eaf93592e53e7b5bdb01b00a0b8d28dae460c141dd2ff83412e4dc1c31b16b25f33144a9e5620ea73b13f5bc1c59411d98439ad226e8af03840603796067d87afe130812cf3de24982d0e306f9e61e764e5\" aria-label=\"Lavras-TV&#8211;720x104px (1) (1)\"><img src=\"https:\/\/lavras.tv\/site\/wp-content\/uploads\/2025\/01\/Lavras-TV-720x104px-1-1.png\" alt=\"\"  srcset=\"https:\/\/lavras.tv\/site\/wp-content\/uploads\/2025\/01\/Lavras-TV-720x104px-1-1.png 720w, https:\/\/lavras.tv\/site\/wp-content\/uploads\/2025\/01\/Lavras-TV-720x104px-1-1-470x68.png 470w, https:\/\/lavras.tv\/site\/wp-content\/uploads\/2025\/01\/Lavras-TV-720x104px-1-1-170x25.png 170w, https:\/\/lavras.tv\/site\/wp-content\/uploads\/2025\/01\/Lavras-TV-720x104px-1-1-200x29.png 200w\" sizes=\"(max-width: 720px) 100vw, 720px\" width=\"720\" height=\"104\"  style=\"display: inline-block;\" \/><\/a><\/div><\/li><li><a href=\"https:\/\/sistemas.lavras.mg.gov.br\/portalcidadao\/#df1b1a7c7b2a290bcb31e32771e610784662739a88807c0dacac58ede5f391a7530e299dc302d611ee73cb143fc22eaf93592e53e7b5bdb01b00a0b8d28dae460c141dd2ff83412e4dc1c31b16b25f33144a9e5620ea73b13f5bc1c59411d98439ad226e8af03840603796067d87afe130812cf3de24982d0e306f9e61e764e5\" aria-label=\"Banner_Emprego_PortallavrasTV\"><img src=\"https:\/\/lavras.tv\/site\/wp-content\/uploads\/2025\/03\/Banner_Emprego_PortallavrasTV.png\" alt=\"\"  srcset=\"https:\/\/lavras.tv\/site\/wp-content\/uploads\/2025\/03\/Banner_Emprego_PortallavrasTV.png 720w, https:\/\/lavras.tv\/site\/wp-content\/uploads\/2025\/03\/Banner_Emprego_PortallavrasTV-470x68.png 470w, https:\/\/lavras.tv\/site\/wp-content\/uploads\/2025\/03\/Banner_Emprego_PortallavrasTV-170x25.png 170w, https:\/\/lavras.tv\/site\/wp-content\/uploads\/2025\/03\/Banner_Emprego_PortallavrasTV-200x29.png 200w\" sizes=\"(max-width: 720px) 100vw, 720px\" width=\"720\" height=\"104\"   \/><\/a><\/li><li><a href=\"https:\/\/sistemas.lavras.mg.gov.br\/portalcidadao\/#df1b1a7c7b2a290bcb31e32771e610784662739a88807c0dacac58ede5f391a7530e299dc302d611ee73cb143fc22eaf93592e53e7b5bdb01b00a0b8d28dae460c141dd2ff83412e4dc1c31b16b25f33144a9e5620ea73b13f5bc1c59411d98439ad226e8af03840603796067d87afe130812cf3de24982d0e306f9e61e764e5\" aria-label=\"Banner_Obras_PortallavrasTV\"><img src=\"https:\/\/lavras.tv\/site\/wp-content\/uploads\/2025\/03\/Banner_Obras_PortallavrasTV.png\" alt=\"\"  srcset=\"https:\/\/lavras.tv\/site\/wp-content\/uploads\/2025\/03\/Banner_Obras_PortallavrasTV.png 720w, https:\/\/lavras.tv\/site\/wp-content\/uploads\/2025\/03\/Banner_Obras_PortallavrasTV-470x68.png 470w, https:\/\/lavras.tv\/site\/wp-content\/uploads\/2025\/03\/Banner_Obras_PortallavrasTV-170x25.png 170w, https:\/\/lavras.tv\/site\/wp-content\/uploads\/2025\/03\/Banner_Obras_PortallavrasTV-200x29.png 200w\" sizes=\"(max-width: 720px) 100vw, 720px\" width=\"720\" height=\"104\"   \/><\/a><\/li><li><div style=\"margin-left: auto;margin-right: auto;text-align: center;\" id=\"lavra-3079680586\"><a href=\"https:\/\/sistemas.lavras.mg.gov.br\/portalcidadao\/#df1b1a7c7b2a290bcb31e32771e610784662739a88807c0dacac58ede5f391a7530e299dc302d611ee73cb143fc22eaf93592e53e7b5bdb01b00a0b8d28dae460c141dd2ff83412e4dc1c31b16b25f33144a9e5620ea73b13f5bc1c59411d98439ad226e8af03840603796067d87afe130812cf3de24982d0e306f9e61e764e5\" aria-label=\"Banner_Educa\u00e7\u00e3o_PortallavrasTV\"><img src=\"https:\/\/lavras.tv\/site\/wp-content\/uploads\/2025\/01\/Banner_Educacao_PortallavrasTV.png\" alt=\"\"  srcset=\"https:\/\/lavras.tv\/site\/wp-content\/uploads\/2025\/01\/Banner_Educacao_PortallavrasTV.png 720w, https:\/\/lavras.tv\/site\/wp-content\/uploads\/2025\/01\/Banner_Educacao_PortallavrasTV-470x68.png 470w, https:\/\/lavras.tv\/site\/wp-content\/uploads\/2025\/01\/Banner_Educacao_PortallavrasTV-170x25.png 170w, https:\/\/lavras.tv\/site\/wp-content\/uploads\/2025\/01\/Banner_Educacao_PortallavrasTV-200x29.png 200w\" sizes=\"(max-width: 720px) 100vw, 720px\" width=\"720\" height=\"104\"  style=\"display: inline-block;\" \/><\/a><\/div><\/li><li><a href=\"https:\/\/sistemas.lavras.mg.gov.br\/portalcidadao\/#df1b1a7c7b2a290bcb31e32771e610784662739a88807c0dacac58ede5f391a7530e299dc302d611ee73cb143fc22eaf93592e53e7b5bdb01b00a0b8d28dae460c141dd2ff83412e4dc1c31b16b25f33144a9e5620ea73b13f5bc1c59411d98439ad226e8af03840603796067d87afe130812cf3de24982d0e306f9e61e764e5\" aria-label=\"Banner_Sa\u00fade_PortallavrasTV\"><img src=\"https:\/\/lavras.tv\/site\/wp-content\/uploads\/2025\/03\/Banner_Saude_PortallavrasTV.png\" alt=\"\"  srcset=\"https:\/\/lavras.tv\/site\/wp-content\/uploads\/2025\/03\/Banner_Saude_PortallavrasTV.png 720w, https:\/\/lavras.tv\/site\/wp-content\/uploads\/2025\/03\/Banner_Saude_PortallavrasTV-470x68.png 470w, https:\/\/lavras.tv\/site\/wp-content\/uploads\/2025\/03\/Banner_Saude_PortallavrasTV-170x25.png 170w, https:\/\/lavras.tv\/site\/wp-content\/uploads\/2025\/03\/Banner_Saude_PortallavrasTV-200x29.png 200w\" sizes=\"(max-width: 720px) 100vw, 720px\" width=\"720\" height=\"104\"   \/><\/a><\/li><li><div id=\"lavra-793292569\" style=\"width:720px;height:104px;background-color:#ddd;overflow:scroll;\">\n\t<strong>Sa\u00edda da depura\u00e7\u00e3o de an\u00fancios<\/strong>\n\t<br><br>\n\tO an\u00fancio n\u00e3o \u00e9 exibido na p\u00e1gina<br><br>post atual: Mano admite que Cruzeiro carece de ritmo de jogo antes de estreia no Mineiro, ID: 6031<br><br><span style=\"color: red;\">O post atual n\u00e3o \u00e9 id\u00eantico ao post principal.<\/span><br><br>An\u00fancios: ROXO - TOPO INTERNA - ROTATIVO 2 (197)<br \/>Grupo de an\u00fancios: Princ_Meio01_720x104 (27)<br><br>Condi\u00e7\u00f5es de exibi\u00e7\u00e3o<div style=\"margin-bottom: 20px; white-space: pre-wrap; font-family: monospace; width: 100%; background: #ffe9e9;\"><strong>condi\u00e7\u00f5es gerais<\/strong><table border=\"1\"><thead><tr><th><\/th><th>An\u00fancios<\/th><th>wp_the_query<\/th><\/tr><\/thead><tr><td>is_main_query<\/td><td>1<\/td><td>1<\/td><\/tr><tr><td>is_rest_api<\/td><td>0<\/td><td>1<\/td><\/tr><tr><td>page<\/td><td>0<\/td><td>1<\/td><\/tr><tr><td>numpages<\/td><td>0<\/td><td>1<\/td><\/tr><tr><td>is_archive<\/td><td>1<\/td><td><\/td><\/tr><tr><td>is_search<\/td><td>1<\/td><td><\/td><\/tr><tr><td>is_home<\/td><td>1<\/td><td><\/td><\/tr><tr><td>is_404<\/td><td>1<\/td><td><\/td><\/tr><tr><td>is_attachment<\/td><td>1<\/td><td><\/td><\/tr><tr><td>is_singular<\/td><td>1<\/td><td><\/td><\/tr><tr><td>is_front_page<\/td><td>1<\/td><td><\/td><\/tr><tr><td>is_feed<\/td><td>1<\/td><td><\/td><\/tr><\/table><\/div><br><br><span style=\"color: red;\">Seu site usa HTTPS, mas o c\u00f3digo do an\u00fancio cont\u00e9m HTTP e pode n\u00e3o funcionar.<\/span>\t<br><br>\n\t<a style=\"color: green;\" href=\"https:\/\/wpadvancedads.com\/manual\/ad-debug-mode\/?utm_source=advanced-ads&utm_medium=link&utm_campaign=ad-debug-mode\" target=\"_blank\" rel=\"nofollow\">Encontre solu\u00e7\u00f5es no manual<\/a>\n<\/div>\n<\/li><\/ul><\/div><script>( window.advanced_ads_ready || jQuery( document ).ready ).call( null, function() {var $lavraslider2161626531 = jQuery( \".lavra-slider-2161626531\" );$lavraslider2161626531.on( \"unslider.ready\", function() { jQuery( \"div.custom-slider ul li\" ).css( \"display\", \"block\" ); });$lavraslider2161626531.unslider({ delay:4000, autoplay:true, nav:false, arrows:false, infinite:true });$lavraslider2161626531.on(\"mouseover\", function() {$lavraslider2161626531.unslider(\"stop\");}).on(\"mouseout\", function() {$lavraslider2161626531.unslider(\"start\");});});<\/script><\/div><p>O Cruzeiro vai entrar em campo neste domingo, \u00e0s 17 horas, contra o Villa Nova, no Mineir\u00e3o, para fazer sua estreia no Campeonato Mineiro, sem ter feito nenhum jogo amistoso durante a pr\u00e9-temporada. A equipe disputou tr\u00eas jogos-treino, mas revezando o elenco.<\/p>\n<p><img fetchpriority=\"high\" decoding=\"async\" class=\"aligncenter wp-image-6032 size-full\" src=\"http:\/\/lavras.tv\/site\/wp-content\/uploads\/2017\/01\/mano-menezes.jpg\" width=\"600\" height=\"300\" srcset=\"https:\/\/lavras.tv\/site\/wp-content\/uploads\/2017\/01\/mano-menezes.jpg 600w, https:\/\/lavras.tv\/site\/wp-content\/uploads\/2017\/01\/mano-menezes-150x75.jpg 150w, https:\/\/lavras.tv\/site\/wp-content\/uploads\/2017\/01\/mano-menezes-300x150.jpg 300w\" sizes=\"(max-width: 600px) 100vw, 600px\" \/><\/p>\n<p>Por isso, o t\u00e9cnico Mano Menezes admite que o time ainda carece de ritmo de jogo antes da estreia. Ainda mais diante de um rival que come\u00e7ou sua pr\u00e9-temporada bem antes. &#8220;Eles come\u00e7aram a prepara\u00e7\u00e3o antes e n\u00f3s temos que igualar isso. Vai ser um jogo dif\u00edcil, ainda falta ritmo e imposi\u00e7\u00e3o. Teremos que saber conviver com isso\u201d, ponderou.<\/p>\n<p>Ainda assim, ele considera que o Cruzeiro pode jogar bem j\u00e1 na abertura da temporada. \u201cVamos condicionar com as primeiras partidas, ganhar ritmo de jogo, principalmente, j\u00e1 que a parte t\u00e9cnica necessita de um per\u00edodo um pouquinho maior. Estamos preparados para fazer bons jogos e conseguir as primeiras vit\u00f3rias, que s\u00e3o muito importantes\u201d, destacou.<\/p>\n<p>Mano Menezes ainda lembrou que o Cruzeiro manteve a base do ano passado, de forma que os jogadores j\u00e1 conhecem o jeito de jogar. &#8220;A parte t\u00e1tica a equipe j\u00e1 sabe o que fazer. No segundo semestre do ano passado, fizemos um trabalho semelhante.&#8221;<\/p>\n<p><strong>Time definido<\/strong><\/p>\n<p>O elenco celeste fecha a prepara\u00e7\u00e3o para o duelo contra o Villa na manh\u00e3 deste s\u00e1bado, na Toca da Raposa II. No entanto, o time para a estreia na temporada j\u00e1 est\u00e1 definido por Mano com Rafael; Ezequiel, L\u00e9o, Manoel e Diogo Barbosa; Henrique, Ariel Cabral, Robinho e Alisson; Arrascaeta e Rafael Sobis.<\/p>\n<p>Refor\u00e7os para 2017, o zagueiro Caicedo e o volante Hudson ficar\u00e3o \u00e0 disposi\u00e7\u00e3o no banco de reservas. J\u00e1 o meia Thiago Neves n\u00e3o foi regularizado a tempo da partida e est\u00e1 fora, assim como o lateral-esquerdo Fabr\u00edcio, que retornou de empr\u00e9stimo ao Palmeiras.<\/p>\n<p>Fonte: Itatiaia<\/p>\n","protected":false},"excerpt":{"rendered":"<p>O Cruzeiro vai entrar em campo neste domingo, \u00e0s 17 horas, contra o Villa Nova, no Mineir\u00e3o, para fazer sua estreia no Campeonato Mineiro, sem ter feito nenhum jogo amistoso durante a pr\u00e9-temporada. A equipe disputou tr\u00eas jogos-treino, mas revezando o elenco. Por isso, o t\u00e9cnico Mano Menezes admite que o time ainda carece de [&hellip;]<\/p>\n","protected":false},"author":2,"featured_media":6032,"comment_status":"closed","ping_status":"open","sticky":false,"template":"","format":"standard","meta":{"advgb_blocks_editor_width":"","advgb_blocks_columns_visual_guide":"","_exactmetrics_skip_tracking":false,"_exactmetrics_sitenote_active":false,"_exactmetrics_sitenote_note":"","_exactmetrics_sitenote_category":0,"footnotes":""},"categories":[3],"tags":[1643,908,966,1036,2453],"class_list":["post-6031","post","type-post","status-publish","format-standard","has-post-thumbnail","hentry","category-esportes","tag-campeonato-mineiro-2017","tag-cruzeiro","tag-esporte","tag-futebol","tag-mano-menezes"],"better_featured_image":{"id":6032,"alt_text":"","caption":"BELO HORIZONTE \/ BRASIL (27.01.2017) Mano Menezes, durante entrevista coletiva, no treino do Cruzeiro na Toca ll em BH.\n\u00a9 Washington Alves\/Light Press\/Cruzeiro","description":"","media_type":"image","media_details":{"width":600,"height":300,"file":"2017\/01\/mano-menezes.jpg","sizes":{"thumbnail":{"file":"mano-menezes-150x75.jpg","width":150,"height":75,"mime-type":"image\/jpeg","source_url":"https:\/\/lavras.tv\/site\/wp-content\/uploads\/2017\/01\/mano-menezes-150x75.jpg"},"medium":{"file":"mano-menezes-300x150.jpg","width":300,"height":150,"mime-type":"image\/jpeg","source_url":"https:\/\/lavras.tv\/site\/wp-content\/uploads\/2017\/01\/mano-menezes-300x150.jpg"},"featured-post-img":{"file":"mano-menezes-480x300.jpg","width":480,"height":300,"mime-type":"image\/jpeg","source_url":"https:\/\/lavras.tv\/site\/wp-content\/uploads\/2017\/01\/mano-menezes-480x300.jpg"},"sow-carousel-default":{"file":"mano-menezes-272x182.jpg","width":272,"height":182,"mime-type":"image\/jpeg","source_url":"https:\/\/lavras.tv\/site\/wp-content\/uploads\/2017\/01\/mano-menezes-272x182.jpg"}},"image_meta":{"aperture":"4","credit":"Washington Alves \/ Light Press \/","camera":"NIKON D750","caption":"BELO HORIZONTE \/ BRASIL (27.01.2017) Mano Menezes, durante entrevista coletiva, no treino do Cruzeiro na Toca ll em BH.\r\u00a9 Washington Alves\/Light Press\/Cruzeiro","created_timestamp":"1485542605","copyright":"Light Press - Todos os direitos reservados.","focal_length":"24","iso":"3200","shutter_speed":"0.003125","title":"","orientation":"1","keywords":[]}},"post":6031,"source_url":"https:\/\/lavras.tv\/site\/wp-content\/uploads\/2017\/01\/mano-menezes.jpg"},"author_meta":{"display_name":"Lavras TV","author_link":"https:\/\/lavras.tv\/site\/author\/lavrastv\/"},"featured_img":"https:\/\/lavras.tv\/site\/wp-content\/uploads\/2017\/01\/mano-menezes-300x150.jpg","coauthors":[],"tax_additional":{"categories":{"linked":["<a href=\"https:\/\/lavras.tv\/site\/category\/esportes\/\" class=\"advgb-post-tax-term\">Esportes<\/a>"],"unlinked":["<span class=\"advgb-post-tax-term\">Esportes<\/span>"]},"tags":{"linked":["<a href=\"https:\/\/lavras.tv\/site\/category\/esportes\/\" class=\"advgb-post-tax-term\">campeonato mineiro 2017<\/a>","<a href=\"https:\/\/lavras.tv\/site\/category\/esportes\/\" class=\"advgb-post-tax-term\">cruzeiro<\/a>","<a href=\"https:\/\/lavras.tv\/site\/category\/esportes\/\" class=\"advgb-post-tax-term\">esporte<\/a>","<a href=\"https:\/\/lavras.tv\/site\/category\/esportes\/\" class=\"advgb-post-tax-term\">futebol<\/a>","<a href=\"https:\/\/lavras.tv\/site\/category\/esportes\/\" class=\"advgb-post-tax-term\">mano menezes<\/a>"],"unlinked":["<span class=\"advgb-post-tax-term\">campeonato mineiro 2017<\/span>","<span class=\"advgb-post-tax-term\">cruzeiro<\/span>","<span class=\"advgb-post-tax-term\">esporte<\/span>","<span class=\"advgb-post-tax-term\">futebol<\/span>","<span class=\"advgb-post-tax-term\">mano menezes<\/span>"]}},"comment_count":"0","relative_dates":{"created":"Publicado 9 anos atr\u00e1s","modified":"Atualizado 9 anos atr\u00e1s"},"absolute_dates":{"created":"Publicado em 28 de janeiro de 2017","modified":"Atualizado em 28 de janeiro de 2017"},"absolute_dates_time":{"created":"Publicado em 28 de janeiro de 2017 09:55","modified":"Atualizado em 28 de janeiro de 2017 09:55"},"featured_img_caption":"BELO HORIZONTE \/ BRASIL (27.01.2017) Mano Menezes, durante entrevista coletiva, no treino do Cruzeiro na Toca ll em BH.\n\u00a9 Washington Alves\/Light Press\/Cruzeiro","series_order":"","_links":{"self":[{"href":"https:\/\/lavras.tv\/site\/wp-json\/wp\/v2\/posts\/6031","targetHints":{"allow":["GET"]}}],"collection":[{"href":"https:\/\/lavras.tv\/site\/wp-json\/wp\/v2\/posts"}],"about":[{"href":"https:\/\/lavras.tv\/site\/wp-json\/wp\/v2\/types\/post"}],"author":[{"embeddable":true,"href":"https:\/\/lavras.tv\/site\/wp-json\/wp\/v2\/users\/2"}],"replies":[{"embeddable":true,"href":"https:\/\/lavras.tv\/site\/wp-json\/wp\/v2\/comments?post=6031"}],"version-history":[{"count":1,"href":"https:\/\/lavras.tv\/site\/wp-json\/wp\/v2\/posts\/6031\/revisions"}],"predecessor-version":[{"id":6033,"href":"https:\/\/lavras.tv\/site\/wp-json\/wp\/v2\/posts\/6031\/revisions\/6033"}],"wp:featuredmedia":[{"embeddable":true,"href":"https:\/\/lavras.tv\/site\/wp-json\/wp\/v2\/media\/6032"}],"wp:attachment":[{"href":"https:\/\/lavras.tv\/site\/wp-json\/wp\/v2\/media?parent=6031"}],"wp:term":[{"taxonomy":"category","embeddable":true,"href":"https:\/\/lavras.tv\/site\/wp-json\/wp\/v2\/categories?post=6031"},{"taxonomy":"post_tag","embeddable":true,"href":"https:\/\/lavras.tv\/site\/wp-json\/wp\/v2\/tags?post=6031"}],"curies":[{"name":"wp","href":"https:\/\/api.w.org\/{rel}","templated":true}]}}