{"id":6149,"date":"2017-02-01T08:39:17","date_gmt":"2017-02-01T10:39:17","guid":{"rendered":"http:\/\/lavras.tv\/site\/?p=6149"},"modified":"2017-02-01T08:39:17","modified_gmt":"2017-02-01T10:39:17","slug":"com-volta-do-mineirao-meio-a-meio-cruzeiro-e-atletico-fazem-classico-pela-primeira-liga","status":"publish","type":"post","link":"https:\/\/lavras.tv\/site\/2017\/02\/01\/com-volta-do-mineirao-meio-a-meio-cruzeiro-e-atletico-fazem-classico-pela-primeira-liga\/","title":{"rendered":"Com volta do Mineir\u00e3o \u2018meio a meio\u2019, Cruzeiro e Atl\u00e9tico fazem cl\u00e1ssico pela Primeira Liga"},"content":{"rendered":"<div class=\"lavra-antes-do-conteudo_2\" id=\"lavra-657600534\"><div id=\"lavra-slider-27\" class=\"custom-slider lavra-slider-3063199777 lavra-slider\"><ul><li><div style=\"margin-left: auto;margin-right: auto;text-align: center;\" id=\"lavra-569142148\"><a href=\"https:\/\/sistemas.lavras.mg.gov.br\/portalcidadao\/#df1b1a7c7b2a290bcb31e32771e610784662739a88807c0dacac58ede5f391a7530e299dc302d611ee73cb143fc22eaf93592e53e7b5bdb01b00a0b8d28dae460c141dd2ff83412e4dc1c31b16b25f33144a9e5620ea73b13f5bc1c59411d98439ad226e8af03840603796067d87afe130812cf3de24982d0e306f9e61e764e5\" aria-label=\"Lavras-TV&#8211;720x104px (1) (1)\"><img src=\"https:\/\/lavras.tv\/site\/wp-content\/uploads\/2025\/01\/Lavras-TV-720x104px-1-1.png\" alt=\"\"  srcset=\"https:\/\/lavras.tv\/site\/wp-content\/uploads\/2025\/01\/Lavras-TV-720x104px-1-1.png 720w, https:\/\/lavras.tv\/site\/wp-content\/uploads\/2025\/01\/Lavras-TV-720x104px-1-1-470x68.png 470w, https:\/\/lavras.tv\/site\/wp-content\/uploads\/2025\/01\/Lavras-TV-720x104px-1-1-170x25.png 170w, https:\/\/lavras.tv\/site\/wp-content\/uploads\/2025\/01\/Lavras-TV-720x104px-1-1-200x29.png 200w\" sizes=\"(max-width: 720px) 100vw, 720px\" width=\"720\" height=\"104\"  style=\"display: inline-block;\" \/><\/a><\/div><\/li><li><a href=\"https:\/\/sistemas.lavras.mg.gov.br\/portalcidadao\/#df1b1a7c7b2a290bcb31e32771e610784662739a88807c0dacac58ede5f391a7530e299dc302d611ee73cb143fc22eaf93592e53e7b5bdb01b00a0b8d28dae460c141dd2ff83412e4dc1c31b16b25f33144a9e5620ea73b13f5bc1c59411d98439ad226e8af03840603796067d87afe130812cf3de24982d0e306f9e61e764e5\" aria-label=\"Banner_Emprego_PortallavrasTV\"><img src=\"https:\/\/lavras.tv\/site\/wp-content\/uploads\/2025\/03\/Banner_Emprego_PortallavrasTV.png\" alt=\"\"  srcset=\"https:\/\/lavras.tv\/site\/wp-content\/uploads\/2025\/03\/Banner_Emprego_PortallavrasTV.png 720w, https:\/\/lavras.tv\/site\/wp-content\/uploads\/2025\/03\/Banner_Emprego_PortallavrasTV-470x68.png 470w, https:\/\/lavras.tv\/site\/wp-content\/uploads\/2025\/03\/Banner_Emprego_PortallavrasTV-170x25.png 170w, https:\/\/lavras.tv\/site\/wp-content\/uploads\/2025\/03\/Banner_Emprego_PortallavrasTV-200x29.png 200w\" sizes=\"(max-width: 720px) 100vw, 720px\" width=\"720\" height=\"104\"   \/><\/a><\/li><li><a href=\"https:\/\/sistemas.lavras.mg.gov.br\/portalcidadao\/#df1b1a7c7b2a290bcb31e32771e610784662739a88807c0dacac58ede5f391a7530e299dc302d611ee73cb143fc22eaf93592e53e7b5bdb01b00a0b8d28dae460c141dd2ff83412e4dc1c31b16b25f33144a9e5620ea73b13f5bc1c59411d98439ad226e8af03840603796067d87afe130812cf3de24982d0e306f9e61e764e5\" aria-label=\"Banner_Obras_PortallavrasTV\"><img src=\"https:\/\/lavras.tv\/site\/wp-content\/uploads\/2025\/03\/Banner_Obras_PortallavrasTV.png\" alt=\"\"  srcset=\"https:\/\/lavras.tv\/site\/wp-content\/uploads\/2025\/03\/Banner_Obras_PortallavrasTV.png 720w, https:\/\/lavras.tv\/site\/wp-content\/uploads\/2025\/03\/Banner_Obras_PortallavrasTV-470x68.png 470w, https:\/\/lavras.tv\/site\/wp-content\/uploads\/2025\/03\/Banner_Obras_PortallavrasTV-170x25.png 170w, https:\/\/lavras.tv\/site\/wp-content\/uploads\/2025\/03\/Banner_Obras_PortallavrasTV-200x29.png 200w\" sizes=\"(max-width: 720px) 100vw, 720px\" width=\"720\" height=\"104\"   \/><\/a><\/li><li><div style=\"margin-left: auto;margin-right: auto;text-align: center;\" id=\"lavra-2278619879\"><a href=\"https:\/\/sistemas.lavras.mg.gov.br\/portalcidadao\/#df1b1a7c7b2a290bcb31e32771e610784662739a88807c0dacac58ede5f391a7530e299dc302d611ee73cb143fc22eaf93592e53e7b5bdb01b00a0b8d28dae460c141dd2ff83412e4dc1c31b16b25f33144a9e5620ea73b13f5bc1c59411d98439ad226e8af03840603796067d87afe130812cf3de24982d0e306f9e61e764e5\" aria-label=\"Banner_Educa\u00e7\u00e3o_PortallavrasTV\"><img src=\"https:\/\/lavras.tv\/site\/wp-content\/uploads\/2025\/01\/Banner_Educacao_PortallavrasTV.png\" alt=\"\"  srcset=\"https:\/\/lavras.tv\/site\/wp-content\/uploads\/2025\/01\/Banner_Educacao_PortallavrasTV.png 720w, https:\/\/lavras.tv\/site\/wp-content\/uploads\/2025\/01\/Banner_Educacao_PortallavrasTV-470x68.png 470w, https:\/\/lavras.tv\/site\/wp-content\/uploads\/2025\/01\/Banner_Educacao_PortallavrasTV-170x25.png 170w, https:\/\/lavras.tv\/site\/wp-content\/uploads\/2025\/01\/Banner_Educacao_PortallavrasTV-200x29.png 200w\" sizes=\"(max-width: 720px) 100vw, 720px\" width=\"720\" height=\"104\"  style=\"display: inline-block;\" \/><\/a><\/div><\/li><li><a href=\"https:\/\/sistemas.lavras.mg.gov.br\/portalcidadao\/#df1b1a7c7b2a290bcb31e32771e610784662739a88807c0dacac58ede5f391a7530e299dc302d611ee73cb143fc22eaf93592e53e7b5bdb01b00a0b8d28dae460c141dd2ff83412e4dc1c31b16b25f33144a9e5620ea73b13f5bc1c59411d98439ad226e8af03840603796067d87afe130812cf3de24982d0e306f9e61e764e5\" aria-label=\"Banner_Sa\u00fade_PortallavrasTV\"><img src=\"https:\/\/lavras.tv\/site\/wp-content\/uploads\/2025\/03\/Banner_Saude_PortallavrasTV.png\" alt=\"\"  srcset=\"https:\/\/lavras.tv\/site\/wp-content\/uploads\/2025\/03\/Banner_Saude_PortallavrasTV.png 720w, https:\/\/lavras.tv\/site\/wp-content\/uploads\/2025\/03\/Banner_Saude_PortallavrasTV-470x68.png 470w, https:\/\/lavras.tv\/site\/wp-content\/uploads\/2025\/03\/Banner_Saude_PortallavrasTV-170x25.png 170w, https:\/\/lavras.tv\/site\/wp-content\/uploads\/2025\/03\/Banner_Saude_PortallavrasTV-200x29.png 200w\" sizes=\"(max-width: 720px) 100vw, 720px\" width=\"720\" height=\"104\"   \/><\/a><\/li><li><div id=\"lavra-2350524846\" style=\"width:720px;height:104px;background-color:#ddd;overflow:scroll;\">\n\t<strong>Sa\u00edda da depura\u00e7\u00e3o de an\u00fancios<\/strong>\n\t<br><br>\n\tO an\u00fancio n\u00e3o \u00e9 exibido na p\u00e1gina<br><br>post atual: Com volta do Mineir\u00e3o \u2018meio a meio\u2019, Cruzeiro e Atl\u00e9tico fazem cl\u00e1ssico pela Primeira Liga, ID: 6149<br><br><span style=\"color: red;\">O post atual n\u00e3o \u00e9 id\u00eantico ao post principal.<\/span><br><br>An\u00fancios: ROXO - TOPO INTERNA - ROTATIVO 2 (197)<br \/>Grupo de an\u00fancios: Princ_Meio01_720x104 (27)<br><br>Condi\u00e7\u00f5es de exibi\u00e7\u00e3o<div style=\"margin-bottom: 20px; white-space: pre-wrap; font-family: monospace; width: 100%; background: #ffe9e9;\"><strong>condi\u00e7\u00f5es gerais<\/strong><table border=\"1\"><thead><tr><th><\/th><th>An\u00fancios<\/th><th>wp_the_query<\/th><\/tr><\/thead><tr><td>is_main_query<\/td><td>1<\/td><td>1<\/td><\/tr><tr><td>is_rest_api<\/td><td>0<\/td><td>1<\/td><\/tr><tr><td>page<\/td><td>0<\/td><td>1<\/td><\/tr><tr><td>numpages<\/td><td>0<\/td><td>1<\/td><\/tr><tr><td>is_archive<\/td><td>1<\/td><td><\/td><\/tr><tr><td>is_search<\/td><td>1<\/td><td><\/td><\/tr><tr><td>is_home<\/td><td>1<\/td><td><\/td><\/tr><tr><td>is_404<\/td><td>1<\/td><td><\/td><\/tr><tr><td>is_attachment<\/td><td>1<\/td><td><\/td><\/tr><tr><td>is_singular<\/td><td>1<\/td><td><\/td><\/tr><tr><td>is_front_page<\/td><td>1<\/td><td><\/td><\/tr><tr><td>is_feed<\/td><td>1<\/td><td><\/td><\/tr><\/table><\/div><br><br><span style=\"color: red;\">Seu site usa HTTPS, mas o c\u00f3digo do an\u00fancio cont\u00e9m HTTP e pode n\u00e3o funcionar.<\/span>\t<br><br>\n\t<a style=\"color: green;\" href=\"https:\/\/wpadvancedads.com\/manual\/ad-debug-mode\/?utm_source=advanced-ads&utm_medium=link&utm_campaign=ad-debug-mode\" target=\"_blank\" rel=\"nofollow\">Encontre solu\u00e7\u00f5es no manual<\/a>\n<\/div>\n<\/li><\/ul><\/div><script>( window.advanced_ads_ready || jQuery( document ).ready ).call( null, function() {var $lavraslider3063199777 = jQuery( \".lavra-slider-3063199777\" );$lavraslider3063199777.on( \"unslider.ready\", function() { jQuery( \"div.custom-slider ul li\" ).css( \"display\", \"block\" ); });$lavraslider3063199777.unslider({ delay:4000, autoplay:true, nav:false, arrows:false, infinite:true });$lavraslider3063199777.on(\"mouseover\", function() {$lavraslider3063199777.unslider(\"stop\");}).on(\"mouseout\", function() {$lavraslider3063199777.unslider(\"start\");});});<\/script><\/div><p>Pela segunda vez na hist\u00f3ria do novo Mineir\u00e3o, Cruzeiro e Atl\u00e9tico v\u00e3o se enfrentar diante do est\u00e1dio dividido ao meio pelas duas torcidas. O cl\u00e1ssico acontece nesta quarta-feira, \u00e0s 19h30, e \u00e9 v\u00e1lido pela primeira rodada do Grupo C da Copa da Primeira Liga.<\/p>\n<p><img fetchpriority=\"high\" decoding=\"async\" class=\"size-full wp-image-6150 aligncenter\" src=\"http:\/\/lavras.tv\/site\/wp-content\/uploads\/2017\/02\/galo_x_raposa.jpg\" alt=\"galo_x_raposa\" width=\"600\" height=\"300\" srcset=\"https:\/\/lavras.tv\/site\/wp-content\/uploads\/2017\/02\/galo_x_raposa.jpg 600w, https:\/\/lavras.tv\/site\/wp-content\/uploads\/2017\/02\/galo_x_raposa-150x75.jpg 150w, https:\/\/lavras.tv\/site\/wp-content\/uploads\/2017\/02\/galo_x_raposa-300x150.jpg 300w\" sizes=\"(max-width: 600px) 100vw, 600px\" \/><\/p>\n<p>O outro cl\u00e1ssico com as presen\u00e7as das torcidas dividindo o Mineir\u00e3o aconteceu justamente na reabertura do est\u00e1dio, em fevereiro de 2013, com vit\u00f3ria celeste por 2 a 1.<\/p>\n<p>A Raposa entra em campo defendendo uma invencibilidade de quatro partidas sobre o Galo. Desde o fim de 2014, no segundo jogo da final da Copa do Brasil, o time celeste n\u00e3o perde para o arquirrival. De l\u00e1 para c\u00e1 foram duas vit\u00f3rias estreladas e dois empates.<\/p>\n<p>Por outro lado, considerando apenas os cl\u00e1ssicos no Mineir\u00e3o \u2013 palco do duelo desta quarta-feira \u2013, o Atl\u00e9tico n\u00e3o \u00e9 derrotado pelo Cruzeiro tamb\u00e9m h\u00e1 quatro jogos. O \u00faltimo triunfo celeste no Gigante da Pampulha aconteceu em julho de 2013, quando goleou por 4 a 1 os reservas do Galo, que poupou os titulares, pois vinha da conquista da Copa Libertadores quatro dias antes.<\/p>\n<p><strong>Cruzeiro<\/strong><\/p>\n<p>No \u00faltimo treino na Toca, nesta ter\u00e7a-feira, o t\u00e9cnico Mano Menezes fechou a atividade para a imprensa, que s\u00f3 p\u00f4de acompanhar o aquecimento dos jogadores em campo. Diante do mist\u00e9rio, o time celeste ser\u00e1 conhecido apenas no vesti\u00e1rio do Mineir\u00e3o momentos antes do in\u00edcio do duelo.<\/p>\n<p>Para o cl\u00e1ssico, Mano n\u00e3o ter\u00e1 desfalque al\u00e9m dos jogadores que j\u00e1 estavam no departamento m\u00e9dico desde a pr\u00e9-temporada. O meia-atacante Alisson, que assustou o torcedor na vit\u00f3ria sobre o Villa Nova ao cair colocando o peso do corpo sobre a perna esquerda, treinou normalmente. Da mesma forma, o volante Lucas Romero, que sofreu uma entorse no tornozelo esquerdo na atividade dessa segunda-feira, apareceu no campo nesta ter\u00e7a fazendo corridas e tamb\u00e9m n\u00e3o deve preocupar.<\/p>\n<p>Ap\u00f3s a vit\u00f3ria sobre o Villa Nova, pelo Campeonato Mineiro, Mano declarou que poderia \u2018rodar o grupo\u2019, ou seja, trocar alguns jogadores para o cl\u00e1ssico com a inten\u00e7\u00e3o de evitar o desgaste dos atletas, que far\u00e3o oito jogos em 26 dias de fevereiro. No entanto, n\u00e3o se sabe se o treinador vai mudar colocar pe\u00e7as novas ou se manter\u00e1 a equipe do \u00faltimo domingo.<\/p>\n<p>As novidades celestes na lista ficam por conta dos novos atletas contratados e que nunca disputaram o cl\u00e1ssico, casos de Diogo Barbosa, \u2018Kunty\u2019 Caicedo e Hudson. Outro jogador que vivenciar\u00e1 pela primeira vez de perto a experi\u00eancia de um Cruzeiro x Atl\u00e9tico \u00e9 o jovem atacante Raniel.<\/p>\n<p>\u201cCl\u00e1ssico \u00e9 jogo a parte, vale os mesmos tr\u00eas pontos. As duas equipes far\u00e3o seu segundo jogo, no mesmo n\u00edvel, mas isso n\u00e3o vai influenciar na partida. \u00c9 um jogo bem disputado, onde cada metro \u00e9 importante de ganho de espa\u00e7o, de terreno. O time que erra menos, acaba tendo uma vantagem muito grande. O cl\u00e1ssico em si equipara muito a vontade e a disputa. Quem ganhar mais nas disputas de bola e quem errar menos ter\u00e1 chance maior de vencer\u201d, avaliou o goleiro Rafael.<\/p>\n<p><strong>Atl\u00e9tico<\/strong><\/p>\n<p>No Atl\u00e9tico, n\u00e3o foi diferente. A atividade desta ter\u00e7a-feira tamb\u00e9m foi fechada \u00e0 imprensa, que teve acesso ao centro de treinamento apenas para entrevistas e imagens dos instantes iniciais do treino.<\/p>\n<p>O t\u00e9cnico Roger Machado n\u00e3o poder\u00e1 contar com os atacantes Robinho, em recupera\u00e7\u00e3o de uma pequena fratura na regi\u00e3o lombar, Luan, que trata de dores no joelho, e Fred, que cumpre o \u00faltimo jogo de suspens\u00e3o pela expuls\u00e3o na edi\u00e7\u00e3o do ano passado quando ainda defendia o Fluminense. Com a d\u00favida no ataque, Clayton, Maicosuel e Hyuri brigam por uma vaga na equipe.<\/p>\n<p>As novidades na lista de relacionados do Atl\u00e9tico s\u00e3o os retornos do zagueiro Leonardo Silva, que se recuperou de les\u00e3o, e o lateral-direito Patric, que tamb\u00e9m n\u00e3o estava na rela\u00e7\u00e3o para a estreia do time na temporada contra o Am\u00e9rica-TO, no \u00faltimo fim de semana, pelo Campeonato Mineiro.<\/p>\n<p>\u201cPoderia ter um n\u00edvel t\u00e9cnico maior se houvesse mais tempo de prepara\u00e7\u00e3o, mas o cl\u00e1ssico \u00e9 muito na vontade, na ra\u00e7a, ent\u00e3o, temos tudo para fazer um grande jogo. A gente tem trabalhado muito bem nessas tr\u00eas semanas de treinamento e temos tudo para fazer um grande jogo\u201d, afirmou o zagueiro Gabriel.<\/p>\n<p>Acompanhe, a partir das 19h, a Jornada Esportiva da Itatiaia, com o 1\u00ba Time do R\u00e1dio. Narra\u00e7\u00f5es de M\u00e1rio Henrique (1\u00ba tempo) e Alberto Rodrigues (2\u00ba tempo), coment\u00e1rios de Cadu Don\u00e9 e Leo Figueiredo e reportagens de Samuel Ven\u00e2ncio, Cl\u00e1udio Rezende, \u00c1lvaro Dami\u00e3o e Thiago Reis.<\/p>\n<p><strong>Cruzeiro x Atl\u00e9tico<\/strong><\/p>\n<p><strong>Cruzeiro:<\/strong> Rafael; Ezequiel, Manoel, L\u00e9o e Diogo Barbosa; Henrique, Ariel Cabral, Robinho, Alisson e Arrascaeta; Rafael Sobis. T\u00e9cnico: Mano Menezes<\/p>\n<p><strong>Atl\u00e9tico:<\/strong> Giovanni; Marcos Rocha, Felipe Santana, Gabriel e F\u00e1bio Santos; Rafael Carioca, Yago, Clayton (Maicosuel ou Hyuri), Cazares e Otero; Lucas Pratto. T\u00e9cnico: Roger Machado<\/p>\n<p><strong>Motivo:<\/strong> 1\u00aa rodada do Grupo C \u2013 Copa da Primeira Liga<\/p>\n<p><strong>Data:<\/strong> 1\u00ba de fevereiro de 2017, quarta-feira, \u00e0s 19h30<\/p>\n<p><strong>Local:<\/strong> Est\u00e1dio Mineir\u00e3o, em Belo Horizonte (MG)<\/p>\n<p><strong>\u00c1rbitro:<\/strong> Wanderson Alves de Souza (MG)<\/p>\n<p><strong>Auxiliares:<\/strong> Luiz Ant\u00f4nio Barbosa (MG) e Felipe Alan de Oliveira (MG)<\/p>\n<p>Fonte: Itatiaia<\/p>\n","protected":false},"excerpt":{"rendered":"<p>Pela segunda vez na hist\u00f3ria do novo Mineir\u00e3o, Cruzeiro e Atl\u00e9tico v\u00e3o se enfrentar diante do est\u00e1dio dividido ao meio pelas duas torcidas. O cl\u00e1ssico acontece nesta quarta-feira, \u00e0s 19h30, e \u00e9 v\u00e1lido pela primeira rodada do Grupo C da Copa da Primeira Liga. O outro cl\u00e1ssico com as presen\u00e7as das torcidas dividindo o Mineir\u00e3o [&hellip;]<\/p>\n","protected":false},"author":2,"featured_media":6150,"comment_status":"closed","ping_status":"open","sticky":false,"template":"","format":"standard","meta":{"advgb_blocks_editor_width":"","advgb_blocks_columns_visual_guide":"","_exactmetrics_skip_tracking":false,"_exactmetrics_sitenote_active":false,"_exactmetrics_sitenote_note":"","_exactmetrics_sitenote_category":0,"footnotes":""},"categories":[3],"tags":[1064,908,966,1036,469,1568],"class_list":["post-6149","post","type-post","status-publish","format-standard","has-post-thumbnail","hentry","category-esportes","tag-atletico-mineiro","tag-cruzeiro","tag-esporte","tag-futebol","tag-mineirao","tag-primeira-liga"],"better_featured_image":{"id":6150,"alt_text":"","caption":"","description":"","media_type":"image","media_details":{"width":600,"height":300,"file":"2017\/02\/galo_x_raposa.jpg","sizes":{"thumbnail":{"file":"galo_x_raposa-150x75.jpg","width":150,"height":75,"mime-type":"image\/jpeg","source_url":"https:\/\/lavras.tv\/site\/wp-content\/uploads\/2017\/02\/galo_x_raposa-150x75.jpg"},"medium":{"file":"galo_x_raposa-300x150.jpg","width":300,"height":150,"mime-type":"image\/jpeg","source_url":"https:\/\/lavras.tv\/site\/wp-content\/uploads\/2017\/02\/galo_x_raposa-300x150.jpg"},"featured-post-img":{"file":"galo_x_raposa-480x300.jpg","width":480,"height":300,"mime-type":"image\/jpeg","source_url":"https:\/\/lavras.tv\/site\/wp-content\/uploads\/2017\/02\/galo_x_raposa-480x300.jpg"},"sow-carousel-default":{"file":"galo_x_raposa-272x182.jpg","width":272,"height":182,"mime-type":"image\/jpeg","source_url":"https:\/\/lavras.tv\/site\/wp-content\/uploads\/2017\/02\/galo_x_raposa-272x182.jpg"}},"image_meta":{"aperture":"0","credit":"","camera":"","caption":"","created_timestamp":"0","copyright":"","focal_length":"0","iso":"0","shutter_speed":"0","title":"","orientation":"1","keywords":[]}},"post":6149,"source_url":"https:\/\/lavras.tv\/site\/wp-content\/uploads\/2017\/02\/galo_x_raposa.jpg"},"author_meta":{"display_name":"Lavras TV","author_link":"https:\/\/lavras.tv\/site\/author\/lavrastv\/"},"featured_img":"https:\/\/lavras.tv\/site\/wp-content\/uploads\/2017\/02\/galo_x_raposa-300x150.jpg","coauthors":[],"tax_additional":{"categories":{"linked":["<a href=\"https:\/\/lavras.tv\/site\/category\/esportes\/\" class=\"advgb-post-tax-term\">Esportes<\/a>"],"unlinked":["<span class=\"advgb-post-tax-term\">Esportes<\/span>"]},"tags":{"linked":["<a href=\"https:\/\/lavras.tv\/site\/category\/esportes\/\" class=\"advgb-post-tax-term\">atl\u00e9tico mineiro<\/a>","<a href=\"https:\/\/lavras.tv\/site\/category\/esportes\/\" class=\"advgb-post-tax-term\">cruzeiro<\/a>","<a href=\"https:\/\/lavras.tv\/site\/category\/esportes\/\" class=\"advgb-post-tax-term\">esporte<\/a>","<a href=\"https:\/\/lavras.tv\/site\/category\/esportes\/\" class=\"advgb-post-tax-term\">futebol<\/a>","<a href=\"https:\/\/lavras.tv\/site\/category\/esportes\/\" class=\"advgb-post-tax-term\">mineir\u00e3o<\/a>","<a href=\"https:\/\/lavras.tv\/site\/category\/esportes\/\" class=\"advgb-post-tax-term\">primeira liga<\/a>"],"unlinked":["<span class=\"advgb-post-tax-term\">atl\u00e9tico mineiro<\/span>","<span class=\"advgb-post-tax-term\">cruzeiro<\/span>","<span class=\"advgb-post-tax-term\">esporte<\/span>","<span class=\"advgb-post-tax-term\">futebol<\/span>","<span class=\"advgb-post-tax-term\">mineir\u00e3o<\/span>","<span class=\"advgb-post-tax-term\">primeira liga<\/span>"]}},"comment_count":"0","relative_dates":{"created":"Publicado 9 anos atr\u00e1s","modified":"Atualizado 9 anos atr\u00e1s"},"absolute_dates":{"created":"Publicado em 1 de fevereiro de 2017","modified":"Atualizado em 1 de fevereiro de 2017"},"absolute_dates_time":{"created":"Publicado em 1 de fevereiro de 2017 08:39","modified":"Atualizado em 1 de fevereiro de 2017 08:39"},"featured_img_caption":"","series_order":"","_links":{"self":[{"href":"https:\/\/lavras.tv\/site\/wp-json\/wp\/v2\/posts\/6149","targetHints":{"allow":["GET"]}}],"collection":[{"href":"https:\/\/lavras.tv\/site\/wp-json\/wp\/v2\/posts"}],"about":[{"href":"https:\/\/lavras.tv\/site\/wp-json\/wp\/v2\/types\/post"}],"author":[{"embeddable":true,"href":"https:\/\/lavras.tv\/site\/wp-json\/wp\/v2\/users\/2"}],"replies":[{"embeddable":true,"href":"https:\/\/lavras.tv\/site\/wp-json\/wp\/v2\/comments?post=6149"}],"version-history":[{"count":1,"href":"https:\/\/lavras.tv\/site\/wp-json\/wp\/v2\/posts\/6149\/revisions"}],"predecessor-version":[{"id":6151,"href":"https:\/\/lavras.tv\/site\/wp-json\/wp\/v2\/posts\/6149\/revisions\/6151"}],"wp:featuredmedia":[{"embeddable":true,"href":"https:\/\/lavras.tv\/site\/wp-json\/wp\/v2\/media\/6150"}],"wp:attachment":[{"href":"https:\/\/lavras.tv\/site\/wp-json\/wp\/v2\/media?parent=6149"}],"wp:term":[{"taxonomy":"category","embeddable":true,"href":"https:\/\/lavras.tv\/site\/wp-json\/wp\/v2\/categories?post=6149"},{"taxonomy":"post_tag","embeddable":true,"href":"https:\/\/lavras.tv\/site\/wp-json\/wp\/v2\/tags?post=6149"}],"curies":[{"name":"wp","href":"https:\/\/api.w.org\/{rel}","templated":true}]}}