{"id":6165,"date":"2017-02-01T09:32:10","date_gmt":"2017-02-01T11:32:10","guid":{"rendered":"http:\/\/lavras.tv\/site\/?p=6165"},"modified":"2017-02-01T09:32:10","modified_gmt":"2017-02-01T11:32:10","slug":"gastos-com-gabinetes-crescem-r-24-milhoes-na-assembleia","status":"publish","type":"post","link":"https:\/\/lavras.tv\/site\/2017\/02\/01\/gastos-com-gabinetes-crescem-r-24-milhoes-na-assembleia\/","title":{"rendered":"Gastos com gabinetes crescem R$ 2,4 milh\u00f5es na Assembleia"},"content":{"rendered":"<div class=\"lavra-antes-do-conteudo_2\" id=\"lavra-1460575869\"><div id=\"lavra-slider-27\" class=\"custom-slider lavra-slider-60047710 lavra-slider\"><ul><li><div style=\"margin-left: auto;margin-right: auto;text-align: center;\" id=\"lavra-3056545186\"><a href=\"https:\/\/sistemas.lavras.mg.gov.br\/portalcidadao\/#df1b1a7c7b2a290bcb31e32771e610784662739a88807c0dacac58ede5f391a7530e299dc302d611ee73cb143fc22eaf93592e53e7b5bdb01b00a0b8d28dae460c141dd2ff83412e4dc1c31b16b25f33144a9e5620ea73b13f5bc1c59411d98439ad226e8af03840603796067d87afe130812cf3de24982d0e306f9e61e764e5\" aria-label=\"Lavras-TV&#8211;720x104px (1) (1)\"><img src=\"https:\/\/lavras.tv\/site\/wp-content\/uploads\/2025\/01\/Lavras-TV-720x104px-1-1.png\" alt=\"\"  srcset=\"https:\/\/lavras.tv\/site\/wp-content\/uploads\/2025\/01\/Lavras-TV-720x104px-1-1.png 720w, https:\/\/lavras.tv\/site\/wp-content\/uploads\/2025\/01\/Lavras-TV-720x104px-1-1-470x68.png 470w, https:\/\/lavras.tv\/site\/wp-content\/uploads\/2025\/01\/Lavras-TV-720x104px-1-1-170x25.png 170w, https:\/\/lavras.tv\/site\/wp-content\/uploads\/2025\/01\/Lavras-TV-720x104px-1-1-200x29.png 200w\" sizes=\"(max-width: 720px) 100vw, 720px\" width=\"720\" height=\"104\"  style=\"display: inline-block;\" \/><\/a><\/div><\/li><li><a href=\"https:\/\/sistemas.lavras.mg.gov.br\/portalcidadao\/#df1b1a7c7b2a290bcb31e32771e610784662739a88807c0dacac58ede5f391a7530e299dc302d611ee73cb143fc22eaf93592e53e7b5bdb01b00a0b8d28dae460c141dd2ff83412e4dc1c31b16b25f33144a9e5620ea73b13f5bc1c59411d98439ad226e8af03840603796067d87afe130812cf3de24982d0e306f9e61e764e5\" aria-label=\"Banner_Emprego_PortallavrasTV\"><img src=\"https:\/\/lavras.tv\/site\/wp-content\/uploads\/2025\/03\/Banner_Emprego_PortallavrasTV.png\" alt=\"\"  srcset=\"https:\/\/lavras.tv\/site\/wp-content\/uploads\/2025\/03\/Banner_Emprego_PortallavrasTV.png 720w, https:\/\/lavras.tv\/site\/wp-content\/uploads\/2025\/03\/Banner_Emprego_PortallavrasTV-470x68.png 470w, https:\/\/lavras.tv\/site\/wp-content\/uploads\/2025\/03\/Banner_Emprego_PortallavrasTV-170x25.png 170w, https:\/\/lavras.tv\/site\/wp-content\/uploads\/2025\/03\/Banner_Emprego_PortallavrasTV-200x29.png 200w\" sizes=\"(max-width: 720px) 100vw, 720px\" width=\"720\" height=\"104\"   \/><\/a><\/li><li><a href=\"https:\/\/sistemas.lavras.mg.gov.br\/portalcidadao\/#df1b1a7c7b2a290bcb31e32771e610784662739a88807c0dacac58ede5f391a7530e299dc302d611ee73cb143fc22eaf93592e53e7b5bdb01b00a0b8d28dae460c141dd2ff83412e4dc1c31b16b25f33144a9e5620ea73b13f5bc1c59411d98439ad226e8af03840603796067d87afe130812cf3de24982d0e306f9e61e764e5\" aria-label=\"Banner_Obras_PortallavrasTV\"><img src=\"https:\/\/lavras.tv\/site\/wp-content\/uploads\/2025\/03\/Banner_Obras_PortallavrasTV.png\" alt=\"\"  srcset=\"https:\/\/lavras.tv\/site\/wp-content\/uploads\/2025\/03\/Banner_Obras_PortallavrasTV.png 720w, https:\/\/lavras.tv\/site\/wp-content\/uploads\/2025\/03\/Banner_Obras_PortallavrasTV-470x68.png 470w, https:\/\/lavras.tv\/site\/wp-content\/uploads\/2025\/03\/Banner_Obras_PortallavrasTV-170x25.png 170w, https:\/\/lavras.tv\/site\/wp-content\/uploads\/2025\/03\/Banner_Obras_PortallavrasTV-200x29.png 200w\" sizes=\"(max-width: 720px) 100vw, 720px\" width=\"720\" height=\"104\"   \/><\/a><\/li><li><div style=\"margin-left: auto;margin-right: auto;text-align: center;\" id=\"lavra-3297067817\"><a href=\"https:\/\/sistemas.lavras.mg.gov.br\/portalcidadao\/#df1b1a7c7b2a290bcb31e32771e610784662739a88807c0dacac58ede5f391a7530e299dc302d611ee73cb143fc22eaf93592e53e7b5bdb01b00a0b8d28dae460c141dd2ff83412e4dc1c31b16b25f33144a9e5620ea73b13f5bc1c59411d98439ad226e8af03840603796067d87afe130812cf3de24982d0e306f9e61e764e5\" aria-label=\"Banner_Educa\u00e7\u00e3o_PortallavrasTV\"><img src=\"https:\/\/lavras.tv\/site\/wp-content\/uploads\/2025\/01\/Banner_Educacao_PortallavrasTV.png\" alt=\"\"  srcset=\"https:\/\/lavras.tv\/site\/wp-content\/uploads\/2025\/01\/Banner_Educacao_PortallavrasTV.png 720w, https:\/\/lavras.tv\/site\/wp-content\/uploads\/2025\/01\/Banner_Educacao_PortallavrasTV-470x68.png 470w, https:\/\/lavras.tv\/site\/wp-content\/uploads\/2025\/01\/Banner_Educacao_PortallavrasTV-170x25.png 170w, https:\/\/lavras.tv\/site\/wp-content\/uploads\/2025\/01\/Banner_Educacao_PortallavrasTV-200x29.png 200w\" sizes=\"(max-width: 720px) 100vw, 720px\" width=\"720\" height=\"104\"  style=\"display: inline-block;\" \/><\/a><\/div><\/li><li><a href=\"https:\/\/sistemas.lavras.mg.gov.br\/portalcidadao\/#df1b1a7c7b2a290bcb31e32771e610784662739a88807c0dacac58ede5f391a7530e299dc302d611ee73cb143fc22eaf93592e53e7b5bdb01b00a0b8d28dae460c141dd2ff83412e4dc1c31b16b25f33144a9e5620ea73b13f5bc1c59411d98439ad226e8af03840603796067d87afe130812cf3de24982d0e306f9e61e764e5\" aria-label=\"Banner_Sa\u00fade_PortallavrasTV\"><img src=\"https:\/\/lavras.tv\/site\/wp-content\/uploads\/2025\/03\/Banner_Saude_PortallavrasTV.png\" alt=\"\"  srcset=\"https:\/\/lavras.tv\/site\/wp-content\/uploads\/2025\/03\/Banner_Saude_PortallavrasTV.png 720w, https:\/\/lavras.tv\/site\/wp-content\/uploads\/2025\/03\/Banner_Saude_PortallavrasTV-470x68.png 470w, https:\/\/lavras.tv\/site\/wp-content\/uploads\/2025\/03\/Banner_Saude_PortallavrasTV-170x25.png 170w, https:\/\/lavras.tv\/site\/wp-content\/uploads\/2025\/03\/Banner_Saude_PortallavrasTV-200x29.png 200w\" sizes=\"(max-width: 720px) 100vw, 720px\" width=\"720\" height=\"104\"   \/><\/a><\/li><li><div id=\"lavra-525450955\" style=\"width:720px;height:104px;background-color:#ddd;overflow:scroll;\">\n\t<strong>Sa\u00edda da depura\u00e7\u00e3o de an\u00fancios<\/strong>\n\t<br><br>\n\tO an\u00fancio n\u00e3o \u00e9 exibido na p\u00e1gina<br><br>post atual: Gastos com gabinetes crescem R$ 2,4 milh\u00f5es na Assembleia, ID: 6165<br><br><span style=\"color: red;\">O post atual n\u00e3o \u00e9 id\u00eantico ao post principal.<\/span><br><br>An\u00fancios: ROXO - TOPO INTERNA - ROTATIVO 2 (197)<br \/>Grupo de an\u00fancios: Princ_Meio01_720x104 (27)<br><br>Condi\u00e7\u00f5es de exibi\u00e7\u00e3o<div style=\"margin-bottom: 20px; white-space: pre-wrap; font-family: monospace; width: 100%; background: #ffe9e9;\"><strong>condi\u00e7\u00f5es gerais<\/strong><table border=\"1\"><thead><tr><th><\/th><th>An\u00fancios<\/th><th>wp_the_query<\/th><\/tr><\/thead><tr><td>is_main_query<\/td><td>1<\/td><td>1<\/td><\/tr><tr><td>is_rest_api<\/td><td>0<\/td><td>1<\/td><\/tr><tr><td>page<\/td><td>0<\/td><td>1<\/td><\/tr><tr><td>numpages<\/td><td>0<\/td><td>1<\/td><\/tr><tr><td>is_archive<\/td><td>1<\/td><td><\/td><\/tr><tr><td>is_search<\/td><td>1<\/td><td><\/td><\/tr><tr><td>is_home<\/td><td>1<\/td><td><\/td><\/tr><tr><td>is_404<\/td><td>1<\/td><td><\/td><\/tr><tr><td>is_attachment<\/td><td>1<\/td><td><\/td><\/tr><tr><td>is_singular<\/td><td>1<\/td><td><\/td><\/tr><tr><td>is_front_page<\/td><td>1<\/td><td><\/td><\/tr><tr><td>is_feed<\/td><td>1<\/td><td><\/td><\/tr><\/table><\/div><br><br><span style=\"color: red;\">Seu site usa HTTPS, mas o c\u00f3digo do an\u00fancio cont\u00e9m HTTP e pode n\u00e3o funcionar.<\/span>\t<br><br>\n\t<a style=\"color: green;\" href=\"https:\/\/wpadvancedads.com\/manual\/ad-debug-mode\/?utm_source=advanced-ads&utm_medium=link&utm_campaign=ad-debug-mode\" target=\"_blank\" rel=\"nofollow\">Encontre solu\u00e7\u00f5es no manual<\/a>\n<\/div>\n<\/li><\/ul><\/div><script>( window.advanced_ads_ready || jQuery( document ).ready ).call( null, function() {var $lavraslider60047710 = jQuery( \".lavra-slider-60047710\" );$lavraslider60047710.on( \"unslider.ready\", function() { jQuery( \"div.custom-slider ul li\" ).css( \"display\", \"block\" ); });$lavraslider60047710.unslider({ delay:4000, autoplay:true, nav:false, arrows:false, infinite:true });$lavraslider60047710.on(\"mouseover\", function() {$lavraslider60047710.unslider(\"stop\");}).on(\"mouseout\", function() {$lavraslider60047710.unslider(\"start\");});});<\/script><\/div><p>Os deputados estaduais de Minas Gerais aumentaram no \u00faltimo ano seus gastos com a verba indenizat\u00f3ria. Mesmo com a recomenda\u00e7\u00e3o de enxugar as despesas diante da crise pela qual passam os cofres do governo do Estado \u2013 de onde saem os recursos para bancar a Casa \u2013, os gabinetes demandaram R$ 2,4 milh\u00f5es a mais do que em 2015. Ao todo, foram R$ 18,1 milh\u00f5es contra R$ 15,7 milh\u00f5es.<\/p>\n<p><img fetchpriority=\"high\" decoding=\"async\" class=\"size-full wp-image-6166 aligncenter\" src=\"http:\/\/lavras.tv\/site\/wp-content\/uploads\/2017\/02\/almg.jpg\" alt=\"almg\" width=\"620\" height=\"420\" srcset=\"https:\/\/lavras.tv\/site\/wp-content\/uploads\/2017\/02\/almg.jpg 620w, https:\/\/lavras.tv\/site\/wp-content\/uploads\/2017\/02\/almg-150x102.jpg 150w, https:\/\/lavras.tv\/site\/wp-content\/uploads\/2017\/02\/almg-300x203.jpg 300w\" sizes=\"(max-width: 620px) 100vw, 620px\" \/><\/p>\n<p>Os gastos est\u00e3o dentro da cota de R$ 27 mil a que cada um dos 77 parlamentares tem direito todos os meses para gastos com combust\u00edvel, aluguel de carros, contrata\u00e7\u00e3o de consultorias, divulga\u00e7\u00e3o do mandato, entre outros itens.<\/p>\n<p>O levantamento feito por <strong>O TEMPO<\/strong> com base no Portal da Transpar\u00eancia da Assembleia considerou o per\u00edodo entre fevereiro a dezembro. O m\u00eas de janeiro n\u00e3o foi computado porque os parlamentares tomaram posse em fevereiro de 2015.<\/p>\n<p>Os deputados que mais gastaram com a verba indenizat\u00f3ria entre fevereiro e dezembro de 2016 foram Cabo J\u00falio (PMDB), com R$ 290,8 mil; Ulysses Gomes (PT), com R$ 284,7 mil; e Duarte Bechir (PSD) com R$ 283,9 mil. Ros\u00e2ngela Reis (PROS) demandou R$ 283,7 mil, e Alencar da Silveira Jr. (PDT) pediu reembolsos no total de R$ 282,2 mil. Nenhum gabinete utilizou o limite m\u00e1ximo de R$ 324 mil ao ano da verba.<\/p>\n<p><strong>Propaganda<\/strong><\/p>\n<p>No geral, as rubricas que mais demandaram investimentos foram a de divulga\u00e7\u00e3o parlamentar e a de aluguel de ve\u00edculos. Cabo J\u00falio (PMDB), por exemplo, apresentou notas de R$ 131,6 mil relativas ao primeiro item. Ele tamb\u00e9m gastou R$ 54,9 mil com combust\u00edvel e lubrificante de carros.<\/p>\n<p>O colega Ulysses Gomes empregou R$ 115,7 mil da sua cota para propagar o seu trabalho e R$ 53,2 mil para alugar ve\u00edculos. As prioridades de Duarte Bechir foram as mesmas. Ele executou R$ 138,5 mil com divulga\u00e7\u00e3o parlamentar e outros R$ 84,3 mil com loca\u00e7\u00e3o de carros. Ros\u00e2ngela Reis foi indenizada em R$ 112,8 mil para divulgar seu trabalho e outros R$ 55 mil na rubrica servi\u00e7os de consultoria, assessoria e pesquisa. Durante todo o ano passado, Alencar da Silveira J\u00fanior gastou basicamente com dois itens: divulga\u00e7\u00e3o parlamentar e gasolina. Foram R$ 145,7 mil e R$ 76,8 mil, respectivamente.<\/p>\n<p>Em plena crise, a Mesa Diretora da Assembleia decidiu no \u00faltimo ano elevar de R$ 20 mil para R$ 27 mil o limite mensal de gastos.<\/p>\n<p><strong>Justificativa<\/strong><\/p>\n<p>Cabo J\u00falio afirma que gasta mais que os colegas com divulga\u00e7\u00e3o porque seu voto \u00e9 descentralizado: \u201cPolicial tem em todo canto. Cada mala direta tem 80 mil jornais. Muitas vezes, a verba n\u00e3o \u00e9 suficiente, e completo do meu bolso. Tenho que fazer com que a informa\u00e7\u00e3o chegue onde eu n\u00e3o posso ir\u201d, explica.<\/p>\n<p>J\u00e1 Duarte Bechir afirma que a diferen\u00e7a entre seus gastos e os dos colegas se deve ao perfil de cada gabinete: \u201cTenho uma presen\u00e7a ass\u00eddua na Casa e na comiss\u00e3o da pessoa com defici\u00eancia. Fa\u00e7o muitas visitas, tenho muitas publica\u00e7\u00f5es e sou produtivo\u201d.<\/p>\n<p>Para Alencar da Silveira, suas despesas se destacam em fun\u00e7\u00e3o da qualidade do material que produz para divulgar o mandato. \u201cFa\u00e7o uma revista de qualidade, que fica em consult\u00f3rios, n\u00e3o \u00e9 folheto que o pessoal nem v\u00ea e joga fora\u201d. Ulysses Gomes e Ros\u00e2ngela Reis n\u00e3o retornaram a reportagem.<\/p>\n<p><strong>Cota<\/strong><\/p>\n<p>Pela regra, cada gabinete de deputado estadual pode gastar at\u00e9 R$ 81 mil por semestre com divulga\u00e7\u00e3o do mandato; R$ 9.450 com combust\u00edveis e R$ 12.150 com aluguel de ve\u00edculos mensalmente.<\/p>\n<div id=\"infografico\">\n<div id=\"artigo\" class=\"centered politica\"><img decoding=\"async\" class=\"image aligncenter\" src=\"http:\/\/www.otempo.com.br\/polopoly_fs\/1.1430111.1485901112!image\/image.jpg\" alt=\"\" \/><\/p>\n<div class=\"row collapse\"><\/div>\n<\/div>\n<\/div>\n<h3>ALIMENTA\u00c7\u00c3O<\/h3>\n<p><strong>Notas somam at\u00e9 R$ 2.000 por m\u00eas com restaurantes<\/strong><\/p>\n<p>As notas de reembolso apresentadas pelos deputados levam a crer que o sal\u00e1rio de R$ 25,3 mil que recebem n\u00e3o tem sido suficiente para que eles possam arcar com suas refei\u00e7\u00f5es. H\u00e1 gastos de at\u00e9 R$ 2.000 em um m\u00eas pelo mesmo parlamentar em restaurantes da regi\u00e3o da ALMG.<\/p>\n<p>Ant\u00f4nio Lerin (PSB) gastou R$ 10,9 mil entre fevereiro e dezembro de 2016 com restaurantes, quase R$ 1.000 por m\u00eas, em apenas dois locais. O seu preferido \u00e9 o Peixe Frito, onde as notas somaram R$ 7.785. O valor m\u00e9dio das compras \u00e9 de R$ 200. \u201cGastei com almo\u00e7o e jantar nos quatro dias que fico em Belo Horizonte. Para mim e para prefeitos e lideran\u00e7as que, \u00e0s vezes, visitam a Assembleia. Sou simples, em m\u00e9dia a conta fica em R$ 50. Tem lugar que fica em R$ 200. \u00c9 s\u00f3 comida, \u00e1gua e suco\u201d, diz o deputado de Uberaba.<\/p>\n<p>Dirceu Ribeiro (PHS) tamb\u00e9m tem seu restaurante predileto. No per\u00edodo, as despesas no Gardinus Restaurante &amp; Buffet somaram R$ 12.039. S\u00f3 em novembro foram R$ 1.937. In\u00e1cio Franco (PV) \u00e9 fiel ao mesmo local: foram R$ 5.404 entre fevereiro e dezembro. Em junho: R$ 1.257.<\/p>\n<p>Ao longo do ano, C\u00e1ssio Soares (PSD) quase n\u00e3o gastou com alimenta\u00e7\u00e3o, mas, em dezembro, duas notas somaram R$ 1.638 na churrascaria Adega do Sul. \u201cFoi realizado um encontro de lideran\u00e7as que atuam na regi\u00e3o de atua\u00e7\u00e3o do deputado e equipe do gabinete, seguida de almo\u00e7o\u201d, disse a assessoria do deputado, alegando que o encontro se deu para fazer um balan\u00e7o e tra\u00e7ar metas para o mandato.<\/p>\n<h3>\nSEM RESPOSTA<\/h3>\n<p><strong>Refei\u00e7\u00e3o.<\/strong> Os gastos est\u00e3o na rubrica \u201cpassagens, hospedagem e alimenta\u00e7\u00e3o\u201d, o que sugere que as despesas com comida deveriam ocorrer em casos de viagem. A reportagem questionou a Assembleia sobre este ponto por tr\u00eas dias, mas n\u00e3o obteve retorno.<\/p>\n<p><strong>Exig\u00eancia. <\/strong>Para serem indenizadas, as despesas t\u00eam que \u201catender demandas de atividades inerentes ao exerc\u00edcio do mandato\u201d. As despesas n\u00e3o podem ser reembolsadas para pessoas que recebam aux\u00edlios referentes aos gastos. Os servidores da Assembleia, por exemplo, j\u00e1 ganham aux\u00edlio-alimenta\u00e7\u00e3o.<\/p>\n<p>Fonte: O Tempo<\/p>\n","protected":false},"excerpt":{"rendered":"<p>Os deputados estaduais de Minas Gerais aumentaram no \u00faltimo ano seus gastos com a verba indenizat\u00f3ria. Mesmo com a recomenda\u00e7\u00e3o de enxugar as despesas diante da crise pela qual passam os cofres do governo do Estado \u2013 de onde saem os recursos para bancar a Casa \u2013, os gabinetes demandaram R$ 2,4 milh\u00f5es a mais [&hellip;]<\/p>\n","protected":false},"author":2,"featured_media":6166,"comment_status":"closed","ping_status":"open","sticky":false,"template":"","format":"standard","meta":{"advgb_blocks_editor_width":"","advgb_blocks_columns_visual_guide":"","_exactmetrics_skip_tracking":false,"_exactmetrics_sitenote_active":false,"_exactmetrics_sitenote_note":"","_exactmetrics_sitenote_category":0,"footnotes":""},"categories":[12],"tags":[531,784,1296,2517,2516,530],"class_list":["post-6165","post","type-post","status-publish","format-standard","has-post-thumbnail","hentry","category-politica","tag-almg","tag-assembleia","tag-deputados","tag-gabinete","tag-gastos","tag-minas-gerais"],"better_featured_image":{"id":6166,"alt_text":"","caption":"","description":"","media_type":"image","media_details":{"width":620,"height":420,"file":"2017\/02\/almg.jpg","sizes":{"thumbnail":{"file":"almg-150x102.jpg","width":150,"height":102,"mime-type":"image\/jpeg","source_url":"https:\/\/lavras.tv\/site\/wp-content\/uploads\/2017\/02\/almg-150x102.jpg"},"medium":{"file":"almg-300x203.jpg","width":300,"height":203,"mime-type":"image\/jpeg","source_url":"https:\/\/lavras.tv\/site\/wp-content\/uploads\/2017\/02\/almg-300x203.jpg"},"featured-post-img":{"file":"almg-480x320.jpg","width":480,"height":320,"mime-type":"image\/jpeg","source_url":"https:\/\/lavras.tv\/site\/wp-content\/uploads\/2017\/02\/almg-480x320.jpg"},"sow-carousel-default":{"file":"almg-272x182.jpg","width":272,"height":182,"mime-type":"image\/jpeg","source_url":"https:\/\/lavras.tv\/site\/wp-content\/uploads\/2017\/02\/almg-272x182.jpg"}},"image_meta":{"aperture":"0","credit":"","camera":"","caption":"","created_timestamp":"0","copyright":"","focal_length":"0","iso":"0","shutter_speed":"0","title":"","orientation":"0","keywords":[]}},"post":6165,"source_url":"https:\/\/lavras.tv\/site\/wp-content\/uploads\/2017\/02\/almg.jpg"},"author_meta":{"display_name":"Lavras TV","author_link":"https:\/\/lavras.tv\/site\/author\/lavrastv\/"},"featured_img":"https:\/\/lavras.tv\/site\/wp-content\/uploads\/2017\/02\/almg-300x203.jpg","coauthors":[],"tax_additional":{"categories":{"linked":["<a href=\"https:\/\/lavras.tv\/site\/category\/politica\/\" class=\"advgb-post-tax-term\">Pol\u00edtica<\/a>"],"unlinked":["<span class=\"advgb-post-tax-term\">Pol\u00edtica<\/span>"]},"tags":{"linked":["<a href=\"https:\/\/lavras.tv\/site\/category\/politica\/\" class=\"advgb-post-tax-term\">almg<\/a>","<a href=\"https:\/\/lavras.tv\/site\/category\/politica\/\" class=\"advgb-post-tax-term\">assembleia<\/a>","<a href=\"https:\/\/lavras.tv\/site\/category\/politica\/\" class=\"advgb-post-tax-term\">deputados<\/a>","<a href=\"https:\/\/lavras.tv\/site\/category\/politica\/\" class=\"advgb-post-tax-term\">gabinete<\/a>","<a href=\"https:\/\/lavras.tv\/site\/category\/politica\/\" class=\"advgb-post-tax-term\">gastos<\/a>","<a href=\"https:\/\/lavras.tv\/site\/category\/politica\/\" class=\"advgb-post-tax-term\">minas gerais<\/a>"],"unlinked":["<span class=\"advgb-post-tax-term\">almg<\/span>","<span class=\"advgb-post-tax-term\">assembleia<\/span>","<span class=\"advgb-post-tax-term\">deputados<\/span>","<span class=\"advgb-post-tax-term\">gabinete<\/span>","<span class=\"advgb-post-tax-term\">gastos<\/span>","<span class=\"advgb-post-tax-term\">minas gerais<\/span>"]}},"comment_count":"0","relative_dates":{"created":"Publicado 9 anos atr\u00e1s","modified":"Atualizado 9 anos atr\u00e1s"},"absolute_dates":{"created":"Publicado em 1 de fevereiro de 2017","modified":"Atualizado em 1 de fevereiro de 2017"},"absolute_dates_time":{"created":"Publicado em 1 de fevereiro de 2017 09:32","modified":"Atualizado em 1 de fevereiro de 2017 09:32"},"featured_img_caption":"","series_order":"","_links":{"self":[{"href":"https:\/\/lavras.tv\/site\/wp-json\/wp\/v2\/posts\/6165","targetHints":{"allow":["GET"]}}],"collection":[{"href":"https:\/\/lavras.tv\/site\/wp-json\/wp\/v2\/posts"}],"about":[{"href":"https:\/\/lavras.tv\/site\/wp-json\/wp\/v2\/types\/post"}],"author":[{"embeddable":true,"href":"https:\/\/lavras.tv\/site\/wp-json\/wp\/v2\/users\/2"}],"replies":[{"embeddable":true,"href":"https:\/\/lavras.tv\/site\/wp-json\/wp\/v2\/comments?post=6165"}],"version-history":[{"count":1,"href":"https:\/\/lavras.tv\/site\/wp-json\/wp\/v2\/posts\/6165\/revisions"}],"predecessor-version":[{"id":6167,"href":"https:\/\/lavras.tv\/site\/wp-json\/wp\/v2\/posts\/6165\/revisions\/6167"}],"wp:featuredmedia":[{"embeddable":true,"href":"https:\/\/lavras.tv\/site\/wp-json\/wp\/v2\/media\/6166"}],"wp:attachment":[{"href":"https:\/\/lavras.tv\/site\/wp-json\/wp\/v2\/media?parent=6165"}],"wp:term":[{"taxonomy":"category","embeddable":true,"href":"https:\/\/lavras.tv\/site\/wp-json\/wp\/v2\/categories?post=6165"},{"taxonomy":"post_tag","embeddable":true,"href":"https:\/\/lavras.tv\/site\/wp-json\/wp\/v2\/tags?post=6165"}],"curies":[{"name":"wp","href":"https:\/\/api.w.org\/{rel}","templated":true}]}}