{"id":6209,"date":"2017-02-03T09:12:03","date_gmt":"2017-02-03T11:12:03","guid":{"rendered":"http:\/\/lavras.tv\/site\/?p=6209"},"modified":"2017-02-03T09:12:03","modified_gmt":"2017-02-03T11:12:03","slug":"adaptado-ao-brasil-arrascaeta-diz-espero-coroar-com-titulo-meu-3o-ano-no-cruzeiro","status":"publish","type":"post","link":"https:\/\/lavras.tv\/site\/2017\/02\/03\/adaptado-ao-brasil-arrascaeta-diz-espero-coroar-com-titulo-meu-3o-ano-no-cruzeiro\/","title":{"rendered":"Adaptado ao Brasil, Arrascaeta diz: \u2018Espero coroar com t\u00edtulo meu 3\u00ba ano no Cruzeiro\u2019"},"content":{"rendered":"<div class=\"lavra-antes-do-conteudo_2\" id=\"lavra-719187971\"><div id=\"lavra-slider-27\" class=\"custom-slider lavra-slider-2681782272 lavra-slider\"><ul><li><div style=\"margin-left: auto;margin-right: auto;text-align: center;\" id=\"lavra-3627340469\"><a href=\"https:\/\/sistemas.lavras.mg.gov.br\/portalcidadao\/#df1b1a7c7b2a290bcb31e32771e610784662739a88807c0dacac58ede5f391a7530e299dc302d611ee73cb143fc22eaf93592e53e7b5bdb01b00a0b8d28dae460c141dd2ff83412e4dc1c31b16b25f33144a9e5620ea73b13f5bc1c59411d98439ad226e8af03840603796067d87afe130812cf3de24982d0e306f9e61e764e5\" aria-label=\"Lavras-TV&#8211;720x104px (1) (1)\"><img src=\"https:\/\/lavras.tv\/site\/wp-content\/uploads\/2025\/01\/Lavras-TV-720x104px-1-1.png\" alt=\"\"  srcset=\"https:\/\/lavras.tv\/site\/wp-content\/uploads\/2025\/01\/Lavras-TV-720x104px-1-1.png 720w, https:\/\/lavras.tv\/site\/wp-content\/uploads\/2025\/01\/Lavras-TV-720x104px-1-1-470x68.png 470w, https:\/\/lavras.tv\/site\/wp-content\/uploads\/2025\/01\/Lavras-TV-720x104px-1-1-170x25.png 170w, https:\/\/lavras.tv\/site\/wp-content\/uploads\/2025\/01\/Lavras-TV-720x104px-1-1-200x29.png 200w\" sizes=\"(max-width: 720px) 100vw, 720px\" width=\"720\" height=\"104\"  style=\"display: inline-block;\" \/><\/a><\/div><\/li><li><a href=\"https:\/\/sistemas.lavras.mg.gov.br\/portalcidadao\/#df1b1a7c7b2a290bcb31e32771e610784662739a88807c0dacac58ede5f391a7530e299dc302d611ee73cb143fc22eaf93592e53e7b5bdb01b00a0b8d28dae460c141dd2ff83412e4dc1c31b16b25f33144a9e5620ea73b13f5bc1c59411d98439ad226e8af03840603796067d87afe130812cf3de24982d0e306f9e61e764e5\" aria-label=\"Banner_Emprego_PortallavrasTV\"><img src=\"https:\/\/lavras.tv\/site\/wp-content\/uploads\/2025\/03\/Banner_Emprego_PortallavrasTV.png\" alt=\"\"  srcset=\"https:\/\/lavras.tv\/site\/wp-content\/uploads\/2025\/03\/Banner_Emprego_PortallavrasTV.png 720w, https:\/\/lavras.tv\/site\/wp-content\/uploads\/2025\/03\/Banner_Emprego_PortallavrasTV-470x68.png 470w, https:\/\/lavras.tv\/site\/wp-content\/uploads\/2025\/03\/Banner_Emprego_PortallavrasTV-170x25.png 170w, https:\/\/lavras.tv\/site\/wp-content\/uploads\/2025\/03\/Banner_Emprego_PortallavrasTV-200x29.png 200w\" sizes=\"(max-width: 720px) 100vw, 720px\" width=\"720\" height=\"104\"   \/><\/a><\/li><li><a href=\"https:\/\/sistemas.lavras.mg.gov.br\/portalcidadao\/#df1b1a7c7b2a290bcb31e32771e610784662739a88807c0dacac58ede5f391a7530e299dc302d611ee73cb143fc22eaf93592e53e7b5bdb01b00a0b8d28dae460c141dd2ff83412e4dc1c31b16b25f33144a9e5620ea73b13f5bc1c59411d98439ad226e8af03840603796067d87afe130812cf3de24982d0e306f9e61e764e5\" aria-label=\"Banner_Obras_PortallavrasTV\"><img src=\"https:\/\/lavras.tv\/site\/wp-content\/uploads\/2025\/03\/Banner_Obras_PortallavrasTV.png\" alt=\"\"  srcset=\"https:\/\/lavras.tv\/site\/wp-content\/uploads\/2025\/03\/Banner_Obras_PortallavrasTV.png 720w, https:\/\/lavras.tv\/site\/wp-content\/uploads\/2025\/03\/Banner_Obras_PortallavrasTV-470x68.png 470w, https:\/\/lavras.tv\/site\/wp-content\/uploads\/2025\/03\/Banner_Obras_PortallavrasTV-170x25.png 170w, https:\/\/lavras.tv\/site\/wp-content\/uploads\/2025\/03\/Banner_Obras_PortallavrasTV-200x29.png 200w\" sizes=\"(max-width: 720px) 100vw, 720px\" width=\"720\" height=\"104\"   \/><\/a><\/li><li><div style=\"margin-left: auto;margin-right: auto;text-align: center;\" id=\"lavra-3183649926\"><a href=\"https:\/\/sistemas.lavras.mg.gov.br\/portalcidadao\/#df1b1a7c7b2a290bcb31e32771e610784662739a88807c0dacac58ede5f391a7530e299dc302d611ee73cb143fc22eaf93592e53e7b5bdb01b00a0b8d28dae460c141dd2ff83412e4dc1c31b16b25f33144a9e5620ea73b13f5bc1c59411d98439ad226e8af03840603796067d87afe130812cf3de24982d0e306f9e61e764e5\" aria-label=\"Banner_Educa\u00e7\u00e3o_PortallavrasTV\"><img src=\"https:\/\/lavras.tv\/site\/wp-content\/uploads\/2025\/01\/Banner_Educacao_PortallavrasTV.png\" alt=\"\"  srcset=\"https:\/\/lavras.tv\/site\/wp-content\/uploads\/2025\/01\/Banner_Educacao_PortallavrasTV.png 720w, https:\/\/lavras.tv\/site\/wp-content\/uploads\/2025\/01\/Banner_Educacao_PortallavrasTV-470x68.png 470w, https:\/\/lavras.tv\/site\/wp-content\/uploads\/2025\/01\/Banner_Educacao_PortallavrasTV-170x25.png 170w, https:\/\/lavras.tv\/site\/wp-content\/uploads\/2025\/01\/Banner_Educacao_PortallavrasTV-200x29.png 200w\" sizes=\"(max-width: 720px) 100vw, 720px\" width=\"720\" height=\"104\"  style=\"display: inline-block;\" \/><\/a><\/div><\/li><li><a href=\"https:\/\/sistemas.lavras.mg.gov.br\/portalcidadao\/#df1b1a7c7b2a290bcb31e32771e610784662739a88807c0dacac58ede5f391a7530e299dc302d611ee73cb143fc22eaf93592e53e7b5bdb01b00a0b8d28dae460c141dd2ff83412e4dc1c31b16b25f33144a9e5620ea73b13f5bc1c59411d98439ad226e8af03840603796067d87afe130812cf3de24982d0e306f9e61e764e5\" aria-label=\"Banner_Sa\u00fade_PortallavrasTV\"><img src=\"https:\/\/lavras.tv\/site\/wp-content\/uploads\/2025\/03\/Banner_Saude_PortallavrasTV.png\" alt=\"\"  srcset=\"https:\/\/lavras.tv\/site\/wp-content\/uploads\/2025\/03\/Banner_Saude_PortallavrasTV.png 720w, https:\/\/lavras.tv\/site\/wp-content\/uploads\/2025\/03\/Banner_Saude_PortallavrasTV-470x68.png 470w, https:\/\/lavras.tv\/site\/wp-content\/uploads\/2025\/03\/Banner_Saude_PortallavrasTV-170x25.png 170w, https:\/\/lavras.tv\/site\/wp-content\/uploads\/2025\/03\/Banner_Saude_PortallavrasTV-200x29.png 200w\" sizes=\"(max-width: 720px) 100vw, 720px\" width=\"720\" height=\"104\"   \/><\/a><\/li><li><div id=\"lavra-3017641675\" style=\"width:720px;height:104px;background-color:#ddd;overflow:scroll;\">\n\t<strong>Sa\u00edda da depura\u00e7\u00e3o de an\u00fancios<\/strong>\n\t<br><br>\n\tO an\u00fancio n\u00e3o \u00e9 exibido na p\u00e1gina<br><br>post atual: Adaptado ao Brasil, Arrascaeta diz: \u2018Espero coroar com t\u00edtulo meu 3\u00ba ano no Cruzeiro\u2019, ID: 6209<br><br><span style=\"color: red;\">O post atual n\u00e3o \u00e9 id\u00eantico ao post principal.<\/span><br><br>An\u00fancios: ROXO - TOPO INTERNA - ROTATIVO 2 (197)<br \/>Grupo de an\u00fancios: Princ_Meio01_720x104 (27)<br><br>Condi\u00e7\u00f5es de exibi\u00e7\u00e3o<div style=\"margin-bottom: 20px; white-space: pre-wrap; font-family: monospace; width: 100%; background: #ffe9e9;\"><strong>condi\u00e7\u00f5es gerais<\/strong><table border=\"1\"><thead><tr><th><\/th><th>An\u00fancios<\/th><th>wp_the_query<\/th><\/tr><\/thead><tr><td>is_main_query<\/td><td>1<\/td><td>1<\/td><\/tr><tr><td>is_rest_api<\/td><td>0<\/td><td>1<\/td><\/tr><tr><td>page<\/td><td>0<\/td><td>1<\/td><\/tr><tr><td>numpages<\/td><td>0<\/td><td>1<\/td><\/tr><tr><td>is_archive<\/td><td>1<\/td><td><\/td><\/tr><tr><td>is_search<\/td><td>1<\/td><td><\/td><\/tr><tr><td>is_home<\/td><td>1<\/td><td><\/td><\/tr><tr><td>is_404<\/td><td>1<\/td><td><\/td><\/tr><tr><td>is_attachment<\/td><td>1<\/td><td><\/td><\/tr><tr><td>is_singular<\/td><td>1<\/td><td><\/td><\/tr><tr><td>is_front_page<\/td><td>1<\/td><td><\/td><\/tr><tr><td>is_feed<\/td><td>1<\/td><td><\/td><\/tr><\/table><\/div><br><br><span style=\"color: red;\">Seu site usa HTTPS, mas o c\u00f3digo do an\u00fancio cont\u00e9m HTTP e pode n\u00e3o funcionar.<\/span>\t<br><br>\n\t<a style=\"color: green;\" href=\"https:\/\/wpadvancedads.com\/manual\/ad-debug-mode\/?utm_source=advanced-ads&utm_medium=link&utm_campaign=ad-debug-mode\" target=\"_blank\" rel=\"nofollow\">Encontre solu\u00e7\u00f5es no manual<\/a>\n<\/div>\n<\/li><\/ul><\/div><script>( window.advanced_ads_ready || jQuery( document ).ready ).call( null, function() {var $lavraslider2681782272 = jQuery( \".lavra-slider-2681782272\" );$lavraslider2681782272.on( \"unslider.ready\", function() { jQuery( \"div.custom-slider ul li\" ).css( \"display\", \"block\" ); });$lavraslider2681782272.unslider({ delay:4000, autoplay:true, nav:false, arrows:false, infinite:true });$lavraslider2681782272.on(\"mouseover\", function() {$lavraslider2681782272.unslider(\"stop\");}).on(\"mouseout\", function() {$lavraslider2681782272.unslider(\"start\");});});<\/script><\/div><p>Decisivo na vit\u00f3ria do Cruzeiro no cl\u00e1ssico, o uruguaio Arrascaeta desfruta de seu melhor momento desde que chegou ao clube, em janeiro de 2015. Ap\u00f3s a primeira temporada irregular, o meia desencantou no ano passado, sendo o artilheiro e o maior \u2018gar\u00e7om\u2019 do time. J\u00e1 adaptado ao futebol brasileiro, o armador deve completar 100 jogos com a camisa celeste neste fim de semana e j\u00e1 come\u00e7a a sonhar alto para 2017.<\/p>\n<p><img fetchpriority=\"high\" decoding=\"async\" class=\"size-full wp-image-6210 aligncenter\" src=\"http:\/\/lavras.tv\/site\/wp-content\/uploads\/2017\/02\/arrascaeta.jpg\" alt=\"arrascaeta\" width=\"600\" height=\"300\" \/><\/p>\n<p>\u201c\u00c9 um orgulho conseguir esta marca [cem jogos]. Estou numa sequ\u00eancia boa, o time tamb\u00e9m. Vai ser meu terceiro ano e espero coroar com algum t\u00edtulo para a galera do Cruzeiro\u201d, declarou.<\/p>\n<p>A sede de t\u00edtulos de Arrascaeta se deve ao jejum recente do Cruzeiro, que n\u00e3o levantou nenhum trof\u00e9u em 2015 e 2016. Mas com a manuten\u00e7\u00e3o da comiss\u00e3o t\u00e9cnica, aliada \u00e0s contrata\u00e7\u00f5es pontuais que refor\u00e7aram o elenco, deixam jogadores e torcida esperan\u00e7osos por um 2017 melhor.<\/p>\n<p>Com 99 jogos com a camisa do Cruzeiro, Arrascaeta deve alcan\u00e7ar a cent\u00e9sima partida deste domingo, \u00e0s 17h, contra o Tricordiano, no Mineir\u00e3o, pela segunda rodada do Campeonato Mineiro. O meia explicou os motivos da sua evolu\u00e7\u00e3o no clube.<\/p>\n<p>\u201cS\u00e3o situa\u00e7\u00f5es diferentes de hoje para quando cheguei. No Uruguai, jogava 30 jogos por ano. Estava abaixo de todos fisicamente. Depois de um ano, melhorei muito fisicamente. Fiz uma pr\u00e9-temporada boa para come\u00e7ar. Obviamente, conhecendo as caracter\u00edsticas do futebol brasileiro, melhorando jogo a jogo, estou bem adaptado ao futebol brasileiro. Fisicamente estou muito bem e espero dar continuidade a isso\u201d, projetou.<\/p>\n<p>Arrascaeta acredita que a vit\u00f3ria no cl\u00e1ssico d\u00e1 ainda mais confian\u00e7a no trabalho que vem sendo desenvolvido na Toca da Raposa II neste in\u00edcio de ano.<\/p>\n<p>\u201cTemos que seguir dando continuidade ao trabalho com o Mano. Estamos saindo da pr\u00e9-temporada. No cl\u00e1ssico, fizemos um trabalho defensivo muito bom, com todo mundo ajudando. Temos que seguir melhorando na parte ofensiva tamb\u00e9m. Vamos seguir trabalhando, nos soltando aos poucos. A cada jogo v\u00e3o aparecendo mais coisas e vamos nos entrosando mais. J\u00e1 temos um bom tempo treinando com o time e isso ajuda\u201d, ressaltou.<\/p>\n<p>Fonte: Itatiaia<\/p>\n","protected":false},"excerpt":{"rendered":"<p>Decisivo na vit\u00f3ria do Cruzeiro no cl\u00e1ssico, o uruguaio Arrascaeta desfruta de seu melhor momento desde que chegou ao clube, em janeiro de 2015. Ap\u00f3s a primeira temporada irregular, o meia desencantou no ano passado, sendo o artilheiro e o maior \u2018gar\u00e7om\u2019 do time. J\u00e1 adaptado ao futebol brasileiro, o armador deve completar 100 jogos [&hellip;]<\/p>\n","protected":false},"author":2,"featured_media":6210,"comment_status":"closed","ping_status":"open","sticky":false,"template":"","format":"standard","meta":{"advgb_blocks_editor_width":"","advgb_blocks_columns_visual_guide":"","_exactmetrics_skip_tracking":false,"_exactmetrics_sitenote_active":false,"_exactmetrics_sitenote_note":"","_exactmetrics_sitenote_category":0,"footnotes":""},"categories":[3],"tags":[2537,908,1036],"class_list":["post-6209","post","type-post","status-publish","format-standard","has-post-thumbnail","hentry","category-esportes","tag-arrascaeta","tag-cruzeiro","tag-futebol"],"better_featured_image":{"id":6210,"alt_text":"","caption":"","description":"","media_type":"image","media_details":{"width":349,"height":300,"file":"2017\/02\/arrascaeta-e1486120316519.jpg","sizes":{"thumbnail":{"file":"arrascaeta-e1486120316519-150x129.jpg","width":150,"height":129,"mime-type":"image\/jpeg","source_url":"https:\/\/lavras.tv\/site\/wp-content\/uploads\/2017\/02\/arrascaeta-e1486120316519-150x129.jpg"},"medium":{"file":"arrascaeta-e1486120316519-300x258.jpg","width":300,"height":258,"mime-type":"image\/jpeg","source_url":"https:\/\/lavras.tv\/site\/wp-content\/uploads\/2017\/02\/arrascaeta-e1486120316519-300x258.jpg"},"featured-post-img":{"file":"arrascaeta-480x300.jpg","width":480,"height":300,"mime-type":"image\/jpeg","source_url":"https:\/\/lavras.tv\/site\/wp-content\/uploads\/2017\/02\/arrascaeta-480x300.jpg"},"sow-carousel-default":{"file":"arrascaeta-e1486120316519-272x182.jpg","width":272,"height":182,"mime-type":"image\/jpeg","source_url":"https:\/\/lavras.tv\/site\/wp-content\/uploads\/2017\/02\/arrascaeta-e1486120316519-272x182.jpg"}},"image_meta":{"aperture":"0","credit":"","camera":"","caption":"","created_timestamp":"0","copyright":"","focal_length":"0","iso":"0","shutter_speed":"0","title":"","orientation":"1","keywords":[]}},"post":6209,"source_url":"https:\/\/lavras.tv\/site\/wp-content\/uploads\/2017\/02\/arrascaeta-e1486120316519.jpg"},"author_meta":{"display_name":"Lavras TV","author_link":"https:\/\/lavras.tv\/site\/author\/lavrastv\/"},"featured_img":"https:\/\/lavras.tv\/site\/wp-content\/uploads\/2017\/02\/arrascaeta-e1486120316519-300x258.jpg","coauthors":[],"tax_additional":{"categories":{"linked":["<a href=\"https:\/\/lavras.tv\/site\/category\/esportes\/\" class=\"advgb-post-tax-term\">Esportes<\/a>"],"unlinked":["<span class=\"advgb-post-tax-term\">Esportes<\/span>"]},"tags":{"linked":["<a href=\"https:\/\/lavras.tv\/site\/category\/esportes\/\" class=\"advgb-post-tax-term\">arrascaeta<\/a>","<a href=\"https:\/\/lavras.tv\/site\/category\/esportes\/\" class=\"advgb-post-tax-term\">cruzeiro<\/a>","<a href=\"https:\/\/lavras.tv\/site\/category\/esportes\/\" class=\"advgb-post-tax-term\">futebol<\/a>"],"unlinked":["<span class=\"advgb-post-tax-term\">arrascaeta<\/span>","<span class=\"advgb-post-tax-term\">cruzeiro<\/span>","<span class=\"advgb-post-tax-term\">futebol<\/span>"]}},"comment_count":"0","relative_dates":{"created":"Publicado 9 anos atr\u00e1s","modified":"Atualizado 9 anos atr\u00e1s"},"absolute_dates":{"created":"Publicado em 3 de fevereiro de 2017","modified":"Atualizado em 3 de fevereiro de 2017"},"absolute_dates_time":{"created":"Publicado em 3 de fevereiro de 2017 09:12","modified":"Atualizado em 3 de fevereiro de 2017 09:12"},"featured_img_caption":"","series_order":"","_links":{"self":[{"href":"https:\/\/lavras.tv\/site\/wp-json\/wp\/v2\/posts\/6209","targetHints":{"allow":["GET"]}}],"collection":[{"href":"https:\/\/lavras.tv\/site\/wp-json\/wp\/v2\/posts"}],"about":[{"href":"https:\/\/lavras.tv\/site\/wp-json\/wp\/v2\/types\/post"}],"author":[{"embeddable":true,"href":"https:\/\/lavras.tv\/site\/wp-json\/wp\/v2\/users\/2"}],"replies":[{"embeddable":true,"href":"https:\/\/lavras.tv\/site\/wp-json\/wp\/v2\/comments?post=6209"}],"version-history":[{"count":1,"href":"https:\/\/lavras.tv\/site\/wp-json\/wp\/v2\/posts\/6209\/revisions"}],"predecessor-version":[{"id":6211,"href":"https:\/\/lavras.tv\/site\/wp-json\/wp\/v2\/posts\/6209\/revisions\/6211"}],"wp:featuredmedia":[{"embeddable":true,"href":"https:\/\/lavras.tv\/site\/wp-json\/wp\/v2\/media\/6210"}],"wp:attachment":[{"href":"https:\/\/lavras.tv\/site\/wp-json\/wp\/v2\/media?parent=6209"}],"wp:term":[{"taxonomy":"category","embeddable":true,"href":"https:\/\/lavras.tv\/site\/wp-json\/wp\/v2\/categories?post=6209"},{"taxonomy":"post_tag","embeddable":true,"href":"https:\/\/lavras.tv\/site\/wp-json\/wp\/v2\/tags?post=6209"}],"curies":[{"name":"wp","href":"https:\/\/api.w.org\/{rel}","templated":true}]}}