{"id":6212,"date":"2017-02-03T09:13:50","date_gmt":"2017-02-03T11:13:50","guid":{"rendered":"http:\/\/lavras.tv\/site\/?p=6212"},"modified":"2017-02-03T09:13:50","modified_gmt":"2017-02-03T11:13:50","slug":"sem-jogar-desde-2015-ronaldinho-e-anunciado-como-novo-embaixador-do-barcelona","status":"publish","type":"post","link":"https:\/\/lavras.tv\/site\/2017\/02\/03\/sem-jogar-desde-2015-ronaldinho-e-anunciado-como-novo-embaixador-do-barcelona\/","title":{"rendered":"Sem jogar desde 2015, Ronaldinho \u00e9 anunciado como novo embaixador do Barcelona"},"content":{"rendered":"<div class=\"lavra-antes-do-conteudo_2\" id=\"lavra-874716808\"><div id=\"lavra-slider-27\" class=\"custom-slider lavra-slider-3058345441 lavra-slider\"><ul><li><div style=\"margin-left: auto;margin-right: auto;text-align: center;\" id=\"lavra-1274384198\"><a href=\"https:\/\/sistemas.lavras.mg.gov.br\/portalcidadao\/#df1b1a7c7b2a290bcb31e32771e610784662739a88807c0dacac58ede5f391a7530e299dc302d611ee73cb143fc22eaf93592e53e7b5bdb01b00a0b8d28dae460c141dd2ff83412e4dc1c31b16b25f33144a9e5620ea73b13f5bc1c59411d98439ad226e8af03840603796067d87afe130812cf3de24982d0e306f9e61e764e5\" aria-label=\"Lavras-TV&#8211;720x104px (1) (1)\"><img src=\"https:\/\/lavras.tv\/site\/wp-content\/uploads\/2025\/01\/Lavras-TV-720x104px-1-1.png\" alt=\"\"  srcset=\"https:\/\/lavras.tv\/site\/wp-content\/uploads\/2025\/01\/Lavras-TV-720x104px-1-1.png 720w, https:\/\/lavras.tv\/site\/wp-content\/uploads\/2025\/01\/Lavras-TV-720x104px-1-1-470x68.png 470w, https:\/\/lavras.tv\/site\/wp-content\/uploads\/2025\/01\/Lavras-TV-720x104px-1-1-170x25.png 170w, https:\/\/lavras.tv\/site\/wp-content\/uploads\/2025\/01\/Lavras-TV-720x104px-1-1-200x29.png 200w\" sizes=\"(max-width: 720px) 100vw, 720px\" width=\"720\" height=\"104\"  style=\"display: inline-block;\" \/><\/a><\/div><\/li><li><a href=\"https:\/\/sistemas.lavras.mg.gov.br\/portalcidadao\/#df1b1a7c7b2a290bcb31e32771e610784662739a88807c0dacac58ede5f391a7530e299dc302d611ee73cb143fc22eaf93592e53e7b5bdb01b00a0b8d28dae460c141dd2ff83412e4dc1c31b16b25f33144a9e5620ea73b13f5bc1c59411d98439ad226e8af03840603796067d87afe130812cf3de24982d0e306f9e61e764e5\" aria-label=\"Banner_Emprego_PortallavrasTV\"><img src=\"https:\/\/lavras.tv\/site\/wp-content\/uploads\/2025\/03\/Banner_Emprego_PortallavrasTV.png\" alt=\"\"  srcset=\"https:\/\/lavras.tv\/site\/wp-content\/uploads\/2025\/03\/Banner_Emprego_PortallavrasTV.png 720w, https:\/\/lavras.tv\/site\/wp-content\/uploads\/2025\/03\/Banner_Emprego_PortallavrasTV-470x68.png 470w, https:\/\/lavras.tv\/site\/wp-content\/uploads\/2025\/03\/Banner_Emprego_PortallavrasTV-170x25.png 170w, https:\/\/lavras.tv\/site\/wp-content\/uploads\/2025\/03\/Banner_Emprego_PortallavrasTV-200x29.png 200w\" sizes=\"(max-width: 720px) 100vw, 720px\" width=\"720\" height=\"104\"   \/><\/a><\/li><li><a href=\"https:\/\/sistemas.lavras.mg.gov.br\/portalcidadao\/#df1b1a7c7b2a290bcb31e32771e610784662739a88807c0dacac58ede5f391a7530e299dc302d611ee73cb143fc22eaf93592e53e7b5bdb01b00a0b8d28dae460c141dd2ff83412e4dc1c31b16b25f33144a9e5620ea73b13f5bc1c59411d98439ad226e8af03840603796067d87afe130812cf3de24982d0e306f9e61e764e5\" aria-label=\"Banner_Obras_PortallavrasTV\"><img src=\"https:\/\/lavras.tv\/site\/wp-content\/uploads\/2025\/03\/Banner_Obras_PortallavrasTV.png\" alt=\"\"  srcset=\"https:\/\/lavras.tv\/site\/wp-content\/uploads\/2025\/03\/Banner_Obras_PortallavrasTV.png 720w, https:\/\/lavras.tv\/site\/wp-content\/uploads\/2025\/03\/Banner_Obras_PortallavrasTV-470x68.png 470w, https:\/\/lavras.tv\/site\/wp-content\/uploads\/2025\/03\/Banner_Obras_PortallavrasTV-170x25.png 170w, https:\/\/lavras.tv\/site\/wp-content\/uploads\/2025\/03\/Banner_Obras_PortallavrasTV-200x29.png 200w\" sizes=\"(max-width: 720px) 100vw, 720px\" width=\"720\" height=\"104\"   \/><\/a><\/li><li><div style=\"margin-left: auto;margin-right: auto;text-align: center;\" id=\"lavra-4286572088\"><a href=\"https:\/\/sistemas.lavras.mg.gov.br\/portalcidadao\/#df1b1a7c7b2a290bcb31e32771e610784662739a88807c0dacac58ede5f391a7530e299dc302d611ee73cb143fc22eaf93592e53e7b5bdb01b00a0b8d28dae460c141dd2ff83412e4dc1c31b16b25f33144a9e5620ea73b13f5bc1c59411d98439ad226e8af03840603796067d87afe130812cf3de24982d0e306f9e61e764e5\" aria-label=\"Banner_Educa\u00e7\u00e3o_PortallavrasTV\"><img src=\"https:\/\/lavras.tv\/site\/wp-content\/uploads\/2025\/01\/Banner_Educacao_PortallavrasTV.png\" alt=\"\"  srcset=\"https:\/\/lavras.tv\/site\/wp-content\/uploads\/2025\/01\/Banner_Educacao_PortallavrasTV.png 720w, https:\/\/lavras.tv\/site\/wp-content\/uploads\/2025\/01\/Banner_Educacao_PortallavrasTV-470x68.png 470w, https:\/\/lavras.tv\/site\/wp-content\/uploads\/2025\/01\/Banner_Educacao_PortallavrasTV-170x25.png 170w, https:\/\/lavras.tv\/site\/wp-content\/uploads\/2025\/01\/Banner_Educacao_PortallavrasTV-200x29.png 200w\" sizes=\"(max-width: 720px) 100vw, 720px\" width=\"720\" height=\"104\"  style=\"display: inline-block;\" \/><\/a><\/div><\/li><li><a href=\"https:\/\/sistemas.lavras.mg.gov.br\/portalcidadao\/#df1b1a7c7b2a290bcb31e32771e610784662739a88807c0dacac58ede5f391a7530e299dc302d611ee73cb143fc22eaf93592e53e7b5bdb01b00a0b8d28dae460c141dd2ff83412e4dc1c31b16b25f33144a9e5620ea73b13f5bc1c59411d98439ad226e8af03840603796067d87afe130812cf3de24982d0e306f9e61e764e5\" aria-label=\"Banner_Sa\u00fade_PortallavrasTV\"><img src=\"https:\/\/lavras.tv\/site\/wp-content\/uploads\/2025\/03\/Banner_Saude_PortallavrasTV.png\" alt=\"\"  srcset=\"https:\/\/lavras.tv\/site\/wp-content\/uploads\/2025\/03\/Banner_Saude_PortallavrasTV.png 720w, https:\/\/lavras.tv\/site\/wp-content\/uploads\/2025\/03\/Banner_Saude_PortallavrasTV-470x68.png 470w, https:\/\/lavras.tv\/site\/wp-content\/uploads\/2025\/03\/Banner_Saude_PortallavrasTV-170x25.png 170w, https:\/\/lavras.tv\/site\/wp-content\/uploads\/2025\/03\/Banner_Saude_PortallavrasTV-200x29.png 200w\" sizes=\"(max-width: 720px) 100vw, 720px\" width=\"720\" height=\"104\"   \/><\/a><\/li><li><div id=\"lavra-2641520405\" style=\"width:720px;height:104px;background-color:#ddd;overflow:scroll;\">\n\t<strong>Sa\u00edda da depura\u00e7\u00e3o de an\u00fancios<\/strong>\n\t<br><br>\n\tO an\u00fancio n\u00e3o \u00e9 exibido na p\u00e1gina<br><br>post atual: Sem jogar desde 2015, Ronaldinho \u00e9 anunciado como novo embaixador do Barcelona, ID: 6212<br><br><span style=\"color: red;\">O post atual n\u00e3o \u00e9 id\u00eantico ao post principal.<\/span><br><br>An\u00fancios: ROXO - TOPO INTERNA - ROTATIVO 2 (197)<br \/>Grupo de an\u00fancios: Princ_Meio01_720x104 (27)<br><br>Condi\u00e7\u00f5es de exibi\u00e7\u00e3o<div style=\"margin-bottom: 20px; white-space: pre-wrap; font-family: monospace; width: 100%; background: #ffe9e9;\"><strong>condi\u00e7\u00f5es gerais<\/strong><table border=\"1\"><thead><tr><th><\/th><th>An\u00fancios<\/th><th>wp_the_query<\/th><\/tr><\/thead><tr><td>is_main_query<\/td><td>1<\/td><td>1<\/td><\/tr><tr><td>is_rest_api<\/td><td>0<\/td><td>1<\/td><\/tr><tr><td>page<\/td><td>0<\/td><td>1<\/td><\/tr><tr><td>numpages<\/td><td>0<\/td><td>1<\/td><\/tr><tr><td>is_archive<\/td><td>1<\/td><td><\/td><\/tr><tr><td>is_search<\/td><td>1<\/td><td><\/td><\/tr><tr><td>is_home<\/td><td>1<\/td><td><\/td><\/tr><tr><td>is_404<\/td><td>1<\/td><td><\/td><\/tr><tr><td>is_attachment<\/td><td>1<\/td><td><\/td><\/tr><tr><td>is_singular<\/td><td>1<\/td><td><\/td><\/tr><tr><td>is_front_page<\/td><td>1<\/td><td><\/td><\/tr><tr><td>is_feed<\/td><td>1<\/td><td><\/td><\/tr><\/table><\/div><br><br><span style=\"color: red;\">Seu site usa HTTPS, mas o c\u00f3digo do an\u00fancio cont\u00e9m HTTP e pode n\u00e3o funcionar.<\/span>\t<br><br>\n\t<a style=\"color: green;\" href=\"https:\/\/wpadvancedads.com\/manual\/ad-debug-mode\/?utm_source=advanced-ads&utm_medium=link&utm_campaign=ad-debug-mode\" target=\"_blank\" rel=\"nofollow\">Encontre solu\u00e7\u00f5es no manual<\/a>\n<\/div>\n<\/li><\/ul><\/div><script>( window.advanced_ads_ready || jQuery( document ).ready ).call( null, function() {var $lavraslider3058345441 = jQuery( \".lavra-slider-3058345441\" );$lavraslider3058345441.on( \"unslider.ready\", function() { jQuery( \"div.custom-slider ul li\" ).css( \"display\", \"block\" ); });$lavraslider3058345441.unslider({ delay:4000, autoplay:true, nav:false, arrows:false, infinite:true });$lavraslider3058345441.on(\"mouseover\", function() {$lavraslider3058345441.unslider(\"stop\");}).on(\"mouseout\", function() {$lavraslider3058345441.unslider(\"start\");});});<\/script><\/div><p>O Barcelona confirmou oficialmente nesta quinta-feira que chegou a um acordo com Ronaldinho Ga\u00facho para ter o astro como novo embaixador e representante do clube em diferentes eventos durante os pr\u00f3ximos dez anos. O jogador de 36 anos de idade ainda n\u00e3o se aposentou de forma oficial, mas n\u00e3o joga profissionalmente desde setembro de 2015, quando deixou o Fluminense, o seu \u00faltimo clube.<\/p>\n<p><img fetchpriority=\"high\" decoding=\"async\" class=\"size-full wp-image-6213 aligncenter\" src=\"http:\/\/lavras.tv\/site\/wp-content\/uploads\/2017\/02\/r10.jpg\" alt=\"r10\" width=\"596\" height=\"391\" srcset=\"https:\/\/lavras.tv\/site\/wp-content\/uploads\/2017\/02\/r10.jpg 596w, https:\/\/lavras.tv\/site\/wp-content\/uploads\/2017\/02\/r10-150x98.jpg 150w, https:\/\/lavras.tv\/site\/wp-content\/uploads\/2017\/02\/r10-300x197.jpg 300w\" sizes=\"(max-width: 596px) 100vw, 596px\" \/><\/p>\n<p>Ronaldinho fez hist\u00f3ria com a camisa do Bar\u00e7a, conquistado muitos t\u00edtulos, entre eles o da Liga dos Campe\u00f5es na temporada 2005\/2006, depois de ter sido eleito por dois anos seguidos o melhor jogador do mundo pela Fifa em 2004 e 2005. Ele vestiu a camisa do time catal\u00e3o entre 2003 e 2008.<\/p>\n<p>Ao oficializar Ronaldinho como seu novo embaixador, o Barcelona tamb\u00e9m ressaltou que o craque far\u00e1 parte do projeto Legends, que formar\u00e1 um time de ex-jogadores que disputar\u00e3o partidas festivas ao redor do mundo para &#8220;contribuir com a tarefa de globaliza\u00e7\u00e3o da marca Bar\u00e7a e seus valores&#8221;. Para completar, estes ex-atletas participar\u00e3o de cl\u00ednicas de futebol, sess\u00f5es de treino e atos institucionais, entre outros eventos organizados pelo clube.<\/p>\n<p>O Barcelona tamb\u00e9m informou que Ronaldinho passar\u00e1 a auxiliar o clube na forma\u00e7\u00e3o de jogadores, por meio de suas escolinhas e categorias de base, assim como participar\u00e1 de atividades da funda\u00e7\u00e3o do time em atos relacionados \u00e0 Unicef.<\/p>\n<p>O acordo entre Ronaldinho e Barcelona ser\u00e1 assinado nesta sexta-feira, no Camp Nou, com a presen\u00e7a do astro brasileiro e do presidente do clube, Josep Maria Bartomeu.<\/p>\n<p>Considerado um dos maiores nomes da hist\u00f3ria recente do futebol, o craque foi campe\u00e3o da Copa do Mundo de 2002 pela sele\u00e7\u00e3o brasileira e, al\u00e9m de consagrar pelo Barcelona, brilhou com as camisas de Paris Saint-Germain, Gr\u00eamio e Atl\u00e9tico-MG.<\/p>\n<p>Depois de deixar o clube mineiro, pelo qual foi campe\u00e3o da Copa Libertadores de 2013, passou pelo mexicano Quer\u00e9taro e tamb\u00e9m pelo Fluminense, no qual decepcionou, consequentemente saindo do time carioca em setembro de 2015.<\/p>\n<p>Desde ent\u00e3o, Ronaldinho n\u00e3o atuou mais profissionalmente, participando de algumas partidas festivas, mas sempre assegurando que n\u00e3o estava aposentado dos gramados.<\/p>\n<p>No m\u00eas passado, o Coritiba fez uma proposta a Ronaldinho e esperava por uma resposta do astro para o in\u00edcio deste m\u00eas. Foi o que revelou o clube paranaense ap\u00f3s participar de uma reuni\u00e3o com o ex-jogador Assis, irm\u00e3o e representante do jogador, em janeiro.<\/p>\n<p>Fonte: Itatiaia<\/p>\n","protected":false},"excerpt":{"rendered":"<p>O Barcelona confirmou oficialmente nesta quinta-feira que chegou a um acordo com Ronaldinho Ga\u00facho para ter o astro como novo embaixador e representante do clube em diferentes eventos durante os pr\u00f3ximos dez anos. O jogador de 36 anos de idade ainda n\u00e3o se aposentou de forma oficial, mas n\u00e3o joga profissionalmente desde setembro de 2015, [&hellip;]<\/p>\n","protected":false},"author":2,"featured_media":6213,"comment_status":"closed","ping_status":"open","sticky":false,"template":"","format":"standard","meta":{"advgb_blocks_editor_width":"","advgb_blocks_columns_visual_guide":"","_exactmetrics_skip_tracking":false,"_exactmetrics_sitenote_active":false,"_exactmetrics_sitenote_note":"","_exactmetrics_sitenote_category":0,"footnotes":""},"categories":[3],"tags":[2538,1036,1224],"class_list":["post-6212","post","type-post","status-publish","format-standard","has-post-thumbnail","hentry","category-esportes","tag-barcelona","tag-futebol","tag-ronaldinho"],"better_featured_image":{"id":6213,"alt_text":"","caption":"","description":"","media_type":"image","media_details":{"width":596,"height":391,"file":"2017\/02\/r10.jpg","sizes":{"thumbnail":{"file":"r10-150x98.jpg","width":150,"height":98,"mime-type":"image\/jpeg","source_url":"https:\/\/lavras.tv\/site\/wp-content\/uploads\/2017\/02\/r10-150x98.jpg"},"medium":{"file":"r10-300x197.jpg","width":300,"height":197,"mime-type":"image\/jpeg","source_url":"https:\/\/lavras.tv\/site\/wp-content\/uploads\/2017\/02\/r10-300x197.jpg"},"featured-post-img":{"file":"r10-480x320.jpg","width":480,"height":320,"mime-type":"image\/jpeg","source_url":"https:\/\/lavras.tv\/site\/wp-content\/uploads\/2017\/02\/r10-480x320.jpg"},"sow-carousel-default":{"file":"r10-272x182.jpg","width":272,"height":182,"mime-type":"image\/jpeg","source_url":"https:\/\/lavras.tv\/site\/wp-content\/uploads\/2017\/02\/r10-272x182.jpg"}},"image_meta":{"aperture":"0","credit":"Junior MG","camera":"","caption":"","created_timestamp":"1486113158","copyright":"","focal_length":"0","iso":"0","shutter_speed":"0","title":"","orientation":"0","keywords":[]}},"post":6212,"source_url":"https:\/\/lavras.tv\/site\/wp-content\/uploads\/2017\/02\/r10.jpg"},"author_meta":{"display_name":"Lavras TV","author_link":"https:\/\/lavras.tv\/site\/author\/lavrastv\/"},"featured_img":"https:\/\/lavras.tv\/site\/wp-content\/uploads\/2017\/02\/r10-300x197.jpg","coauthors":[],"tax_additional":{"categories":{"linked":["<a href=\"https:\/\/lavras.tv\/site\/category\/esportes\/\" class=\"advgb-post-tax-term\">Esportes<\/a>"],"unlinked":["<span class=\"advgb-post-tax-term\">Esportes<\/span>"]},"tags":{"linked":["<a href=\"https:\/\/lavras.tv\/site\/category\/esportes\/\" class=\"advgb-post-tax-term\">barcelona<\/a>","<a href=\"https:\/\/lavras.tv\/site\/category\/esportes\/\" class=\"advgb-post-tax-term\">futebol<\/a>","<a href=\"https:\/\/lavras.tv\/site\/category\/esportes\/\" class=\"advgb-post-tax-term\">ronaldinho<\/a>"],"unlinked":["<span class=\"advgb-post-tax-term\">barcelona<\/span>","<span class=\"advgb-post-tax-term\">futebol<\/span>","<span class=\"advgb-post-tax-term\">ronaldinho<\/span>"]}},"comment_count":"0","relative_dates":{"created":"Publicado 9 anos atr\u00e1s","modified":"Atualizado 9 anos atr\u00e1s"},"absolute_dates":{"created":"Publicado em 3 de fevereiro de 2017","modified":"Atualizado em 3 de fevereiro de 2017"},"absolute_dates_time":{"created":"Publicado em 3 de fevereiro de 2017 09:13","modified":"Atualizado em 3 de fevereiro de 2017 09:13"},"featured_img_caption":"","series_order":"","_links":{"self":[{"href":"https:\/\/lavras.tv\/site\/wp-json\/wp\/v2\/posts\/6212","targetHints":{"allow":["GET"]}}],"collection":[{"href":"https:\/\/lavras.tv\/site\/wp-json\/wp\/v2\/posts"}],"about":[{"href":"https:\/\/lavras.tv\/site\/wp-json\/wp\/v2\/types\/post"}],"author":[{"embeddable":true,"href":"https:\/\/lavras.tv\/site\/wp-json\/wp\/v2\/users\/2"}],"replies":[{"embeddable":true,"href":"https:\/\/lavras.tv\/site\/wp-json\/wp\/v2\/comments?post=6212"}],"version-history":[{"count":1,"href":"https:\/\/lavras.tv\/site\/wp-json\/wp\/v2\/posts\/6212\/revisions"}],"predecessor-version":[{"id":6214,"href":"https:\/\/lavras.tv\/site\/wp-json\/wp\/v2\/posts\/6212\/revisions\/6214"}],"wp:featuredmedia":[{"embeddable":true,"href":"https:\/\/lavras.tv\/site\/wp-json\/wp\/v2\/media\/6213"}],"wp:attachment":[{"href":"https:\/\/lavras.tv\/site\/wp-json\/wp\/v2\/media?parent=6212"}],"wp:term":[{"taxonomy":"category","embeddable":true,"href":"https:\/\/lavras.tv\/site\/wp-json\/wp\/v2\/categories?post=6212"},{"taxonomy":"post_tag","embeddable":true,"href":"https:\/\/lavras.tv\/site\/wp-json\/wp\/v2\/tags?post=6212"}],"curies":[{"name":"wp","href":"https:\/\/api.w.org\/{rel}","templated":true}]}}