{"id":6234,"date":"2017-02-04T08:48:05","date_gmt":"2017-02-04T10:48:05","guid":{"rendered":"http:\/\/lavras.tv\/site\/?p=6234"},"modified":"2017-02-04T08:48:05","modified_gmt":"2017-02-04T10:48:05","slug":"sindicato-dos-servidores-aciona-prefeitura-na-justica-por-atraso-no-pagamento-de-salarios-e-13o","status":"publish","type":"post","link":"https:\/\/lavras.tv\/site\/2017\/02\/04\/sindicato-dos-servidores-aciona-prefeitura-na-justica-por-atraso-no-pagamento-de-salarios-e-13o\/","title":{"rendered":"Sindicato dos servidores aciona prefeitura na justi\u00e7a por atraso no pagamento de sal\u00e1rios e 13o"},"content":{"rendered":"<div class=\"lavra-antes-do-conteudo_2\" id=\"lavra-1945624190\"><div id=\"lavra-slider-27\" class=\"custom-slider lavra-slider-1571019885 lavra-slider\"><ul><li><div style=\"margin-left: auto;margin-right: auto;text-align: center;\" id=\"lavra-3031283450\"><a href=\"https:\/\/sistemas.lavras.mg.gov.br\/portalcidadao\/#df1b1a7c7b2a290bcb31e32771e610784662739a88807c0dacac58ede5f391a7530e299dc302d611ee73cb143fc22eaf93592e53e7b5bdb01b00a0b8d28dae460c141dd2ff83412e4dc1c31b16b25f33144a9e5620ea73b13f5bc1c59411d98439ad226e8af03840603796067d87afe130812cf3de24982d0e306f9e61e764e5\" aria-label=\"Lavras-TV&#8211;720x104px (1) (1)\"><img src=\"https:\/\/lavras.tv\/site\/wp-content\/uploads\/2025\/01\/Lavras-TV-720x104px-1-1.png\" alt=\"\"  srcset=\"https:\/\/lavras.tv\/site\/wp-content\/uploads\/2025\/01\/Lavras-TV-720x104px-1-1.png 720w, https:\/\/lavras.tv\/site\/wp-content\/uploads\/2025\/01\/Lavras-TV-720x104px-1-1-470x68.png 470w, https:\/\/lavras.tv\/site\/wp-content\/uploads\/2025\/01\/Lavras-TV-720x104px-1-1-170x25.png 170w, https:\/\/lavras.tv\/site\/wp-content\/uploads\/2025\/01\/Lavras-TV-720x104px-1-1-200x29.png 200w\" sizes=\"(max-width: 720px) 100vw, 720px\" width=\"720\" height=\"104\"  style=\"display: inline-block;\" \/><\/a><\/div><\/li><li><a href=\"https:\/\/sistemas.lavras.mg.gov.br\/portalcidadao\/#df1b1a7c7b2a290bcb31e32771e610784662739a88807c0dacac58ede5f391a7530e299dc302d611ee73cb143fc22eaf93592e53e7b5bdb01b00a0b8d28dae460c141dd2ff83412e4dc1c31b16b25f33144a9e5620ea73b13f5bc1c59411d98439ad226e8af03840603796067d87afe130812cf3de24982d0e306f9e61e764e5\" aria-label=\"Banner_Emprego_PortallavrasTV\"><img src=\"https:\/\/lavras.tv\/site\/wp-content\/uploads\/2025\/03\/Banner_Emprego_PortallavrasTV.png\" alt=\"\"  srcset=\"https:\/\/lavras.tv\/site\/wp-content\/uploads\/2025\/03\/Banner_Emprego_PortallavrasTV.png 720w, https:\/\/lavras.tv\/site\/wp-content\/uploads\/2025\/03\/Banner_Emprego_PortallavrasTV-470x68.png 470w, https:\/\/lavras.tv\/site\/wp-content\/uploads\/2025\/03\/Banner_Emprego_PortallavrasTV-170x25.png 170w, https:\/\/lavras.tv\/site\/wp-content\/uploads\/2025\/03\/Banner_Emprego_PortallavrasTV-200x29.png 200w\" sizes=\"(max-width: 720px) 100vw, 720px\" width=\"720\" height=\"104\"   \/><\/a><\/li><li><a href=\"https:\/\/sistemas.lavras.mg.gov.br\/portalcidadao\/#df1b1a7c7b2a290bcb31e32771e610784662739a88807c0dacac58ede5f391a7530e299dc302d611ee73cb143fc22eaf93592e53e7b5bdb01b00a0b8d28dae460c141dd2ff83412e4dc1c31b16b25f33144a9e5620ea73b13f5bc1c59411d98439ad226e8af03840603796067d87afe130812cf3de24982d0e306f9e61e764e5\" aria-label=\"Banner_Obras_PortallavrasTV\"><img src=\"https:\/\/lavras.tv\/site\/wp-content\/uploads\/2025\/03\/Banner_Obras_PortallavrasTV.png\" alt=\"\"  srcset=\"https:\/\/lavras.tv\/site\/wp-content\/uploads\/2025\/03\/Banner_Obras_PortallavrasTV.png 720w, https:\/\/lavras.tv\/site\/wp-content\/uploads\/2025\/03\/Banner_Obras_PortallavrasTV-470x68.png 470w, https:\/\/lavras.tv\/site\/wp-content\/uploads\/2025\/03\/Banner_Obras_PortallavrasTV-170x25.png 170w, https:\/\/lavras.tv\/site\/wp-content\/uploads\/2025\/03\/Banner_Obras_PortallavrasTV-200x29.png 200w\" sizes=\"(max-width: 720px) 100vw, 720px\" width=\"720\" height=\"104\"   \/><\/a><\/li><li><div style=\"margin-left: auto;margin-right: auto;text-align: center;\" id=\"lavra-236921448\"><a href=\"https:\/\/sistemas.lavras.mg.gov.br\/portalcidadao\/#df1b1a7c7b2a290bcb31e32771e610784662739a88807c0dacac58ede5f391a7530e299dc302d611ee73cb143fc22eaf93592e53e7b5bdb01b00a0b8d28dae460c141dd2ff83412e4dc1c31b16b25f33144a9e5620ea73b13f5bc1c59411d98439ad226e8af03840603796067d87afe130812cf3de24982d0e306f9e61e764e5\" aria-label=\"Banner_Educa\u00e7\u00e3o_PortallavrasTV\"><img src=\"https:\/\/lavras.tv\/site\/wp-content\/uploads\/2025\/01\/Banner_Educacao_PortallavrasTV.png\" alt=\"\"  srcset=\"https:\/\/lavras.tv\/site\/wp-content\/uploads\/2025\/01\/Banner_Educacao_PortallavrasTV.png 720w, https:\/\/lavras.tv\/site\/wp-content\/uploads\/2025\/01\/Banner_Educacao_PortallavrasTV-470x68.png 470w, https:\/\/lavras.tv\/site\/wp-content\/uploads\/2025\/01\/Banner_Educacao_PortallavrasTV-170x25.png 170w, https:\/\/lavras.tv\/site\/wp-content\/uploads\/2025\/01\/Banner_Educacao_PortallavrasTV-200x29.png 200w\" sizes=\"(max-width: 720px) 100vw, 720px\" width=\"720\" height=\"104\"  style=\"display: inline-block;\" \/><\/a><\/div><\/li><li><a href=\"https:\/\/sistemas.lavras.mg.gov.br\/portalcidadao\/#df1b1a7c7b2a290bcb31e32771e610784662739a88807c0dacac58ede5f391a7530e299dc302d611ee73cb143fc22eaf93592e53e7b5bdb01b00a0b8d28dae460c141dd2ff83412e4dc1c31b16b25f33144a9e5620ea73b13f5bc1c59411d98439ad226e8af03840603796067d87afe130812cf3de24982d0e306f9e61e764e5\" aria-label=\"Banner_Sa\u00fade_PortallavrasTV\"><img src=\"https:\/\/lavras.tv\/site\/wp-content\/uploads\/2025\/03\/Banner_Saude_PortallavrasTV.png\" alt=\"\"  srcset=\"https:\/\/lavras.tv\/site\/wp-content\/uploads\/2025\/03\/Banner_Saude_PortallavrasTV.png 720w, https:\/\/lavras.tv\/site\/wp-content\/uploads\/2025\/03\/Banner_Saude_PortallavrasTV-470x68.png 470w, https:\/\/lavras.tv\/site\/wp-content\/uploads\/2025\/03\/Banner_Saude_PortallavrasTV-170x25.png 170w, https:\/\/lavras.tv\/site\/wp-content\/uploads\/2025\/03\/Banner_Saude_PortallavrasTV-200x29.png 200w\" sizes=\"(max-width: 720px) 100vw, 720px\" width=\"720\" height=\"104\"   \/><\/a><\/li><li><div id=\"lavra-2993713336\" style=\"width:720px;height:104px;background-color:#ddd;overflow:scroll;\">\n\t<strong>Sa\u00edda da depura\u00e7\u00e3o de an\u00fancios<\/strong>\n\t<br><br>\n\tO an\u00fancio n\u00e3o \u00e9 exibido na p\u00e1gina<br><br>post atual: Sindicato dos servidores aciona prefeitura na justi\u00e7a por atraso no pagamento de sal\u00e1rios e 13o, ID: 6234<br><br><span style=\"color: red;\">O post atual n\u00e3o \u00e9 id\u00eantico ao post principal.<\/span><br><br>An\u00fancios: ROXO - TOPO INTERNA - ROTATIVO 2 (197)<br \/>Grupo de an\u00fancios: Princ_Meio01_720x104 (27)<br><br>Condi\u00e7\u00f5es de exibi\u00e7\u00e3o<div style=\"margin-bottom: 20px; white-space: pre-wrap; font-family: monospace; width: 100%; background: #ffe9e9;\"><strong>condi\u00e7\u00f5es gerais<\/strong><table border=\"1\"><thead><tr><th><\/th><th>An\u00fancios<\/th><th>wp_the_query<\/th><\/tr><\/thead><tr><td>is_main_query<\/td><td>1<\/td><td>1<\/td><\/tr><tr><td>is_rest_api<\/td><td>0<\/td><td>1<\/td><\/tr><tr><td>page<\/td><td>0<\/td><td>1<\/td><\/tr><tr><td>numpages<\/td><td>0<\/td><td>1<\/td><\/tr><tr><td>is_archive<\/td><td>1<\/td><td><\/td><\/tr><tr><td>is_search<\/td><td>1<\/td><td><\/td><\/tr><tr><td>is_home<\/td><td>1<\/td><td><\/td><\/tr><tr><td>is_404<\/td><td>1<\/td><td><\/td><\/tr><tr><td>is_attachment<\/td><td>1<\/td><td><\/td><\/tr><tr><td>is_singular<\/td><td>1<\/td><td><\/td><\/tr><tr><td>is_front_page<\/td><td>1<\/td><td><\/td><\/tr><tr><td>is_feed<\/td><td>1<\/td><td><\/td><\/tr><\/table><\/div><br><br><span style=\"color: red;\">Seu site usa HTTPS, mas o c\u00f3digo do an\u00fancio cont\u00e9m HTTP e pode n\u00e3o funcionar.<\/span>\t<br><br>\n\t<a style=\"color: green;\" href=\"https:\/\/wpadvancedads.com\/manual\/ad-debug-mode\/?utm_source=advanced-ads&utm_medium=link&utm_campaign=ad-debug-mode\" target=\"_blank\" rel=\"nofollow\">Encontre solu\u00e7\u00f5es no manual<\/a>\n<\/div>\n<\/li><\/ul><\/div><script>( window.advanced_ads_ready || jQuery( document ).ready ).call( null, function() {var $lavraslider1571019885 = jQuery( \".lavra-slider-1571019885\" );$lavraslider1571019885.on( \"unslider.ready\", function() { jQuery( \"div.custom-slider ul li\" ).css( \"display\", \"block\" ); });$lavraslider1571019885.unslider({ delay:4000, autoplay:true, nav:false, arrows:false, infinite:true });$lavraslider1571019885.on(\"mouseover\", function() {$lavraslider1571019885.unslider(\"stop\");}).on(\"mouseout\", function() {$lavraslider1571019885.unslider(\"start\");});});<\/script><\/div><div class=\"materia-cabecalho\"><\/div>\n<div id=\"materia-letra\" class=\"materia-conteudo entry-content clearfix\">\n<div>\n<div id=\"5626152\" class=\"video componente_materia\" data-height=\"349\" data-width=\"620\">Cerca de 2 mil funcion\u00e1rios municipais da Prefeitura de Lavras\u00a0n\u00e3o receberam o sal\u00e1rio de dezembro nem parte do 13\u00ba sal\u00e1rio.\u00a0 A situa\u00e7\u00e3o j\u00e1 fez com que o sindicato dos servidores entrasse com uma a\u00e7\u00e3o na Justi\u00e7a. Segundo o sindicato, os funcion\u00e1rios receberam apenas 70% do valor do 13\u00ba sal\u00e1rio. A prefeitura paga esse valor no dia do anivers\u00e1rio do servidor, mas conforme o sindicato, quem fez anivers\u00e1rio em dezembro n\u00e3o recebeu nada.<\/div>\n<p>&#8220;Os servidores est\u00e3o passando diversas dificuldades, pagamento de aluguel, \u00e1gua, luz, alimenta\u00e7\u00e3o&#8221;, disse o presidente do sindicato, Euisles Rodrigues da Silva.<\/p>\n<p><img fetchpriority=\"high\" decoding=\"async\" class=\"size-full wp-image-1052 aligncenter\" src=\"http:\/\/lavras.tv\/site\/wp-content\/uploads\/2016\/07\/prefeitura.jpg\" alt=\"prefeitura\" width=\"800\" height=\"532\" srcset=\"https:\/\/lavras.tv\/site\/wp-content\/uploads\/2016\/07\/prefeitura.jpg 800w, https:\/\/lavras.tv\/site\/wp-content\/uploads\/2016\/07\/prefeitura-150x100.jpg 150w, https:\/\/lavras.tv\/site\/wp-content\/uploads\/2016\/07\/prefeitura-300x200.jpg 300w, https:\/\/lavras.tv\/site\/wp-content\/uploads\/2016\/07\/prefeitura-480x320.jpg 480w, https:\/\/lavras.tv\/site\/wp-content\/uploads\/2016\/07\/prefeitura-272x182.jpg 272w\" sizes=\"(max-width: 800px) 100vw, 800px\" \/><\/p>\n<p>Sem sucesso nas tentativas de negociar com a prefeitura, o sindicato decidiu ent\u00e3o acionar a Promotoria. O objetivo \u00e9 entrar com uma a\u00e7\u00e3o no Minist\u00e9rio P\u00fablico para tentar obrigar o atual prefeito a quitar os atrasados.<\/p>\n<p>&#8220;Isso faz que, pelo of\u00edcio que mandamos dando um prazo de 72 horas, a gente moveu uma a\u00e7\u00e3o, \u00e9 a \u00fanica maneira que n\u00f3s temos de pelo menos a Justi\u00e7a intervir em favor do direito do trabalhador, do servidor p\u00fablico de Lavras&#8221;, disse o presidente do sindicato.<\/p>\n<p>Segundo o ex-prefeito de Lavras, Silas Costa Pereira (PMDB), a folha de pagamento de dezembro fechou em R$ 6 milh\u00f5es e o restante do 13\u00ba ficava em torno de R$ 900 mil. Ele disse que n\u00e3o tinha o dinheiro para fazer os pagamentos.<\/p>\n<p>&#8220;O sal\u00e1rio de dezembro foi pago para aqueles que t\u00eam verba carimbada, educa\u00e7\u00e3o, etc etc. Os que n\u00e3o tem, n\u00f3s n\u00e3o tivemos recursos para pagar, mesmo porque o sal\u00e1rio de dezembro \u00e9 feito em janeiro, at\u00e9 o quinto dia \u00fatil, ent\u00e3o \u00e9 um pagamento que tem que ser feito pelo prefeito que assume. N\u00f3s estamos deixando 30% do 13\u00ba atrasado&#8221;, disse o ex-prefeito de Lavras.<\/p>\n<p>O atual prefeito, Jos\u00e9 Cherem, pagou o sal\u00e1rio de janeiro adiantado no dia 23 e tamb\u00e9m pagou o sal\u00e1rio de dezembro para 293 funcion\u00e1rios que recebiam at\u00e9 R$ 1 mil.<br \/>\nQuem ainda n\u00e3o recebeu, n\u00e3o sabe o que fazer.<\/p>\n<p>&#8220;A gente n\u00e3o tem nem jeito de dormir direito, porque tem fam\u00edlia para cuidar e na pior das coisas, \u00e9 voc\u00ea chegar em casa e n\u00e3o saber o que voc\u00ea fai fazer com sua fam\u00edlia, paa agradar sua fam\u00edlia. Eu estou h\u00e1 28 anos na prefeitura e nunca falhei com o meu trabalho, s\u00f3 eles que falham com a gente&#8221;, disse o auxiliar de servi\u00e7os operacionais, Francisco Ant\u00f4nio de Jesus.<\/p>\n<p>A assessoria de comunica\u00e7\u00e3o da prefeitura informou que o prefeito n\u00e3o vai se pronunciar sobre o assunto.<\/p>\n<p>Fonte: G1<\/p>\n<p><strong>Atualiza\u00e7\u00e3o enviada pela prefeitura:<\/strong><\/p>\n<p><em>Na tarde desta sexta-feira (03), a Secretaria Municipal de Fazenda enviou para a Caixa Econ\u00f4mica Federal o arquivo com o nome de 471 funcion\u00e1rios. Eles dever\u00e3o receber parcelas de R$300 em suas contas referentes aos sal\u00e1rios de dezembro, que haviam sido deixados em aberto pela gest\u00e3o anterior. Foram efetuados dep\u00f3sitos nas contas dos efetivos que ganham entre R$ 1 mil e R$ 3 mil.<\/em><\/p>\n<p><em>O pagamento referente ao m\u00eas de janeiro j\u00e1 foi quitado, assim como o sal\u00e1rio de dezembro daqueles que ganham at\u00e9 R$ 1 mil. A Secretaria informa que os demais pagamentos ser\u00e3o efetuados de acordo com a disponibilidade financeira do munic\u00edpio.<\/em><\/p>\n<p><em>Continuamos empenhados em nosso compromisso com os funcion\u00e1rios efetivos que s\u00e3o nosso maior patrim\u00f4nio.<\/em><\/p>\n<p>Fonte: Assessoria de Comunica\u00e7\u00e3o<\/p>\n<\/div>\n<\/div>\n","protected":false},"excerpt":{"rendered":"<p>Cerca de 2 mil funcion\u00e1rios municipais da Prefeitura de Lavras\u00a0n\u00e3o receberam o sal\u00e1rio de dezembro nem parte do 13\u00ba sal\u00e1rio.\u00a0 A situa\u00e7\u00e3o j\u00e1 fez com que o sindicato dos servidores entrasse com uma a\u00e7\u00e3o na Justi\u00e7a. Segundo o sindicato, os funcion\u00e1rios receberam apenas 70% do valor do 13\u00ba sal\u00e1rio. A prefeitura paga esse valor no [&hellip;]<\/p>\n","protected":false},"author":2,"featured_media":1052,"comment_status":"closed","ping_status":"open","sticky":false,"template":"","format":"standard","meta":{"advgb_blocks_editor_width":"","advgb_blocks_columns_visual_guide":"","_exactmetrics_skip_tracking":false,"_exactmetrics_sitenote_active":false,"_exactmetrics_sitenote_note":"","_exactmetrics_sitenote_category":0,"footnotes":""},"categories":[7,12],"tags":[2553,1575,103,2552],"class_list":["post-6234","post","type-post","status-publish","format-standard","has-post-thumbnail","hentry","category-destaques","category-politica","tag-13o-salario","tag-justica","tag-prefeitura-de-lavras","tag-sindicato"],"better_featured_image":{"id":1052,"alt_text":"","caption":"","description":"","media_type":"image","media_details":{"width":800,"height":532,"file":"2016\/07\/prefeitura.jpg","sizes":{"thumbnail":{"file":"prefeitura-150x100.jpg","width":150,"height":100,"mime-type":"image\/jpeg","source_url":"https:\/\/lavras.tv\/site\/wp-content\/uploads\/2016\/07\/prefeitura-150x100.jpg"},"medium":{"file":"prefeitura-300x200.jpg","width":300,"height":200,"mime-type":"image\/jpeg","source_url":"https:\/\/lavras.tv\/site\/wp-content\/uploads\/2016\/07\/prefeitura-300x200.jpg"},"featured-slider-img":{"file":"prefeitura-640x480.jpg","width":640,"height":480,"mime-type":"image\/jpeg","source_url":"https:\/\/lavras.tv\/site\/wp-content\/uploads\/2016\/07\/prefeitura-640x480.jpg"},"featured-post-img":{"file":"prefeitura-480x320.jpg","width":480,"height":320,"mime-type":"image\/jpeg","source_url":"https:\/\/lavras.tv\/site\/wp-content\/uploads\/2016\/07\/prefeitura-480x320.jpg"},"sow-carousel-default":{"file":"prefeitura-272x182.jpg","width":272,"height":182,"mime-type":"image\/jpeg","source_url":"https:\/\/lavras.tv\/site\/wp-content\/uploads\/2016\/07\/prefeitura-272x182.jpg"}},"image_meta":{"aperture":"9","credit":"","camera":"NIKON D40","caption":"","created_timestamp":"1335278235","copyright":"","focal_length":"18","iso":"200","shutter_speed":"0.003125","title":"","orientation":"0","keywords":[]}},"post":1051,"source_url":"https:\/\/lavras.tv\/site\/wp-content\/uploads\/2016\/07\/prefeitura.jpg"},"author_meta":{"display_name":"Lavras TV","author_link":"https:\/\/lavras.tv\/site\/author\/lavrastv\/"},"featured_img":"https:\/\/lavras.tv\/site\/wp-content\/uploads\/2016\/07\/prefeitura-300x200.jpg","coauthors":[],"tax_additional":{"categories":{"linked":["<a href=\"https:\/\/lavras.tv\/site\/category\/destaques\/\" class=\"advgb-post-tax-term\">Destaques<\/a>","<a href=\"https:\/\/lavras.tv\/site\/category\/politica\/\" class=\"advgb-post-tax-term\">Pol\u00edtica<\/a>"],"unlinked":["<span class=\"advgb-post-tax-term\">Destaques<\/span>","<span class=\"advgb-post-tax-term\">Pol\u00edtica<\/span>"]},"tags":{"linked":["<a href=\"https:\/\/lavras.tv\/site\/category\/politica\/\" class=\"advgb-post-tax-term\">13o sal\u00e1rio<\/a>","<a href=\"https:\/\/lavras.tv\/site\/category\/politica\/\" class=\"advgb-post-tax-term\">justi\u00e7a<\/a>","<a href=\"https:\/\/lavras.tv\/site\/category\/politica\/\" class=\"advgb-post-tax-term\">prefeitura de lavras<\/a>","<a href=\"https:\/\/lavras.tv\/site\/category\/politica\/\" class=\"advgb-post-tax-term\">sindicato<\/a>"],"unlinked":["<span class=\"advgb-post-tax-term\">13o sal\u00e1rio<\/span>","<span class=\"advgb-post-tax-term\">justi\u00e7a<\/span>","<span class=\"advgb-post-tax-term\">prefeitura de lavras<\/span>","<span class=\"advgb-post-tax-term\">sindicato<\/span>"]}},"comment_count":"0","relative_dates":{"created":"Publicado 9 anos atr\u00e1s","modified":"Atualizado 9 anos atr\u00e1s"},"absolute_dates":{"created":"Publicado em 4 de fevereiro de 2017","modified":"Atualizado em 4 de fevereiro de 2017"},"absolute_dates_time":{"created":"Publicado em 4 de fevereiro de 2017 08:48","modified":"Atualizado em 4 de fevereiro de 2017 08:48"},"featured_img_caption":"","series_order":"","_links":{"self":[{"href":"https:\/\/lavras.tv\/site\/wp-json\/wp\/v2\/posts\/6234","targetHints":{"allow":["GET"]}}],"collection":[{"href":"https:\/\/lavras.tv\/site\/wp-json\/wp\/v2\/posts"}],"about":[{"href":"https:\/\/lavras.tv\/site\/wp-json\/wp\/v2\/types\/post"}],"author":[{"embeddable":true,"href":"https:\/\/lavras.tv\/site\/wp-json\/wp\/v2\/users\/2"}],"replies":[{"embeddable":true,"href":"https:\/\/lavras.tv\/site\/wp-json\/wp\/v2\/comments?post=6234"}],"version-history":[{"count":1,"href":"https:\/\/lavras.tv\/site\/wp-json\/wp\/v2\/posts\/6234\/revisions"}],"predecessor-version":[{"id":6235,"href":"https:\/\/lavras.tv\/site\/wp-json\/wp\/v2\/posts\/6234\/revisions\/6235"}],"wp:featuredmedia":[{"embeddable":true,"href":"https:\/\/lavras.tv\/site\/wp-json\/wp\/v2\/media\/1052"}],"wp:attachment":[{"href":"https:\/\/lavras.tv\/site\/wp-json\/wp\/v2\/media?parent=6234"}],"wp:term":[{"taxonomy":"category","embeddable":true,"href":"https:\/\/lavras.tv\/site\/wp-json\/wp\/v2\/categories?post=6234"},{"taxonomy":"post_tag","embeddable":true,"href":"https:\/\/lavras.tv\/site\/wp-json\/wp\/v2\/tags?post=6234"}],"curies":[{"name":"wp","href":"https:\/\/api.w.org\/{rel}","templated":true}]}}