{"id":6284,"date":"2017-02-07T08:45:00","date_gmt":"2017-02-07T10:45:00","guid":{"rendered":"http:\/\/lavras.tv\/site\/?p=6284"},"modified":"2017-02-07T08:45:00","modified_gmt":"2017-02-07T10:45:00","slug":"governo-reduz-limite-mensal-do-fies-para-r-5-mil","status":"publish","type":"post","link":"https:\/\/lavras.tv\/site\/2017\/02\/07\/governo-reduz-limite-mensal-do-fies-para-r-5-mil\/","title":{"rendered":"Governo reduz limite mensal do Fies para R$ 5 mil"},"content":{"rendered":"<div class=\"lavra-antes-do-conteudo_2\" id=\"lavra-3029006735\"><div id=\"lavra-slider-27\" class=\"custom-slider lavra-slider-1974931910 lavra-slider\"><ul><li><div style=\"margin-left: auto;margin-right: auto;text-align: center;\" id=\"lavra-2924564411\"><a href=\"https:\/\/sistemas.lavras.mg.gov.br\/portalcidadao\/#df1b1a7c7b2a290bcb31e32771e610784662739a88807c0dacac58ede5f391a7530e299dc302d611ee73cb143fc22eaf93592e53e7b5bdb01b00a0b8d28dae460c141dd2ff83412e4dc1c31b16b25f33144a9e5620ea73b13f5bc1c59411d98439ad226e8af03840603796067d87afe130812cf3de24982d0e306f9e61e764e5\" aria-label=\"Lavras-TV&#8211;720x104px (1) (1)\"><img src=\"https:\/\/lavras.tv\/site\/wp-content\/uploads\/2025\/01\/Lavras-TV-720x104px-1-1.png\" alt=\"\"  srcset=\"https:\/\/lavras.tv\/site\/wp-content\/uploads\/2025\/01\/Lavras-TV-720x104px-1-1.png 720w, https:\/\/lavras.tv\/site\/wp-content\/uploads\/2025\/01\/Lavras-TV-720x104px-1-1-470x68.png 470w, https:\/\/lavras.tv\/site\/wp-content\/uploads\/2025\/01\/Lavras-TV-720x104px-1-1-170x25.png 170w, https:\/\/lavras.tv\/site\/wp-content\/uploads\/2025\/01\/Lavras-TV-720x104px-1-1-200x29.png 200w\" sizes=\"(max-width: 720px) 100vw, 720px\" width=\"720\" height=\"104\"  style=\"display: inline-block;\" \/><\/a><\/div><\/li><li><a href=\"https:\/\/sistemas.lavras.mg.gov.br\/portalcidadao\/#df1b1a7c7b2a290bcb31e32771e610784662739a88807c0dacac58ede5f391a7530e299dc302d611ee73cb143fc22eaf93592e53e7b5bdb01b00a0b8d28dae460c141dd2ff83412e4dc1c31b16b25f33144a9e5620ea73b13f5bc1c59411d98439ad226e8af03840603796067d87afe130812cf3de24982d0e306f9e61e764e5\" aria-label=\"Banner_Emprego_PortallavrasTV\"><img src=\"https:\/\/lavras.tv\/site\/wp-content\/uploads\/2025\/03\/Banner_Emprego_PortallavrasTV.png\" alt=\"\"  srcset=\"https:\/\/lavras.tv\/site\/wp-content\/uploads\/2025\/03\/Banner_Emprego_PortallavrasTV.png 720w, https:\/\/lavras.tv\/site\/wp-content\/uploads\/2025\/03\/Banner_Emprego_PortallavrasTV-470x68.png 470w, https:\/\/lavras.tv\/site\/wp-content\/uploads\/2025\/03\/Banner_Emprego_PortallavrasTV-170x25.png 170w, https:\/\/lavras.tv\/site\/wp-content\/uploads\/2025\/03\/Banner_Emprego_PortallavrasTV-200x29.png 200w\" sizes=\"(max-width: 720px) 100vw, 720px\" width=\"720\" height=\"104\"   \/><\/a><\/li><li><a href=\"https:\/\/sistemas.lavras.mg.gov.br\/portalcidadao\/#df1b1a7c7b2a290bcb31e32771e610784662739a88807c0dacac58ede5f391a7530e299dc302d611ee73cb143fc22eaf93592e53e7b5bdb01b00a0b8d28dae460c141dd2ff83412e4dc1c31b16b25f33144a9e5620ea73b13f5bc1c59411d98439ad226e8af03840603796067d87afe130812cf3de24982d0e306f9e61e764e5\" aria-label=\"Banner_Obras_PortallavrasTV\"><img src=\"https:\/\/lavras.tv\/site\/wp-content\/uploads\/2025\/03\/Banner_Obras_PortallavrasTV.png\" alt=\"\"  srcset=\"https:\/\/lavras.tv\/site\/wp-content\/uploads\/2025\/03\/Banner_Obras_PortallavrasTV.png 720w, https:\/\/lavras.tv\/site\/wp-content\/uploads\/2025\/03\/Banner_Obras_PortallavrasTV-470x68.png 470w, https:\/\/lavras.tv\/site\/wp-content\/uploads\/2025\/03\/Banner_Obras_PortallavrasTV-170x25.png 170w, https:\/\/lavras.tv\/site\/wp-content\/uploads\/2025\/03\/Banner_Obras_PortallavrasTV-200x29.png 200w\" sizes=\"(max-width: 720px) 100vw, 720px\" width=\"720\" height=\"104\"   \/><\/a><\/li><li><div style=\"margin-left: auto;margin-right: auto;text-align: center;\" id=\"lavra-4225812830\"><a href=\"https:\/\/sistemas.lavras.mg.gov.br\/portalcidadao\/#df1b1a7c7b2a290bcb31e32771e610784662739a88807c0dacac58ede5f391a7530e299dc302d611ee73cb143fc22eaf93592e53e7b5bdb01b00a0b8d28dae460c141dd2ff83412e4dc1c31b16b25f33144a9e5620ea73b13f5bc1c59411d98439ad226e8af03840603796067d87afe130812cf3de24982d0e306f9e61e764e5\" aria-label=\"Banner_Educa\u00e7\u00e3o_PortallavrasTV\"><img src=\"https:\/\/lavras.tv\/site\/wp-content\/uploads\/2025\/01\/Banner_Educacao_PortallavrasTV.png\" alt=\"\"  srcset=\"https:\/\/lavras.tv\/site\/wp-content\/uploads\/2025\/01\/Banner_Educacao_PortallavrasTV.png 720w, https:\/\/lavras.tv\/site\/wp-content\/uploads\/2025\/01\/Banner_Educacao_PortallavrasTV-470x68.png 470w, https:\/\/lavras.tv\/site\/wp-content\/uploads\/2025\/01\/Banner_Educacao_PortallavrasTV-170x25.png 170w, https:\/\/lavras.tv\/site\/wp-content\/uploads\/2025\/01\/Banner_Educacao_PortallavrasTV-200x29.png 200w\" sizes=\"(max-width: 720px) 100vw, 720px\" width=\"720\" height=\"104\"  style=\"display: inline-block;\" \/><\/a><\/div><\/li><li><a href=\"https:\/\/sistemas.lavras.mg.gov.br\/portalcidadao\/#df1b1a7c7b2a290bcb31e32771e610784662739a88807c0dacac58ede5f391a7530e299dc302d611ee73cb143fc22eaf93592e53e7b5bdb01b00a0b8d28dae460c141dd2ff83412e4dc1c31b16b25f33144a9e5620ea73b13f5bc1c59411d98439ad226e8af03840603796067d87afe130812cf3de24982d0e306f9e61e764e5\" aria-label=\"Banner_Sa\u00fade_PortallavrasTV\"><img src=\"https:\/\/lavras.tv\/site\/wp-content\/uploads\/2025\/03\/Banner_Saude_PortallavrasTV.png\" alt=\"\"  srcset=\"https:\/\/lavras.tv\/site\/wp-content\/uploads\/2025\/03\/Banner_Saude_PortallavrasTV.png 720w, https:\/\/lavras.tv\/site\/wp-content\/uploads\/2025\/03\/Banner_Saude_PortallavrasTV-470x68.png 470w, https:\/\/lavras.tv\/site\/wp-content\/uploads\/2025\/03\/Banner_Saude_PortallavrasTV-170x25.png 170w, https:\/\/lavras.tv\/site\/wp-content\/uploads\/2025\/03\/Banner_Saude_PortallavrasTV-200x29.png 200w\" sizes=\"(max-width: 720px) 100vw, 720px\" width=\"720\" height=\"104\"   \/><\/a><\/li><li><div id=\"lavra-597746139\" style=\"width:720px;height:104px;background-color:#ddd;overflow:scroll;\">\n\t<strong>Sa\u00edda da depura\u00e7\u00e3o de an\u00fancios<\/strong>\n\t<br><br>\n\tO an\u00fancio n\u00e3o \u00e9 exibido na p\u00e1gina<br><br>post atual: Governo reduz limite mensal do Fies para R$ 5 mil, ID: 6284<br><br><span style=\"color: red;\">O post atual n\u00e3o \u00e9 id\u00eantico ao post principal.<\/span><br><br>An\u00fancios: ROXO - TOPO INTERNA - ROTATIVO 2 (197)<br \/>Grupo de an\u00fancios: Princ_Meio01_720x104 (27)<br><br>Condi\u00e7\u00f5es de exibi\u00e7\u00e3o<div style=\"margin-bottom: 20px; white-space: pre-wrap; font-family: monospace; width: 100%; background: #ffe9e9;\"><strong>condi\u00e7\u00f5es gerais<\/strong><table border=\"1\"><thead><tr><th><\/th><th>An\u00fancios<\/th><th>wp_the_query<\/th><\/tr><\/thead><tr><td>is_main_query<\/td><td>1<\/td><td>1<\/td><\/tr><tr><td>is_rest_api<\/td><td>0<\/td><td>1<\/td><\/tr><tr><td>page<\/td><td>0<\/td><td>1<\/td><\/tr><tr><td>numpages<\/td><td>0<\/td><td>1<\/td><\/tr><tr><td>is_archive<\/td><td>1<\/td><td><\/td><\/tr><tr><td>is_search<\/td><td>1<\/td><td><\/td><\/tr><tr><td>is_home<\/td><td>1<\/td><td><\/td><\/tr><tr><td>is_404<\/td><td>1<\/td><td><\/td><\/tr><tr><td>is_attachment<\/td><td>1<\/td><td><\/td><\/tr><tr><td>is_singular<\/td><td>1<\/td><td><\/td><\/tr><tr><td>is_front_page<\/td><td>1<\/td><td><\/td><\/tr><tr><td>is_feed<\/td><td>1<\/td><td><\/td><\/tr><\/table><\/div><br><br><span style=\"color: red;\">Seu site usa HTTPS, mas o c\u00f3digo do an\u00fancio cont\u00e9m HTTP e pode n\u00e3o funcionar.<\/span>\t<br><br>\n\t<a style=\"color: green;\" href=\"https:\/\/wpadvancedads.com\/manual\/ad-debug-mode\/?utm_source=advanced-ads&utm_medium=link&utm_campaign=ad-debug-mode\" target=\"_blank\" rel=\"nofollow\">Encontre solu\u00e7\u00f5es no manual<\/a>\n<\/div>\n<\/li><\/ul><\/div><script>( window.advanced_ads_ready || jQuery( document ).ready ).call( null, function() {var $lavraslider1974931910 = jQuery( \".lavra-slider-1974931910\" );$lavraslider1974931910.on( \"unslider.ready\", function() { jQuery( \"div.custom-slider ul li\" ).css( \"display\", \"block\" ); });$lavraslider1974931910.unslider({ delay:4000, autoplay:true, nav:false, arrows:false, infinite:true });$lavraslider1974931910.on(\"mouseover\", function() {$lavraslider1974931910.unslider(\"stop\");}).on(\"mouseout\", function() {$lavraslider1974931910.unslider(\"start\");});});<\/script><\/div><div class=\"mc-column content-text active-extra-styles active-capital-letter\" data-block-type=\"unstyled\" data-block-weight=\"62\">\n<p class=\"content-text__container theme-color-primary-first-letter\" data-track-category=\"Link no Texto\" data-track-links=\"\">O governo federal reduziu em 34,7% o valor m\u00e1ximo das mensalidades financiadas por meio do Fundo de Financimento Estudantil (Fies) nos contratos que ser\u00e3o fechados a partir do primeiro semestre de 2017. Segundo o Minist\u00e9rio da Educa\u00e7\u00e3o (MEC), o limite passa a ser de at\u00e9 R$ 5 mil por mensalidade, o que representa um teto de R$ 30 mil por semestre letivo.<\/p>\n<p class=\"content-text__container theme-color-primary-first-letter\" data-track-category=\"Link no Texto\" data-track-links=\"\"><img fetchpriority=\"high\" decoding=\"async\" class=\"size-full wp-image-6285 aligncenter\" src=\"http:\/\/lavras.tv\/site\/wp-content\/uploads\/2017\/02\/fies.jpeg\" alt=\"fies\" width=\"640\" height=\"457\" srcset=\"https:\/\/lavras.tv\/site\/wp-content\/uploads\/2017\/02\/fies.jpeg 640w, https:\/\/lavras.tv\/site\/wp-content\/uploads\/2017\/02\/fies-150x107.jpeg 150w, https:\/\/lavras.tv\/site\/wp-content\/uploads\/2017\/02\/fies-300x214.jpeg 300w\" sizes=\"(max-width: 640px) 100vw, 640px\" \/><\/p>\n<\/div>\n<div class=\"mc-column content-text active-extra-styles \" data-block-type=\"unstyled\" data-block-weight=\"39\">\n<p class=\"content-text__container \" data-track-category=\"Link no Texto\" data-track-links=\"\">O novo teto sinaliza, segundo o ministro Mendon\u00e7a Filho, o primeiro passo na reestrutura\u00e7\u00e3o completa do Fies. Atualmente, um grupo do MEC em conjunto com representantes da Fazenda trabalha em altera\u00e7\u00f5es que devem ser anunciadas no fim de mar\u00e7o.<\/p>\n<\/div>\n<div class=\"mc-column content-text active-extra-styles \" data-block-type=\"unstyled\" data-block-weight=\"53\">\n<p class=\"content-text__container \" data-track-category=\"Link no Texto\" data-track-links=\"\">O Fies oferece contratos de financiamento de cursos de gradua\u00e7\u00e3o em universidades e faculdades particulares. Os candidatos s\u00e3o selecionados com base em suas notas no Exame Nacional do Ensino M\u00e9dio (Enem) e por crit\u00e9rios socioecon\u00f4micos. Atualmente, o Fies financia cerca de 1,5 milh\u00e3o de estudantes no Brasil, com cerca de 49,8% de inadimpl\u00eancia.<\/p>\n<\/div>\n<div class=\"mc-column content-text active-extra-styles \" data-block-type=\"unstyled\" data-block-weight=\"42\">\n<p class=\"content-text__container \" data-track-category=\"Link no Texto\" data-track-links=\"\">Neste ano, o MEC prev\u00ea gastar R$ 1,5 bilh\u00e3o com novos contratos. O desembolso total do governo j\u00e1 ultrapassa R$ 20 bilh\u00f5es com os contratos de financiamento, sendo que al\u00e9m deles ainda h\u00e1 cerca de R$ 9 bilh\u00f5es extras com custos fiscais.<\/p>\n<\/div>\n<div class=\"mc-column content-text active-extra-styles\" data-block-type=\"raw\" data-block-weight=\"4\">\n<div class=\"content-intertitle\">\n<h2>Novos contratos em 2017<\/h2>\n<\/div>\n<\/div>\n<div class=\"mc-column content-text active-extra-styles \" data-block-type=\"unstyled\" data-block-weight=\"51\">\n<p class=\"content-text__container \" data-track-category=\"Link no Texto\" data-track-links=\"\">A sele\u00e7\u00e3o dos novos contratos do primeiro semestre de 2017come\u00e7a a partir de ter\u00e7a-feira (7) no site <a href=\"http:\/\/fiesselecao.mec.gov.br\/\" target=\"_blank\" rel=\"noopener nofollow\">http:\/\/fiesselecao.mec.gov.br<\/a>. Ser\u00e3o oferecidos 150 mil novas vagas. O ministro assegurou que a mudan\u00e7a n\u00e3o vale para estudantes que j\u00e1 t\u00eam contratos de financiamento vigente, j\u00e1 que eles foram assinados com base em outras regras.<\/p>\n<\/div>\n<div class=\"mc-column content-text active-extra-styles \" data-block-type=\"unstyled\" data-block-weight=\"44\">\n<p class=\"content-text__container \" data-track-category=\"Link no Texto\" data-track-links=\"\">Em janeiro, o governo havia garantido que o n\u00famero de novos contratos do programa em 2017 seria pelo menos igual ao de 2016, ou seja, no m\u00ednimo 220 mil, considerando os dois semestres. No primeiro semestre de 2016, foram abertas 149 mil novas vagas.<\/p>\n<\/div>\n<div class=\"mc-column content-text active-extra-styles\" data-block-type=\"raw\" data-block-weight=\"3\">\n<div class=\"content-intertitle\">\n<h2>Teto nas mensalidades<\/h2>\n<\/div>\n<\/div>\n<div class=\"mc-column content-text active-extra-styles \" data-block-type=\"unstyled\" data-block-weight=\"34\">\n<p class=\"content-text__container \" data-track-category=\"Link no Texto\" data-track-links=\"\">No semestre passado, o teto de financiamento do Fies era de R$ 42 mil. Segundo o ministro, caso o mesmo teto fosse mantido, ele teria que ser reajustado e subiria para R$ 46 mil.<\/p>\n<\/div>\n<div class=\"content-ads content-ads--reveal\">Mendon\u00e7a Filho disse que a fun\u00e7\u00e3o do governo \u00e9 &#8220;definir crit\u00e9rios de financiamento, e n\u00e3o simplesmente financiar a qualquer pre\u00e7o um curso a partir de uma mensalidade determinada por um ente privado&#8221;.<\/div>\n<div class=\"mc-column content-text active-extra-styles \" data-block-type=\"unstyled\" data-block-weight=\"37\">\n<p class=\"content-text__container \" data-track-category=\"Link no Texto\" data-track-links=\"\">Mansueto Facundo de Almeida J\u00fanior, do Minist\u00e9rio da Fazenda, explicou que o pacote est\u00e1 sendo estudado por um comit\u00ea interministerial e que o objetivo \u00e9 garantir a &#8220;sustentabilidade, a previsibilidade, a transpar\u00eancia e o controle&#8221; do Fies.<\/p>\n<\/div>\n<div class=\"mc-column content-text active-extra-styles \" data-block-type=\"unstyled\" data-block-weight=\"45\">\n<p class=\"content-text__container \" data-track-category=\"Link no Texto\" data-track-links=\"\">Mansueto explicou que as mudan\u00e7as s\u00e3o uma rea\u00e7\u00e3o ao crescimento exponencial do Fies nesta d\u00e9cada. &#8220;De 1998 at\u00e9 2009, 2010, o total de alunos com cr\u00e9dito estudantil n\u00e3o passava de 200 mil&#8221;, disse ele. &#8220;De 2010 a 2015 passou de 200 mil para 1,9 milh\u00e3o.&#8221;<\/p>\n<\/div>\n<div class=\"mc-column content-text active-extra-styles \" data-block-type=\"unstyled\" data-block-weight=\"58\">\n<p class=\"content-text__container \" data-track-category=\"Link no Texto\" data-track-links=\"\">Atualmente, h\u00e1 1,5 milh\u00e3o de contratos ativos, segundo dados do MEC. Mansueto tamb\u00e9m comparou o financiamento p\u00fablico no ensino superior privado com as universidades p\u00fablicas. Segundo ele, em menos de dez anos, o n\u00famero de matr\u00edculas no setor privado financiadas pelo poder p\u00fablico \u00e9 semelhante ao n\u00famero de vagas de gradua\u00e7\u00e3o no setor p\u00fablico abertas em cinquenta anos.<\/p>\n<\/div>\n<div class=\"mc-column content-text active-extra-styles\" data-block-type=\"raw\" data-block-weight=\"3\">\n<div class=\"content-intertitle\">\n<h2>Reestrutura\u00e7\u00e3o do Fies<\/h2>\n<\/div>\n<\/div>\n<div class=\"mc-column content-text active-extra-styles \" data-block-type=\"unstyled\" data-block-weight=\"20\">\n<p class=\"content-text__container \" data-track-category=\"Link no Texto\" data-track-links=\"\">Apesar de a mudan\u00e7a completa do Fies estar prevista para ser anunciada somente em mar\u00e7o, MEC e Fazenda apontaram diretrizes:<\/p>\n<\/div>\n<div class=\"mc-column content-text active-extra-styles\" data-block-type=\"raw\" data-block-weight=\"63\">\n<ul class=\"content-unordered-list\">\n<li>Programa deve apontar com anteced\u00eancia o total de vagas que ser\u00e3o ofertadas a cada ano<\/li>\n<li>N\u00e3o h\u00e1 previs\u00e3o de que bancos privados participem do Fies<\/li>\n<li>Minist\u00e9rio estuda amplia\u00e7\u00e3o do Prouni como contrapartida \u00e0s mudan\u00e7as<\/li>\n<li>Orienta\u00e7\u00e3o para os estudantes sobre a realidade local do mercado de trabalho para que avaliem a rela\u00e7\u00e3o custo benef\u00edcio do financiamento<\/li>\n<li>Divulga\u00e7\u00e3o regular de relat\u00f3rios de acompanhamento do Fies<\/li>\n<\/ul>\n<\/div>\n<div class=\"mc-column content-text active-extra-styles\" data-block-type=\"raw\" data-block-weight=\"2\">\n<div class=\"content-intertitle\">\n<h2>Contratos vigentes<\/h2>\n<\/div>\n<\/div>\n<div class=\"mc-column content-text active-extra-styles \" data-block-type=\"unstyled\" data-block-weight=\"44\">\n<p class=\"content-text__container \" data-track-category=\"Link no Texto\" data-track-links=\"\">O Fies exige que os universit\u00e1rios renovem o contrato a cada semestre letivo, para confirmar ou alterar as informa\u00e7\u00f5es. Estudantes que j\u00e1 t\u00eam contrato de financiamento do Fies podem fazer o aditamento para o segundo semestre de 2017 at\u00e9 o dia 30 de abril.<\/p>\n<\/div>\n<div class=\"mc-column content-text active-extra-styles \" data-block-type=\"unstyled\" data-block-weight=\"39\">\n<p class=\"content-text__container \" data-track-category=\"Link no Texto\" data-track-links=\"\">No ano passado, cerca de 30 mil estudantes perderam seus contratos do Fies porque eles n\u00e3o foram renovados para o primeiro semestre letivo de 2017. O n\u00famero representa 2% do total de cerca de 1,5 milh\u00e3o de contratos vigentes.<\/p>\n<\/div>\n<div class=\"mc-column content-text active-extra-styles \" data-block-type=\"unstyled\" data-block-weight=\"55\">\n<p class=\"content-text__container \" data-track-category=\"Link no Texto\" data-track-links=\"\">Cada contrato de financiamento deve ser renovado (ou aditado) a cada novo semestre. Primeiro, o sistema, chamado SisFies, \u00e9 aberto para que as institui\u00e7\u00f5es insiram os dados sobre os contratos dos estudantes. Depois, o sistema d\u00e1 acesso aos estudantes, que verificam e validam as informa\u00e7\u00f5es, para que ent\u00e3o o procedimento de renova\u00e7\u00e3o contratual seja finalizado.<\/p>\n<\/div>\n<div class=\"mc-column content-text active-extra-styles \" data-block-type=\"unstyled\" data-block-weight=\"52\">\n<p class=\"content-text__container \" data-track-category=\"Link no Texto\" data-track-links=\"\">No caso de aditamentos n\u00e3o simplificados, ou seja, quando algum dado cadastral precisa ser alterado, como, por exemplo, o fiador, o processo tem uma etapa extra: ao acessar o SisFies, o estudante precisa emitir um Documento de Regularidade de Matr\u00edcula (DRM) e entreg\u00e1-lo ao banco que serve como agente financeiro do contrato.<\/p>\n<p class=\"content-text__container \" data-track-category=\"Link no Texto\" data-track-links=\"\">Fonte: G1<\/p>\n<\/div>\n","protected":false},"excerpt":{"rendered":"<p>O governo federal reduziu em 34,7% o valor m\u00e1ximo das mensalidades financiadas por meio do Fundo de Financimento Estudantil (Fies) nos contratos que ser\u00e3o fechados a partir do primeiro semestre de 2017. Segundo o Minist\u00e9rio da Educa\u00e7\u00e3o (MEC), o limite passa a ser de at\u00e9 R$ 5 mil por mensalidade, o que representa um teto [&hellip;]<\/p>\n","protected":false},"author":2,"featured_media":6285,"comment_status":"closed","ping_status":"open","sticky":false,"template":"","format":"standard","meta":{"advgb_blocks_editor_width":"","advgb_blocks_columns_visual_guide":"","_exactmetrics_skip_tracking":false,"_exactmetrics_sitenote_active":false,"_exactmetrics_sitenote_note":"","_exactmetrics_sitenote_category":0,"footnotes":""},"categories":[7,12],"tags":[2575,2008,1987,2574,1564,1708,1748],"class_list":["post-6284","post","type-post","status-publish","format-standard","has-post-thumbnail","hentry","category-destaques","category-politica","tag-5-mil","tag-fies","tag-financiamento-estudantil","tag-limite","tag-mec","tag-mudancas","tag-novas-regras"],"better_featured_image":{"id":6285,"alt_text":"","caption":"","description":"","media_type":"image","media_details":{"width":640,"height":457,"file":"2017\/02\/fies.jpeg","sizes":{"thumbnail":{"file":"fies-150x107.jpeg","width":150,"height":107,"mime-type":"image\/jpeg","source_url":"https:\/\/lavras.tv\/site\/wp-content\/uploads\/2017\/02\/fies-150x107.jpeg"},"medium":{"file":"fies-300x214.jpeg","width":300,"height":214,"mime-type":"image\/jpeg","source_url":"https:\/\/lavras.tv\/site\/wp-content\/uploads\/2017\/02\/fies-300x214.jpeg"},"featured-slider-img":{"file":"fies-640x457.jpeg","width":640,"height":457,"mime-type":"image\/jpeg","source_url":"https:\/\/lavras.tv\/site\/wp-content\/uploads\/2017\/02\/fies-640x457.jpeg"},"featured-post-img":{"file":"fies-480x320.jpeg","width":480,"height":320,"mime-type":"image\/jpeg","source_url":"https:\/\/lavras.tv\/site\/wp-content\/uploads\/2017\/02\/fies-480x320.jpeg"},"sow-carousel-default":{"file":"fies-272x182.jpeg","width":272,"height":182,"mime-type":"image\/jpeg","source_url":"https:\/\/lavras.tv\/site\/wp-content\/uploads\/2017\/02\/fies-272x182.jpeg"}},"image_meta":{"aperture":"0","credit":"","camera":"","caption":"","created_timestamp":"0","copyright":"","focal_length":"0","iso":"0","shutter_speed":"0","title":"","orientation":"0","keywords":[]}},"post":6284,"source_url":"https:\/\/lavras.tv\/site\/wp-content\/uploads\/2017\/02\/fies.jpeg"},"author_meta":{"display_name":"Lavras TV","author_link":"https:\/\/lavras.tv\/site\/author\/lavrastv\/"},"featured_img":"https:\/\/lavras.tv\/site\/wp-content\/uploads\/2017\/02\/fies-300x214.jpeg","coauthors":[],"tax_additional":{"categories":{"linked":["<a href=\"https:\/\/lavras.tv\/site\/category\/destaques\/\" class=\"advgb-post-tax-term\">Destaques<\/a>","<a href=\"https:\/\/lavras.tv\/site\/category\/politica\/\" class=\"advgb-post-tax-term\">Pol\u00edtica<\/a>"],"unlinked":["<span class=\"advgb-post-tax-term\">Destaques<\/span>","<span class=\"advgb-post-tax-term\">Pol\u00edtica<\/span>"]},"tags":{"linked":["<a href=\"https:\/\/lavras.tv\/site\/category\/politica\/\" class=\"advgb-post-tax-term\">5 mil<\/a>","<a href=\"https:\/\/lavras.tv\/site\/category\/politica\/\" class=\"advgb-post-tax-term\">FIES<\/a>","<a href=\"https:\/\/lavras.tv\/site\/category\/politica\/\" class=\"advgb-post-tax-term\">financiamento estudantil<\/a>","<a href=\"https:\/\/lavras.tv\/site\/category\/politica\/\" class=\"advgb-post-tax-term\">limite<\/a>","<a href=\"https:\/\/lavras.tv\/site\/category\/politica\/\" class=\"advgb-post-tax-term\">MEC<\/a>","<a href=\"https:\/\/lavras.tv\/site\/category\/politica\/\" class=\"advgb-post-tax-term\">mudan\u00e7as<\/a>","<a href=\"https:\/\/lavras.tv\/site\/category\/politica\/\" class=\"advgb-post-tax-term\">novas regras<\/a>"],"unlinked":["<span class=\"advgb-post-tax-term\">5 mil<\/span>","<span class=\"advgb-post-tax-term\">FIES<\/span>","<span class=\"advgb-post-tax-term\">financiamento estudantil<\/span>","<span class=\"advgb-post-tax-term\">limite<\/span>","<span class=\"advgb-post-tax-term\">MEC<\/span>","<span class=\"advgb-post-tax-term\">mudan\u00e7as<\/span>","<span class=\"advgb-post-tax-term\">novas regras<\/span>"]}},"comment_count":"0","relative_dates":{"created":"Publicado 9 anos atr\u00e1s","modified":"Atualizado 9 anos atr\u00e1s"},"absolute_dates":{"created":"Publicado em 7 de fevereiro de 2017","modified":"Atualizado em 7 de fevereiro de 2017"},"absolute_dates_time":{"created":"Publicado em 7 de fevereiro de 2017 08:45","modified":"Atualizado em 7 de fevereiro de 2017 08:45"},"featured_img_caption":"","series_order":"","_links":{"self":[{"href":"https:\/\/lavras.tv\/site\/wp-json\/wp\/v2\/posts\/6284","targetHints":{"allow":["GET"]}}],"collection":[{"href":"https:\/\/lavras.tv\/site\/wp-json\/wp\/v2\/posts"}],"about":[{"href":"https:\/\/lavras.tv\/site\/wp-json\/wp\/v2\/types\/post"}],"author":[{"embeddable":true,"href":"https:\/\/lavras.tv\/site\/wp-json\/wp\/v2\/users\/2"}],"replies":[{"embeddable":true,"href":"https:\/\/lavras.tv\/site\/wp-json\/wp\/v2\/comments?post=6284"}],"version-history":[{"count":1,"href":"https:\/\/lavras.tv\/site\/wp-json\/wp\/v2\/posts\/6284\/revisions"}],"predecessor-version":[{"id":6286,"href":"https:\/\/lavras.tv\/site\/wp-json\/wp\/v2\/posts\/6284\/revisions\/6286"}],"wp:featuredmedia":[{"embeddable":true,"href":"https:\/\/lavras.tv\/site\/wp-json\/wp\/v2\/media\/6285"}],"wp:attachment":[{"href":"https:\/\/lavras.tv\/site\/wp-json\/wp\/v2\/media?parent=6284"}],"wp:term":[{"taxonomy":"category","embeddable":true,"href":"https:\/\/lavras.tv\/site\/wp-json\/wp\/v2\/categories?post=6284"},{"taxonomy":"post_tag","embeddable":true,"href":"https:\/\/lavras.tv\/site\/wp-json\/wp\/v2\/tags?post=6284"}],"curies":[{"name":"wp","href":"https:\/\/api.w.org\/{rel}","templated":true}]}}