{"id":6308,"date":"2017-02-07T14:53:38","date_gmt":"2017-02-07T16:53:38","guid":{"rendered":"http:\/\/lavras.tv\/site\/?p=6308"},"modified":"2017-02-07T14:53:38","modified_gmt":"2017-02-07T16:53:38","slug":"training-camp-de-ginastica-ufla-recebeu-atletas-do-brasil-e-internacionais","status":"publish","type":"post","link":"https:\/\/lavras.tv\/site\/2017\/02\/07\/training-camp-de-ginastica-ufla-recebeu-atletas-do-brasil-e-internacionais\/","title":{"rendered":"Training Camp de Gin\u00e1stica: UFLA recebeu atletas do Brasil e internacionais"},"content":{"rendered":"<div class=\"lavra-antes-do-conteudo_2\" id=\"lavra-2766971958\"><div id=\"lavra-slider-27\" class=\"custom-slider lavra-slider-3297734027 lavra-slider\"><ul><li><div style=\"margin-left: auto;margin-right: auto;text-align: center;\" id=\"lavra-349569124\"><a href=\"https:\/\/sistemas.lavras.mg.gov.br\/portalcidadao\/#df1b1a7c7b2a290bcb31e32771e610784662739a88807c0dacac58ede5f391a7530e299dc302d611ee73cb143fc22eaf93592e53e7b5bdb01b00a0b8d28dae460c141dd2ff83412e4dc1c31b16b25f33144a9e5620ea73b13f5bc1c59411d98439ad226e8af03840603796067d87afe130812cf3de24982d0e306f9e61e764e5\" aria-label=\"Lavras-TV&#8211;720x104px (1) (1)\"><img src=\"https:\/\/lavras.tv\/site\/wp-content\/uploads\/2025\/01\/Lavras-TV-720x104px-1-1.png\" alt=\"\"  srcset=\"https:\/\/lavras.tv\/site\/wp-content\/uploads\/2025\/01\/Lavras-TV-720x104px-1-1.png 720w, https:\/\/lavras.tv\/site\/wp-content\/uploads\/2025\/01\/Lavras-TV-720x104px-1-1-470x68.png 470w, https:\/\/lavras.tv\/site\/wp-content\/uploads\/2025\/01\/Lavras-TV-720x104px-1-1-170x25.png 170w, https:\/\/lavras.tv\/site\/wp-content\/uploads\/2025\/01\/Lavras-TV-720x104px-1-1-200x29.png 200w\" sizes=\"(max-width: 720px) 100vw, 720px\" width=\"720\" height=\"104\"  style=\"display: inline-block;\" \/><\/a><\/div><\/li><li><a href=\"https:\/\/sistemas.lavras.mg.gov.br\/portalcidadao\/#df1b1a7c7b2a290bcb31e32771e610784662739a88807c0dacac58ede5f391a7530e299dc302d611ee73cb143fc22eaf93592e53e7b5bdb01b00a0b8d28dae460c141dd2ff83412e4dc1c31b16b25f33144a9e5620ea73b13f5bc1c59411d98439ad226e8af03840603796067d87afe130812cf3de24982d0e306f9e61e764e5\" aria-label=\"Banner_Emprego_PortallavrasTV\"><img src=\"https:\/\/lavras.tv\/site\/wp-content\/uploads\/2025\/03\/Banner_Emprego_PortallavrasTV.png\" alt=\"\"  srcset=\"https:\/\/lavras.tv\/site\/wp-content\/uploads\/2025\/03\/Banner_Emprego_PortallavrasTV.png 720w, https:\/\/lavras.tv\/site\/wp-content\/uploads\/2025\/03\/Banner_Emprego_PortallavrasTV-470x68.png 470w, https:\/\/lavras.tv\/site\/wp-content\/uploads\/2025\/03\/Banner_Emprego_PortallavrasTV-170x25.png 170w, https:\/\/lavras.tv\/site\/wp-content\/uploads\/2025\/03\/Banner_Emprego_PortallavrasTV-200x29.png 200w\" sizes=\"(max-width: 720px) 100vw, 720px\" width=\"720\" height=\"104\"   \/><\/a><\/li><li><a href=\"https:\/\/sistemas.lavras.mg.gov.br\/portalcidadao\/#df1b1a7c7b2a290bcb31e32771e610784662739a88807c0dacac58ede5f391a7530e299dc302d611ee73cb143fc22eaf93592e53e7b5bdb01b00a0b8d28dae460c141dd2ff83412e4dc1c31b16b25f33144a9e5620ea73b13f5bc1c59411d98439ad226e8af03840603796067d87afe130812cf3de24982d0e306f9e61e764e5\" aria-label=\"Banner_Obras_PortallavrasTV\"><img src=\"https:\/\/lavras.tv\/site\/wp-content\/uploads\/2025\/03\/Banner_Obras_PortallavrasTV.png\" alt=\"\"  srcset=\"https:\/\/lavras.tv\/site\/wp-content\/uploads\/2025\/03\/Banner_Obras_PortallavrasTV.png 720w, https:\/\/lavras.tv\/site\/wp-content\/uploads\/2025\/03\/Banner_Obras_PortallavrasTV-470x68.png 470w, https:\/\/lavras.tv\/site\/wp-content\/uploads\/2025\/03\/Banner_Obras_PortallavrasTV-170x25.png 170w, https:\/\/lavras.tv\/site\/wp-content\/uploads\/2025\/03\/Banner_Obras_PortallavrasTV-200x29.png 200w\" sizes=\"(max-width: 720px) 100vw, 720px\" width=\"720\" height=\"104\"   \/><\/a><\/li><li><div style=\"margin-left: auto;margin-right: auto;text-align: center;\" id=\"lavra-2194369288\"><a href=\"https:\/\/sistemas.lavras.mg.gov.br\/portalcidadao\/#df1b1a7c7b2a290bcb31e32771e610784662739a88807c0dacac58ede5f391a7530e299dc302d611ee73cb143fc22eaf93592e53e7b5bdb01b00a0b8d28dae460c141dd2ff83412e4dc1c31b16b25f33144a9e5620ea73b13f5bc1c59411d98439ad226e8af03840603796067d87afe130812cf3de24982d0e306f9e61e764e5\" aria-label=\"Banner_Educa\u00e7\u00e3o_PortallavrasTV\"><img src=\"https:\/\/lavras.tv\/site\/wp-content\/uploads\/2025\/01\/Banner_Educacao_PortallavrasTV.png\" alt=\"\"  srcset=\"https:\/\/lavras.tv\/site\/wp-content\/uploads\/2025\/01\/Banner_Educacao_PortallavrasTV.png 720w, https:\/\/lavras.tv\/site\/wp-content\/uploads\/2025\/01\/Banner_Educacao_PortallavrasTV-470x68.png 470w, https:\/\/lavras.tv\/site\/wp-content\/uploads\/2025\/01\/Banner_Educacao_PortallavrasTV-170x25.png 170w, https:\/\/lavras.tv\/site\/wp-content\/uploads\/2025\/01\/Banner_Educacao_PortallavrasTV-200x29.png 200w\" sizes=\"(max-width: 720px) 100vw, 720px\" width=\"720\" height=\"104\"  style=\"display: inline-block;\" \/><\/a><\/div><\/li><li><a href=\"https:\/\/sistemas.lavras.mg.gov.br\/portalcidadao\/#df1b1a7c7b2a290bcb31e32771e610784662739a88807c0dacac58ede5f391a7530e299dc302d611ee73cb143fc22eaf93592e53e7b5bdb01b00a0b8d28dae460c141dd2ff83412e4dc1c31b16b25f33144a9e5620ea73b13f5bc1c59411d98439ad226e8af03840603796067d87afe130812cf3de24982d0e306f9e61e764e5\" aria-label=\"Banner_Sa\u00fade_PortallavrasTV\"><img src=\"https:\/\/lavras.tv\/site\/wp-content\/uploads\/2025\/03\/Banner_Saude_PortallavrasTV.png\" alt=\"\"  srcset=\"https:\/\/lavras.tv\/site\/wp-content\/uploads\/2025\/03\/Banner_Saude_PortallavrasTV.png 720w, https:\/\/lavras.tv\/site\/wp-content\/uploads\/2025\/03\/Banner_Saude_PortallavrasTV-470x68.png 470w, https:\/\/lavras.tv\/site\/wp-content\/uploads\/2025\/03\/Banner_Saude_PortallavrasTV-170x25.png 170w, https:\/\/lavras.tv\/site\/wp-content\/uploads\/2025\/03\/Banner_Saude_PortallavrasTV-200x29.png 200w\" sizes=\"(max-width: 720px) 100vw, 720px\" width=\"720\" height=\"104\"   \/><\/a><\/li><li><div id=\"lavra-1707187544\" style=\"width:720px;height:104px;background-color:#ddd;overflow:scroll;\">\n\t<strong>Sa\u00edda da depura\u00e7\u00e3o de an\u00fancios<\/strong>\n\t<br><br>\n\tO an\u00fancio n\u00e3o \u00e9 exibido na p\u00e1gina<br><br>post atual: Training Camp de Gin\u00e1stica: UFLA recebeu atletas do Brasil e internacionais, ID: 6308<br><br><span style=\"color: red;\">O post atual n\u00e3o \u00e9 id\u00eantico ao post principal.<\/span><br><br>An\u00fancios: ROXO - TOPO INTERNA - ROTATIVO 2 (197)<br \/>Grupo de an\u00fancios: Princ_Meio01_720x104 (27)<br><br>Condi\u00e7\u00f5es de exibi\u00e7\u00e3o<div style=\"margin-bottom: 20px; white-space: pre-wrap; font-family: monospace; width: 100%; background: #ffe9e9;\"><strong>condi\u00e7\u00f5es gerais<\/strong><table border=\"1\"><thead><tr><th><\/th><th>An\u00fancios<\/th><th>wp_the_query<\/th><\/tr><\/thead><tr><td>is_main_query<\/td><td>1<\/td><td>1<\/td><\/tr><tr><td>is_rest_api<\/td><td>0<\/td><td>1<\/td><\/tr><tr><td>page<\/td><td>0<\/td><td>1<\/td><\/tr><tr><td>numpages<\/td><td>0<\/td><td>1<\/td><\/tr><tr><td>is_archive<\/td><td>1<\/td><td><\/td><\/tr><tr><td>is_search<\/td><td>1<\/td><td><\/td><\/tr><tr><td>is_home<\/td><td>1<\/td><td><\/td><\/tr><tr><td>is_404<\/td><td>1<\/td><td><\/td><\/tr><tr><td>is_attachment<\/td><td>1<\/td><td><\/td><\/tr><tr><td>is_singular<\/td><td>1<\/td><td><\/td><\/tr><tr><td>is_front_page<\/td><td>1<\/td><td><\/td><\/tr><tr><td>is_feed<\/td><td>1<\/td><td><\/td><\/tr><\/table><\/div><br><br><span style=\"color: red;\">Seu site usa HTTPS, mas o c\u00f3digo do an\u00fancio cont\u00e9m HTTP e pode n\u00e3o funcionar.<\/span>\t<br><br>\n\t<a style=\"color: green;\" href=\"https:\/\/wpadvancedads.com\/manual\/ad-debug-mode\/?utm_source=advanced-ads&utm_medium=link&utm_campaign=ad-debug-mode\" target=\"_blank\" rel=\"nofollow\">Encontre solu\u00e7\u00f5es no manual<\/a>\n<\/div>\n<\/li><\/ul><\/div><script>( window.advanced_ads_ready || jQuery( document ).ready ).call( null, function() {var $lavraslider3297734027 = jQuery( \".lavra-slider-3297734027\" );$lavraslider3297734027.on( \"unslider.ready\", function() { jQuery( \"div.custom-slider ul li\" ).css( \"display\", \"block\" ); });$lavraslider3297734027.unslider({ delay:4000, autoplay:true, nav:false, arrows:false, infinite:true });$lavraslider3297734027.on(\"mouseover\", function() {$lavraslider3297734027.unslider(\"stop\");}).on(\"mouseout\", function() {$lavraslider3297734027.unslider(\"start\");});});<\/script><\/div><p>A primeira semana de fevereiro foi de muito ganho para a gin\u00e1stica aer\u00f3bica da UFLA. <!--more-->Isso porque foi realizado, na Universidade, o I Training Camp de Gin\u00e1stica Aer\u00f3bica, promovido no Departamento de Educa\u00e7\u00e3o F\u00edsica (DEF) de 1\u00ba a 5 de fevereiro. Cerca de 50 atletas e t\u00e9cnicos participaram do evento.<\/p>\n<p><img fetchpriority=\"high\" decoding=\"async\" class=\"size-full wp-image-6309 aligncenter\" src=\"http:\/\/lavras.tv\/site\/wp-content\/uploads\/2017\/02\/training-camp-ginastica.jpg\" alt=\"training-camp-ginastica\" width=\"1080\" height=\"760\" srcset=\"https:\/\/lavras.tv\/site\/wp-content\/uploads\/2017\/02\/training-camp-ginastica.jpg 1080w, https:\/\/lavras.tv\/site\/wp-content\/uploads\/2017\/02\/training-camp-ginastica-150x106.jpg 150w, https:\/\/lavras.tv\/site\/wp-content\/uploads\/2017\/02\/training-camp-ginastica-300x211.jpg 300w, https:\/\/lavras.tv\/site\/wp-content\/uploads\/2017\/02\/training-camp-ginastica-1024x721.jpg 1024w\" sizes=\"(max-width: 1080px) 100vw, 1080px\" \/><\/p>\n<p>A organiza\u00e7\u00e3o convidou a atleta e \u00e1rbitra espanhola Sara Moreno, que compartilhou experi\u00eancias e orienta\u00e7\u00f5es sobre mudan\u00e7as nas regras da gin\u00e1stica aer\u00f3bica. A cada ciclo ol\u00edmpico, o c\u00f3digo de pontua\u00e7\u00e3o da modalidade passa por altera\u00e7\u00f5es e as aplicadas ao quadri\u00eanio 2017\/2020 foram repassadas pela atleta espanhola.<\/p>\n<p><img decoding=\"async\" class=\"wp-image-6310 aligncenter\" src=\"http:\/\/lavras.tv\/site\/wp-content\/uploads\/2017\/02\/LUIS.jpg\" alt=\"LUIS\" width=\"1094\" height=\"729\" srcset=\"https:\/\/lavras.tv\/site\/wp-content\/uploads\/2017\/02\/LUIS.jpg 1200w, https:\/\/lavras.tv\/site\/wp-content\/uploads\/2017\/02\/LUIS-150x100.jpg 150w, https:\/\/lavras.tv\/site\/wp-content\/uploads\/2017\/02\/LUIS-300x200.jpg 300w, https:\/\/lavras.tv\/site\/wp-content\/uploads\/2017\/02\/LUIS-1024x683.jpg 1024w, https:\/\/lavras.tv\/site\/wp-content\/uploads\/2017\/02\/LUIS-480x320.jpg 480w, https:\/\/lavras.tv\/site\/wp-content\/uploads\/2017\/02\/LUIS-272x182.jpg 272w\" sizes=\"(max-width: 1094px) 100vw, 1094px\" \/><\/p>\n<p>Com isso, esportistas de 9 anos at\u00e9 atletas profissionais \u2013 incluindo a equipe da UFLA que se apresentou nas Olimp\u00edadas do Rio de Janeiro, em 2016 \u2013 atualizaram-se receberam treinamento intensivo, com cerca de oito horas di\u00e1rias. \u00a0\u201cFoi uma oportunidade fant\u00e1stica de intera\u00e7\u00e3o, conhecimento e troca de experi\u00eancias\u201d, comentou o professor Luiz Henrique Maciel, do DEF, e t\u00e9cnico da Sele\u00e7\u00e3o Brasileira de Gin\u00e1stica Aer\u00f3bica.<\/p>\n<p>O evento recebeu atletas e t\u00e9cnicos da UFLA, Universidade Federal de Minas Gerais (UFMG), S\u00e3o Paulo Futebol Clube (SPFC) e Centro Esportivo Ramiro (CER\u2013RJ). A gin\u00e1stica aer\u00f3bica busca se tornar uma modalidade ol\u00edmpica.<\/p>\n<p><img decoding=\"async\" class=\" wp-image-6311 aligncenter\" src=\"http:\/\/lavras.tv\/site\/wp-content\/uploads\/2017\/02\/CAMPING.jpg\" alt=\"CAMPING\" width=\"1109\" height=\"739\" srcset=\"https:\/\/lavras.tv\/site\/wp-content\/uploads\/2017\/02\/CAMPING.jpg 2000w, https:\/\/lavras.tv\/site\/wp-content\/uploads\/2017\/02\/CAMPING-150x100.jpg 150w, https:\/\/lavras.tv\/site\/wp-content\/uploads\/2017\/02\/CAMPING-300x200.jpg 300w, https:\/\/lavras.tv\/site\/wp-content\/uploads\/2017\/02\/CAMPING-1024x682.jpg 1024w, https:\/\/lavras.tv\/site\/wp-content\/uploads\/2017\/02\/CAMPING-480x320.jpg 480w, https:\/\/lavras.tv\/site\/wp-content\/uploads\/2017\/02\/CAMPING-272x182.jpg 272w\" sizes=\"(max-width: 1109px) 100vw, 1109px\" \/><\/p>\n<p>Fonte: UFLA<\/p>\n<p>&nbsp;<\/p>\n","protected":false},"excerpt":{"rendered":"<p>A primeira semana de fevereiro foi de muito ganho para a gin\u00e1stica aer\u00f3bica da UFLA.<\/p>\n","protected":false},"author":2,"featured_media":6309,"comment_status":"closed","ping_status":"open","sticky":false,"template":"","format":"standard","meta":{"advgb_blocks_editor_width":"","advgb_blocks_columns_visual_guide":"","_exactmetrics_skip_tracking":false,"_exactmetrics_sitenote_active":false,"_exactmetrics_sitenote_note":"","_exactmetrics_sitenote_category":0,"footnotes":""},"categories":[7,3],"tags":[938,2592,56],"class_list":["post-6308","post","type-post","status-publish","format-standard","has-post-thumbnail","hentry","category-destaques","category-esportes","tag-ginastica-aerobica","tag-training-camp","tag-ufla"],"better_featured_image":{"id":6309,"alt_text":"","caption":"","description":"","media_type":"image","media_details":{"width":1080,"height":760,"file":"2017\/02\/training-camp-ginastica.jpg","sizes":{"thumbnail":{"file":"training-camp-ginastica-150x106.jpg","width":150,"height":106,"mime-type":"image\/jpeg","source_url":"https:\/\/lavras.tv\/site\/wp-content\/uploads\/2017\/02\/training-camp-ginastica-150x106.jpg"},"medium":{"file":"training-camp-ginastica-300x211.jpg","width":300,"height":211,"mime-type":"image\/jpeg","source_url":"https:\/\/lavras.tv\/site\/wp-content\/uploads\/2017\/02\/training-camp-ginastica-300x211.jpg"},"large":{"file":"training-camp-ginastica-1024x721.jpg","width":1024,"height":721,"mime-type":"image\/jpeg","source_url":"https:\/\/lavras.tv\/site\/wp-content\/uploads\/2017\/02\/training-camp-ginastica-1024x721.jpg"},"featured-slider-img":{"file":"training-camp-ginastica-640x480.jpg","width":640,"height":480,"mime-type":"image\/jpeg","source_url":"https:\/\/lavras.tv\/site\/wp-content\/uploads\/2017\/02\/training-camp-ginastica-640x480.jpg"},"featured-post-img":{"file":"training-camp-ginastica-480x320.jpg","width":480,"height":320,"mime-type":"image\/jpeg","source_url":"https:\/\/lavras.tv\/site\/wp-content\/uploads\/2017\/02\/training-camp-ginastica-480x320.jpg"},"sow-carousel-default":{"file":"training-camp-ginastica-272x182.jpg","width":272,"height":182,"mime-type":"image\/jpeg","source_url":"https:\/\/lavras.tv\/site\/wp-content\/uploads\/2017\/02\/training-camp-ginastica-272x182.jpg"}},"image_meta":{"aperture":"0","credit":"","camera":"","caption":"","created_timestamp":"0","copyright":"","focal_length":"0","iso":"0","shutter_speed":"0","title":"","orientation":"0","keywords":[]}},"post":6308,"source_url":"https:\/\/lavras.tv\/site\/wp-content\/uploads\/2017\/02\/training-camp-ginastica.jpg"},"author_meta":{"display_name":"Lavras TV","author_link":"https:\/\/lavras.tv\/site\/author\/lavrastv\/"},"featured_img":"https:\/\/lavras.tv\/site\/wp-content\/uploads\/2017\/02\/training-camp-ginastica-300x211.jpg","coauthors":[],"tax_additional":{"categories":{"linked":["<a href=\"https:\/\/lavras.tv\/site\/category\/destaques\/\" class=\"advgb-post-tax-term\">Destaques<\/a>","<a href=\"https:\/\/lavras.tv\/site\/category\/esportes\/\" class=\"advgb-post-tax-term\">Esportes<\/a>"],"unlinked":["<span class=\"advgb-post-tax-term\">Destaques<\/span>","<span class=\"advgb-post-tax-term\">Esportes<\/span>"]},"tags":{"linked":["<a href=\"https:\/\/lavras.tv\/site\/category\/esportes\/\" class=\"advgb-post-tax-term\">gin\u00e1stica aer\u00f3bica<\/a>","<a href=\"https:\/\/lavras.tv\/site\/category\/esportes\/\" class=\"advgb-post-tax-term\">training camp<\/a>","<a href=\"https:\/\/lavras.tv\/site\/category\/esportes\/\" class=\"advgb-post-tax-term\">ufla<\/a>"],"unlinked":["<span class=\"advgb-post-tax-term\">gin\u00e1stica aer\u00f3bica<\/span>","<span class=\"advgb-post-tax-term\">training camp<\/span>","<span class=\"advgb-post-tax-term\">ufla<\/span>"]}},"comment_count":"0","relative_dates":{"created":"Publicado 9 anos atr\u00e1s","modified":"Atualizado 9 anos atr\u00e1s"},"absolute_dates":{"created":"Publicado em 7 de fevereiro de 2017","modified":"Atualizado em 7 de fevereiro de 2017"},"absolute_dates_time":{"created":"Publicado em 7 de fevereiro de 2017 14:53","modified":"Atualizado em 7 de fevereiro de 2017 14:53"},"featured_img_caption":"","series_order":"","_links":{"self":[{"href":"https:\/\/lavras.tv\/site\/wp-json\/wp\/v2\/posts\/6308","targetHints":{"allow":["GET"]}}],"collection":[{"href":"https:\/\/lavras.tv\/site\/wp-json\/wp\/v2\/posts"}],"about":[{"href":"https:\/\/lavras.tv\/site\/wp-json\/wp\/v2\/types\/post"}],"author":[{"embeddable":true,"href":"https:\/\/lavras.tv\/site\/wp-json\/wp\/v2\/users\/2"}],"replies":[{"embeddable":true,"href":"https:\/\/lavras.tv\/site\/wp-json\/wp\/v2\/comments?post=6308"}],"version-history":[{"count":1,"href":"https:\/\/lavras.tv\/site\/wp-json\/wp\/v2\/posts\/6308\/revisions"}],"predecessor-version":[{"id":6312,"href":"https:\/\/lavras.tv\/site\/wp-json\/wp\/v2\/posts\/6308\/revisions\/6312"}],"wp:featuredmedia":[{"embeddable":true,"href":"https:\/\/lavras.tv\/site\/wp-json\/wp\/v2\/media\/6309"}],"wp:attachment":[{"href":"https:\/\/lavras.tv\/site\/wp-json\/wp\/v2\/media?parent=6308"}],"wp:term":[{"taxonomy":"category","embeddable":true,"href":"https:\/\/lavras.tv\/site\/wp-json\/wp\/v2\/categories?post=6308"},{"taxonomy":"post_tag","embeddable":true,"href":"https:\/\/lavras.tv\/site\/wp-json\/wp\/v2\/tags?post=6308"}],"curies":[{"name":"wp","href":"https:\/\/api.w.org\/{rel}","templated":true}]}}