{"id":6320,"date":"2017-02-08T08:46:19","date_gmt":"2017-02-08T10:46:19","guid":{"rendered":"http:\/\/lavras.tv\/site\/?p=6320"},"modified":"2017-02-08T08:46:19","modified_gmt":"2017-02-08T10:46:19","slug":"informe-parlamentar-damina-pereira-o-hospital-do-cancer-tera-condicao-imediata-de-pleitear-convenio-com-o-sus","status":"publish","type":"post","link":"https:\/\/lavras.tv\/site\/2017\/02\/08\/informe-parlamentar-damina-pereira-o-hospital-do-cancer-tera-condicao-imediata-de-pleitear-convenio-com-o-sus\/","title":{"rendered":"[Informe Parlamentar] D\u00e2mina Pereira: \u201cO Hospital do C\u00e2ncer ter\u00e1 condi\u00e7\u00e3o imediata de pleitear conv\u00eanio com o SUS\u201d"},"content":{"rendered":"<div class=\"lavra-antes-do-conteudo_2\" id=\"lavra-2301699780\"><div id=\"lavra-slider-27\" class=\"custom-slider lavra-slider-1054778448 lavra-slider\"><ul><li><div style=\"margin-left: auto;margin-right: auto;text-align: center;\" id=\"lavra-368813402\"><a href=\"https:\/\/sistemas.lavras.mg.gov.br\/portalcidadao\/#df1b1a7c7b2a290bcb31e32771e610784662739a88807c0dacac58ede5f391a7530e299dc302d611ee73cb143fc22eaf93592e53e7b5bdb01b00a0b8d28dae460c141dd2ff83412e4dc1c31b16b25f33144a9e5620ea73b13f5bc1c59411d98439ad226e8af03840603796067d87afe130812cf3de24982d0e306f9e61e764e5\" aria-label=\"Lavras-TV&#8211;720x104px (1) (1)\"><img src=\"https:\/\/lavras.tv\/site\/wp-content\/uploads\/2025\/01\/Lavras-TV-720x104px-1-1.png\" alt=\"\"  srcset=\"https:\/\/lavras.tv\/site\/wp-content\/uploads\/2025\/01\/Lavras-TV-720x104px-1-1.png 720w, https:\/\/lavras.tv\/site\/wp-content\/uploads\/2025\/01\/Lavras-TV-720x104px-1-1-470x68.png 470w, https:\/\/lavras.tv\/site\/wp-content\/uploads\/2025\/01\/Lavras-TV-720x104px-1-1-170x25.png 170w, https:\/\/lavras.tv\/site\/wp-content\/uploads\/2025\/01\/Lavras-TV-720x104px-1-1-200x29.png 200w\" sizes=\"(max-width: 720px) 100vw, 720px\" width=\"720\" height=\"104\"  style=\"display: inline-block;\" \/><\/a><\/div><\/li><li><a href=\"https:\/\/sistemas.lavras.mg.gov.br\/portalcidadao\/#df1b1a7c7b2a290bcb31e32771e610784662739a88807c0dacac58ede5f391a7530e299dc302d611ee73cb143fc22eaf93592e53e7b5bdb01b00a0b8d28dae460c141dd2ff83412e4dc1c31b16b25f33144a9e5620ea73b13f5bc1c59411d98439ad226e8af03840603796067d87afe130812cf3de24982d0e306f9e61e764e5\" aria-label=\"Banner_Emprego_PortallavrasTV\"><img src=\"https:\/\/lavras.tv\/site\/wp-content\/uploads\/2025\/03\/Banner_Emprego_PortallavrasTV.png\" alt=\"\"  srcset=\"https:\/\/lavras.tv\/site\/wp-content\/uploads\/2025\/03\/Banner_Emprego_PortallavrasTV.png 720w, https:\/\/lavras.tv\/site\/wp-content\/uploads\/2025\/03\/Banner_Emprego_PortallavrasTV-470x68.png 470w, https:\/\/lavras.tv\/site\/wp-content\/uploads\/2025\/03\/Banner_Emprego_PortallavrasTV-170x25.png 170w, https:\/\/lavras.tv\/site\/wp-content\/uploads\/2025\/03\/Banner_Emprego_PortallavrasTV-200x29.png 200w\" sizes=\"(max-width: 720px) 100vw, 720px\" width=\"720\" height=\"104\"   \/><\/a><\/li><li><a href=\"https:\/\/sistemas.lavras.mg.gov.br\/portalcidadao\/#df1b1a7c7b2a290bcb31e32771e610784662739a88807c0dacac58ede5f391a7530e299dc302d611ee73cb143fc22eaf93592e53e7b5bdb01b00a0b8d28dae460c141dd2ff83412e4dc1c31b16b25f33144a9e5620ea73b13f5bc1c59411d98439ad226e8af03840603796067d87afe130812cf3de24982d0e306f9e61e764e5\" aria-label=\"Banner_Obras_PortallavrasTV\"><img src=\"https:\/\/lavras.tv\/site\/wp-content\/uploads\/2025\/03\/Banner_Obras_PortallavrasTV.png\" alt=\"\"  srcset=\"https:\/\/lavras.tv\/site\/wp-content\/uploads\/2025\/03\/Banner_Obras_PortallavrasTV.png 720w, https:\/\/lavras.tv\/site\/wp-content\/uploads\/2025\/03\/Banner_Obras_PortallavrasTV-470x68.png 470w, https:\/\/lavras.tv\/site\/wp-content\/uploads\/2025\/03\/Banner_Obras_PortallavrasTV-170x25.png 170w, https:\/\/lavras.tv\/site\/wp-content\/uploads\/2025\/03\/Banner_Obras_PortallavrasTV-200x29.png 200w\" sizes=\"(max-width: 720px) 100vw, 720px\" width=\"720\" height=\"104\"   \/><\/a><\/li><li><div style=\"margin-left: auto;margin-right: auto;text-align: center;\" id=\"lavra-2662312949\"><a href=\"https:\/\/sistemas.lavras.mg.gov.br\/portalcidadao\/#df1b1a7c7b2a290bcb31e32771e610784662739a88807c0dacac58ede5f391a7530e299dc302d611ee73cb143fc22eaf93592e53e7b5bdb01b00a0b8d28dae460c141dd2ff83412e4dc1c31b16b25f33144a9e5620ea73b13f5bc1c59411d98439ad226e8af03840603796067d87afe130812cf3de24982d0e306f9e61e764e5\" aria-label=\"Banner_Educa\u00e7\u00e3o_PortallavrasTV\"><img src=\"https:\/\/lavras.tv\/site\/wp-content\/uploads\/2025\/01\/Banner_Educacao_PortallavrasTV.png\" alt=\"\"  srcset=\"https:\/\/lavras.tv\/site\/wp-content\/uploads\/2025\/01\/Banner_Educacao_PortallavrasTV.png 720w, https:\/\/lavras.tv\/site\/wp-content\/uploads\/2025\/01\/Banner_Educacao_PortallavrasTV-470x68.png 470w, https:\/\/lavras.tv\/site\/wp-content\/uploads\/2025\/01\/Banner_Educacao_PortallavrasTV-170x25.png 170w, https:\/\/lavras.tv\/site\/wp-content\/uploads\/2025\/01\/Banner_Educacao_PortallavrasTV-200x29.png 200w\" sizes=\"(max-width: 720px) 100vw, 720px\" width=\"720\" height=\"104\"  style=\"display: inline-block;\" \/><\/a><\/div><\/li><li><a href=\"https:\/\/sistemas.lavras.mg.gov.br\/portalcidadao\/#df1b1a7c7b2a290bcb31e32771e610784662739a88807c0dacac58ede5f391a7530e299dc302d611ee73cb143fc22eaf93592e53e7b5bdb01b00a0b8d28dae460c141dd2ff83412e4dc1c31b16b25f33144a9e5620ea73b13f5bc1c59411d98439ad226e8af03840603796067d87afe130812cf3de24982d0e306f9e61e764e5\" aria-label=\"Banner_Sa\u00fade_PortallavrasTV\"><img src=\"https:\/\/lavras.tv\/site\/wp-content\/uploads\/2025\/03\/Banner_Saude_PortallavrasTV.png\" alt=\"\"  srcset=\"https:\/\/lavras.tv\/site\/wp-content\/uploads\/2025\/03\/Banner_Saude_PortallavrasTV.png 720w, https:\/\/lavras.tv\/site\/wp-content\/uploads\/2025\/03\/Banner_Saude_PortallavrasTV-470x68.png 470w, https:\/\/lavras.tv\/site\/wp-content\/uploads\/2025\/03\/Banner_Saude_PortallavrasTV-170x25.png 170w, https:\/\/lavras.tv\/site\/wp-content\/uploads\/2025\/03\/Banner_Saude_PortallavrasTV-200x29.png 200w\" sizes=\"(max-width: 720px) 100vw, 720px\" width=\"720\" height=\"104\"   \/><\/a><\/li><li><div id=\"lavra-3542634814\" style=\"width:720px;height:104px;background-color:#ddd;overflow:scroll;\">\n\t<strong>Sa\u00edda da depura\u00e7\u00e3o de an\u00fancios<\/strong>\n\t<br><br>\n\tO an\u00fancio n\u00e3o \u00e9 exibido na p\u00e1gina<br><br>post atual: [Informe Parlamentar] D\u00e2mina Pereira: \u201cO Hospital do C\u00e2ncer ter\u00e1 condi\u00e7\u00e3o imediata de pleitear conv\u00eanio com o SUS\u201d, ID: 6320<br><br><span style=\"color: red;\">O post atual n\u00e3o \u00e9 id\u00eantico ao post principal.<\/span><br><br>An\u00fancios: ROXO - TOPO INTERNA - ROTATIVO 2 (197)<br \/>Grupo de an\u00fancios: Princ_Meio01_720x104 (27)<br><br>Condi\u00e7\u00f5es de exibi\u00e7\u00e3o<div style=\"margin-bottom: 20px; white-space: pre-wrap; font-family: monospace; width: 100%; background: #ffe9e9;\"><strong>condi\u00e7\u00f5es gerais<\/strong><table border=\"1\"><thead><tr><th><\/th><th>An\u00fancios<\/th><th>wp_the_query<\/th><\/tr><\/thead><tr><td>is_main_query<\/td><td>1<\/td><td>1<\/td><\/tr><tr><td>is_rest_api<\/td><td>0<\/td><td>1<\/td><\/tr><tr><td>page<\/td><td>0<\/td><td>1<\/td><\/tr><tr><td>numpages<\/td><td>0<\/td><td>1<\/td><\/tr><tr><td>is_archive<\/td><td>1<\/td><td><\/td><\/tr><tr><td>is_search<\/td><td>1<\/td><td><\/td><\/tr><tr><td>is_home<\/td><td>1<\/td><td><\/td><\/tr><tr><td>is_404<\/td><td>1<\/td><td><\/td><\/tr><tr><td>is_attachment<\/td><td>1<\/td><td><\/td><\/tr><tr><td>is_singular<\/td><td>1<\/td><td><\/td><\/tr><tr><td>is_front_page<\/td><td>1<\/td><td><\/td><\/tr><tr><td>is_feed<\/td><td>1<\/td><td><\/td><\/tr><\/table><\/div><br><br><span style=\"color: red;\">Seu site usa HTTPS, mas o c\u00f3digo do an\u00fancio cont\u00e9m HTTP e pode n\u00e3o funcionar.<\/span>\t<br><br>\n\t<a style=\"color: green;\" href=\"https:\/\/wpadvancedads.com\/manual\/ad-debug-mode\/?utm_source=advanced-ads&utm_medium=link&utm_campaign=ad-debug-mode\" target=\"_blank\" rel=\"nofollow\">Encontre solu\u00e7\u00f5es no manual<\/a>\n<\/div>\n<\/li><\/ul><\/div><script>( window.advanced_ads_ready || jQuery( document ).ready ).call( null, function() {var $lavraslider1054778448 = jQuery( \".lavra-slider-1054778448\" );$lavraslider1054778448.on( \"unslider.ready\", function() { jQuery( \"div.custom-slider ul li\" ).css( \"display\", \"block\" ); });$lavraslider1054778448.unslider({ delay:4000, autoplay:true, nav:false, arrows:false, infinite:true });$lavraslider1054778448.on(\"mouseover\", function() {$lavraslider1054778448.unslider(\"stop\");}).on(\"mouseout\", function() {$lavraslider1054778448.unslider(\"start\");});});<\/script><\/div><p>A deputada federal D\u00e2mina Pereira (PSL-MG) vem destinando recursos para a sa\u00fade em Lavras. <!--more-->J\u00e1 est\u00e1 empenhado o valor de R$6.813.361,00 para a Santa Casa de Miseric\u00f3rdia. S\u00e3o estes recursos que ir\u00e3o possibilitar que a Santa Casa, em parceria com a Funda\u00e7\u00e3o Jo\u00e3o Pereira de Carvalho, inicie o projeto para a constru\u00e7\u00e3o do Hospital do C\u00e2ncer. A previs\u00e3o \u00e9 que as obras comecem em mar\u00e7o deste ano.<\/p>\n<p><img fetchpriority=\"high\" decoding=\"async\" class=\"wp-image-6321 aligncenter\" src=\"http:\/\/lavras.tv\/site\/wp-content\/uploads\/2017\/02\/LBJ3866.jpg\" alt=\"_LBJ3866\" width=\"737\" height=\"491\" srcset=\"https:\/\/lavras.tv\/site\/wp-content\/uploads\/2017\/02\/LBJ3866.jpg 1800w, https:\/\/lavras.tv\/site\/wp-content\/uploads\/2017\/02\/LBJ3866-150x100.jpg 150w, https:\/\/lavras.tv\/site\/wp-content\/uploads\/2017\/02\/LBJ3866-300x200.jpg 300w, https:\/\/lavras.tv\/site\/wp-content\/uploads\/2017\/02\/LBJ3866-1024x682.jpg 1024w, https:\/\/lavras.tv\/site\/wp-content\/uploads\/2017\/02\/LBJ3866-480x320.jpg 480w, https:\/\/lavras.tv\/site\/wp-content\/uploads\/2017\/02\/LBJ3866-272x182.jpg 272w\" sizes=\"(max-width: 737px) 100vw, 737px\" \/><\/p>\n<p>\u201cCom a constru\u00e7\u00e3o da unidade de Radioterapia, primeira parte do projeto,\u00a0j\u00e1 se consegue pleitear de imediato o conv\u00eanio com o SUS, pois a Santa Casa possui os demais servi\u00e7os e instala\u00e7\u00f5es exigidos pelas normas do Minist\u00e9rio da Sa\u00fade\u201d, explicou a parlamentar.<\/p>\n<p>O terreno para a constru\u00e7\u00e3o do Hospital do C\u00e2ncer foi concedido pela Prefeitura. O espa\u00e7o fica pr\u00f3ximo \u00e0 entrada da cidade, \u00e0s margens da BR 265, e possui mais de 30 mil m\u00b2.<\/p>\n<p>Hoje, cerca de 1.600 pacientes da macrorregi\u00e3o de Lavras buscam tratamento para o c\u00e2ncer em outras cidades, at\u00e9 mesmo em Belo Horizonte e Barretos, no interior de S\u00e3o Paulo. Mas com a libera\u00e7\u00e3o subsequente das verbas de\u00a0emendas da deputada D\u00e2mina, teremos em breve o Hospital do C\u00e2ncer, incluindo uma unidade de oncologia pedi\u00e1trica. Ser\u00e1, com toda a certeza, um servi\u00e7o moderno, completo, integrado e preparado para oferecer a todos os cidad\u00e3os de Lavras e regi\u00e3o um tratamento oncol\u00f3gico pioneiro e eficiente.<\/p>\n<p>Fonte: Gabinete da deputada<\/p>\n","protected":false},"excerpt":{"rendered":"<p>A deputada federal D\u00e2mina Pereira (PSL-MG) vem destinando recursos para a sa\u00fade em Lavras.<\/p>\n","protected":false},"author":2,"featured_media":6321,"comment_status":"closed","ping_status":"open","sticky":false,"template":"","format":"standard","meta":{"advgb_blocks_editor_width":"","advgb_blocks_columns_visual_guide":"","_exactmetrics_skip_tracking":false,"_exactmetrics_sitenote_active":false,"_exactmetrics_sitenote_note":"","_exactmetrics_sitenote_category":0,"footnotes":""},"categories":[7,12],"tags":[671,1164,1397],"class_list":["post-6320","post","type-post","status-publish","format-standard","has-post-thumbnail","hentry","category-destaques","category-politica","tag-damina-pereira","tag-deputada-federal","tag-hospital-do-cancer-de-lavras"],"better_featured_image":{"id":6321,"alt_text":"","caption":"","description":"","media_type":"image","media_details":{"width":1800,"height":1199,"file":"2017\/02\/LBJ3866.jpg","sizes":{"thumbnail":{"file":"LBJ3866-150x100.jpg","width":150,"height":100,"mime-type":"image\/jpeg","source_url":"https:\/\/lavras.tv\/site\/wp-content\/uploads\/2017\/02\/LBJ3866-150x100.jpg"},"medium":{"file":"LBJ3866-300x200.jpg","width":300,"height":200,"mime-type":"image\/jpeg","source_url":"https:\/\/lavras.tv\/site\/wp-content\/uploads\/2017\/02\/LBJ3866-300x200.jpg"},"large":{"file":"LBJ3866-1024x682.jpg","width":1024,"height":682,"mime-type":"image\/jpeg","source_url":"https:\/\/lavras.tv\/site\/wp-content\/uploads\/2017\/02\/LBJ3866-1024x682.jpg"},"featured-slider-img":{"file":"LBJ3866-640x480.jpg","width":640,"height":480,"mime-type":"image\/jpeg","source_url":"https:\/\/lavras.tv\/site\/wp-content\/uploads\/2017\/02\/LBJ3866-640x480.jpg"},"featured-post-img":{"file":"LBJ3866-480x320.jpg","width":480,"height":320,"mime-type":"image\/jpeg","source_url":"https:\/\/lavras.tv\/site\/wp-content\/uploads\/2017\/02\/LBJ3866-480x320.jpg"},"sow-carousel-default":{"file":"LBJ3866-272x182.jpg","width":272,"height":182,"mime-type":"image\/jpeg","source_url":"https:\/\/lavras.tv\/site\/wp-content\/uploads\/2017\/02\/LBJ3866-272x182.jpg"}},"image_meta":{"aperture":"5","credit":"LUCIO BERNARDO JR","camera":"NIKON D700","caption":"","created_timestamp":"1475606896","copyright":"LUCIO BERNARDO JR","focal_length":"170","iso":"2000","shutter_speed":"0.002","title":"","orientation":"1","keywords":[]}},"post":6320,"source_url":"https:\/\/lavras.tv\/site\/wp-content\/uploads\/2017\/02\/LBJ3866.jpg"},"author_meta":{"display_name":"Lavras TV","author_link":"https:\/\/lavras.tv\/site\/author\/lavrastv\/"},"featured_img":"https:\/\/lavras.tv\/site\/wp-content\/uploads\/2017\/02\/LBJ3866-300x200.jpg","coauthors":[],"tax_additional":{"categories":{"linked":["<a href=\"https:\/\/lavras.tv\/site\/category\/destaques\/\" class=\"advgb-post-tax-term\">Destaques<\/a>","<a href=\"https:\/\/lavras.tv\/site\/category\/politica\/\" class=\"advgb-post-tax-term\">Pol\u00edtica<\/a>"],"unlinked":["<span class=\"advgb-post-tax-term\">Destaques<\/span>","<span class=\"advgb-post-tax-term\">Pol\u00edtica<\/span>"]},"tags":{"linked":["<a href=\"https:\/\/lavras.tv\/site\/category\/politica\/\" class=\"advgb-post-tax-term\">D\u00e2mina Pereira<\/a>","<a href=\"https:\/\/lavras.tv\/site\/category\/politica\/\" class=\"advgb-post-tax-term\">deputada federal<\/a>","<a href=\"https:\/\/lavras.tv\/site\/category\/politica\/\" class=\"advgb-post-tax-term\">hospital do c\u00e2ncer de Lavras<\/a>"],"unlinked":["<span class=\"advgb-post-tax-term\">D\u00e2mina Pereira<\/span>","<span class=\"advgb-post-tax-term\">deputada federal<\/span>","<span class=\"advgb-post-tax-term\">hospital do c\u00e2ncer de Lavras<\/span>"]}},"comment_count":"0","relative_dates":{"created":"Publicado 9 anos atr\u00e1s","modified":"Atualizado 9 anos atr\u00e1s"},"absolute_dates":{"created":"Publicado em 8 de fevereiro de 2017","modified":"Atualizado em 8 de fevereiro de 2017"},"absolute_dates_time":{"created":"Publicado em 8 de fevereiro de 2017 08:46","modified":"Atualizado em 8 de fevereiro de 2017 08:46"},"featured_img_caption":"","series_order":"","_links":{"self":[{"href":"https:\/\/lavras.tv\/site\/wp-json\/wp\/v2\/posts\/6320","targetHints":{"allow":["GET"]}}],"collection":[{"href":"https:\/\/lavras.tv\/site\/wp-json\/wp\/v2\/posts"}],"about":[{"href":"https:\/\/lavras.tv\/site\/wp-json\/wp\/v2\/types\/post"}],"author":[{"embeddable":true,"href":"https:\/\/lavras.tv\/site\/wp-json\/wp\/v2\/users\/2"}],"replies":[{"embeddable":true,"href":"https:\/\/lavras.tv\/site\/wp-json\/wp\/v2\/comments?post=6320"}],"version-history":[{"count":1,"href":"https:\/\/lavras.tv\/site\/wp-json\/wp\/v2\/posts\/6320\/revisions"}],"predecessor-version":[{"id":6322,"href":"https:\/\/lavras.tv\/site\/wp-json\/wp\/v2\/posts\/6320\/revisions\/6322"}],"wp:featuredmedia":[{"embeddable":true,"href":"https:\/\/lavras.tv\/site\/wp-json\/wp\/v2\/media\/6321"}],"wp:attachment":[{"href":"https:\/\/lavras.tv\/site\/wp-json\/wp\/v2\/media?parent=6320"}],"wp:term":[{"taxonomy":"category","embeddable":true,"href":"https:\/\/lavras.tv\/site\/wp-json\/wp\/v2\/categories?post=6320"},{"taxonomy":"post_tag","embeddable":true,"href":"https:\/\/lavras.tv\/site\/wp-json\/wp\/v2\/tags?post=6320"}],"curies":[{"name":"wp","href":"https:\/\/api.w.org\/{rel}","templated":true}]}}