{"id":6454,"date":"2017-02-13T09:36:25","date_gmt":"2017-02-13T11:36:25","guid":{"rendered":"http:\/\/lavras.tv\/site\/?p=6454"},"modified":"2017-02-13T09:36:25","modified_gmt":"2017-02-13T11:36:25","slug":"associacao-de-clubes-busca-superliga-mais-rentavel-e-democratica","status":"publish","type":"post","link":"https:\/\/lavras.tv\/site\/2017\/02\/13\/associacao-de-clubes-busca-superliga-mais-rentavel-e-democratica\/","title":{"rendered":"Associa\u00e7\u00e3o de clubes busca Superliga mais rent\u00e1vel e democr\u00e1tica"},"content":{"rendered":"<div class=\"lavra-antes-do-conteudo_2\" id=\"lavra-2792636456\"><div id=\"lavra-slider-27\" class=\"custom-slider lavra-slider-2019876593 lavra-slider\"><ul><li><div style=\"margin-left: auto;margin-right: auto;text-align: center;\" id=\"lavra-1407675819\"><a href=\"https:\/\/sistemas.lavras.mg.gov.br\/portalcidadao\/#df1b1a7c7b2a290bcb31e32771e610784662739a88807c0dacac58ede5f391a7530e299dc302d611ee73cb143fc22eaf93592e53e7b5bdb01b00a0b8d28dae460c141dd2ff83412e4dc1c31b16b25f33144a9e5620ea73b13f5bc1c59411d98439ad226e8af03840603796067d87afe130812cf3de24982d0e306f9e61e764e5\" aria-label=\"Lavras-TV&#8211;720x104px (1) (1)\"><img src=\"https:\/\/lavras.tv\/site\/wp-content\/uploads\/2025\/01\/Lavras-TV-720x104px-1-1.png\" alt=\"\"  srcset=\"https:\/\/lavras.tv\/site\/wp-content\/uploads\/2025\/01\/Lavras-TV-720x104px-1-1.png 720w, https:\/\/lavras.tv\/site\/wp-content\/uploads\/2025\/01\/Lavras-TV-720x104px-1-1-470x68.png 470w, https:\/\/lavras.tv\/site\/wp-content\/uploads\/2025\/01\/Lavras-TV-720x104px-1-1-170x25.png 170w, https:\/\/lavras.tv\/site\/wp-content\/uploads\/2025\/01\/Lavras-TV-720x104px-1-1-200x29.png 200w\" sizes=\"(max-width: 720px) 100vw, 720px\" width=\"720\" height=\"104\"  style=\"display: inline-block;\" \/><\/a><\/div><\/li><li><a href=\"https:\/\/sistemas.lavras.mg.gov.br\/portalcidadao\/#df1b1a7c7b2a290bcb31e32771e610784662739a88807c0dacac58ede5f391a7530e299dc302d611ee73cb143fc22eaf93592e53e7b5bdb01b00a0b8d28dae460c141dd2ff83412e4dc1c31b16b25f33144a9e5620ea73b13f5bc1c59411d98439ad226e8af03840603796067d87afe130812cf3de24982d0e306f9e61e764e5\" aria-label=\"Banner_Emprego_PortallavrasTV\"><img src=\"https:\/\/lavras.tv\/site\/wp-content\/uploads\/2025\/03\/Banner_Emprego_PortallavrasTV.png\" alt=\"\"  srcset=\"https:\/\/lavras.tv\/site\/wp-content\/uploads\/2025\/03\/Banner_Emprego_PortallavrasTV.png 720w, https:\/\/lavras.tv\/site\/wp-content\/uploads\/2025\/03\/Banner_Emprego_PortallavrasTV-470x68.png 470w, https:\/\/lavras.tv\/site\/wp-content\/uploads\/2025\/03\/Banner_Emprego_PortallavrasTV-170x25.png 170w, https:\/\/lavras.tv\/site\/wp-content\/uploads\/2025\/03\/Banner_Emprego_PortallavrasTV-200x29.png 200w\" sizes=\"(max-width: 720px) 100vw, 720px\" width=\"720\" height=\"104\"   \/><\/a><\/li><li><a href=\"https:\/\/sistemas.lavras.mg.gov.br\/portalcidadao\/#df1b1a7c7b2a290bcb31e32771e610784662739a88807c0dacac58ede5f391a7530e299dc302d611ee73cb143fc22eaf93592e53e7b5bdb01b00a0b8d28dae460c141dd2ff83412e4dc1c31b16b25f33144a9e5620ea73b13f5bc1c59411d98439ad226e8af03840603796067d87afe130812cf3de24982d0e306f9e61e764e5\" aria-label=\"Banner_Obras_PortallavrasTV\"><img src=\"https:\/\/lavras.tv\/site\/wp-content\/uploads\/2025\/03\/Banner_Obras_PortallavrasTV.png\" alt=\"\"  srcset=\"https:\/\/lavras.tv\/site\/wp-content\/uploads\/2025\/03\/Banner_Obras_PortallavrasTV.png 720w, https:\/\/lavras.tv\/site\/wp-content\/uploads\/2025\/03\/Banner_Obras_PortallavrasTV-470x68.png 470w, https:\/\/lavras.tv\/site\/wp-content\/uploads\/2025\/03\/Banner_Obras_PortallavrasTV-170x25.png 170w, https:\/\/lavras.tv\/site\/wp-content\/uploads\/2025\/03\/Banner_Obras_PortallavrasTV-200x29.png 200w\" sizes=\"(max-width: 720px) 100vw, 720px\" width=\"720\" height=\"104\"   \/><\/a><\/li><li><div style=\"margin-left: auto;margin-right: auto;text-align: center;\" id=\"lavra-1329124227\"><a href=\"https:\/\/sistemas.lavras.mg.gov.br\/portalcidadao\/#df1b1a7c7b2a290bcb31e32771e610784662739a88807c0dacac58ede5f391a7530e299dc302d611ee73cb143fc22eaf93592e53e7b5bdb01b00a0b8d28dae460c141dd2ff83412e4dc1c31b16b25f33144a9e5620ea73b13f5bc1c59411d98439ad226e8af03840603796067d87afe130812cf3de24982d0e306f9e61e764e5\" aria-label=\"Banner_Educa\u00e7\u00e3o_PortallavrasTV\"><img src=\"https:\/\/lavras.tv\/site\/wp-content\/uploads\/2025\/01\/Banner_Educacao_PortallavrasTV.png\" alt=\"\"  srcset=\"https:\/\/lavras.tv\/site\/wp-content\/uploads\/2025\/01\/Banner_Educacao_PortallavrasTV.png 720w, https:\/\/lavras.tv\/site\/wp-content\/uploads\/2025\/01\/Banner_Educacao_PortallavrasTV-470x68.png 470w, https:\/\/lavras.tv\/site\/wp-content\/uploads\/2025\/01\/Banner_Educacao_PortallavrasTV-170x25.png 170w, https:\/\/lavras.tv\/site\/wp-content\/uploads\/2025\/01\/Banner_Educacao_PortallavrasTV-200x29.png 200w\" sizes=\"(max-width: 720px) 100vw, 720px\" width=\"720\" height=\"104\"  style=\"display: inline-block;\" \/><\/a><\/div><\/li><li><a href=\"https:\/\/sistemas.lavras.mg.gov.br\/portalcidadao\/#df1b1a7c7b2a290bcb31e32771e610784662739a88807c0dacac58ede5f391a7530e299dc302d611ee73cb143fc22eaf93592e53e7b5bdb01b00a0b8d28dae460c141dd2ff83412e4dc1c31b16b25f33144a9e5620ea73b13f5bc1c59411d98439ad226e8af03840603796067d87afe130812cf3de24982d0e306f9e61e764e5\" aria-label=\"Banner_Sa\u00fade_PortallavrasTV\"><img src=\"https:\/\/lavras.tv\/site\/wp-content\/uploads\/2025\/03\/Banner_Saude_PortallavrasTV.png\" alt=\"\"  srcset=\"https:\/\/lavras.tv\/site\/wp-content\/uploads\/2025\/03\/Banner_Saude_PortallavrasTV.png 720w, https:\/\/lavras.tv\/site\/wp-content\/uploads\/2025\/03\/Banner_Saude_PortallavrasTV-470x68.png 470w, https:\/\/lavras.tv\/site\/wp-content\/uploads\/2025\/03\/Banner_Saude_PortallavrasTV-170x25.png 170w, https:\/\/lavras.tv\/site\/wp-content\/uploads\/2025\/03\/Banner_Saude_PortallavrasTV-200x29.png 200w\" sizes=\"(max-width: 720px) 100vw, 720px\" width=\"720\" height=\"104\"   \/><\/a><\/li><li><div id=\"lavra-2830709461\" style=\"width:720px;height:104px;background-color:#ddd;overflow:scroll;\">\n\t<strong>Sa\u00edda da depura\u00e7\u00e3o de an\u00fancios<\/strong>\n\t<br><br>\n\tO an\u00fancio n\u00e3o \u00e9 exibido na p\u00e1gina<br><br>post atual: Associa\u00e7\u00e3o de clubes busca Superliga mais rent\u00e1vel e democr\u00e1tica, ID: 6454<br><br><span style=\"color: red;\">O post atual n\u00e3o \u00e9 id\u00eantico ao post principal.<\/span><br><br>An\u00fancios: ROXO - TOPO INTERNA - ROTATIVO 2 (197)<br \/>Grupo de an\u00fancios: Princ_Meio01_720x104 (27)<br><br>Condi\u00e7\u00f5es de exibi\u00e7\u00e3o<div style=\"margin-bottom: 20px; white-space: pre-wrap; font-family: monospace; width: 100%; background: #ffe9e9;\"><strong>condi\u00e7\u00f5es gerais<\/strong><table border=\"1\"><thead><tr><th><\/th><th>An\u00fancios<\/th><th>wp_the_query<\/th><\/tr><\/thead><tr><td>is_main_query<\/td><td>1<\/td><td>1<\/td><\/tr><tr><td>is_rest_api<\/td><td>0<\/td><td>1<\/td><\/tr><tr><td>page<\/td><td>0<\/td><td>1<\/td><\/tr><tr><td>numpages<\/td><td>0<\/td><td>1<\/td><\/tr><tr><td>is_archive<\/td><td>1<\/td><td><\/td><\/tr><tr><td>is_search<\/td><td>1<\/td><td><\/td><\/tr><tr><td>is_home<\/td><td>1<\/td><td><\/td><\/tr><tr><td>is_404<\/td><td>1<\/td><td><\/td><\/tr><tr><td>is_attachment<\/td><td>1<\/td><td><\/td><\/tr><tr><td>is_singular<\/td><td>1<\/td><td><\/td><\/tr><tr><td>is_front_page<\/td><td>1<\/td><td><\/td><\/tr><tr><td>is_feed<\/td><td>1<\/td><td><\/td><\/tr><\/table><\/div><br><br><span style=\"color: red;\">Seu site usa HTTPS, mas o c\u00f3digo do an\u00fancio cont\u00e9m HTTP e pode n\u00e3o funcionar.<\/span>\t<br><br>\n\t<a style=\"color: green;\" href=\"https:\/\/wpadvancedads.com\/manual\/ad-debug-mode\/?utm_source=advanced-ads&utm_medium=link&utm_campaign=ad-debug-mode\" target=\"_blank\" rel=\"nofollow\">Encontre solu\u00e7\u00f5es no manual<\/a>\n<\/div>\n<\/li><\/ul><\/div><script>( window.advanced_ads_ready || jQuery( document ).ready ).call( null, function() {var $lavraslider2019876593 = jQuery( \".lavra-slider-2019876593\" );$lavraslider2019876593.on( \"unslider.ready\", function() { jQuery( \"div.custom-slider ul li\" ).css( \"display\", \"block\" ); });$lavraslider2019876593.unslider({ delay:4000, autoplay:true, nav:false, arrows:false, infinite:true });$lavraslider2019876593.on(\"mouseover\", function() {$lavraslider2019876593.unslider(\"stop\");}).on(\"mouseout\", function() {$lavraslider2019876593.unslider(\"start\");});});<\/script><\/div><p>Mesmo sendo parte fundamental da Superliga, os clubes que participam da maior competi\u00e7\u00e3o do pa\u00eds querem mais. O desejo de uma maior participa\u00e7\u00e3o n\u00e3o acontece por acaso, a partir do momento em que se v\u00ea tanta coisa que pode ser melhorada, esbarrando nas decis\u00f5es da Confedera\u00e7\u00e3o Brasileira de V\u00f4lei (CBV), respons\u00e1vel por organizar o campeonato brasileiro. A falta de iniciativa para que uma evolu\u00e7\u00e3o cont\u00ednua seja mais efetiva incomoda e fez com que os times e jogadores se unissem, em 2014, para criar a Associa\u00e7\u00e3o de Clubes de V\u00f4lei (ACV).<\/p>\n<p><img fetchpriority=\"high\" decoding=\"async\" class=\"size-full wp-image-6455 aligncenter\" src=\"http:\/\/lavras.tv\/site\/wp-content\/uploads\/2017\/02\/volei.jpg\" alt=\"volei\" width=\"380\" height=\"255\" srcset=\"https:\/\/lavras.tv\/site\/wp-content\/uploads\/2017\/02\/volei.jpg 380w, https:\/\/lavras.tv\/site\/wp-content\/uploads\/2017\/02\/volei-150x101.jpg 150w, https:\/\/lavras.tv\/site\/wp-content\/uploads\/2017\/02\/volei-300x201.jpg 300w, https:\/\/lavras.tv\/site\/wp-content\/uploads\/2017\/02\/volei-272x182.jpg 272w\" sizes=\"(max-width: 380px) 100vw, 380px\" \/><\/p>\n<p>A ideia era criar uma entidade para reunir for\u00e7as em busca de melhorias em v\u00e1rios n\u00edveis. Ap\u00f3s o &#8216;barulho&#8217; feito com a cria\u00e7\u00e3o, criando uma expectativa de mudan\u00e7as em curto prazo, \u00e9 somente agora em 2017 que novidades s\u00e3o vislumbradas. &#8220;Ap\u00f3s a cria\u00e7\u00e3o, passamos por tr\u00e2mites burocr\u00e1ticos. Foi um per\u00edodo de muitas conversas entre os clubes, um processo de matura\u00e7\u00e3o. Ganhamos for\u00e7a neste meio tempo&#8221;, comenta Eduardo Carreiro, gerente de esportes do Sesi-SP, um dos oito times que fazem parte. V\u00f4lei Brasil Kirin-SP, Minas T\u00eanis Clube, Caramuru Castro-PR e S\u00e3o Bernardo n\u00e3o fazem parte da entidade no atual momento.<\/p>\n<p>Representantes estiveram juntos em S\u00e3o Paulo, h\u00e1 algumas semanas, acertando detalhes para que a associa\u00e7\u00e3o sa\u00edsse do papel. A presid\u00eancia \u00e9 de Vittorio Medioli, que ocupa o mesmo cargo no Sada Cruzeiro. &#8220;Se for necess\u00e1rio fazer um contrato ou conv\u00eanio amanh\u00e3, temos legitimidade para tal. Agora estamos regularizados com CNPJ e todas as outras exig\u00eancias&#8221;, comemora Fl\u00e1vio Pereira, diretor esportivo do Sada Cruzeiro. &#8220;N\u00e3o queremos tomar o lugar de federa\u00e7\u00f5es ou confedera\u00e7\u00f5es. Queremos apenas que os clubes sejam ouvidos e respeitados, tendo uma maior participa\u00e7\u00e3o nos seus interesses&#8221;, completa.<\/p>\n<p>A ideia \u00e9 colocar os times na linha de frente, dando a eles maior poder de decis\u00e3o nas negocia\u00e7\u00f5es e nos retornos que uma competi\u00e7\u00e3o como a Superliga oferece. &#8220;Queremos potencializar as op\u00e7\u00f5es, fazer um modelo que d\u00ea mais import\u00e2ncia aos clubes, que possa aumentar seu poder de capta\u00e7\u00e3o&#8221;, indica Andrey Souza, gestor do MOC V\u00f4lei.<\/p>\n<p>&#8220;Os clubes cobram maior participa\u00e7\u00e3o nas decis\u00f5es e novas fontes de receitas para se manter em alto n\u00edvel. A ACV nasce de uma necessidade de sobreviv\u00eancia e de fortalecimento. Os clubes precisam de fontes de receitas que apenas um esfor\u00e7o conjunto poder\u00e1 conseguir&#8221;, afirma Vittorio Medioli.<\/p>\n<p><strong>Necess\u00e1ria abertura<\/strong><\/p>\n<p>Por maior que sejam os desencontros de opini\u00f5es em rela\u00e7\u00e3o \u00e0 CBV, a ideia da associa\u00e7\u00e3o passa por uma parceria. A uni\u00e3o destas for\u00e7as pode trazer muito mais benef\u00edcios ao v\u00f4lei brasileiro como um todo do que uma a\u00e7\u00e3o de rompimento.<\/p>\n<p>&#8220;O objetivo a curto prazo \u00e9 nos aproximarmos da CBV e nos organizarmos internamente, buscando fontes de receita para come\u00e7ar o planejamento. Queremos fortalecer o v\u00f4lei brasileiro e tornar os clubes sustent\u00e1veis, por meio de uma melhor distribui\u00e7\u00e3o dos recursos&#8221;, indica Carneiro. Nunca na hist\u00f3ria da Superliga, os clubes receberam valores de premia\u00e7\u00e3o da CBV. &#8220;Sempre tem algo que pode ser melhor explorado. Queremos atingir o potencial de uma liga valorizada, com retorno financeiro, que atraia patrocinadores para que existam pr\u00eamios e cotas de participa\u00e7\u00f5es. A CBV usaria seu tempo e sua energia para as sele\u00e7\u00f5es, deixando os clubes por conta destas negocia\u00e7\u00f5es&#8221;, refor\u00e7a Fl\u00e1vio.<\/p>\n<p>Para isso, \u00e9 preciso que a CBV entenda os motivos que fizeram a ACV ser criada e os benef\u00edcios que podem acontecer para que um trabalho em conjunto possa explorar toda a potencialidade do v\u00f4lei brasileiro. Procurada, a CBV afirmou que est\u00e1 aberta ao di\u00e1logo. Se, at\u00e9 hoje, com todos os anos de Superliga, muitas mudan\u00e7as n\u00e3o aconteceram, \u00e9 por algum motivo.<\/p>\n<p>Independentemente de quais sejam eles, o importante, neste momento, \u00e9 olhar adiante e reconhecer quais melhorias est\u00e3o ao alcance. Sozinho dificilmente conquistas aparecer\u00e3o, dentro e fora de quadra e o passado recente parece ter apontado nesta dire\u00e7\u00e3o. &#8220;Acredito que essa abertura por parte deles vai existir. Os tempos est\u00e3o maduros e o que valeu no passado hoje n\u00e3o se sustenta. Da Superliga podem surgir uma receita de mais de R$ 20 milh\u00f5es com uma razo\u00e1vel organiza\u00e7\u00e3o. A CBV tamb\u00e9m tem a ganhar com isso e creio que encontraremos um termo de conviv\u00eancia sem partir para uma Superliga independente&#8221;, destaca Medioli.<\/p>\n<p>Para Andrey Souza, do MOC, o momento favorece a parceria. &#8220;A realidade econ\u00f4mica do pa\u00eds n\u00e3o \u00e9 positiva e isso deixa as entidades mais fragilizadas. Dentro disso, queremos uma alian\u00e7a para potencializar os dois lados, fazer algo que seja bom para todos. N\u00e3o ter\u00edamos motivos para excluir a CBV de tudo isso, mas um novo modelo \u00e9 necess\u00e1rio. A ideia n\u00e3o \u00e9 brigar e sim construir algo melhor para os clubes&#8221;, mostra.<\/p>\n<p><strong>Novo olhar<\/strong><\/p>\n<p>Entre as iniciativas da associa\u00e7\u00e3o, est\u00e1 uma visita \u00e0 It\u00e1lia, em breve, para ver de perto o funcionamento, a organiza\u00e7\u00e3o e a estrutura da liga local, uma das melhores do mundo. Por l\u00e1, o que n\u00e3o faltam s\u00e3o exemplos que poderiam ser incorporados \u00e0 realidade brasileira, como video-check, explora\u00e7\u00e3o comercial de patroc\u00ednios nas quadras e gin\u00e1sios lotados, impulsionados por uma cultura do v\u00f4lei enraizada em v\u00e1rias cidades. Munic\u00edpios como Piacenza e Mil\u00e3o contam com equipes no principal torneio do pa\u00eds h\u00e1 d\u00e9cadas, apoiados pela prefeitura, por empresas e por uma torcida cativante, que acompanha o time h\u00e1 muitos anos.<\/p>\n<p>A \u00e1rea de atua\u00e7\u00e3o da ACV iria abranger diversos per\u00edodos da carreira do atleta, desde sua forma\u00e7\u00e3o, at\u00e9 a passagem pela sele\u00e7\u00e3o, chegando a aposentadoria. &#8220;Os clubes, atualmente, n\u00e3o s\u00e3o recompensados quando algum dos seus atletas \u00e9 convocado. Se essa recompensa aparece, fica mais f\u00e1cil fazer um planejamento justo para que ele sirva o pa\u00eds durante aquele per\u00edodo. Sabemos que o atleta recebe para servir a sele\u00e7\u00e3o, mas sua principal receita vem dos clubes, por onde eles jogam a maior parte da temporada. Tamb\u00e9m temos preocupa\u00e7\u00e3o com a forma\u00e7\u00e3o dos atletas. S\u00e3o os clubes os respons\u00e1veis por garimpar os atletas para que eles se desenvolvam e cheguem \u00e0 sele\u00e7\u00e3o. Quem molda e forma s\u00e3o os clubes e o v\u00f4lei s\u00f3 consegue crescer atrav\u00e9s deles&#8221;, indica Pereira.<\/p>\n<p>&#8220;Nos sentimos aptos para defender os clubes. Sabemos que temos muito a contribuir. Uma coisa \u00e9 um clube ir conversar sozinho com a CBV e outra \u00e9 uma associa\u00e7\u00e3o aparecer defendendo o interesse de quase todos eles. Estamos com a expectativa de, em breve, fazer uma apresenta\u00e7\u00e3o formal \u00e0 CBV. O melhor momento, no entanto, n\u00e3o \u00e9 agora, com a temporada em andamento&#8221;, sugere o diretor.<\/p>\n<p><strong>De fora<\/strong><\/p>\n<p>De todos os participantes da Superliga masculina, apenas S\u00e3o Bernardo V\u00f4lei-SP, Caramuru Castro-PR, Minas T\u00eanis Clube e V\u00f4lei Brasil Kirin-SP s\u00e3o os \u00fanicos que n\u00e3o fazem parte da ACV. O time de Campinas n\u00e3o v\u00ea necessidade de sua participa\u00e7\u00e3o, apesar de elogiar a iniciativa.<\/p>\n<p>&#8220;Sempre que precisamos, fomos direto na CBV. Temos um contato aberto l\u00e1 e achamos que temos voz suficiente dentro da entidade. N\u00e3o vejo necessidade da nossa participa\u00e7\u00e3o neste momento&#8221;, comenta o supervisor Andr\u00e9 Heller. &#8220;A associa\u00e7\u00e3o \u00e9 bacana, mas preferimos defender nosso posicionamento de forma direta. De toda forma, entendo a mobiliza\u00e7\u00e3o dos clubes no sentido de buscar uma parceria e uma melhor organiza\u00e7\u00e3o&#8221;, revela.<\/p>\n<div><strong>Conhe\u00e7a algumas das propostas da ACV<\/strong><\/div>\n<div><\/div>\n<div>\u00a0&#8211; Melhor aproveitamento dos espa\u00e7os comerciais dentro e fora de quadra<\/div>\n<div><\/div>\n<div>\u00a0&#8211; Recompensa quando seus atletas forem para as sele\u00e7\u00f5es do seu pa\u00eds<\/div>\n<div><\/div>\n<div>\u00a0&#8211; Suporte para os atletas no momento da sua aposentadoria<\/div>\n<div><\/div>\n<div>\u00a0&#8211; Pr\u00eamios e cotas de participa\u00e7\u00f5es aos clubes<\/div>\n<div><\/div>\n<div>\u00a0&#8211; Reconhecimento dos clubes pela forma\u00e7\u00e3o de atletas<\/div>\n<div><\/div>\n<div>\u00a0&#8211; Melhor negocia\u00e7\u00e3o com as emissoras<\/div>\n<div><\/div>\n<div><strong>Criada em 2014, a Associa\u00e7\u00e3o de Clubes conta, atualmente, com oito times integrando o seu quadro, todos eles participantes da Superliga masculina.\u00a0<\/strong><\/div>\n<div><\/div>\n<div>&#8211; Sada Cruzeiro<\/div>\n<div>&#8211; JF V\u00f4lei<\/div>\n<div>&#8211; Montes Claros V\u00f4lei<\/div>\n<div>&#8211; Funvic-Taubat\u00e9-SP<\/div>\n<div>&#8211; Copel Telecom Maring\u00e1-PR<\/div>\n<div>&#8211; Lebes Gedore Canoas-RS<\/div>\n<div>&#8211; Sesi-SP<\/div>\n<div><\/div>\n<div>Fonte: O Tempo<\/div>\n","protected":false},"excerpt":{"rendered":"<p>Mesmo sendo parte fundamental da Superliga, os clubes que participam da maior competi\u00e7\u00e3o do pa\u00eds querem mais. O desejo de uma maior participa\u00e7\u00e3o n\u00e3o acontece por acaso, a partir do momento em que se v\u00ea tanta coisa que pode ser melhorada, esbarrando nas decis\u00f5es da Confedera\u00e7\u00e3o Brasileira de V\u00f4lei (CBV), respons\u00e1vel por organizar o campeonato [&hellip;]<\/p>\n","protected":false},"author":2,"featured_media":6455,"comment_status":"closed","ping_status":"open","sticky":false,"template":"","format":"standard","meta":{"advgb_blocks_editor_width":"","advgb_blocks_columns_visual_guide":"","_exactmetrics_skip_tracking":false,"_exactmetrics_sitenote_active":false,"_exactmetrics_sitenote_note":"","_exactmetrics_sitenote_category":0,"footnotes":""},"categories":[3],"tags":[966,1570,690],"class_list":["post-6454","post","type-post","status-publish","format-standard","has-post-thumbnail","hentry","category-esportes","tag-esporte","tag-superliga","tag-volei"],"better_featured_image":{"id":6455,"alt_text":"","caption":"","description":"","media_type":"image","media_details":{"width":380,"height":255,"file":"2017\/02\/volei.jpg","sizes":{"thumbnail":{"file":"volei-150x101.jpg","width":150,"height":101,"mime-type":"image\/jpeg","source_url":"https:\/\/lavras.tv\/site\/wp-content\/uploads\/2017\/02\/volei-150x101.jpg"},"medium":{"file":"volei-300x201.jpg","width":300,"height":201,"mime-type":"image\/jpeg","source_url":"https:\/\/lavras.tv\/site\/wp-content\/uploads\/2017\/02\/volei-300x201.jpg"},"sow-carousel-default":{"file":"volei-272x182.jpg","width":272,"height":182,"mime-type":"image\/jpeg","source_url":"https:\/\/lavras.tv\/site\/wp-content\/uploads\/2017\/02\/volei-272x182.jpg"}},"image_meta":{"aperture":"0","credit":"","camera":"","caption":"","created_timestamp":"0","copyright":"","focal_length":"0","iso":"0","shutter_speed":"0","title":"","orientation":"0","keywords":[]}},"post":6454,"source_url":"https:\/\/lavras.tv\/site\/wp-content\/uploads\/2017\/02\/volei.jpg"},"author_meta":{"display_name":"Lavras TV","author_link":"https:\/\/lavras.tv\/site\/author\/lavrastv\/"},"featured_img":"https:\/\/lavras.tv\/site\/wp-content\/uploads\/2017\/02\/volei-300x201.jpg","coauthors":[],"tax_additional":{"categories":{"linked":["<a href=\"https:\/\/lavras.tv\/site\/category\/esportes\/\" class=\"advgb-post-tax-term\">Esportes<\/a>"],"unlinked":["<span class=\"advgb-post-tax-term\">Esportes<\/span>"]},"tags":{"linked":["<a href=\"https:\/\/lavras.tv\/site\/category\/esportes\/\" class=\"advgb-post-tax-term\">esporte<\/a>","<a href=\"https:\/\/lavras.tv\/site\/category\/esportes\/\" class=\"advgb-post-tax-term\">superliga<\/a>","<a href=\"https:\/\/lavras.tv\/site\/category\/esportes\/\" class=\"advgb-post-tax-term\">volei<\/a>"],"unlinked":["<span class=\"advgb-post-tax-term\">esporte<\/span>","<span class=\"advgb-post-tax-term\">superliga<\/span>","<span class=\"advgb-post-tax-term\">volei<\/span>"]}},"comment_count":"0","relative_dates":{"created":"Publicado 9 anos atr\u00e1s","modified":"Atualizado 9 anos atr\u00e1s"},"absolute_dates":{"created":"Publicado em 13 de fevereiro de 2017","modified":"Atualizado em 13 de fevereiro de 2017"},"absolute_dates_time":{"created":"Publicado em 13 de fevereiro de 2017 09:36","modified":"Atualizado em 13 de fevereiro de 2017 09:36"},"featured_img_caption":"","series_order":"","_links":{"self":[{"href":"https:\/\/lavras.tv\/site\/wp-json\/wp\/v2\/posts\/6454","targetHints":{"allow":["GET"]}}],"collection":[{"href":"https:\/\/lavras.tv\/site\/wp-json\/wp\/v2\/posts"}],"about":[{"href":"https:\/\/lavras.tv\/site\/wp-json\/wp\/v2\/types\/post"}],"author":[{"embeddable":true,"href":"https:\/\/lavras.tv\/site\/wp-json\/wp\/v2\/users\/2"}],"replies":[{"embeddable":true,"href":"https:\/\/lavras.tv\/site\/wp-json\/wp\/v2\/comments?post=6454"}],"version-history":[{"count":2,"href":"https:\/\/lavras.tv\/site\/wp-json\/wp\/v2\/posts\/6454\/revisions"}],"predecessor-version":[{"id":6457,"href":"https:\/\/lavras.tv\/site\/wp-json\/wp\/v2\/posts\/6454\/revisions\/6457"}],"wp:featuredmedia":[{"embeddable":true,"href":"https:\/\/lavras.tv\/site\/wp-json\/wp\/v2\/media\/6455"}],"wp:attachment":[{"href":"https:\/\/lavras.tv\/site\/wp-json\/wp\/v2\/media?parent=6454"}],"wp:term":[{"taxonomy":"category","embeddable":true,"href":"https:\/\/lavras.tv\/site\/wp-json\/wp\/v2\/categories?post=6454"},{"taxonomy":"post_tag","embeddable":true,"href":"https:\/\/lavras.tv\/site\/wp-json\/wp\/v2\/tags?post=6454"}],"curies":[{"name":"wp","href":"https:\/\/api.w.org\/{rel}","templated":true}]}}