{"id":6458,"date":"2017-02-13T09:39:05","date_gmt":"2017-02-13T11:39:05","guid":{"rendered":"http:\/\/lavras.tv\/site\/?p=6458"},"modified":"2017-02-13T09:39:05","modified_gmt":"2017-02-13T11:39:05","slug":"temer-se-blinda-antes-que-exploda-a-bomba-da-odebrecht","status":"publish","type":"post","link":"https:\/\/lavras.tv\/site\/2017\/02\/13\/temer-se-blinda-antes-que-exploda-a-bomba-da-odebrecht\/","title":{"rendered":"Temer se blinda antes que exploda a bomba da Odebrecht"},"content":{"rendered":"<div class=\"lavra-antes-do-conteudo_2\" id=\"lavra-2751785058\"><div id=\"lavra-slider-27\" class=\"custom-slider lavra-slider-2528504228 lavra-slider\"><ul><li><div style=\"margin-left: auto;margin-right: auto;text-align: center;\" id=\"lavra-2989566986\"><a href=\"https:\/\/sistemas.lavras.mg.gov.br\/portalcidadao\/#df1b1a7c7b2a290bcb31e32771e610784662739a88807c0dacac58ede5f391a7530e299dc302d611ee73cb143fc22eaf93592e53e7b5bdb01b00a0b8d28dae460c141dd2ff83412e4dc1c31b16b25f33144a9e5620ea73b13f5bc1c59411d98439ad226e8af03840603796067d87afe130812cf3de24982d0e306f9e61e764e5\" aria-label=\"Lavras-TV&#8211;720x104px (1) (1)\"><img src=\"https:\/\/lavras.tv\/site\/wp-content\/uploads\/2025\/01\/Lavras-TV-720x104px-1-1.png\" alt=\"\"  srcset=\"https:\/\/lavras.tv\/site\/wp-content\/uploads\/2025\/01\/Lavras-TV-720x104px-1-1.png 720w, https:\/\/lavras.tv\/site\/wp-content\/uploads\/2025\/01\/Lavras-TV-720x104px-1-1-470x68.png 470w, https:\/\/lavras.tv\/site\/wp-content\/uploads\/2025\/01\/Lavras-TV-720x104px-1-1-170x25.png 170w, https:\/\/lavras.tv\/site\/wp-content\/uploads\/2025\/01\/Lavras-TV-720x104px-1-1-200x29.png 200w\" sizes=\"(max-width: 720px) 100vw, 720px\" width=\"720\" height=\"104\"  style=\"display: inline-block;\" \/><\/a><\/div><\/li><li><a href=\"https:\/\/sistemas.lavras.mg.gov.br\/portalcidadao\/#df1b1a7c7b2a290bcb31e32771e610784662739a88807c0dacac58ede5f391a7530e299dc302d611ee73cb143fc22eaf93592e53e7b5bdb01b00a0b8d28dae460c141dd2ff83412e4dc1c31b16b25f33144a9e5620ea73b13f5bc1c59411d98439ad226e8af03840603796067d87afe130812cf3de24982d0e306f9e61e764e5\" aria-label=\"Banner_Emprego_PortallavrasTV\"><img src=\"https:\/\/lavras.tv\/site\/wp-content\/uploads\/2025\/03\/Banner_Emprego_PortallavrasTV.png\" alt=\"\"  srcset=\"https:\/\/lavras.tv\/site\/wp-content\/uploads\/2025\/03\/Banner_Emprego_PortallavrasTV.png 720w, https:\/\/lavras.tv\/site\/wp-content\/uploads\/2025\/03\/Banner_Emprego_PortallavrasTV-470x68.png 470w, https:\/\/lavras.tv\/site\/wp-content\/uploads\/2025\/03\/Banner_Emprego_PortallavrasTV-170x25.png 170w, https:\/\/lavras.tv\/site\/wp-content\/uploads\/2025\/03\/Banner_Emprego_PortallavrasTV-200x29.png 200w\" sizes=\"(max-width: 720px) 100vw, 720px\" width=\"720\" height=\"104\"   \/><\/a><\/li><li><a href=\"https:\/\/sistemas.lavras.mg.gov.br\/portalcidadao\/#df1b1a7c7b2a290bcb31e32771e610784662739a88807c0dacac58ede5f391a7530e299dc302d611ee73cb143fc22eaf93592e53e7b5bdb01b00a0b8d28dae460c141dd2ff83412e4dc1c31b16b25f33144a9e5620ea73b13f5bc1c59411d98439ad226e8af03840603796067d87afe130812cf3de24982d0e306f9e61e764e5\" aria-label=\"Banner_Obras_PortallavrasTV\"><img src=\"https:\/\/lavras.tv\/site\/wp-content\/uploads\/2025\/03\/Banner_Obras_PortallavrasTV.png\" alt=\"\"  srcset=\"https:\/\/lavras.tv\/site\/wp-content\/uploads\/2025\/03\/Banner_Obras_PortallavrasTV.png 720w, https:\/\/lavras.tv\/site\/wp-content\/uploads\/2025\/03\/Banner_Obras_PortallavrasTV-470x68.png 470w, https:\/\/lavras.tv\/site\/wp-content\/uploads\/2025\/03\/Banner_Obras_PortallavrasTV-170x25.png 170w, https:\/\/lavras.tv\/site\/wp-content\/uploads\/2025\/03\/Banner_Obras_PortallavrasTV-200x29.png 200w\" sizes=\"(max-width: 720px) 100vw, 720px\" width=\"720\" height=\"104\"   \/><\/a><\/li><li><div style=\"margin-left: auto;margin-right: auto;text-align: center;\" id=\"lavra-2765803002\"><a href=\"https:\/\/sistemas.lavras.mg.gov.br\/portalcidadao\/#df1b1a7c7b2a290bcb31e32771e610784662739a88807c0dacac58ede5f391a7530e299dc302d611ee73cb143fc22eaf93592e53e7b5bdb01b00a0b8d28dae460c141dd2ff83412e4dc1c31b16b25f33144a9e5620ea73b13f5bc1c59411d98439ad226e8af03840603796067d87afe130812cf3de24982d0e306f9e61e764e5\" aria-label=\"Banner_Educa\u00e7\u00e3o_PortallavrasTV\"><img src=\"https:\/\/lavras.tv\/site\/wp-content\/uploads\/2025\/01\/Banner_Educacao_PortallavrasTV.png\" alt=\"\"  srcset=\"https:\/\/lavras.tv\/site\/wp-content\/uploads\/2025\/01\/Banner_Educacao_PortallavrasTV.png 720w, https:\/\/lavras.tv\/site\/wp-content\/uploads\/2025\/01\/Banner_Educacao_PortallavrasTV-470x68.png 470w, https:\/\/lavras.tv\/site\/wp-content\/uploads\/2025\/01\/Banner_Educacao_PortallavrasTV-170x25.png 170w, https:\/\/lavras.tv\/site\/wp-content\/uploads\/2025\/01\/Banner_Educacao_PortallavrasTV-200x29.png 200w\" sizes=\"(max-width: 720px) 100vw, 720px\" width=\"720\" height=\"104\"  style=\"display: inline-block;\" \/><\/a><\/div><\/li><li><a href=\"https:\/\/sistemas.lavras.mg.gov.br\/portalcidadao\/#df1b1a7c7b2a290bcb31e32771e610784662739a88807c0dacac58ede5f391a7530e299dc302d611ee73cb143fc22eaf93592e53e7b5bdb01b00a0b8d28dae460c141dd2ff83412e4dc1c31b16b25f33144a9e5620ea73b13f5bc1c59411d98439ad226e8af03840603796067d87afe130812cf3de24982d0e306f9e61e764e5\" aria-label=\"Banner_Sa\u00fade_PortallavrasTV\"><img src=\"https:\/\/lavras.tv\/site\/wp-content\/uploads\/2025\/03\/Banner_Saude_PortallavrasTV.png\" alt=\"\"  srcset=\"https:\/\/lavras.tv\/site\/wp-content\/uploads\/2025\/03\/Banner_Saude_PortallavrasTV.png 720w, https:\/\/lavras.tv\/site\/wp-content\/uploads\/2025\/03\/Banner_Saude_PortallavrasTV-470x68.png 470w, https:\/\/lavras.tv\/site\/wp-content\/uploads\/2025\/03\/Banner_Saude_PortallavrasTV-170x25.png 170w, https:\/\/lavras.tv\/site\/wp-content\/uploads\/2025\/03\/Banner_Saude_PortallavrasTV-200x29.png 200w\" sizes=\"(max-width: 720px) 100vw, 720px\" width=\"720\" height=\"104\"   \/><\/a><\/li><li><div id=\"lavra-1347493318\" style=\"width:720px;height:104px;background-color:#ddd;overflow:scroll;\">\n\t<strong>Sa\u00edda da depura\u00e7\u00e3o de an\u00fancios<\/strong>\n\t<br><br>\n\tO an\u00fancio n\u00e3o \u00e9 exibido na p\u00e1gina<br><br>post atual: Temer se blinda antes que exploda a bomba da Odebrecht, ID: 6458<br><br><span style=\"color: red;\">O post atual n\u00e3o \u00e9 id\u00eantico ao post principal.<\/span><br><br>An\u00fancios: ROXO - TOPO INTERNA - ROTATIVO 2 (197)<br \/>Grupo de an\u00fancios: Princ_Meio01_720x104 (27)<br><br>Condi\u00e7\u00f5es de exibi\u00e7\u00e3o<div style=\"margin-bottom: 20px; white-space: pre-wrap; font-family: monospace; width: 100%; background: #ffe9e9;\"><strong>condi\u00e7\u00f5es gerais<\/strong><table border=\"1\"><thead><tr><th><\/th><th>An\u00fancios<\/th><th>wp_the_query<\/th><\/tr><\/thead><tr><td>is_main_query<\/td><td>1<\/td><td>1<\/td><\/tr><tr><td>is_rest_api<\/td><td>0<\/td><td>1<\/td><\/tr><tr><td>page<\/td><td>0<\/td><td>1<\/td><\/tr><tr><td>numpages<\/td><td>0<\/td><td>1<\/td><\/tr><tr><td>is_archive<\/td><td>1<\/td><td><\/td><\/tr><tr><td>is_search<\/td><td>1<\/td><td><\/td><\/tr><tr><td>is_home<\/td><td>1<\/td><td><\/td><\/tr><tr><td>is_404<\/td><td>1<\/td><td><\/td><\/tr><tr><td>is_attachment<\/td><td>1<\/td><td><\/td><\/tr><tr><td>is_singular<\/td><td>1<\/td><td><\/td><\/tr><tr><td>is_front_page<\/td><td>1<\/td><td><\/td><\/tr><tr><td>is_feed<\/td><td>1<\/td><td><\/td><\/tr><\/table><\/div><br><br><span style=\"color: red;\">Seu site usa HTTPS, mas o c\u00f3digo do an\u00fancio cont\u00e9m HTTP e pode n\u00e3o funcionar.<\/span>\t<br><br>\n\t<a style=\"color: green;\" href=\"https:\/\/wpadvancedads.com\/manual\/ad-debug-mode\/?utm_source=advanced-ads&utm_medium=link&utm_campaign=ad-debug-mode\" target=\"_blank\" rel=\"nofollow\">Encontre solu\u00e7\u00f5es no manual<\/a>\n<\/div>\n<\/li><\/ul><\/div><script>( window.advanced_ads_ready || jQuery( document ).ready ).call( null, function() {var $lavraslider2528504228 = jQuery( \".lavra-slider-2528504228\" );$lavraslider2528504228.on( \"unslider.ready\", function() { jQuery( \"div.custom-slider ul li\" ).css( \"display\", \"block\" ); });$lavraslider2528504228.unslider({ delay:4000, autoplay:true, nav:false, arrows:false, infinite:true });$lavraslider2528504228.on(\"mouseover\", function() {$lavraslider2528504228.unslider(\"stop\");}).on(\"mouseout\", function() {$lavraslider2528504228.unslider(\"start\");});});<\/script><\/div><p>\u00c0 espera que uma nova onda de acusa\u00e7\u00f5es de corrup\u00e7\u00e3o se abata sobre Bras\u00edlia, o presidente Michel Temer construiu um bunker para limitar o potencial nocivo que as temidas dela\u00e7\u00f5es da c\u00fapula de Odebrecht pode ter sobre seu governo.<\/p>\n<p><img fetchpriority=\"high\" decoding=\"async\" class=\"size-full wp-image-6459 aligncenter\" src=\"http:\/\/lavras.tv\/site\/wp-content\/uploads\/2017\/02\/temer-blindado.jpg\" alt=\"temer blindado\" width=\"620\" height=\"420\" srcset=\"https:\/\/lavras.tv\/site\/wp-content\/uploads\/2017\/02\/temer-blindado.jpg 620w, https:\/\/lavras.tv\/site\/wp-content\/uploads\/2017\/02\/temer-blindado-150x102.jpg 150w, https:\/\/lavras.tv\/site\/wp-content\/uploads\/2017\/02\/temer-blindado-300x203.jpg 300w\" sizes=\"(max-width: 620px) 100vw, 620px\" \/><\/p>\n<p>A Opera\u00e7\u00e3o &#8220;Lava Jato&#8221; h\u00e1 quase tr\u00eas anos sacode as elites pol\u00edticas e econ\u00f4micas do pa\u00eds, mas, longe de diminuir seu impacto, promete uma escalada de den\u00fancias para os pr\u00f3ximos dias.<\/p>\n<p>Os procuradores est\u00e3o investigando se Temer e outros pol\u00edticos principalmente pertencentes ao PMDB participaram na mega-rede de propinas e desvios milion\u00e1rios de fundos da Petrobras para financiar suas campanhas eleitorais.<\/p>\n<p>O nome do presidente e alguns de seus aliados est\u00e3o entre os citados nas dela\u00e7\u00f5es premiadas dos 77 altos executivos da\u00a0 Odebrecht.<\/p>\n<p>As chamadas &#8220;dela\u00e7\u00f5es do fim do mundo&#8221; e seu potencial explosivo seguem sob sigilo judicial, mas podem ser divulgadas em breve pelo Supremo Tribunal Federal (STF).<\/p>\n<p>&#8220;A aproxima\u00e7\u00e3o do tsunami levou o governo a acionar o plano de emerg\u00eancia&#8221;, afirmou Bernardo Mello Franco, colunista da Folha de S\u00e3o Paulo. &#8220;A ordem \u00e9 refor\u00e7ar os diques e tentar proteger os amigos com boias e coletes salva-vidas&#8221;, acrescentou.<\/p>\n<p><strong>Protegendo o presidente\u00a0<\/strong><\/p>\n<p>Segundo um testemunho que vazou, o ent\u00e3o vice-presidente Temer pediu \u00e0 Odebrecht, em 2014, que desse ao PMDB alguns milh\u00f5es de d\u00f3lares de fundos para campanhas.<\/p>\n<p>Temer nega qualquer envolvimento e, como presidente em exerc\u00edcio, n\u00e3o pode ser processado por delitos que supostamente ocorreram antes de assumir seu cargo. Mas, com um grande n\u00famero de colegas potencialmente envolvidos, o esc\u00e2ndalo pode complicar sua situa\u00e7\u00e3o e, al\u00e9m do mais, o MP calcula que o n\u00famero de investigados poder\u00e1 dobrar.<\/p>\n<p>Quando o juiz relator do caso no STF, Teori Zavascki, morreum em um acidente de avi\u00e3o em janeiro, muitos se preocuparam com o futuro da &#8220;Lava Jato&#8221;, enquanto outros questionaram se o acidente que aconteceu justamente durante a homologa\u00e7\u00e3o das dela\u00e7\u00f5es foi mesmo um acidente.<\/p>\n<p>O STF, no entanto, mostrou-se determinardo a seguir em frente e os analistas afirmam que o c\u00edrculo mais pr\u00f3ximo de Temer est\u00e1 lutando para obter todas as vantagens que puder, como nomear o ministro da Justi\u00e7a Alexandre de Moraes, uma figura de perfil muito pol\u00edtico, para ocupar a vaga de Zavascki no STF.<\/p>\n<p>&#8220;Temer n\u00e3o est\u00e1 sendo sutil&#8221;, enfatizou a colunista de econmia do jornal O O Globo M\u00edriam Leit\u00e3o, para quem o presidente &#8220;quer se assegurar de ao menos um voto a seu favor&#8221;.<\/p>\n<p>Pouco antes, Temer nomeou para ministro um de seus colaborados mais pr\u00f3ximos, Moreira Franco\u00a0 -tamb\u00e9m citado na &#8220;Lava Jato&#8221; -, uma vis\u00edvel manobra muito criticada para tentar afastar o amigo do alcance da opera\u00e7\u00e3o comandada pelo juiz S\u00e9rgio Moro.<\/p>\n<p>A nomea\u00e7\u00e3o gerou uma batalha de pareceres de magistrados sobre se Moreira podia ou n\u00e3o assumir o cargo, o que, por fim, ser\u00e1 resolvido pelo STF.<\/p>\n<p><strong>Tens\u00e3o em Bras\u00edlia<\/strong><\/p>\n<p>Al\u00e9m do governo, os rec\u00e9m-eleitos presidentes do Senado, Eunicio Oliveira, e\u00a0 da C\u00e2mara de Deputados, Rodrigo Maia, tamb\u00e9m est\u00e3o envolvidos na &#8220;Lava Jato&#8221;, assim como seus antecessores Renan Calheiros e Eduardo Cunha.<\/p>\n<p>Maia atraiu os focos esta semana por ter tentado tramitar uma lei para reduzir a puni\u00e7\u00e3o para partidos que aceitarem doa\u00e7\u00f5es suspeitas.<\/p>\n<p>Mas o juiz Gilmar Mendes &#8211; que \u00e9 tido como o mai reticente em rela\u00e7\u00e3o \u00e0 investiga\u00e7\u00e3o da &#8220;Lava Jato&#8221;- acusou o Congresso de elaborar uma lei &#8220;que dar\u00e1 impunidade aos partidos pol\u00edticos que fa\u00e7am malversa\u00e7\u00e3o de fundos p\u00fablicos&#8221;, e Rodrigo Maia teve que dar marcha a r\u00e9.<\/p>\n<p>David Fleischer, professor em\u00e9rito da Universidade de Bras\u00edlia, descreve a situa\u00e7\u00e3o como se a classe pol\u00edtica de Bras\u00edlia se estivesse &#8220;\u00e0 espera do fim do mundo&#8221;.<\/p>\n<p>&#8220;E todo mundo est\u00e1 construindo portas corta-fogo&#8221;, acrescentou.<\/p>\n<p>&nbsp;<\/p>\n<p>Fonte: O Tempo<\/p>\n","protected":false},"excerpt":{"rendered":"<p>\u00c0 espera que uma nova onda de acusa\u00e7\u00f5es de corrup\u00e7\u00e3o se abata sobre Bras\u00edlia, o presidente Michel Temer construiu um bunker para limitar o potencial nocivo que as temidas dela\u00e7\u00f5es da c\u00fapula de Odebrecht pode ter sobre seu governo. A Opera\u00e7\u00e3o &#8220;Lava Jato&#8221; h\u00e1 quase tr\u00eas anos sacode as elites pol\u00edticas e econ\u00f4micas do pa\u00eds, [&hellip;]<\/p>\n","protected":false},"author":2,"featured_media":6459,"comment_status":"closed","ping_status":"open","sticky":false,"template":"","format":"standard","meta":{"advgb_blocks_editor_width":"","advgb_blocks_columns_visual_guide":"","_exactmetrics_skip_tracking":false,"_exactmetrics_sitenote_active":false,"_exactmetrics_sitenote_note":"","_exactmetrics_sitenote_category":0,"footnotes":""},"categories":[12],"tags":[1338,1935,2349,1468,396,2484,1933],"class_list":["post-6458","post","type-post","status-publish","format-standard","has-post-thumbnail","hentry","category-politica","tag-brasilia","tag-delacao","tag-lava-jato","tag-modelo","tag-politica","tag-stf","tag-temer"],"better_featured_image":{"id":6459,"alt_text":"","caption":"","description":"","media_type":"image","media_details":{"width":620,"height":420,"file":"2017\/02\/temer-blindado.jpg","sizes":{"thumbnail":{"file":"temer-blindado-150x102.jpg","width":150,"height":102,"mime-type":"image\/jpeg","source_url":"https:\/\/lavras.tv\/site\/wp-content\/uploads\/2017\/02\/temer-blindado-150x102.jpg"},"medium":{"file":"temer-blindado-300x203.jpg","width":300,"height":203,"mime-type":"image\/jpeg","source_url":"https:\/\/lavras.tv\/site\/wp-content\/uploads\/2017\/02\/temer-blindado-300x203.jpg"},"featured-post-img":{"file":"temer-blindado-480x320.jpg","width":480,"height":320,"mime-type":"image\/jpeg","source_url":"https:\/\/lavras.tv\/site\/wp-content\/uploads\/2017\/02\/temer-blindado-480x320.jpg"},"sow-carousel-default":{"file":"temer-blindado-272x182.jpg","width":272,"height":182,"mime-type":"image\/jpeg","source_url":"https:\/\/lavras.tv\/site\/wp-content\/uploads\/2017\/02\/temer-blindado-272x182.jpg"}},"image_meta":{"aperture":"0","credit":"","camera":"","caption":"","created_timestamp":"0","copyright":"","focal_length":"0","iso":"0","shutter_speed":"0","title":"","orientation":"0","keywords":[]}},"post":6458,"source_url":"https:\/\/lavras.tv\/site\/wp-content\/uploads\/2017\/02\/temer-blindado.jpg"},"author_meta":{"display_name":"Lavras TV","author_link":"https:\/\/lavras.tv\/site\/author\/lavrastv\/"},"featured_img":"https:\/\/lavras.tv\/site\/wp-content\/uploads\/2017\/02\/temer-blindado-300x203.jpg","coauthors":[],"tax_additional":{"categories":{"linked":["<a href=\"https:\/\/lavras.tv\/site\/category\/politica\/\" class=\"advgb-post-tax-term\">Pol\u00edtica<\/a>"],"unlinked":["<span class=\"advgb-post-tax-term\">Pol\u00edtica<\/span>"]},"tags":{"linked":["<a href=\"https:\/\/lavras.tv\/site\/category\/politica\/\" class=\"advgb-post-tax-term\">bras\u00edlia<\/a>","<a href=\"https:\/\/lavras.tv\/site\/category\/politica\/\" class=\"advgb-post-tax-term\">dela\u00e7\u00e3o<\/a>","<a href=\"https:\/\/lavras.tv\/site\/category\/politica\/\" class=\"advgb-post-tax-term\">Lava Jato<\/a>","<a href=\"https:\/\/lavras.tv\/site\/category\/politica\/\" class=\"advgb-post-tax-term\">modelo<\/a>","<a href=\"https:\/\/lavras.tv\/site\/category\/politica\/\" class=\"advgb-post-tax-term\">pol\u00edtica<\/a>","<a href=\"https:\/\/lavras.tv\/site\/category\/politica\/\" class=\"advgb-post-tax-term\">stf<\/a>","<a href=\"https:\/\/lavras.tv\/site\/category\/politica\/\" class=\"advgb-post-tax-term\">Temer<\/a>"],"unlinked":["<span class=\"advgb-post-tax-term\">bras\u00edlia<\/span>","<span class=\"advgb-post-tax-term\">dela\u00e7\u00e3o<\/span>","<span class=\"advgb-post-tax-term\">Lava Jato<\/span>","<span class=\"advgb-post-tax-term\">modelo<\/span>","<span class=\"advgb-post-tax-term\">pol\u00edtica<\/span>","<span class=\"advgb-post-tax-term\">stf<\/span>","<span class=\"advgb-post-tax-term\">Temer<\/span>"]}},"comment_count":"0","relative_dates":{"created":"Publicado 9 anos atr\u00e1s","modified":"Atualizado 9 anos atr\u00e1s"},"absolute_dates":{"created":"Publicado em 13 de fevereiro de 2017","modified":"Atualizado em 13 de fevereiro de 2017"},"absolute_dates_time":{"created":"Publicado em 13 de fevereiro de 2017 09:39","modified":"Atualizado em 13 de fevereiro de 2017 09:39"},"featured_img_caption":"","series_order":"","_links":{"self":[{"href":"https:\/\/lavras.tv\/site\/wp-json\/wp\/v2\/posts\/6458","targetHints":{"allow":["GET"]}}],"collection":[{"href":"https:\/\/lavras.tv\/site\/wp-json\/wp\/v2\/posts"}],"about":[{"href":"https:\/\/lavras.tv\/site\/wp-json\/wp\/v2\/types\/post"}],"author":[{"embeddable":true,"href":"https:\/\/lavras.tv\/site\/wp-json\/wp\/v2\/users\/2"}],"replies":[{"embeddable":true,"href":"https:\/\/lavras.tv\/site\/wp-json\/wp\/v2\/comments?post=6458"}],"version-history":[{"count":1,"href":"https:\/\/lavras.tv\/site\/wp-json\/wp\/v2\/posts\/6458\/revisions"}],"predecessor-version":[{"id":6460,"href":"https:\/\/lavras.tv\/site\/wp-json\/wp\/v2\/posts\/6458\/revisions\/6460"}],"wp:featuredmedia":[{"embeddable":true,"href":"https:\/\/lavras.tv\/site\/wp-json\/wp\/v2\/media\/6459"}],"wp:attachment":[{"href":"https:\/\/lavras.tv\/site\/wp-json\/wp\/v2\/media?parent=6458"}],"wp:term":[{"taxonomy":"category","embeddable":true,"href":"https:\/\/lavras.tv\/site\/wp-json\/wp\/v2\/categories?post=6458"},{"taxonomy":"post_tag","embeddable":true,"href":"https:\/\/lavras.tv\/site\/wp-json\/wp\/v2\/tags?post=6458"}],"curies":[{"name":"wp","href":"https:\/\/api.w.org\/{rel}","templated":true}]}}