{"id":6465,"date":"2017-02-13T10:15:42","date_gmt":"2017-02-13T12:15:42","guid":{"rendered":"http:\/\/lavras.tv\/site\/?p=6465"},"modified":"2017-02-13T10:17:39","modified_gmt":"2017-02-13T12:17:39","slug":"governador-pimentel-vem-a-lavras-nesta-terca-feira","status":"publish","type":"post","link":"https:\/\/lavras.tv\/site\/2017\/02\/13\/governador-pimentel-vem-a-lavras-nesta-terca-feira\/","title":{"rendered":"Governador Pimentel vem a Lavras nesta ter\u00e7a-feira"},"content":{"rendered":"<div class=\"lavra-antes-do-conteudo_2\" id=\"lavra-1978230542\"><div id=\"lavra-slider-27\" class=\"custom-slider lavra-slider-661495195 lavra-slider\"><ul><li><div style=\"margin-left: auto;margin-right: auto;text-align: center;\" id=\"lavra-2424369775\"><a href=\"https:\/\/sistemas.lavras.mg.gov.br\/portalcidadao\/#df1b1a7c7b2a290bcb31e32771e610784662739a88807c0dacac58ede5f391a7530e299dc302d611ee73cb143fc22eaf93592e53e7b5bdb01b00a0b8d28dae460c141dd2ff83412e4dc1c31b16b25f33144a9e5620ea73b13f5bc1c59411d98439ad226e8af03840603796067d87afe130812cf3de24982d0e306f9e61e764e5\" aria-label=\"Lavras-TV&#8211;720x104px (1) (1)\"><img src=\"https:\/\/lavras.tv\/site\/wp-content\/uploads\/2025\/01\/Lavras-TV-720x104px-1-1.png\" alt=\"\"  srcset=\"https:\/\/lavras.tv\/site\/wp-content\/uploads\/2025\/01\/Lavras-TV-720x104px-1-1.png 720w, https:\/\/lavras.tv\/site\/wp-content\/uploads\/2025\/01\/Lavras-TV-720x104px-1-1-470x68.png 470w, https:\/\/lavras.tv\/site\/wp-content\/uploads\/2025\/01\/Lavras-TV-720x104px-1-1-170x25.png 170w, https:\/\/lavras.tv\/site\/wp-content\/uploads\/2025\/01\/Lavras-TV-720x104px-1-1-200x29.png 200w\" sizes=\"(max-width: 720px) 100vw, 720px\" width=\"720\" height=\"104\"  style=\"display: inline-block;\" \/><\/a><\/div><\/li><li><a href=\"https:\/\/sistemas.lavras.mg.gov.br\/portalcidadao\/#df1b1a7c7b2a290bcb31e32771e610784662739a88807c0dacac58ede5f391a7530e299dc302d611ee73cb143fc22eaf93592e53e7b5bdb01b00a0b8d28dae460c141dd2ff83412e4dc1c31b16b25f33144a9e5620ea73b13f5bc1c59411d98439ad226e8af03840603796067d87afe130812cf3de24982d0e306f9e61e764e5\" aria-label=\"Banner_Emprego_PortallavrasTV\"><img src=\"https:\/\/lavras.tv\/site\/wp-content\/uploads\/2025\/03\/Banner_Emprego_PortallavrasTV.png\" alt=\"\"  srcset=\"https:\/\/lavras.tv\/site\/wp-content\/uploads\/2025\/03\/Banner_Emprego_PortallavrasTV.png 720w, https:\/\/lavras.tv\/site\/wp-content\/uploads\/2025\/03\/Banner_Emprego_PortallavrasTV-470x68.png 470w, https:\/\/lavras.tv\/site\/wp-content\/uploads\/2025\/03\/Banner_Emprego_PortallavrasTV-170x25.png 170w, https:\/\/lavras.tv\/site\/wp-content\/uploads\/2025\/03\/Banner_Emprego_PortallavrasTV-200x29.png 200w\" sizes=\"(max-width: 720px) 100vw, 720px\" width=\"720\" height=\"104\"   \/><\/a><\/li><li><a href=\"https:\/\/sistemas.lavras.mg.gov.br\/portalcidadao\/#df1b1a7c7b2a290bcb31e32771e610784662739a88807c0dacac58ede5f391a7530e299dc302d611ee73cb143fc22eaf93592e53e7b5bdb01b00a0b8d28dae460c141dd2ff83412e4dc1c31b16b25f33144a9e5620ea73b13f5bc1c59411d98439ad226e8af03840603796067d87afe130812cf3de24982d0e306f9e61e764e5\" aria-label=\"Banner_Obras_PortallavrasTV\"><img src=\"https:\/\/lavras.tv\/site\/wp-content\/uploads\/2025\/03\/Banner_Obras_PortallavrasTV.png\" alt=\"\"  srcset=\"https:\/\/lavras.tv\/site\/wp-content\/uploads\/2025\/03\/Banner_Obras_PortallavrasTV.png 720w, https:\/\/lavras.tv\/site\/wp-content\/uploads\/2025\/03\/Banner_Obras_PortallavrasTV-470x68.png 470w, https:\/\/lavras.tv\/site\/wp-content\/uploads\/2025\/03\/Banner_Obras_PortallavrasTV-170x25.png 170w, https:\/\/lavras.tv\/site\/wp-content\/uploads\/2025\/03\/Banner_Obras_PortallavrasTV-200x29.png 200w\" sizes=\"(max-width: 720px) 100vw, 720px\" width=\"720\" height=\"104\"   \/><\/a><\/li><li><div style=\"margin-left: auto;margin-right: auto;text-align: center;\" id=\"lavra-1993647335\"><a href=\"https:\/\/sistemas.lavras.mg.gov.br\/portalcidadao\/#df1b1a7c7b2a290bcb31e32771e610784662739a88807c0dacac58ede5f391a7530e299dc302d611ee73cb143fc22eaf93592e53e7b5bdb01b00a0b8d28dae460c141dd2ff83412e4dc1c31b16b25f33144a9e5620ea73b13f5bc1c59411d98439ad226e8af03840603796067d87afe130812cf3de24982d0e306f9e61e764e5\" aria-label=\"Banner_Educa\u00e7\u00e3o_PortallavrasTV\"><img src=\"https:\/\/lavras.tv\/site\/wp-content\/uploads\/2025\/01\/Banner_Educacao_PortallavrasTV.png\" alt=\"\"  srcset=\"https:\/\/lavras.tv\/site\/wp-content\/uploads\/2025\/01\/Banner_Educacao_PortallavrasTV.png 720w, https:\/\/lavras.tv\/site\/wp-content\/uploads\/2025\/01\/Banner_Educacao_PortallavrasTV-470x68.png 470w, https:\/\/lavras.tv\/site\/wp-content\/uploads\/2025\/01\/Banner_Educacao_PortallavrasTV-170x25.png 170w, https:\/\/lavras.tv\/site\/wp-content\/uploads\/2025\/01\/Banner_Educacao_PortallavrasTV-200x29.png 200w\" sizes=\"(max-width: 720px) 100vw, 720px\" width=\"720\" height=\"104\"  style=\"display: inline-block;\" \/><\/a><\/div><\/li><li><a href=\"https:\/\/sistemas.lavras.mg.gov.br\/portalcidadao\/#df1b1a7c7b2a290bcb31e32771e610784662739a88807c0dacac58ede5f391a7530e299dc302d611ee73cb143fc22eaf93592e53e7b5bdb01b00a0b8d28dae460c141dd2ff83412e4dc1c31b16b25f33144a9e5620ea73b13f5bc1c59411d98439ad226e8af03840603796067d87afe130812cf3de24982d0e306f9e61e764e5\" aria-label=\"Banner_Sa\u00fade_PortallavrasTV\"><img src=\"https:\/\/lavras.tv\/site\/wp-content\/uploads\/2025\/03\/Banner_Saude_PortallavrasTV.png\" alt=\"\"  srcset=\"https:\/\/lavras.tv\/site\/wp-content\/uploads\/2025\/03\/Banner_Saude_PortallavrasTV.png 720w, https:\/\/lavras.tv\/site\/wp-content\/uploads\/2025\/03\/Banner_Saude_PortallavrasTV-470x68.png 470w, https:\/\/lavras.tv\/site\/wp-content\/uploads\/2025\/03\/Banner_Saude_PortallavrasTV-170x25.png 170w, https:\/\/lavras.tv\/site\/wp-content\/uploads\/2025\/03\/Banner_Saude_PortallavrasTV-200x29.png 200w\" sizes=\"(max-width: 720px) 100vw, 720px\" width=\"720\" height=\"104\"   \/><\/a><\/li><li><div id=\"lavra-2139809280\" style=\"width:720px;height:104px;background-color:#ddd;overflow:scroll;\">\n\t<strong>Sa\u00edda da depura\u00e7\u00e3o de an\u00fancios<\/strong>\n\t<br><br>\n\tO an\u00fancio n\u00e3o \u00e9 exibido na p\u00e1gina<br><br>post atual: Governador Pimentel vem a Lavras nesta ter\u00e7a-feira, ID: 6465<br><br><span style=\"color: red;\">O post atual n\u00e3o \u00e9 id\u00eantico ao post principal.<\/span><br><br>An\u00fancios: ROXO - TOPO INTERNA - ROTATIVO 2 (197)<br \/>Grupo de an\u00fancios: Princ_Meio01_720x104 (27)<br><br>Condi\u00e7\u00f5es de exibi\u00e7\u00e3o<div style=\"margin-bottom: 20px; white-space: pre-wrap; font-family: monospace; width: 100%; background: #ffe9e9;\"><strong>condi\u00e7\u00f5es gerais<\/strong><table border=\"1\"><thead><tr><th><\/th><th>An\u00fancios<\/th><th>wp_the_query<\/th><\/tr><\/thead><tr><td>is_main_query<\/td><td>1<\/td><td>1<\/td><\/tr><tr><td>is_rest_api<\/td><td>0<\/td><td>1<\/td><\/tr><tr><td>page<\/td><td>0<\/td><td>1<\/td><\/tr><tr><td>numpages<\/td><td>0<\/td><td>1<\/td><\/tr><tr><td>is_archive<\/td><td>1<\/td><td><\/td><\/tr><tr><td>is_search<\/td><td>1<\/td><td><\/td><\/tr><tr><td>is_home<\/td><td>1<\/td><td><\/td><\/tr><tr><td>is_404<\/td><td>1<\/td><td><\/td><\/tr><tr><td>is_attachment<\/td><td>1<\/td><td><\/td><\/tr><tr><td>is_singular<\/td><td>1<\/td><td><\/td><\/tr><tr><td>is_front_page<\/td><td>1<\/td><td><\/td><\/tr><tr><td>is_feed<\/td><td>1<\/td><td><\/td><\/tr><\/table><\/div><br><br><span style=\"color: red;\">Seu site usa HTTPS, mas o c\u00f3digo do an\u00fancio cont\u00e9m HTTP e pode n\u00e3o funcionar.<\/span>\t<br><br>\n\t<a style=\"color: green;\" href=\"https:\/\/wpadvancedads.com\/manual\/ad-debug-mode\/?utm_source=advanced-ads&utm_medium=link&utm_campaign=ad-debug-mode\" target=\"_blank\" rel=\"nofollow\">Encontre solu\u00e7\u00f5es no manual<\/a>\n<\/div>\n<\/li><\/ul><\/div><script>( window.advanced_ads_ready || jQuery( document ).ready ).call( null, function() {var $lavraslider661495195 = jQuery( \".lavra-slider-661495195\" );$lavraslider661495195.on( \"unslider.ready\", function() { jQuery( \"div.custom-slider ul li\" ).css( \"display\", \"block\" ); });$lavraslider661495195.unslider({ delay:4000, autoplay:true, nav:false, arrows:false, infinite:true });$lavraslider661495195.on(\"mouseover\", function() {$lavraslider661495195.unslider(\"stop\");}).on(\"mouseout\", function() {$lavraslider661495195.unslider(\"start\");});});<\/script><\/div><p>O governador Fernando Pimentel entrega nesta ter\u00e7a-feira (14), no 8\u00ba Batalh\u00e3o da Pol\u00edcia Militar, em Lavras 19 viaturas para a Pol\u00edcia Militar de Minas Gerais. <!--more-->O objetivo \u00e9 melhorar as condi\u00e7\u00f5es de trabalho dos policiais e atender melhor \u00e0 popula\u00e7\u00e3o, reivindica\u00e7\u00e3o surgida durante os F\u00f3runs Regionais de Governo.<\/p>\n<p><img fetchpriority=\"high\" decoding=\"async\" class=\"wp-image-6466 aligncenter\" src=\"http:\/\/lavras.tv\/site\/wp-content\/uploads\/2017\/02\/pimentel-pm.jpg\" alt=\"pimentel pm\" width=\"741\" height=\"521\" srcset=\"https:\/\/lavras.tv\/site\/wp-content\/uploads\/2017\/02\/pimentel-pm.jpg 850w, https:\/\/lavras.tv\/site\/wp-content\/uploads\/2017\/02\/pimentel-pm-150x106.jpg 150w, https:\/\/lavras.tv\/site\/wp-content\/uploads\/2017\/02\/pimentel-pm-300x211.jpg 300w\" sizes=\"(max-width: 741px) 100vw, 741px\" \/><\/p>\n<p>O munic\u00edpio de Lavras receber\u00e1 16 novos ve\u00edculos. Ser\u00e3o destinados tr\u00eas ve\u00edculos Chevrolet S10 e uma viatura para a 6\u00aa Companhia de Pol\u00edcia Militar de Meio Ambiente e Tr\u00e2nsito Rodovi\u00e1rio, dois ve\u00edculos Chevrolet S10 para a 251\u00aa Companhia de Pol\u00edcia Militar e Recobrimento, oito ve\u00edculos P\u00e1lio Weekend para a 54\u00aa Companhia de Pol\u00edcia Militar, uma viatura para a Regi\u00e3o de Pol\u00edcia Militar e uma viatura para o 8\u00b0 Batalh\u00e3o da Pol\u00edcia Militar. As viaturas ser\u00e3o utilizadas no policiamento urbano, rural, rodovi\u00e1rio e do meio ambiente. Tamb\u00e9m receber\u00e3o viaturas os munic\u00edpios de Perd\u00f5es, Nepomuceno e Ijaci.<\/p>\n<p>De acordo com o secret\u00e1rio de Estado de Governo, Odair Cunha, a entrega comprova o compromisso do Estado em aprimorar ainda mais os servi\u00e7os prestados pela Pol\u00edcia Militar. \u201cDesde que assumiu a gest\u00e3o do Estado, uma das prioridades do governador Fernando Pimentel foi qualificar a Seguran\u00e7a P\u00fablica no Estado. Para isso, refor\u00e7ar a frota da Pol\u00edcia Militar, garantir melhores condi\u00e7\u00f5es de atendimento \u00e0 popula\u00e7\u00e3o e valorizar a nossa pol\u00edcia \u00e9 algo essencial. Com este ato, reiteramos mais uma vez que estamos trabalhando juntos na melhoria dos indicadores de seguran\u00e7a no Estado. Al\u00e9m disso, vale ressaltar que estas entregas v\u00e3o beneficiar a popula\u00e7\u00e3o da cidade e toda a regi\u00e3o\u201d, afirmou.<\/p>\n<p>Para o deputado estadual F\u00e1bio Cherem, a a\u00e7\u00e3o do Governo do Estado \u00e9 uma resposta efetiva \u00e0 \u00e1rea de seguran\u00e7a p\u00fablica, que passa por grandes desafios em alguns estados do pa\u00eds. \u201cNeste momento de retomada do progresso e da eficientiza\u00e7\u00e3o dos servi\u00e7os p\u00fablicos no munic\u00edpio de Lavras e mesmo da regi\u00e3o, essa resposta do Governo aos cidad\u00e3os representa um grande incentivo e a uni\u00e3o de for\u00e7as para avan\u00e7armos juntos em outras \u00e1reas de apoio \u00e0 popula\u00e7\u00e3o\u201d, disse.<\/p>\n<p>Fonte: Assessoria de imprensa<\/p>\n<p>Foto: Imprensa MG<\/p>\n","protected":false},"excerpt":{"rendered":"<p>O governador Fernando Pimentel entrega nesta ter\u00e7a-feira (14), no 8\u00ba Batalh\u00e3o da Pol\u00edcia Militar, em Lavras 19 viaturas para a Pol\u00edcia Militar de Minas Gerais.<\/p>\n","protected":false},"author":2,"featured_media":6466,"comment_status":"closed","ping_status":"open","sticky":false,"template":"","format":"standard","meta":{"advgb_blocks_editor_width":"","advgb_blocks_columns_visual_guide":"","_exactmetrics_skip_tracking":false,"_exactmetrics_sitenote_active":false,"_exactmetrics_sitenote_note":"","_exactmetrics_sitenote_category":0,"footnotes":""},"categories":[7,12],"tags":[2651,672,1157,2650,449,2649],"class_list":["post-6465","post","type-post","status-publish","format-standard","has-post-thumbnail","hentry","category-destaques","category-politica","tag-batalhao","tag-fabio-cherem","tag-fernando-pimentel","tag-odair-cunha","tag-policia-militar","tag-viaturas"],"better_featured_image":{"id":6466,"alt_text":"","caption":"","description":"","media_type":"image","media_details":{"width":850,"height":598,"file":"2017\/02\/pimentel-pm.jpg","sizes":{"thumbnail":{"file":"pimentel-pm-150x106.jpg","width":150,"height":106,"mime-type":"image\/jpeg","source_url":"https:\/\/lavras.tv\/site\/wp-content\/uploads\/2017\/02\/pimentel-pm-150x106.jpg"},"medium":{"file":"pimentel-pm-300x211.jpg","width":300,"height":211,"mime-type":"image\/jpeg","source_url":"https:\/\/lavras.tv\/site\/wp-content\/uploads\/2017\/02\/pimentel-pm-300x211.jpg"},"featured-slider-img":{"file":"pimentel-pm-640x480.jpg","width":640,"height":480,"mime-type":"image\/jpeg","source_url":"https:\/\/lavras.tv\/site\/wp-content\/uploads\/2017\/02\/pimentel-pm-640x480.jpg"},"featured-post-img":{"file":"pimentel-pm-480x320.jpg","width":480,"height":320,"mime-type":"image\/jpeg","source_url":"https:\/\/lavras.tv\/site\/wp-content\/uploads\/2017\/02\/pimentel-pm-480x320.jpg"},"sow-carousel-default":{"file":"pimentel-pm-272x182.jpg","width":272,"height":182,"mime-type":"image\/jpeg","source_url":"https:\/\/lavras.tv\/site\/wp-content\/uploads\/2017\/02\/pimentel-pm-272x182.jpg"}},"image_meta":{"aperture":"0","credit":"","camera":"","caption":"","created_timestamp":"0","copyright":"","focal_length":"0","iso":"0","shutter_speed":"0","title":"","orientation":"0","keywords":[]}},"post":6465,"source_url":"https:\/\/lavras.tv\/site\/wp-content\/uploads\/2017\/02\/pimentel-pm.jpg"},"author_meta":{"display_name":"Lavras TV","author_link":"https:\/\/lavras.tv\/site\/author\/lavrastv\/"},"featured_img":"https:\/\/lavras.tv\/site\/wp-content\/uploads\/2017\/02\/pimentel-pm-300x211.jpg","coauthors":[],"tax_additional":{"categories":{"linked":["<a href=\"https:\/\/lavras.tv\/site\/category\/destaques\/\" class=\"advgb-post-tax-term\">Destaques<\/a>","<a href=\"https:\/\/lavras.tv\/site\/category\/politica\/\" class=\"advgb-post-tax-term\">Pol\u00edtica<\/a>"],"unlinked":["<span class=\"advgb-post-tax-term\">Destaques<\/span>","<span class=\"advgb-post-tax-term\">Pol\u00edtica<\/span>"]},"tags":{"linked":["<a href=\"https:\/\/lavras.tv\/site\/category\/politica\/\" class=\"advgb-post-tax-term\">batalh\u00e3o<\/a>","<a href=\"https:\/\/lavras.tv\/site\/category\/politica\/\" class=\"advgb-post-tax-term\">fabio cherem<\/a>","<a href=\"https:\/\/lavras.tv\/site\/category\/politica\/\" class=\"advgb-post-tax-term\">fernando pimentel<\/a>","<a href=\"https:\/\/lavras.tv\/site\/category\/politica\/\" class=\"advgb-post-tax-term\">odair cunha<\/a>","<a href=\"https:\/\/lavras.tv\/site\/category\/politica\/\" class=\"advgb-post-tax-term\">pol\u00edcia militar<\/a>","<a href=\"https:\/\/lavras.tv\/site\/category\/politica\/\" class=\"advgb-post-tax-term\">viaturas<\/a>"],"unlinked":["<span class=\"advgb-post-tax-term\">batalh\u00e3o<\/span>","<span class=\"advgb-post-tax-term\">fabio cherem<\/span>","<span class=\"advgb-post-tax-term\">fernando pimentel<\/span>","<span class=\"advgb-post-tax-term\">odair cunha<\/span>","<span class=\"advgb-post-tax-term\">pol\u00edcia militar<\/span>","<span class=\"advgb-post-tax-term\">viaturas<\/span>"]}},"comment_count":"0","relative_dates":{"created":"Publicado 9 anos atr\u00e1s","modified":"Atualizado 9 anos atr\u00e1s"},"absolute_dates":{"created":"Publicado em 13 de fevereiro de 2017","modified":"Atualizado em 13 de fevereiro de 2017"},"absolute_dates_time":{"created":"Publicado em 13 de fevereiro de 2017 10:15","modified":"Atualizado em 13 de fevereiro de 2017 10:17"},"featured_img_caption":"","series_order":"","_links":{"self":[{"href":"https:\/\/lavras.tv\/site\/wp-json\/wp\/v2\/posts\/6465","targetHints":{"allow":["GET"]}}],"collection":[{"href":"https:\/\/lavras.tv\/site\/wp-json\/wp\/v2\/posts"}],"about":[{"href":"https:\/\/lavras.tv\/site\/wp-json\/wp\/v2\/types\/post"}],"author":[{"embeddable":true,"href":"https:\/\/lavras.tv\/site\/wp-json\/wp\/v2\/users\/2"}],"replies":[{"embeddable":true,"href":"https:\/\/lavras.tv\/site\/wp-json\/wp\/v2\/comments?post=6465"}],"version-history":[{"count":3,"href":"https:\/\/lavras.tv\/site\/wp-json\/wp\/v2\/posts\/6465\/revisions"}],"predecessor-version":[{"id":6469,"href":"https:\/\/lavras.tv\/site\/wp-json\/wp\/v2\/posts\/6465\/revisions\/6469"}],"wp:featuredmedia":[{"embeddable":true,"href":"https:\/\/lavras.tv\/site\/wp-json\/wp\/v2\/media\/6466"}],"wp:attachment":[{"href":"https:\/\/lavras.tv\/site\/wp-json\/wp\/v2\/media?parent=6465"}],"wp:term":[{"taxonomy":"category","embeddable":true,"href":"https:\/\/lavras.tv\/site\/wp-json\/wp\/v2\/categories?post=6465"},{"taxonomy":"post_tag","embeddable":true,"href":"https:\/\/lavras.tv\/site\/wp-json\/wp\/v2\/tags?post=6465"}],"curies":[{"name":"wp","href":"https:\/\/api.w.org\/{rel}","templated":true}]}}