{"id":6618,"date":"2017-02-17T08:53:24","date_gmt":"2017-02-17T10:53:24","guid":{"rendered":"http:\/\/lavras.tv\/site\/?p=6618"},"modified":"2017-02-17T08:53:24","modified_gmt":"2017-02-17T10:53:24","slug":"com-atletas-de-galo-e-raposa-selecao-e-convocada-para-sul-americano-sub-17","status":"publish","type":"post","link":"https:\/\/lavras.tv\/site\/2017\/02\/17\/com-atletas-de-galo-e-raposa-selecao-e-convocada-para-sul-americano-sub-17\/","title":{"rendered":"Com atletas de Galo e Raposa, sele\u00e7\u00e3o \u00e9 convocada para Sul-Americano Sub-17"},"content":{"rendered":"<div class=\"lavra-antes-do-conteudo_2\" id=\"lavra-3785303742\"><div id=\"lavra-slider-27\" class=\"custom-slider lavra-slider-1091128339 lavra-slider\"><ul><li><div style=\"margin-left: auto;margin-right: auto;text-align: center;\" id=\"lavra-2418063045\"><a href=\"https:\/\/sistemas.lavras.mg.gov.br\/portalcidadao\/#df1b1a7c7b2a290bcb31e32771e610784662739a88807c0dacac58ede5f391a7530e299dc302d611ee73cb143fc22eaf93592e53e7b5bdb01b00a0b8d28dae460c141dd2ff83412e4dc1c31b16b25f33144a9e5620ea73b13f5bc1c59411d98439ad226e8af03840603796067d87afe130812cf3de24982d0e306f9e61e764e5\" aria-label=\"Lavras-TV&#8211;720x104px (1) (1)\"><img src=\"https:\/\/lavras.tv\/site\/wp-content\/uploads\/2025\/01\/Lavras-TV-720x104px-1-1.png\" alt=\"\"  srcset=\"https:\/\/lavras.tv\/site\/wp-content\/uploads\/2025\/01\/Lavras-TV-720x104px-1-1.png 720w, https:\/\/lavras.tv\/site\/wp-content\/uploads\/2025\/01\/Lavras-TV-720x104px-1-1-470x68.png 470w, https:\/\/lavras.tv\/site\/wp-content\/uploads\/2025\/01\/Lavras-TV-720x104px-1-1-170x25.png 170w, https:\/\/lavras.tv\/site\/wp-content\/uploads\/2025\/01\/Lavras-TV-720x104px-1-1-200x29.png 200w\" sizes=\"(max-width: 720px) 100vw, 720px\" width=\"720\" height=\"104\"  style=\"display: inline-block;\" \/><\/a><\/div><\/li><li><a href=\"https:\/\/sistemas.lavras.mg.gov.br\/portalcidadao\/#df1b1a7c7b2a290bcb31e32771e610784662739a88807c0dacac58ede5f391a7530e299dc302d611ee73cb143fc22eaf93592e53e7b5bdb01b00a0b8d28dae460c141dd2ff83412e4dc1c31b16b25f33144a9e5620ea73b13f5bc1c59411d98439ad226e8af03840603796067d87afe130812cf3de24982d0e306f9e61e764e5\" aria-label=\"Banner_Emprego_PortallavrasTV\"><img src=\"https:\/\/lavras.tv\/site\/wp-content\/uploads\/2025\/03\/Banner_Emprego_PortallavrasTV.png\" alt=\"\"  srcset=\"https:\/\/lavras.tv\/site\/wp-content\/uploads\/2025\/03\/Banner_Emprego_PortallavrasTV.png 720w, https:\/\/lavras.tv\/site\/wp-content\/uploads\/2025\/03\/Banner_Emprego_PortallavrasTV-470x68.png 470w, https:\/\/lavras.tv\/site\/wp-content\/uploads\/2025\/03\/Banner_Emprego_PortallavrasTV-170x25.png 170w, https:\/\/lavras.tv\/site\/wp-content\/uploads\/2025\/03\/Banner_Emprego_PortallavrasTV-200x29.png 200w\" sizes=\"(max-width: 720px) 100vw, 720px\" width=\"720\" height=\"104\"   \/><\/a><\/li><li><a href=\"https:\/\/sistemas.lavras.mg.gov.br\/portalcidadao\/#df1b1a7c7b2a290bcb31e32771e610784662739a88807c0dacac58ede5f391a7530e299dc302d611ee73cb143fc22eaf93592e53e7b5bdb01b00a0b8d28dae460c141dd2ff83412e4dc1c31b16b25f33144a9e5620ea73b13f5bc1c59411d98439ad226e8af03840603796067d87afe130812cf3de24982d0e306f9e61e764e5\" aria-label=\"Banner_Obras_PortallavrasTV\"><img src=\"https:\/\/lavras.tv\/site\/wp-content\/uploads\/2025\/03\/Banner_Obras_PortallavrasTV.png\" alt=\"\"  srcset=\"https:\/\/lavras.tv\/site\/wp-content\/uploads\/2025\/03\/Banner_Obras_PortallavrasTV.png 720w, https:\/\/lavras.tv\/site\/wp-content\/uploads\/2025\/03\/Banner_Obras_PortallavrasTV-470x68.png 470w, https:\/\/lavras.tv\/site\/wp-content\/uploads\/2025\/03\/Banner_Obras_PortallavrasTV-170x25.png 170w, https:\/\/lavras.tv\/site\/wp-content\/uploads\/2025\/03\/Banner_Obras_PortallavrasTV-200x29.png 200w\" sizes=\"(max-width: 720px) 100vw, 720px\" width=\"720\" height=\"104\"   \/><\/a><\/li><li><div style=\"margin-left: auto;margin-right: auto;text-align: center;\" id=\"lavra-2339114934\"><a href=\"https:\/\/sistemas.lavras.mg.gov.br\/portalcidadao\/#df1b1a7c7b2a290bcb31e32771e610784662739a88807c0dacac58ede5f391a7530e299dc302d611ee73cb143fc22eaf93592e53e7b5bdb01b00a0b8d28dae460c141dd2ff83412e4dc1c31b16b25f33144a9e5620ea73b13f5bc1c59411d98439ad226e8af03840603796067d87afe130812cf3de24982d0e306f9e61e764e5\" aria-label=\"Banner_Educa\u00e7\u00e3o_PortallavrasTV\"><img src=\"https:\/\/lavras.tv\/site\/wp-content\/uploads\/2025\/01\/Banner_Educacao_PortallavrasTV.png\" alt=\"\"  srcset=\"https:\/\/lavras.tv\/site\/wp-content\/uploads\/2025\/01\/Banner_Educacao_PortallavrasTV.png 720w, https:\/\/lavras.tv\/site\/wp-content\/uploads\/2025\/01\/Banner_Educacao_PortallavrasTV-470x68.png 470w, https:\/\/lavras.tv\/site\/wp-content\/uploads\/2025\/01\/Banner_Educacao_PortallavrasTV-170x25.png 170w, https:\/\/lavras.tv\/site\/wp-content\/uploads\/2025\/01\/Banner_Educacao_PortallavrasTV-200x29.png 200w\" sizes=\"(max-width: 720px) 100vw, 720px\" width=\"720\" height=\"104\"  style=\"display: inline-block;\" \/><\/a><\/div><\/li><li><a href=\"https:\/\/sistemas.lavras.mg.gov.br\/portalcidadao\/#df1b1a7c7b2a290bcb31e32771e610784662739a88807c0dacac58ede5f391a7530e299dc302d611ee73cb143fc22eaf93592e53e7b5bdb01b00a0b8d28dae460c141dd2ff83412e4dc1c31b16b25f33144a9e5620ea73b13f5bc1c59411d98439ad226e8af03840603796067d87afe130812cf3de24982d0e306f9e61e764e5\" aria-label=\"Banner_Sa\u00fade_PortallavrasTV\"><img src=\"https:\/\/lavras.tv\/site\/wp-content\/uploads\/2025\/03\/Banner_Saude_PortallavrasTV.png\" alt=\"\"  srcset=\"https:\/\/lavras.tv\/site\/wp-content\/uploads\/2025\/03\/Banner_Saude_PortallavrasTV.png 720w, https:\/\/lavras.tv\/site\/wp-content\/uploads\/2025\/03\/Banner_Saude_PortallavrasTV-470x68.png 470w, https:\/\/lavras.tv\/site\/wp-content\/uploads\/2025\/03\/Banner_Saude_PortallavrasTV-170x25.png 170w, https:\/\/lavras.tv\/site\/wp-content\/uploads\/2025\/03\/Banner_Saude_PortallavrasTV-200x29.png 200w\" sizes=\"(max-width: 720px) 100vw, 720px\" width=\"720\" height=\"104\"   \/><\/a><\/li><li><div id=\"lavra-963487991\" style=\"width:720px;height:104px;background-color:#ddd;overflow:scroll;\">\n\t<strong>Sa\u00edda da depura\u00e7\u00e3o de an\u00fancios<\/strong>\n\t<br><br>\n\tO an\u00fancio n\u00e3o \u00e9 exibido na p\u00e1gina<br><br>post atual: Com atletas de Galo e Raposa, sele\u00e7\u00e3o \u00e9 convocada para Sul-Americano Sub-17, ID: 6618<br><br><span style=\"color: red;\">O post atual n\u00e3o \u00e9 id\u00eantico ao post principal.<\/span><br><br>An\u00fancios: ROXO - TOPO INTERNA - ROTATIVO 2 (197)<br \/>Grupo de an\u00fancios: Princ_Meio01_720x104 (27)<br><br>Condi\u00e7\u00f5es de exibi\u00e7\u00e3o<div style=\"margin-bottom: 20px; white-space: pre-wrap; font-family: monospace; width: 100%; background: #ffe9e9;\"><strong>condi\u00e7\u00f5es gerais<\/strong><table border=\"1\"><thead><tr><th><\/th><th>An\u00fancios<\/th><th>wp_the_query<\/th><\/tr><\/thead><tr><td>is_main_query<\/td><td>1<\/td><td>1<\/td><\/tr><tr><td>is_rest_api<\/td><td>0<\/td><td>1<\/td><\/tr><tr><td>page<\/td><td>0<\/td><td>1<\/td><\/tr><tr><td>numpages<\/td><td>0<\/td><td>1<\/td><\/tr><tr><td>is_archive<\/td><td>1<\/td><td><\/td><\/tr><tr><td>is_search<\/td><td>1<\/td><td><\/td><\/tr><tr><td>is_home<\/td><td>1<\/td><td><\/td><\/tr><tr><td>is_404<\/td><td>1<\/td><td><\/td><\/tr><tr><td>is_attachment<\/td><td>1<\/td><td><\/td><\/tr><tr><td>is_singular<\/td><td>1<\/td><td><\/td><\/tr><tr><td>is_front_page<\/td><td>1<\/td><td><\/td><\/tr><tr><td>is_feed<\/td><td>1<\/td><td><\/td><\/tr><\/table><\/div><br><br><span style=\"color: red;\">Seu site usa HTTPS, mas o c\u00f3digo do an\u00fancio cont\u00e9m HTTP e pode n\u00e3o funcionar.<\/span>\t<br><br>\n\t<a style=\"color: green;\" href=\"https:\/\/wpadvancedads.com\/manual\/ad-debug-mode\/?utm_source=advanced-ads&utm_medium=link&utm_campaign=ad-debug-mode\" target=\"_blank\" rel=\"nofollow\">Encontre solu\u00e7\u00f5es no manual<\/a>\n<\/div>\n<\/li><\/ul><\/div><script>( window.advanced_ads_ready || jQuery( document ).ready ).call( null, function() {var $lavraslider1091128339 = jQuery( \".lavra-slider-1091128339\" );$lavraslider1091128339.on( \"unslider.ready\", function() { jQuery( \"div.custom-slider ul li\" ).css( \"display\", \"block\" ); });$lavraslider1091128339.unslider({ delay:4000, autoplay:true, nav:false, arrows:false, infinite:true });$lavraslider1091128339.on(\"mouseover\", function() {$lavraslider1091128339.unslider(\"stop\");}).on(\"mouseout\", function() {$lavraslider1091128339.unslider(\"start\");});});<\/script><\/div><p>O t\u00e9cnico Carlos Amadeu definiu nesta quinta-feira os 23 jogadores que representar\u00e3o a sele\u00e7\u00e3o brasileira sub-17 no Campeonato Sul-Americano da categoria, no Chile. Em meio \u00e0 crise nas categorias de base da CBF, o treinador revelou os convocados com destaque para o atacante Vinicius J\u00fanior, do Flamengo.<\/p>\n<p>Um dos melhores jogadores da \u00faltima Copa S\u00e3o Paulo de Juniores, Vinicius J\u00fanior tem apenas 16 anos, mas j\u00e1 atrai as aten\u00e7\u00f5es de alguns dos maiores clubes do mundo, como o Barcelona. Ele ter\u00e1 como companheiro de ataque no Sul-Americano Sub-20 seu colega de Flamengo, Lincoln, que tamb\u00e9m disputou a Copa S\u00e3o Paulo e tem 16 anos.<\/p>\n<p>Flamengo e S\u00e3o Paulo s\u00e3o os clubes com mais representantes nesta convoca\u00e7\u00e3o: quatro. Vasco, Coritiba, Atl\u00e9tico-PR, Atl\u00e9tico, Palmeiras e Santos tiveram dois jogadores cada. J\u00e1 Cruzeiro, Corinthians e Gr\u00eamio ter\u00e3o um atleta no torneio.<\/p>\n<p>O Brasil viaja para a disputa do Sul-Americano em meio a uma crise em sua base. Na \u00faltima ter\u00e7a-feira, a CBF demitiu seu coordenador das categorias de base, Erasmo Damiani, ap\u00f3s o p\u00edfio desempenho do Pa\u00eds no Sul-Americano Sub-20, em que terminou na quinta coloca\u00e7\u00e3o, fora da zona de classifica\u00e7\u00e3o para o Mundial da categoria.<\/p>\n<p>A expectativa agora \u00e9 que a sele\u00e7\u00e3o sub-17 tenha destino diferente no Sul-Americano, que ser\u00e1 disputado do dia 23 de fevereiro a 19 de mar\u00e7o no Chile. O Brasil defende o t\u00edtulo e est\u00e1 no Grupo B da competi\u00e7\u00e3o, ao lado de Argentina, Paraguai, Venezuela e Peru.<\/p>\n<p><strong>Confira a convoca\u00e7\u00e3o da sele\u00e7\u00e3o brasileira sub-17:<\/strong><\/p>\n<p>Goleiros: Arthur Gazze (S\u00e3o Paulo), <strong>Gabriel Braz\u00e3o (Cruzeiro)<\/strong> e Lucas Alexandre (Vasco).<\/p>\n<p>Laterais: Wesley (Flamengo), Kazu (Coritiba) e Weverson (S\u00e3o Paulo).<\/p>\n<p>Zagueiros: Lucas Halter (Atl\u00e9tico-PR), <strong>Matheus Stockl (Atl\u00e9tico)<\/strong>, Patrick (Flamengo), Rodrigo Guth (Coritiba) e Vitor Eduardo (Palmeiras).<\/p>\n<p>Meio-campistas: Alan Souza (Palmeiras), Marcos Antonio (Atl\u00e9tico-PR), Rodrigo Nestor (S\u00e3o Paulo), Victor Bobsin (Gr\u00eamio) e Victor Yan (Santos).<\/p>\n<p>Atacantes: <strong>Alerrandro (Atl\u00e9tico)<\/strong>, Brenner (S\u00e3o Paulo), Lincoln (Flamengo), Paulinho (Vasco), Vitinho (Corinthians), Vinicius J\u00fanior (Flamengo) e Yuri Alberto (Santos).<\/p>\n<p>&nbsp;<\/p>\n<p>Fonte: Itatiaia<\/p>\n","protected":false},"excerpt":{"rendered":"<p>O t\u00e9cnico Carlos Amadeu definiu nesta quinta-feira os 23 jogadores que representar\u00e3o a sele\u00e7\u00e3o brasileira sub-17 no Campeonato Sul-Americano da categoria, no Chile. Em meio \u00e0 crise nas categorias de base da CBF, o treinador revelou os convocados com destaque para o atacante Vinicius J\u00fanior, do Flamengo. Um dos melhores jogadores da \u00faltima Copa S\u00e3o [&hellip;]<\/p>\n","protected":false},"author":2,"featured_media":6619,"comment_status":"closed","ping_status":"open","sticky":false,"template":"","format":"standard","meta":{"advgb_blocks_editor_width":"","advgb_blocks_columns_visual_guide":"","_exactmetrics_skip_tracking":false,"_exactmetrics_sitenote_active":false,"_exactmetrics_sitenote_note":"","_exactmetrics_sitenote_category":0,"footnotes":""},"categories":[3],"tags":[966,1036,1929,2696,2697],"class_list":["post-6618","post","type-post","status-publish","format-standard","has-post-thumbnail","hentry","category-esportes","tag-esporte","tag-futebol","tag-selecao-brasileira","tag-sub-17","tag-sul-americano"],"better_featured_image":{"id":6619,"alt_text":"","caption":"","description":"","media_type":"image","media_details":{"width":1000,"height":667,"file":"2017\/02\/campo-futebol.jpg","sizes":{"thumbnail":{"file":"campo-futebol-150x100.jpg","width":150,"height":100,"mime-type":"image\/jpeg","source_url":"https:\/\/lavras.tv\/site\/wp-content\/uploads\/2017\/02\/campo-futebol-150x100.jpg"},"medium":{"file":"campo-futebol-300x200.jpg","width":300,"height":200,"mime-type":"image\/jpeg","source_url":"https:\/\/lavras.tv\/site\/wp-content\/uploads\/2017\/02\/campo-futebol-300x200.jpg"},"featured-slider-img":{"file":"campo-futebol-640x480.jpg","width":640,"height":480,"mime-type":"image\/jpeg","source_url":"https:\/\/lavras.tv\/site\/wp-content\/uploads\/2017\/02\/campo-futebol-640x480.jpg"},"featured-post-img":{"file":"campo-futebol-480x320.jpg","width":480,"height":320,"mime-type":"image\/jpeg","source_url":"https:\/\/lavras.tv\/site\/wp-content\/uploads\/2017\/02\/campo-futebol-480x320.jpg"},"sow-carousel-default":{"file":"campo-futebol-272x182.jpg","width":272,"height":182,"mime-type":"image\/jpeg","source_url":"https:\/\/lavras.tv\/site\/wp-content\/uploads\/2017\/02\/campo-futebol-272x182.jpg"}},"image_meta":{"aperture":"0","credit":"","camera":"","caption":"","created_timestamp":"0","copyright":"","focal_length":"0","iso":"0","shutter_speed":"0","title":"","orientation":"0","keywords":[]}},"post":6618,"source_url":"https:\/\/lavras.tv\/site\/wp-content\/uploads\/2017\/02\/campo-futebol.jpg"},"author_meta":{"display_name":"Lavras TV","author_link":"https:\/\/lavras.tv\/site\/author\/lavrastv\/"},"featured_img":"https:\/\/lavras.tv\/site\/wp-content\/uploads\/2017\/02\/campo-futebol-300x200.jpg","coauthors":[],"tax_additional":{"categories":{"linked":["<a href=\"https:\/\/lavras.tv\/site\/category\/esportes\/\" class=\"advgb-post-tax-term\">Esportes<\/a>"],"unlinked":["<span class=\"advgb-post-tax-term\">Esportes<\/span>"]},"tags":{"linked":["<a href=\"https:\/\/lavras.tv\/site\/category\/esportes\/\" class=\"advgb-post-tax-term\">esporte<\/a>","<a href=\"https:\/\/lavras.tv\/site\/category\/esportes\/\" class=\"advgb-post-tax-term\">futebol<\/a>","<a href=\"https:\/\/lavras.tv\/site\/category\/esportes\/\" class=\"advgb-post-tax-term\">sele\u00e7\u00e3o brasileira<\/a>","<a href=\"https:\/\/lavras.tv\/site\/category\/esportes\/\" class=\"advgb-post-tax-term\">sub 17<\/a>","<a href=\"https:\/\/lavras.tv\/site\/category\/esportes\/\" class=\"advgb-post-tax-term\">sul-americano<\/a>"],"unlinked":["<span class=\"advgb-post-tax-term\">esporte<\/span>","<span class=\"advgb-post-tax-term\">futebol<\/span>","<span class=\"advgb-post-tax-term\">sele\u00e7\u00e3o brasileira<\/span>","<span class=\"advgb-post-tax-term\">sub 17<\/span>","<span class=\"advgb-post-tax-term\">sul-americano<\/span>"]}},"comment_count":"0","relative_dates":{"created":"Publicado 9 anos atr\u00e1s","modified":"Atualizado 9 anos atr\u00e1s"},"absolute_dates":{"created":"Publicado em 17 de fevereiro de 2017","modified":"Atualizado em 17 de fevereiro de 2017"},"absolute_dates_time":{"created":"Publicado em 17 de fevereiro de 2017 08:53","modified":"Atualizado em 17 de fevereiro de 2017 08:53"},"featured_img_caption":"","series_order":"","_links":{"self":[{"href":"https:\/\/lavras.tv\/site\/wp-json\/wp\/v2\/posts\/6618","targetHints":{"allow":["GET"]}}],"collection":[{"href":"https:\/\/lavras.tv\/site\/wp-json\/wp\/v2\/posts"}],"about":[{"href":"https:\/\/lavras.tv\/site\/wp-json\/wp\/v2\/types\/post"}],"author":[{"embeddable":true,"href":"https:\/\/lavras.tv\/site\/wp-json\/wp\/v2\/users\/2"}],"replies":[{"embeddable":true,"href":"https:\/\/lavras.tv\/site\/wp-json\/wp\/v2\/comments?post=6618"}],"version-history":[{"count":1,"href":"https:\/\/lavras.tv\/site\/wp-json\/wp\/v2\/posts\/6618\/revisions"}],"predecessor-version":[{"id":6620,"href":"https:\/\/lavras.tv\/site\/wp-json\/wp\/v2\/posts\/6618\/revisions\/6620"}],"wp:featuredmedia":[{"embeddable":true,"href":"https:\/\/lavras.tv\/site\/wp-json\/wp\/v2\/media\/6619"}],"wp:attachment":[{"href":"https:\/\/lavras.tv\/site\/wp-json\/wp\/v2\/media?parent=6618"}],"wp:term":[{"taxonomy":"category","embeddable":true,"href":"https:\/\/lavras.tv\/site\/wp-json\/wp\/v2\/categories?post=6618"},{"taxonomy":"post_tag","embeddable":true,"href":"https:\/\/lavras.tv\/site\/wp-json\/wp\/v2\/tags?post=6618"}],"curies":[{"name":"wp","href":"https:\/\/api.w.org\/{rel}","templated":true}]}}