{"id":6663,"date":"2017-02-20T08:49:32","date_gmt":"2017-02-20T11:49:32","guid":{"rendered":"http:\/\/lavras.tv\/site\/?p=6663"},"modified":"2017-02-20T08:49:32","modified_gmt":"2017-02-20T11:49:32","slug":"com-hat-trick-de-fred-atletico-goleia-america-e-segue-100-na-lideranca-do-mineiro","status":"publish","type":"post","link":"https:\/\/lavras.tv\/site\/2017\/02\/20\/com-hat-trick-de-fred-atletico-goleia-america-e-segue-100-na-lideranca-do-mineiro\/","title":{"rendered":"Com hat-trick de Fred, Atl\u00e9tico goleia Am\u00e9rica e segue 100% na lideran\u00e7a do Mineiro"},"content":{"rendered":"<div class=\"lavra-antes-do-conteudo_2\" id=\"lavra-173349651\"><div id=\"lavra-slider-27\" class=\"custom-slider lavra-slider-2291754408 lavra-slider\"><ul><li><div style=\"margin-left: auto;margin-right: auto;text-align: center;\" id=\"lavra-4209534758\"><a href=\"https:\/\/sistemas.lavras.mg.gov.br\/portalcidadao\/#df1b1a7c7b2a290bcb31e32771e610784662739a88807c0dacac58ede5f391a7530e299dc302d611ee73cb143fc22eaf93592e53e7b5bdb01b00a0b8d28dae460c141dd2ff83412e4dc1c31b16b25f33144a9e5620ea73b13f5bc1c59411d98439ad226e8af03840603796067d87afe130812cf3de24982d0e306f9e61e764e5\" aria-label=\"Lavras-TV&#8211;720x104px (1) (1)\"><img src=\"https:\/\/lavras.tv\/site\/wp-content\/uploads\/2025\/01\/Lavras-TV-720x104px-1-1.png\" alt=\"\"  srcset=\"https:\/\/lavras.tv\/site\/wp-content\/uploads\/2025\/01\/Lavras-TV-720x104px-1-1.png 720w, https:\/\/lavras.tv\/site\/wp-content\/uploads\/2025\/01\/Lavras-TV-720x104px-1-1-470x68.png 470w, https:\/\/lavras.tv\/site\/wp-content\/uploads\/2025\/01\/Lavras-TV-720x104px-1-1-170x25.png 170w, https:\/\/lavras.tv\/site\/wp-content\/uploads\/2025\/01\/Lavras-TV-720x104px-1-1-200x29.png 200w\" sizes=\"(max-width: 720px) 100vw, 720px\" width=\"720\" height=\"104\"  style=\"display: inline-block;\" \/><\/a><\/div><\/li><li><a href=\"https:\/\/sistemas.lavras.mg.gov.br\/portalcidadao\/#df1b1a7c7b2a290bcb31e32771e610784662739a88807c0dacac58ede5f391a7530e299dc302d611ee73cb143fc22eaf93592e53e7b5bdb01b00a0b8d28dae460c141dd2ff83412e4dc1c31b16b25f33144a9e5620ea73b13f5bc1c59411d98439ad226e8af03840603796067d87afe130812cf3de24982d0e306f9e61e764e5\" aria-label=\"Banner_Emprego_PortallavrasTV\"><img src=\"https:\/\/lavras.tv\/site\/wp-content\/uploads\/2025\/03\/Banner_Emprego_PortallavrasTV.png\" alt=\"\"  srcset=\"https:\/\/lavras.tv\/site\/wp-content\/uploads\/2025\/03\/Banner_Emprego_PortallavrasTV.png 720w, https:\/\/lavras.tv\/site\/wp-content\/uploads\/2025\/03\/Banner_Emprego_PortallavrasTV-470x68.png 470w, https:\/\/lavras.tv\/site\/wp-content\/uploads\/2025\/03\/Banner_Emprego_PortallavrasTV-170x25.png 170w, https:\/\/lavras.tv\/site\/wp-content\/uploads\/2025\/03\/Banner_Emprego_PortallavrasTV-200x29.png 200w\" sizes=\"(max-width: 720px) 100vw, 720px\" width=\"720\" height=\"104\"   \/><\/a><\/li><li><a href=\"https:\/\/sistemas.lavras.mg.gov.br\/portalcidadao\/#df1b1a7c7b2a290bcb31e32771e610784662739a88807c0dacac58ede5f391a7530e299dc302d611ee73cb143fc22eaf93592e53e7b5bdb01b00a0b8d28dae460c141dd2ff83412e4dc1c31b16b25f33144a9e5620ea73b13f5bc1c59411d98439ad226e8af03840603796067d87afe130812cf3de24982d0e306f9e61e764e5\" aria-label=\"Banner_Obras_PortallavrasTV\"><img src=\"https:\/\/lavras.tv\/site\/wp-content\/uploads\/2025\/03\/Banner_Obras_PortallavrasTV.png\" alt=\"\"  srcset=\"https:\/\/lavras.tv\/site\/wp-content\/uploads\/2025\/03\/Banner_Obras_PortallavrasTV.png 720w, https:\/\/lavras.tv\/site\/wp-content\/uploads\/2025\/03\/Banner_Obras_PortallavrasTV-470x68.png 470w, https:\/\/lavras.tv\/site\/wp-content\/uploads\/2025\/03\/Banner_Obras_PortallavrasTV-170x25.png 170w, https:\/\/lavras.tv\/site\/wp-content\/uploads\/2025\/03\/Banner_Obras_PortallavrasTV-200x29.png 200w\" sizes=\"(max-width: 720px) 100vw, 720px\" width=\"720\" height=\"104\"   \/><\/a><\/li><li><div style=\"margin-left: auto;margin-right: auto;text-align: center;\" id=\"lavra-2765350876\"><a href=\"https:\/\/sistemas.lavras.mg.gov.br\/portalcidadao\/#df1b1a7c7b2a290bcb31e32771e610784662739a88807c0dacac58ede5f391a7530e299dc302d611ee73cb143fc22eaf93592e53e7b5bdb01b00a0b8d28dae460c141dd2ff83412e4dc1c31b16b25f33144a9e5620ea73b13f5bc1c59411d98439ad226e8af03840603796067d87afe130812cf3de24982d0e306f9e61e764e5\" aria-label=\"Banner_Educa\u00e7\u00e3o_PortallavrasTV\"><img src=\"https:\/\/lavras.tv\/site\/wp-content\/uploads\/2025\/01\/Banner_Educacao_PortallavrasTV.png\" alt=\"\"  srcset=\"https:\/\/lavras.tv\/site\/wp-content\/uploads\/2025\/01\/Banner_Educacao_PortallavrasTV.png 720w, https:\/\/lavras.tv\/site\/wp-content\/uploads\/2025\/01\/Banner_Educacao_PortallavrasTV-470x68.png 470w, https:\/\/lavras.tv\/site\/wp-content\/uploads\/2025\/01\/Banner_Educacao_PortallavrasTV-170x25.png 170w, https:\/\/lavras.tv\/site\/wp-content\/uploads\/2025\/01\/Banner_Educacao_PortallavrasTV-200x29.png 200w\" sizes=\"(max-width: 720px) 100vw, 720px\" width=\"720\" height=\"104\"  style=\"display: inline-block;\" \/><\/a><\/div><\/li><li><a href=\"https:\/\/sistemas.lavras.mg.gov.br\/portalcidadao\/#df1b1a7c7b2a290bcb31e32771e610784662739a88807c0dacac58ede5f391a7530e299dc302d611ee73cb143fc22eaf93592e53e7b5bdb01b00a0b8d28dae460c141dd2ff83412e4dc1c31b16b25f33144a9e5620ea73b13f5bc1c59411d98439ad226e8af03840603796067d87afe130812cf3de24982d0e306f9e61e764e5\" aria-label=\"Banner_Sa\u00fade_PortallavrasTV\"><img src=\"https:\/\/lavras.tv\/site\/wp-content\/uploads\/2025\/03\/Banner_Saude_PortallavrasTV.png\" alt=\"\"  srcset=\"https:\/\/lavras.tv\/site\/wp-content\/uploads\/2025\/03\/Banner_Saude_PortallavrasTV.png 720w, https:\/\/lavras.tv\/site\/wp-content\/uploads\/2025\/03\/Banner_Saude_PortallavrasTV-470x68.png 470w, https:\/\/lavras.tv\/site\/wp-content\/uploads\/2025\/03\/Banner_Saude_PortallavrasTV-170x25.png 170w, https:\/\/lavras.tv\/site\/wp-content\/uploads\/2025\/03\/Banner_Saude_PortallavrasTV-200x29.png 200w\" sizes=\"(max-width: 720px) 100vw, 720px\" width=\"720\" height=\"104\"   \/><\/a><\/li><li><div id=\"lavra-2805410916\" style=\"width:720px;height:104px;background-color:#ddd;overflow:scroll;\">\n\t<strong>Sa\u00edda da depura\u00e7\u00e3o de an\u00fancios<\/strong>\n\t<br><br>\n\tO an\u00fancio n\u00e3o \u00e9 exibido na p\u00e1gina<br><br>post atual: Com hat-trick de Fred, Atl\u00e9tico goleia Am\u00e9rica e segue 100% na lideran\u00e7a do Mineiro, ID: 6663<br><br><span style=\"color: red;\">O post atual n\u00e3o \u00e9 id\u00eantico ao post principal.<\/span><br><br>An\u00fancios: ROXO - TOPO INTERNA - ROTATIVO 2 (197)<br \/>Grupo de an\u00fancios: Princ_Meio01_720x104 (27)<br><br>Condi\u00e7\u00f5es de exibi\u00e7\u00e3o<div style=\"margin-bottom: 20px; white-space: pre-wrap; font-family: monospace; width: 100%; background: #ffe9e9;\"><strong>condi\u00e7\u00f5es gerais<\/strong><table border=\"1\"><thead><tr><th><\/th><th>An\u00fancios<\/th><th>wp_the_query<\/th><\/tr><\/thead><tr><td>is_main_query<\/td><td>1<\/td><td>1<\/td><\/tr><tr><td>is_rest_api<\/td><td>0<\/td><td>1<\/td><\/tr><tr><td>page<\/td><td>0<\/td><td>1<\/td><\/tr><tr><td>numpages<\/td><td>0<\/td><td>1<\/td><\/tr><tr><td>is_archive<\/td><td>1<\/td><td><\/td><\/tr><tr><td>is_search<\/td><td>1<\/td><td><\/td><\/tr><tr><td>is_home<\/td><td>1<\/td><td><\/td><\/tr><tr><td>is_404<\/td><td>1<\/td><td><\/td><\/tr><tr><td>is_attachment<\/td><td>1<\/td><td><\/td><\/tr><tr><td>is_singular<\/td><td>1<\/td><td><\/td><\/tr><tr><td>is_front_page<\/td><td>1<\/td><td><\/td><\/tr><tr><td>is_feed<\/td><td>1<\/td><td><\/td><\/tr><\/table><\/div><br><br><span style=\"color: red;\">Seu site usa HTTPS, mas o c\u00f3digo do an\u00fancio cont\u00e9m HTTP e pode n\u00e3o funcionar.<\/span>\t<br><br>\n\t<a style=\"color: green;\" href=\"https:\/\/wpadvancedads.com\/manual\/ad-debug-mode\/?utm_source=advanced-ads&utm_medium=link&utm_campaign=ad-debug-mode\" target=\"_blank\" rel=\"nofollow\">Encontre solu\u00e7\u00f5es no manual<\/a>\n<\/div>\n<\/li><\/ul><\/div><script>( window.advanced_ads_ready || jQuery( document ).ready ).call( null, function() {var $lavraslider2291754408 = jQuery( \".lavra-slider-2291754408\" );$lavraslider2291754408.on( \"unslider.ready\", function() { jQuery( \"div.custom-slider ul li\" ).css( \"display\", \"block\" ); });$lavraslider2291754408.unslider({ delay:4000, autoplay:true, nav:false, arrows:false, infinite:true });$lavraslider2291754408.on(\"mouseover\", function() {$lavraslider2291754408.unslider(\"stop\");}).on(\"mouseout\", function() {$lavraslider2291754408.unslider(\"start\");});});<\/script><\/div><p>Assim como foi na \u00faltima partida, o Atl\u00e9tico desencantou nos minutos finais e venceu mais uma no Campeonato Mineiro. Com show de Fred, que marcou tr\u00eas gols, o Galo goleou o Am\u00e9rica por 4 a 1, neste domingo, no Mineir\u00e3o, pela quarta rodada da competi\u00e7\u00e3o.<\/p>\n<p><img fetchpriority=\"high\" decoding=\"async\" class=\"size-full wp-image-6664 aligncenter\" src=\"http:\/\/lavras.tv\/site\/wp-content\/uploads\/2017\/02\/galo.jpg\" alt=\"\" width=\"600\" height=\"340\" srcset=\"https:\/\/lavras.tv\/site\/wp-content\/uploads\/2017\/02\/galo.jpg 600w, https:\/\/lavras.tv\/site\/wp-content\/uploads\/2017\/02\/galo-150x85.jpg 150w, https:\/\/lavras.tv\/site\/wp-content\/uploads\/2017\/02\/galo-300x170.jpg 300w\" sizes=\"(max-width: 600px) 100vw, 600px\" \/><\/p>\n<p>O time alvinegro abriu 2 a 0, o Am\u00e9rica diminuiu com Hugo Almeida e fez uma press\u00e3o enorme durante a segunda metade da etapa final em busca do empate. Mas, da mesma forma como aconteceu contra o Uberl\u00e2ndia, o Atl\u00e9tico conseguiu dois gols no fim da partida, um aos 44 e outro aos 46 (este \u00faltimo marcado por Maicosuel com passe de Fred), e matou o cl\u00e1ssico.<\/p>\n<p>Com a vit\u00f3ria, o Atl\u00e9tico foi a 12 pontos, manteve os 100% de aproveitamento e assumiu a lideran\u00e7a isolada do Estadual, dois \u00e0 frente do Cruzeiro. J\u00e1 o Am\u00e9rica segue com cinco pontos, n\u00e3o conseguiu entrar no G-4 e ainda caiu para a s\u00e9tima posi\u00e7\u00e3o.<\/p>\n<p>No s\u00e1bado de carnaval, o Atl\u00e9tico vai at\u00e9 Governador Valadares enfrentar o Democrata, \u00e0s 16h30, no Mamud\u00e3o, pela quinta rodada do Mineiro. J\u00e1 o Am\u00e9rica recebe o Tombense, \u00e0s 19h30, no Independ\u00eancia. O Coelho tem outro compromisso antes. Na quarta-feira, \u00e0s 16h, o time encara o Murici-AL, pela segunda fase da Copa do Brasil, em local a definir.<\/p>\n<p><strong>O jogo<\/strong><\/p>\n<p>O Atl\u00e9tico manteve a escala\u00e7\u00e3o da \u00faltima partida. Assim, Robinho come\u00e7ou no banco. J\u00e1 o Am\u00e9rica foi para o jogo com tr\u00eas volantes apostando mais na marca\u00e7\u00e3o no meio-campo.<\/p>\n<p>E o cl\u00e1ssico come\u00e7ou quente, com chances para os dois lados. Logo aos cinco minutos, Cazares arriscou de longe obrigando Jo\u00e3o Ricardo a cair no cantinho e tirar com a ponta dos dedos. O Coelho respondeu na sequ\u00eancia, tamb\u00e9m de fora da \u00e1rea, em uma pancada de Ernandes, mas Giovanni voou na bola para defender.<\/p>\n<p>Aos oito, Fred fez boa jogada individual na entrada da \u00e1rea e saiu de frente para o gol e bateu no canto, mas Jo\u00e3o Ricardo salvou o Am\u00e9rica com o p\u00e9 esquerdo.<\/p>\n<p>A partir dos dez minutos, o jogo caiu tecnicamente e as duas equipes n\u00e3o conseguiam criar jogadas ofensivas. O Am\u00e9rica avan\u00e7ou as linhas e come\u00e7ou a amea\u00e7ar mais o Atl\u00e9tico, que se mostrava seguro na defesa.<\/p>\n<p>Mas, aos 25, Otero recebeu em velocidade pelo lado direito e cruzou para a \u00e1rea. A zaga do Coelho rebateu mal e a bola caiu nos p\u00e9s de Fred que, de frente para o gol, bateu de chapa para abrir o placar no Mineir\u00e3o. Galo 1 x 0.<\/p>\n<p>Depois de sofrer o gol, o Am\u00e9rica recuou e passou a encontrar dificuldades para sair jogando. O Atl\u00e9tico encurralou o rival e quase fez o segundo em cobran\u00e7a de falta de Otero, mas a bola parou no travess\u00e3o.<\/p>\n<p>No come\u00e7o da etapa final, Cazares avan\u00e7ou pela esquerda, invadiu a \u00e1rea e bateu cruzado para boa defesa de Jo\u00e3o Ricardo. O Am\u00e9rica demorava a se encontrar em campo, e o Atl\u00e9tico ampliou o placar aos 11 minutos. F\u00e1bio Santos recuperou a bola na linha de fundo e cruzou na medida para Fred cabecear com estilo no canto. Atl\u00e9tico 2 a 0.<\/p>\n<p>A partida parecia quase definida a favor do Atl\u00e9tico, mas tr\u00eas minutos depois o Am\u00e9rica conseguiu encaixar um ataque e diminuiu o placar. Gustavo Blanco aproveitou bobeada da defesa atleticana, avan\u00e7ou pelo lado direito e cruzou para Hugo Almeida, que s\u00f3 completou para as redes: Atl\u00e9tico 2 a 1. Este foi o primeiro gol sofrido pelo Galo no Campeonato Mineiro.<\/p>\n<p>Depois de reduzir a diferen\u00e7a no marcador, o Am\u00e9rica fez substitui\u00e7\u00f5es e se mandou para o ataque, enquanto o Atl\u00e9tico se limitava a defender. Durante a blitz do Coelho, Renan Oliveira recebeu na \u00e1rea e bateu forte, mas Giovanni salvou o Galo. Pouco depois, Gabriel tirou a bola quase em cima da linha evitando o gol de empate.<\/p>\n<p>Contudo, apesar da press\u00e3o americana, o Atl\u00e9tico conseguiu se segurar atr\u00e1s e ainda teve tempo no finalzinho para encaixar um contra-ataque perfeito. Aos 44, Giovanni acionou Marcos Rocha, que tocou para Robinho na \u00e1rea, que por sua vez achou Fred. O camisa 9 s\u00f3 teve o trabalho de empurrar para as redes. Dois minutos depois, Fred ainda deu passe para Maicosuel fazer o quarto e transformar em goleada a vit\u00f3ria alvinegra.<\/p>\n<p><strong>Atl\u00e9tico 4 x 1 Am\u00e9rica<\/strong><\/p>\n<p><strong>Atl\u00e9tico: <\/strong>Giovanni; Marcos Rocha, L\u00e9o Silva, Gabriel e F\u00e1bio Santos; Rafael Carioca, Elias e Danilo (Maicosuel); Otero (Yago), Cazares (Robinho) e Fred. T\u00e9cnico: Roger Machado<\/p>\n<p><strong>Am\u00e9rica: <\/strong>Jo\u00e3o Ricardo; Auro, Rafael Lima, Messias e Par\u00e1; Gustavo Blanco (Rub\u00e3o), Juninho, Ernandes, Gerson Magr\u00e3o (Marion) e Renan Oliveira; Hugo Almeida (Mike). T\u00e9cnico: Enderson Moreira<\/p>\n<p><strong>Local:<\/strong> Est\u00e1dio Mineir\u00e3o, em Belo Horizonte (MG)<\/p>\n<p><strong>Data e hor\u00e1rio: <\/strong>19 de fevereiro de 2017, domingo, \u00e0s 17h<\/p>\n<p><strong>Motivo:<\/strong> 4\u00aa rodada da primeira fase do Campeonato Mineiro<\/p>\n<p><strong>Gols:<\/strong> Fred (25\u2019\/1\u00ba, 11\u2019\/2\u00ba e 44\u2019\/2\u00ba), Hugo Almeida (14\u2019\/2\u00ba), Maicosuel (46\u2019\/2\u00ba)<\/p>\n<p><strong>Cart\u00f5es Amarelos:<\/strong> Danilo (Atl\u00e9tico); Juninho, Rafael Lima (Am\u00e9rica)<\/p>\n<p><strong>\u00c1rbitro: <\/strong>Ricardo Marques Ribeiro<\/p>\n<p><strong>Assistentes:<\/strong> Marconi Helbert Vieira e Felipe Alan Costa Oliveira<\/p>\n<p><strong>P\u00fablico:<\/strong> 29.458<\/p>\n<p><strong>Renda:<\/strong> R$ 507.715,00<\/p>\n<p>Fonte: Itatiaia<\/p>\n","protected":false},"excerpt":{"rendered":"<p>Assim como foi na \u00faltima partida, o Atl\u00e9tico desencantou nos minutos finais e venceu mais uma no Campeonato Mineiro. Com show de Fred, que marcou tr\u00eas gols, o Galo goleou o Am\u00e9rica por 4 a 1, neste domingo, no Mineir\u00e3o, pela quarta rodada da competi\u00e7\u00e3o. O time alvinegro abriu 2 a 0, o Am\u00e9rica diminuiu [&hellip;]<\/p>\n","protected":false},"author":2,"featured_media":6664,"comment_status":"closed","ping_status":"open","sticky":false,"template":"","format":"standard","meta":{"advgb_blocks_editor_width":"","advgb_blocks_columns_visual_guide":"","_exactmetrics_skip_tracking":false,"_exactmetrics_sitenote_active":false,"_exactmetrics_sitenote_note":"","_exactmetrics_sitenote_category":0,"footnotes":""},"categories":[3],"tags":[923,966,1036,530],"class_list":["post-6663","post","type-post","status-publish","format-standard","has-post-thumbnail","hentry","category-esportes","tag-atletico","tag-esporte","tag-futebol","tag-minas-gerais"],"better_featured_image":{"id":6664,"alt_text":"","caption":"","description":"","media_type":"image","media_details":{"width":600,"height":340,"file":"2017\/02\/galo.jpg","sizes":{"thumbnail":{"file":"galo-150x85.jpg","width":150,"height":85,"mime-type":"image\/jpeg","source_url":"https:\/\/lavras.tv\/site\/wp-content\/uploads\/2017\/02\/galo-150x85.jpg"},"medium":{"file":"galo-300x170.jpg","width":300,"height":170,"mime-type":"image\/jpeg","source_url":"https:\/\/lavras.tv\/site\/wp-content\/uploads\/2017\/02\/galo-300x170.jpg"},"featured-post-img":{"file":"galo-480x320.jpg","width":480,"height":320,"mime-type":"image\/jpeg","source_url":"https:\/\/lavras.tv\/site\/wp-content\/uploads\/2017\/02\/galo-480x320.jpg"},"sow-carousel-default":{"file":"galo-272x182.jpg","width":272,"height":182,"mime-type":"image\/jpeg","source_url":"https:\/\/lavras.tv\/site\/wp-content\/uploads\/2017\/02\/galo-272x182.jpg"}},"image_meta":{"aperture":"2.8","credit":"ESTAD\u00c3O CONTE\u00daDO","camera":"NIKON D750","caption":"MG - CAMPEONATO MINEIRO\/ATL\u00c9TICO-MG X AM\u00c9RICA-MG - ESPORTES - Fred, do Atl\u00e9tico Mineiro, comemora seu gol em partida contra o Am\u00e9rica (MG), v\u00e1lida pelo   Campeonato Mineiro, no Est\u00e1dio Mineir\u00e3o, em Belo Horizonte, neste domingo (19).   19\/02\/2017 - Foto: ANDR\u00c9 YANCKOUS\/AGIF\/ESTAD\u00c3O CONTE\u00daDO","created_timestamp":"1487525142","copyright":"Copyright \u00a9 Ag\u00eancia Estado. Todos os direitos reservados","focal_length":"220","iso":"800","shutter_speed":"0.001","title":"ATL\u00c9TICO-MG X AM\u00c9RICA-MG","orientation":"1","keywords":[]}},"post":6663,"source_url":"https:\/\/lavras.tv\/site\/wp-content\/uploads\/2017\/02\/galo.jpg"},"author_meta":{"display_name":"Lavras TV","author_link":"https:\/\/lavras.tv\/site\/author\/lavrastv\/"},"featured_img":"https:\/\/lavras.tv\/site\/wp-content\/uploads\/2017\/02\/galo-300x170.jpg","coauthors":[],"tax_additional":{"categories":{"linked":["<a href=\"https:\/\/lavras.tv\/site\/category\/esportes\/\" class=\"advgb-post-tax-term\">Esportes<\/a>"],"unlinked":["<span class=\"advgb-post-tax-term\">Esportes<\/span>"]},"tags":{"linked":["<a href=\"https:\/\/lavras.tv\/site\/category\/esportes\/\" class=\"advgb-post-tax-term\">atl\u00e9tico<\/a>","<a href=\"https:\/\/lavras.tv\/site\/category\/esportes\/\" class=\"advgb-post-tax-term\">esporte<\/a>","<a href=\"https:\/\/lavras.tv\/site\/category\/esportes\/\" class=\"advgb-post-tax-term\">futebol<\/a>","<a href=\"https:\/\/lavras.tv\/site\/category\/esportes\/\" class=\"advgb-post-tax-term\">minas gerais<\/a>"],"unlinked":["<span class=\"advgb-post-tax-term\">atl\u00e9tico<\/span>","<span class=\"advgb-post-tax-term\">esporte<\/span>","<span class=\"advgb-post-tax-term\">futebol<\/span>","<span class=\"advgb-post-tax-term\">minas gerais<\/span>"]}},"comment_count":"0","relative_dates":{"created":"Publicado 9 anos atr\u00e1s","modified":"Atualizado 9 anos atr\u00e1s"},"absolute_dates":{"created":"Publicado em 20 de fevereiro de 2017","modified":"Atualizado em 20 de fevereiro de 2017"},"absolute_dates_time":{"created":"Publicado em 20 de fevereiro de 2017 08:49","modified":"Atualizado em 20 de fevereiro de 2017 08:49"},"featured_img_caption":"","series_order":"","_links":{"self":[{"href":"https:\/\/lavras.tv\/site\/wp-json\/wp\/v2\/posts\/6663","targetHints":{"allow":["GET"]}}],"collection":[{"href":"https:\/\/lavras.tv\/site\/wp-json\/wp\/v2\/posts"}],"about":[{"href":"https:\/\/lavras.tv\/site\/wp-json\/wp\/v2\/types\/post"}],"author":[{"embeddable":true,"href":"https:\/\/lavras.tv\/site\/wp-json\/wp\/v2\/users\/2"}],"replies":[{"embeddable":true,"href":"https:\/\/lavras.tv\/site\/wp-json\/wp\/v2\/comments?post=6663"}],"version-history":[{"count":1,"href":"https:\/\/lavras.tv\/site\/wp-json\/wp\/v2\/posts\/6663\/revisions"}],"predecessor-version":[{"id":6665,"href":"https:\/\/lavras.tv\/site\/wp-json\/wp\/v2\/posts\/6663\/revisions\/6665"}],"wp:featuredmedia":[{"embeddable":true,"href":"https:\/\/lavras.tv\/site\/wp-json\/wp\/v2\/media\/6664"}],"wp:attachment":[{"href":"https:\/\/lavras.tv\/site\/wp-json\/wp\/v2\/media?parent=6663"}],"wp:term":[{"taxonomy":"category","embeddable":true,"href":"https:\/\/lavras.tv\/site\/wp-json\/wp\/v2\/categories?post=6663"},{"taxonomy":"post_tag","embeddable":true,"href":"https:\/\/lavras.tv\/site\/wp-json\/wp\/v2\/tags?post=6663"}],"curies":[{"name":"wp","href":"https:\/\/api.w.org\/{rel}","templated":true}]}}