{"id":6669,"date":"2017-02-20T08:57:24","date_gmt":"2017-02-20T11:57:24","guid":{"rendered":"http:\/\/lavras.tv\/site\/?p=6669"},"modified":"2017-02-20T08:57:24","modified_gmt":"2017-02-20T11:57:24","slug":"pmdb-apresentara-michel-temer-como-reformista-em-programa-na-televisao","status":"publish","type":"post","link":"https:\/\/lavras.tv\/site\/2017\/02\/20\/pmdb-apresentara-michel-temer-como-reformista-em-programa-na-televisao\/","title":{"rendered":"PMDB apresentar\u00e1 Michel Temer como reformista em programa na televis\u00e3o"},"content":{"rendered":"<div class=\"lavra-antes-do-conteudo_2\" id=\"lavra-334507611\"><div id=\"lavra-slider-27\" class=\"custom-slider lavra-slider-3768994998 lavra-slider\"><ul><li><div style=\"margin-left: auto;margin-right: auto;text-align: center;\" id=\"lavra-3573429179\"><a href=\"https:\/\/sistemas.lavras.mg.gov.br\/portalcidadao\/#df1b1a7c7b2a290bcb31e32771e610784662739a88807c0dacac58ede5f391a7530e299dc302d611ee73cb143fc22eaf93592e53e7b5bdb01b00a0b8d28dae460c141dd2ff83412e4dc1c31b16b25f33144a9e5620ea73b13f5bc1c59411d98439ad226e8af03840603796067d87afe130812cf3de24982d0e306f9e61e764e5\" aria-label=\"Lavras-TV&#8211;720x104px (1) (1)\"><img src=\"https:\/\/lavras.tv\/site\/wp-content\/uploads\/2025\/01\/Lavras-TV-720x104px-1-1.png\" alt=\"\"  srcset=\"https:\/\/lavras.tv\/site\/wp-content\/uploads\/2025\/01\/Lavras-TV-720x104px-1-1.png 720w, https:\/\/lavras.tv\/site\/wp-content\/uploads\/2025\/01\/Lavras-TV-720x104px-1-1-470x68.png 470w, https:\/\/lavras.tv\/site\/wp-content\/uploads\/2025\/01\/Lavras-TV-720x104px-1-1-170x25.png 170w, https:\/\/lavras.tv\/site\/wp-content\/uploads\/2025\/01\/Lavras-TV-720x104px-1-1-200x29.png 200w\" sizes=\"(max-width: 720px) 100vw, 720px\" width=\"720\" height=\"104\"  style=\"display: inline-block;\" \/><\/a><\/div><\/li><li><a href=\"https:\/\/sistemas.lavras.mg.gov.br\/portalcidadao\/#df1b1a7c7b2a290bcb31e32771e610784662739a88807c0dacac58ede5f391a7530e299dc302d611ee73cb143fc22eaf93592e53e7b5bdb01b00a0b8d28dae460c141dd2ff83412e4dc1c31b16b25f33144a9e5620ea73b13f5bc1c59411d98439ad226e8af03840603796067d87afe130812cf3de24982d0e306f9e61e764e5\" aria-label=\"Banner_Emprego_PortallavrasTV\"><img src=\"https:\/\/lavras.tv\/site\/wp-content\/uploads\/2025\/03\/Banner_Emprego_PortallavrasTV.png\" alt=\"\"  srcset=\"https:\/\/lavras.tv\/site\/wp-content\/uploads\/2025\/03\/Banner_Emprego_PortallavrasTV.png 720w, https:\/\/lavras.tv\/site\/wp-content\/uploads\/2025\/03\/Banner_Emprego_PortallavrasTV-470x68.png 470w, https:\/\/lavras.tv\/site\/wp-content\/uploads\/2025\/03\/Banner_Emprego_PortallavrasTV-170x25.png 170w, https:\/\/lavras.tv\/site\/wp-content\/uploads\/2025\/03\/Banner_Emprego_PortallavrasTV-200x29.png 200w\" sizes=\"(max-width: 720px) 100vw, 720px\" width=\"720\" height=\"104\"   \/><\/a><\/li><li><a href=\"https:\/\/sistemas.lavras.mg.gov.br\/portalcidadao\/#df1b1a7c7b2a290bcb31e32771e610784662739a88807c0dacac58ede5f391a7530e299dc302d611ee73cb143fc22eaf93592e53e7b5bdb01b00a0b8d28dae460c141dd2ff83412e4dc1c31b16b25f33144a9e5620ea73b13f5bc1c59411d98439ad226e8af03840603796067d87afe130812cf3de24982d0e306f9e61e764e5\" aria-label=\"Banner_Obras_PortallavrasTV\"><img src=\"https:\/\/lavras.tv\/site\/wp-content\/uploads\/2025\/03\/Banner_Obras_PortallavrasTV.png\" alt=\"\"  srcset=\"https:\/\/lavras.tv\/site\/wp-content\/uploads\/2025\/03\/Banner_Obras_PortallavrasTV.png 720w, https:\/\/lavras.tv\/site\/wp-content\/uploads\/2025\/03\/Banner_Obras_PortallavrasTV-470x68.png 470w, https:\/\/lavras.tv\/site\/wp-content\/uploads\/2025\/03\/Banner_Obras_PortallavrasTV-170x25.png 170w, https:\/\/lavras.tv\/site\/wp-content\/uploads\/2025\/03\/Banner_Obras_PortallavrasTV-200x29.png 200w\" sizes=\"(max-width: 720px) 100vw, 720px\" width=\"720\" height=\"104\"   \/><\/a><\/li><li><div style=\"margin-left: auto;margin-right: auto;text-align: center;\" id=\"lavra-25770811\"><a href=\"https:\/\/sistemas.lavras.mg.gov.br\/portalcidadao\/#df1b1a7c7b2a290bcb31e32771e610784662739a88807c0dacac58ede5f391a7530e299dc302d611ee73cb143fc22eaf93592e53e7b5bdb01b00a0b8d28dae460c141dd2ff83412e4dc1c31b16b25f33144a9e5620ea73b13f5bc1c59411d98439ad226e8af03840603796067d87afe130812cf3de24982d0e306f9e61e764e5\" aria-label=\"Banner_Educa\u00e7\u00e3o_PortallavrasTV\"><img src=\"https:\/\/lavras.tv\/site\/wp-content\/uploads\/2025\/01\/Banner_Educacao_PortallavrasTV.png\" alt=\"\"  srcset=\"https:\/\/lavras.tv\/site\/wp-content\/uploads\/2025\/01\/Banner_Educacao_PortallavrasTV.png 720w, https:\/\/lavras.tv\/site\/wp-content\/uploads\/2025\/01\/Banner_Educacao_PortallavrasTV-470x68.png 470w, https:\/\/lavras.tv\/site\/wp-content\/uploads\/2025\/01\/Banner_Educacao_PortallavrasTV-170x25.png 170w, https:\/\/lavras.tv\/site\/wp-content\/uploads\/2025\/01\/Banner_Educacao_PortallavrasTV-200x29.png 200w\" sizes=\"(max-width: 720px) 100vw, 720px\" width=\"720\" height=\"104\"  style=\"display: inline-block;\" \/><\/a><\/div><\/li><li><a href=\"https:\/\/sistemas.lavras.mg.gov.br\/portalcidadao\/#df1b1a7c7b2a290bcb31e32771e610784662739a88807c0dacac58ede5f391a7530e299dc302d611ee73cb143fc22eaf93592e53e7b5bdb01b00a0b8d28dae460c141dd2ff83412e4dc1c31b16b25f33144a9e5620ea73b13f5bc1c59411d98439ad226e8af03840603796067d87afe130812cf3de24982d0e306f9e61e764e5\" aria-label=\"Banner_Sa\u00fade_PortallavrasTV\"><img src=\"https:\/\/lavras.tv\/site\/wp-content\/uploads\/2025\/03\/Banner_Saude_PortallavrasTV.png\" alt=\"\"  srcset=\"https:\/\/lavras.tv\/site\/wp-content\/uploads\/2025\/03\/Banner_Saude_PortallavrasTV.png 720w, https:\/\/lavras.tv\/site\/wp-content\/uploads\/2025\/03\/Banner_Saude_PortallavrasTV-470x68.png 470w, https:\/\/lavras.tv\/site\/wp-content\/uploads\/2025\/03\/Banner_Saude_PortallavrasTV-170x25.png 170w, https:\/\/lavras.tv\/site\/wp-content\/uploads\/2025\/03\/Banner_Saude_PortallavrasTV-200x29.png 200w\" sizes=\"(max-width: 720px) 100vw, 720px\" width=\"720\" height=\"104\"   \/><\/a><\/li><li><div id=\"lavra-2133567534\" style=\"width:720px;height:104px;background-color:#ddd;overflow:scroll;\">\n\t<strong>Sa\u00edda da depura\u00e7\u00e3o de an\u00fancios<\/strong>\n\t<br><br>\n\tO an\u00fancio n\u00e3o \u00e9 exibido na p\u00e1gina<br><br>post atual: PMDB apresentar\u00e1 Michel Temer como reformista em programa na televis\u00e3o, ID: 6669<br><br><span style=\"color: red;\">O post atual n\u00e3o \u00e9 id\u00eantico ao post principal.<\/span><br><br>An\u00fancios: ROXO - TOPO INTERNA - ROTATIVO 2 (197)<br \/>Grupo de an\u00fancios: Princ_Meio01_720x104 (27)<br><br>Condi\u00e7\u00f5es de exibi\u00e7\u00e3o<div style=\"margin-bottom: 20px; white-space: pre-wrap; font-family: monospace; width: 100%; background: #ffe9e9;\"><strong>condi\u00e7\u00f5es gerais<\/strong><table border=\"1\"><thead><tr><th><\/th><th>An\u00fancios<\/th><th>wp_the_query<\/th><\/tr><\/thead><tr><td>is_main_query<\/td><td>1<\/td><td>1<\/td><\/tr><tr><td>is_rest_api<\/td><td>0<\/td><td>1<\/td><\/tr><tr><td>page<\/td><td>0<\/td><td>1<\/td><\/tr><tr><td>numpages<\/td><td>0<\/td><td>1<\/td><\/tr><tr><td>is_archive<\/td><td>1<\/td><td><\/td><\/tr><tr><td>is_search<\/td><td>1<\/td><td><\/td><\/tr><tr><td>is_home<\/td><td>1<\/td><td><\/td><\/tr><tr><td>is_404<\/td><td>1<\/td><td><\/td><\/tr><tr><td>is_attachment<\/td><td>1<\/td><td><\/td><\/tr><tr><td>is_singular<\/td><td>1<\/td><td><\/td><\/tr><tr><td>is_front_page<\/td><td>1<\/td><td><\/td><\/tr><tr><td>is_feed<\/td><td>1<\/td><td><\/td><\/tr><\/table><\/div><br><br><span style=\"color: red;\">Seu site usa HTTPS, mas o c\u00f3digo do an\u00fancio cont\u00e9m HTTP e pode n\u00e3o funcionar.<\/span>\t<br><br>\n\t<a style=\"color: green;\" href=\"https:\/\/wpadvancedads.com\/manual\/ad-debug-mode\/?utm_source=advanced-ads&utm_medium=link&utm_campaign=ad-debug-mode\" target=\"_blank\" rel=\"nofollow\">Encontre solu\u00e7\u00f5es no manual<\/a>\n<\/div>\n<\/li><\/ul><\/div><script>( window.advanced_ads_ready || jQuery( document ).ready ).call( null, function() {var $lavraslider3768994998 = jQuery( \".lavra-slider-3768994998\" );$lavraslider3768994998.on( \"unslider.ready\", function() { jQuery( \"div.custom-slider ul li\" ).css( \"display\", \"block\" ); });$lavraslider3768994998.unslider({ delay:4000, autoplay:true, nav:false, arrows:false, infinite:true });$lavraslider3768994998.on(\"mouseover\", function() {$lavraslider3768994998.unslider(\"stop\");}).on(\"mouseout\", function() {$lavraslider3768994998.unslider(\"start\");});});<\/script><\/div><p>O presidente Michel Temer ser\u00e1 o protagonista do primeiro programa de TV do PMDB exibido em sua gest\u00e3o, que vai ao ar no dia 30 de mar\u00e7o. O peemedebista aproveitar\u00e1 o espa\u00e7o para vender a imagem de \u201creformista\u201d e exaltar o saque das contas inativas do Fundo de Garantia por Tempo de Servi\u00e7o (FGTS), vista como a medida mais popular da sua administra\u00e7\u00e3o at\u00e9 agora.<\/p>\n<p><img fetchpriority=\"high\" decoding=\"async\" class=\"size-full wp-image-6670 aligncenter\" src=\"http:\/\/lavras.tv\/site\/wp-content\/uploads\/2017\/02\/temer.jpg\" alt=\"temer\" width=\"600\" height=\"300\" srcset=\"https:\/\/lavras.tv\/site\/wp-content\/uploads\/2017\/02\/temer.jpg 600w, https:\/\/lavras.tv\/site\/wp-content\/uploads\/2017\/02\/temer-150x75.jpg 150w, https:\/\/lavras.tv\/site\/wp-content\/uploads\/2017\/02\/temer-300x150.jpg 300w\" sizes=\"(max-width: 600px) 100vw, 600px\" \/><\/p>\n<p>A propaganda partid\u00e1ria peemedebista ser\u00e1 exibida 20 dias depois da libera\u00e7\u00e3o do primeiro lote do FGTS. Segundo a Caixa Econ\u00f4mica Federal, h\u00e1 18,6 milh\u00f5es de contas inativas, num total de R$ 41 bilh\u00f5es. Como muitos cotistas t\u00eam mais de uma conta, o governo estima que 10 milh\u00f5es de pessoas ser\u00e3o beneficiadas.<\/p>\n<p>A avalia\u00e7\u00e3o do Pal\u00e1cio do Planalto e de marqueteiros ligados ao partido \u00e9 de que a medida \u00e9 a que tem mais potencial para alavancar a popularidade do governo. A reprova\u00e7\u00e3o a Temer aumentou sete pontos porcentuais desde outubro, segundo pesquisa do instituto MDA, feita por encomenda da Confedera\u00e7\u00e3o Nacional dos Transportes (CNT) e divulgada na quinta.<\/p>\n<p>\u201cA aprova\u00e7\u00e3o ao saque das contas inativas do FGTS \u00e9 muito grande. No primeiro programa do partido, a ideia \u00e9 levar confian\u00e7a ao povo brasileiro\u201d, disse ao Estado o publicit\u00e1rio Elcio Mouco, que vai dirigir o programa.<\/p>\n<p>A vers\u00e3o final do roteiro ser\u00e1 definida na semana que vem por Temer, pelo senador Romero Juc\u00e1, presidente do PMDB, e pelo ministro da Secretaria-Geral da Presid\u00eancia, Moreira Franco. Ainda n\u00e3o foi definido se o presidente vai protagonizar sozinho o comercial, que ser\u00e1 exibido em cadeia nacional, ou se vai abrir espa\u00e7o para outras lideran\u00e7as.<\/p>\n<p>O PMDB tamb\u00e9m vai apostar na transposi\u00e7\u00e3o do Rio S\u00e3o Francisco para melhorar a popularidade do governo no Nordeste. No campo econ\u00f4mico, a sigla vai apresentar um \u201cpacote\u201d de not\u00edcias positivas, que inclui a queda do d\u00f3lar e do risco pa\u00eds e a infla\u00e7\u00e3o abaixo de 6%.<\/p>\n<p>O presidente Michel Temer escalou Moreira Franco, da Secretaria-geral da Presid\u00eancia, para coordenar a estrat\u00e9gia de comunica\u00e7\u00e3o do Planalto e o senador Romero Juc\u00e1 a do PMDB. A ideia \u00e9 aproximar a linguagem e alinhar o discurso.<\/p>\n<p><strong>Agenda positiva<\/strong><\/p>\n<p>O PMDB tamb\u00e9m refor\u00e7ou sua comunica\u00e7\u00e3o. Respons\u00e1vel pela campanha vitoriosa de Jo\u00e3o Doria (PSDB) em S\u00e3o Paulo, o marqueteiro Lula Guimar\u00e3es foi contratado pela legenda e montou uma equipe para atuar nas redes sociais.<\/p>\n<p>Respons\u00e1vel pela \u00e1rea digital de Doria, Daniel Braga foi contratado pela Funda\u00e7\u00e3o Ulysses Guimar\u00e3es, bra\u00e7o te\u00f3rico do PMDB, mas atua no Planalto ao lado de Moreira Franco.<\/p>\n<p>Aposta de Juc\u00e1 para melhorar a imagem da legenda, a mudan\u00e7a de nome de PMDB para MDB, como era o nome original do partido, ainda n\u00e3o prosperou por causa da resist\u00eancia de Moreira Franco. Aliados do ministro dizem que n\u00e3o \u00e9 a hora de refor\u00e7ar o lado \u201cmovimento\u201d da sigla, mas de mostrar que ela governa o Pa\u00eds e est\u00e1 por tr\u00e1s das reformas.<\/p>\n<p>Fonte: Itatiaia<\/p>\n","protected":false},"excerpt":{"rendered":"<p>O presidente Michel Temer ser\u00e1 o protagonista do primeiro programa de TV do PMDB exibido em sua gest\u00e3o, que vai ao ar no dia 30 de mar\u00e7o. O peemedebista aproveitar\u00e1 o espa\u00e7o para vender a imagem de \u201creformista\u201d e exaltar o saque das contas inativas do Fundo de Garantia por Tempo de Servi\u00e7o (FGTS), vista [&hellip;]<\/p>\n","protected":false},"author":2,"featured_media":6670,"comment_status":"closed","ping_status":"open","sticky":false,"template":"","format":"standard","meta":{"advgb_blocks_editor_width":"","advgb_blocks_columns_visual_guide":"","_exactmetrics_skip_tracking":false,"_exactmetrics_sitenote_active":false,"_exactmetrics_sitenote_note":"","_exactmetrics_sitenote_category":0,"footnotes":""},"categories":[12],"tags":[346,2714,2715,1933],"class_list":["post-6669","post","type-post","status-publish","format-standard","has-post-thumbnail","hentry","category-politica","tag-pmdb","tag-programa-de-tv","tag-reformista","tag-temer"],"better_featured_image":{"id":6670,"alt_text":"","caption":"","description":"","media_type":"image","media_details":{"width":600,"height":300,"file":"2017\/02\/temer.jpg","sizes":{"thumbnail":{"file":"temer-150x75.jpg","width":150,"height":75,"mime-type":"image\/jpeg","source_url":"https:\/\/lavras.tv\/site\/wp-content\/uploads\/2017\/02\/temer-150x75.jpg"},"medium":{"file":"temer-300x150.jpg","width":300,"height":150,"mime-type":"image\/jpeg","source_url":"https:\/\/lavras.tv\/site\/wp-content\/uploads\/2017\/02\/temer-300x150.jpg"},"featured-post-img":{"file":"temer-480x300.jpg","width":480,"height":300,"mime-type":"image\/jpeg","source_url":"https:\/\/lavras.tv\/site\/wp-content\/uploads\/2017\/02\/temer-480x300.jpg"},"sow-carousel-default":{"file":"temer-272x182.jpg","width":272,"height":182,"mime-type":"image\/jpeg","source_url":"https:\/\/lavras.tv\/site\/wp-content\/uploads\/2017\/02\/temer-272x182.jpg"}},"image_meta":{"aperture":"0","credit":"","camera":"","caption":"","created_timestamp":"0","copyright":"","focal_length":"0","iso":"0","shutter_speed":"0","title":"","orientation":"1","keywords":[]}},"post":6669,"source_url":"https:\/\/lavras.tv\/site\/wp-content\/uploads\/2017\/02\/temer.jpg"},"author_meta":{"display_name":"Lavras TV","author_link":"https:\/\/lavras.tv\/site\/author\/lavrastv\/"},"featured_img":"https:\/\/lavras.tv\/site\/wp-content\/uploads\/2017\/02\/temer-300x150.jpg","coauthors":[],"tax_additional":{"categories":{"linked":["<a href=\"https:\/\/lavras.tv\/site\/category\/politica\/\" class=\"advgb-post-tax-term\">Pol\u00edtica<\/a>"],"unlinked":["<span class=\"advgb-post-tax-term\">Pol\u00edtica<\/span>"]},"tags":{"linked":["<a href=\"https:\/\/lavras.tv\/site\/category\/politica\/\" class=\"advgb-post-tax-term\">pmdb<\/a>","<a href=\"https:\/\/lavras.tv\/site\/category\/politica\/\" class=\"advgb-post-tax-term\">programa de tv<\/a>","<a href=\"https:\/\/lavras.tv\/site\/category\/politica\/\" class=\"advgb-post-tax-term\">reformista<\/a>","<a href=\"https:\/\/lavras.tv\/site\/category\/politica\/\" class=\"advgb-post-tax-term\">Temer<\/a>"],"unlinked":["<span class=\"advgb-post-tax-term\">pmdb<\/span>","<span class=\"advgb-post-tax-term\">programa de tv<\/span>","<span class=\"advgb-post-tax-term\">reformista<\/span>","<span class=\"advgb-post-tax-term\">Temer<\/span>"]}},"comment_count":"0","relative_dates":{"created":"Publicado 9 anos atr\u00e1s","modified":"Atualizado 9 anos atr\u00e1s"},"absolute_dates":{"created":"Publicado em 20 de fevereiro de 2017","modified":"Atualizado em 20 de fevereiro de 2017"},"absolute_dates_time":{"created":"Publicado em 20 de fevereiro de 2017 08:57","modified":"Atualizado em 20 de fevereiro de 2017 08:57"},"featured_img_caption":"","series_order":"","_links":{"self":[{"href":"https:\/\/lavras.tv\/site\/wp-json\/wp\/v2\/posts\/6669","targetHints":{"allow":["GET"]}}],"collection":[{"href":"https:\/\/lavras.tv\/site\/wp-json\/wp\/v2\/posts"}],"about":[{"href":"https:\/\/lavras.tv\/site\/wp-json\/wp\/v2\/types\/post"}],"author":[{"embeddable":true,"href":"https:\/\/lavras.tv\/site\/wp-json\/wp\/v2\/users\/2"}],"replies":[{"embeddable":true,"href":"https:\/\/lavras.tv\/site\/wp-json\/wp\/v2\/comments?post=6669"}],"version-history":[{"count":1,"href":"https:\/\/lavras.tv\/site\/wp-json\/wp\/v2\/posts\/6669\/revisions"}],"predecessor-version":[{"id":6671,"href":"https:\/\/lavras.tv\/site\/wp-json\/wp\/v2\/posts\/6669\/revisions\/6671"}],"wp:featuredmedia":[{"embeddable":true,"href":"https:\/\/lavras.tv\/site\/wp-json\/wp\/v2\/media\/6670"}],"wp:attachment":[{"href":"https:\/\/lavras.tv\/site\/wp-json\/wp\/v2\/media?parent=6669"}],"wp:term":[{"taxonomy":"category","embeddable":true,"href":"https:\/\/lavras.tv\/site\/wp-json\/wp\/v2\/categories?post=6669"},{"taxonomy":"post_tag","embeddable":true,"href":"https:\/\/lavras.tv\/site\/wp-json\/wp\/v2\/tags?post=6669"}],"curies":[{"name":"wp","href":"https:\/\/api.w.org\/{rel}","templated":true}]}}