{"id":6706,"date":"2017-02-21T09:16:48","date_gmt":"2017-02-21T12:16:48","guid":{"rendered":"http:\/\/lavras.tv\/site\/?p=6706"},"modified":"2017-02-21T09:16:48","modified_gmt":"2017-02-21T12:16:48","slug":"tribunal-superior-eleitoral-pode-julgar-ja-em-marco-acao-contra-chapa-dilmatemer","status":"publish","type":"post","link":"https:\/\/lavras.tv\/site\/2017\/02\/21\/tribunal-superior-eleitoral-pode-julgar-ja-em-marco-acao-contra-chapa-dilmatemer\/","title":{"rendered":"Tribunal Superior Eleitoral pode julgar j\u00e1 em mar\u00e7o a\u00e7\u00e3o contra chapa Dilma\/Temer"},"content":{"rendered":"<div class=\"lavra-antes-do-conteudo_2\" id=\"lavra-3102203272\"><div id=\"lavra-slider-27\" class=\"custom-slider lavra-slider-2463111121 lavra-slider\"><ul><li><div style=\"margin-left: auto;margin-right: auto;text-align: center;\" id=\"lavra-3661204254\"><a href=\"https:\/\/sistemas.lavras.mg.gov.br\/portalcidadao\/#df1b1a7c7b2a290bcb31e32771e610784662739a88807c0dacac58ede5f391a7530e299dc302d611ee73cb143fc22eaf93592e53e7b5bdb01b00a0b8d28dae460c141dd2ff83412e4dc1c31b16b25f33144a9e5620ea73b13f5bc1c59411d98439ad226e8af03840603796067d87afe130812cf3de24982d0e306f9e61e764e5\" aria-label=\"Lavras-TV&#8211;720x104px (1) (1)\"><img src=\"https:\/\/lavras.tv\/site\/wp-content\/uploads\/2025\/01\/Lavras-TV-720x104px-1-1.png\" alt=\"\"  srcset=\"https:\/\/lavras.tv\/site\/wp-content\/uploads\/2025\/01\/Lavras-TV-720x104px-1-1.png 720w, https:\/\/lavras.tv\/site\/wp-content\/uploads\/2025\/01\/Lavras-TV-720x104px-1-1-470x68.png 470w, https:\/\/lavras.tv\/site\/wp-content\/uploads\/2025\/01\/Lavras-TV-720x104px-1-1-170x25.png 170w, https:\/\/lavras.tv\/site\/wp-content\/uploads\/2025\/01\/Lavras-TV-720x104px-1-1-200x29.png 200w\" sizes=\"(max-width: 720px) 100vw, 720px\" width=\"720\" height=\"104\"  style=\"display: inline-block;\" \/><\/a><\/div><\/li><li><a href=\"https:\/\/sistemas.lavras.mg.gov.br\/portalcidadao\/#df1b1a7c7b2a290bcb31e32771e610784662739a88807c0dacac58ede5f391a7530e299dc302d611ee73cb143fc22eaf93592e53e7b5bdb01b00a0b8d28dae460c141dd2ff83412e4dc1c31b16b25f33144a9e5620ea73b13f5bc1c59411d98439ad226e8af03840603796067d87afe130812cf3de24982d0e306f9e61e764e5\" aria-label=\"Banner_Emprego_PortallavrasTV\"><img src=\"https:\/\/lavras.tv\/site\/wp-content\/uploads\/2025\/03\/Banner_Emprego_PortallavrasTV.png\" alt=\"\"  srcset=\"https:\/\/lavras.tv\/site\/wp-content\/uploads\/2025\/03\/Banner_Emprego_PortallavrasTV.png 720w, https:\/\/lavras.tv\/site\/wp-content\/uploads\/2025\/03\/Banner_Emprego_PortallavrasTV-470x68.png 470w, https:\/\/lavras.tv\/site\/wp-content\/uploads\/2025\/03\/Banner_Emprego_PortallavrasTV-170x25.png 170w, https:\/\/lavras.tv\/site\/wp-content\/uploads\/2025\/03\/Banner_Emprego_PortallavrasTV-200x29.png 200w\" sizes=\"(max-width: 720px) 100vw, 720px\" width=\"720\" height=\"104\"   \/><\/a><\/li><li><a href=\"https:\/\/sistemas.lavras.mg.gov.br\/portalcidadao\/#df1b1a7c7b2a290bcb31e32771e610784662739a88807c0dacac58ede5f391a7530e299dc302d611ee73cb143fc22eaf93592e53e7b5bdb01b00a0b8d28dae460c141dd2ff83412e4dc1c31b16b25f33144a9e5620ea73b13f5bc1c59411d98439ad226e8af03840603796067d87afe130812cf3de24982d0e306f9e61e764e5\" aria-label=\"Banner_Obras_PortallavrasTV\"><img src=\"https:\/\/lavras.tv\/site\/wp-content\/uploads\/2025\/03\/Banner_Obras_PortallavrasTV.png\" alt=\"\"  srcset=\"https:\/\/lavras.tv\/site\/wp-content\/uploads\/2025\/03\/Banner_Obras_PortallavrasTV.png 720w, https:\/\/lavras.tv\/site\/wp-content\/uploads\/2025\/03\/Banner_Obras_PortallavrasTV-470x68.png 470w, https:\/\/lavras.tv\/site\/wp-content\/uploads\/2025\/03\/Banner_Obras_PortallavrasTV-170x25.png 170w, https:\/\/lavras.tv\/site\/wp-content\/uploads\/2025\/03\/Banner_Obras_PortallavrasTV-200x29.png 200w\" sizes=\"(max-width: 720px) 100vw, 720px\" width=\"720\" height=\"104\"   \/><\/a><\/li><li><div style=\"margin-left: auto;margin-right: auto;text-align: center;\" id=\"lavra-4066214459\"><a href=\"https:\/\/sistemas.lavras.mg.gov.br\/portalcidadao\/#df1b1a7c7b2a290bcb31e32771e610784662739a88807c0dacac58ede5f391a7530e299dc302d611ee73cb143fc22eaf93592e53e7b5bdb01b00a0b8d28dae460c141dd2ff83412e4dc1c31b16b25f33144a9e5620ea73b13f5bc1c59411d98439ad226e8af03840603796067d87afe130812cf3de24982d0e306f9e61e764e5\" aria-label=\"Banner_Educa\u00e7\u00e3o_PortallavrasTV\"><img src=\"https:\/\/lavras.tv\/site\/wp-content\/uploads\/2025\/01\/Banner_Educacao_PortallavrasTV.png\" alt=\"\"  srcset=\"https:\/\/lavras.tv\/site\/wp-content\/uploads\/2025\/01\/Banner_Educacao_PortallavrasTV.png 720w, https:\/\/lavras.tv\/site\/wp-content\/uploads\/2025\/01\/Banner_Educacao_PortallavrasTV-470x68.png 470w, https:\/\/lavras.tv\/site\/wp-content\/uploads\/2025\/01\/Banner_Educacao_PortallavrasTV-170x25.png 170w, https:\/\/lavras.tv\/site\/wp-content\/uploads\/2025\/01\/Banner_Educacao_PortallavrasTV-200x29.png 200w\" sizes=\"(max-width: 720px) 100vw, 720px\" width=\"720\" height=\"104\"  style=\"display: inline-block;\" \/><\/a><\/div><\/li><li><a href=\"https:\/\/sistemas.lavras.mg.gov.br\/portalcidadao\/#df1b1a7c7b2a290bcb31e32771e610784662739a88807c0dacac58ede5f391a7530e299dc302d611ee73cb143fc22eaf93592e53e7b5bdb01b00a0b8d28dae460c141dd2ff83412e4dc1c31b16b25f33144a9e5620ea73b13f5bc1c59411d98439ad226e8af03840603796067d87afe130812cf3de24982d0e306f9e61e764e5\" aria-label=\"Banner_Sa\u00fade_PortallavrasTV\"><img src=\"https:\/\/lavras.tv\/site\/wp-content\/uploads\/2025\/03\/Banner_Saude_PortallavrasTV.png\" alt=\"\"  srcset=\"https:\/\/lavras.tv\/site\/wp-content\/uploads\/2025\/03\/Banner_Saude_PortallavrasTV.png 720w, https:\/\/lavras.tv\/site\/wp-content\/uploads\/2025\/03\/Banner_Saude_PortallavrasTV-470x68.png 470w, https:\/\/lavras.tv\/site\/wp-content\/uploads\/2025\/03\/Banner_Saude_PortallavrasTV-170x25.png 170w, https:\/\/lavras.tv\/site\/wp-content\/uploads\/2025\/03\/Banner_Saude_PortallavrasTV-200x29.png 200w\" sizes=\"(max-width: 720px) 100vw, 720px\" width=\"720\" height=\"104\"   \/><\/a><\/li><li><div id=\"lavra-734671485\" style=\"width:720px;height:104px;background-color:#ddd;overflow:scroll;\">\n\t<strong>Sa\u00edda da depura\u00e7\u00e3o de an\u00fancios<\/strong>\n\t<br><br>\n\tO an\u00fancio n\u00e3o \u00e9 exibido na p\u00e1gina<br><br>post atual: Tribunal Superior Eleitoral pode julgar j\u00e1 em mar\u00e7o a\u00e7\u00e3o contra chapa Dilma\/Temer, ID: 6706<br><br><span style=\"color: red;\">O post atual n\u00e3o \u00e9 id\u00eantico ao post principal.<\/span><br><br>An\u00fancios: ROXO - TOPO INTERNA - ROTATIVO 2 (197)<br \/>Grupo de an\u00fancios: Princ_Meio01_720x104 (27)<br><br>Condi\u00e7\u00f5es de exibi\u00e7\u00e3o<div style=\"margin-bottom: 20px; white-space: pre-wrap; font-family: monospace; width: 100%; background: #ffe9e9;\"><strong>condi\u00e7\u00f5es gerais<\/strong><table border=\"1\"><thead><tr><th><\/th><th>An\u00fancios<\/th><th>wp_the_query<\/th><\/tr><\/thead><tr><td>is_main_query<\/td><td>1<\/td><td>1<\/td><\/tr><tr><td>is_rest_api<\/td><td>0<\/td><td>1<\/td><\/tr><tr><td>page<\/td><td>0<\/td><td>1<\/td><\/tr><tr><td>numpages<\/td><td>0<\/td><td>1<\/td><\/tr><tr><td>is_archive<\/td><td>1<\/td><td><\/td><\/tr><tr><td>is_search<\/td><td>1<\/td><td><\/td><\/tr><tr><td>is_home<\/td><td>1<\/td><td><\/td><\/tr><tr><td>is_404<\/td><td>1<\/td><td><\/td><\/tr><tr><td>is_attachment<\/td><td>1<\/td><td><\/td><\/tr><tr><td>is_singular<\/td><td>1<\/td><td><\/td><\/tr><tr><td>is_front_page<\/td><td>1<\/td><td><\/td><\/tr><tr><td>is_feed<\/td><td>1<\/td><td><\/td><\/tr><\/table><\/div><br><br><span style=\"color: red;\">Seu site usa HTTPS, mas o c\u00f3digo do an\u00fancio cont\u00e9m HTTP e pode n\u00e3o funcionar.<\/span>\t<br><br>\n\t<a style=\"color: green;\" href=\"https:\/\/wpadvancedads.com\/manual\/ad-debug-mode\/?utm_source=advanced-ads&utm_medium=link&utm_campaign=ad-debug-mode\" target=\"_blank\" rel=\"nofollow\">Encontre solu\u00e7\u00f5es no manual<\/a>\n<\/div>\n<\/li><\/ul><\/div><script>( window.advanced_ads_ready || jQuery( document ).ready ).call( null, function() {var $lavraslider2463111121 = jQuery( \".lavra-slider-2463111121\" );$lavraslider2463111121.on( \"unslider.ready\", function() { jQuery( \"div.custom-slider ul li\" ).css( \"display\", \"block\" ); });$lavraslider2463111121.unslider({ delay:4000, autoplay:true, nav:false, arrows:false, infinite:true });$lavraslider2463111121.on(\"mouseover\", function() {$lavraslider2463111121.unslider(\"stop\");}).on(\"mouseout\", function() {$lavraslider2463111121.unslider(\"start\");});});<\/script><\/div><p>O julgamento do processo no Tribunal Superior Eleitoral em que a chapa Dilma\/Temer \u00e9 acusada de abuso de poder econ\u00f4mico na campanha de 2014 deve ocorrer na primeira semana de mar\u00e7o, de acordo com expectativa da defesa. Para os advogados, a fase de coleta de provas deve se encerrar logo ap\u00f3s o carnaval e, a julgar pelo ritmo acelerado que tem adotado o ministro relator do caso, Herman Benjamin, do TSE, a senten\u00e7a, que pode resultar na cassa\u00e7\u00e3o da chapa, dever\u00e1 ser proferida em seguida.<\/p>\n<p><img fetchpriority=\"high\" decoding=\"async\" class=\"size-full wp-image-6707 aligncenter\" src=\"http:\/\/lavras.tv\/site\/wp-content\/uploads\/2017\/02\/dilma-e-temer.jpg\" alt=\"\" width=\"620\" height=\"360\" srcset=\"https:\/\/lavras.tv\/site\/wp-content\/uploads\/2017\/02\/dilma-e-temer.jpg 620w, https:\/\/lavras.tv\/site\/wp-content\/uploads\/2017\/02\/dilma-e-temer-150x87.jpg 150w, https:\/\/lavras.tv\/site\/wp-content\/uploads\/2017\/02\/dilma-e-temer-300x174.jpg 300w\" sizes=\"(max-width: 620px) 100vw, 620px\" \/><\/p>\n<p>Nesta segunda-feira, 20, foram tomados em S\u00e3o Paulo, na sede do Tribunal Regional Eleitoral (TRE) por videoconfer\u00eancia, depoimentos de quatro testemunhas ligadas a duas gr\u00e1ficas fornecedoras da campanha, a Redeseg e a Focal. A suspeita \u00e9 que elas n\u00e3o prestaram efetivamente ou inteiramente os servi\u00e7os pelos quais receberam, R$ 6 milh\u00f5es e R$ 20 milh\u00f5es da campanha.<\/p>\n<p>Os primeiros a serem ouvidos foram os irm\u00e3os Rodrigo Zanardo e Rog\u00e9rio Zanardo, s\u00f3cio-propriet\u00e1rios da Rede Seg. Eles n\u00e3o quiseram falar com a imprensa. Em seguida, dep\u00f4s o motorista da Focal, Jonathan Gomes Bastos. Foi o segundo depoimento de Jonathan no caso, que h\u00e1 havia falado no dia 8 de fevereiro.<\/p>\n<p>Foi o pr\u00f3prio Jonathan que pediu para ser ouvido novamente. Nesta segunda-feira, 20, ele apresentou documentos em que acusa o empres\u00e1rio Carlos Cortegosso, que se apresenta como dono da Focal, de usar seu nome como &#8216;laranja&#8217; em tr\u00eas empresas do grupo. &#8220;Usaram meu nome em tr\u00eas empresas citadas na Lava Jato, a Focal Point, CRLS e Not\u00edcia Comunica\u00e7\u00e3o. Fui laranja, n\u00e9?&#8221;, disse ele ao sair do pr\u00e9dio do TRE-SP.<\/p>\n<p>Em cerca de uma hora e meia de depoimento, o motorista disse que respondeu as mesmas perguntas que lhe foram feitas no in\u00edcio do m\u00eas, quando dep\u00f4s pela primeira vez. Segundo ele, o ministro Herman Benjamim quis saber se a Focal efetivamente prestou servi\u00e7os pelos quais recebeu. &#8220;Fizeram as mesmas perguntas. Se tinha trabalho, se (a empresa) produziu, se n\u00e3o produziu&#8221;, disse.<\/p>\n<p>Cortegoso foi o \u00faltimo a ser ouvido. Segundo o advogado Marcio Ant\u00f4nio Donizete Decresci, o empres\u00e1rio reiterou ser propriet\u00e1rio da Focal e afirmou que a empresa prestou efetivamente os servi\u00e7os pelos quais foi contratada e reembolsada.<\/p>\n<p>Na opini\u00e3o do advogado do presidente Michel Temer, Gustavo Bonini Guedes, os depoimentos desta segunda-feira, em nada contribu\u00edram para o processo. &#8220;A rela\u00e7\u00e3o que Jonathan tinha com o sr. Carlos Cortegoso \u00e9 estranha a este processo. O Brasil n\u00e3o pode seguir com este processo t\u00e3o importante por conta de uma rela\u00e7\u00e3o societ\u00e1ria de uma gr\u00e1fica. Esse \u00e9 um assunto que deve ser tratado na esfera crminal ou tribut\u00e1ria&#8221;, disse.<\/p>\n<p>Segundo o advogado j\u00e1 h\u00e1 provas no processo de que os servi\u00e7os foram efetivamente prestados. &#8220;Se n\u00e3o houve uma contrapresta\u00e7\u00e3o devida, e as provas no processo indicam que houve, mas se n\u00e3o houve isso deve provocar uma outra investiga\u00e7\u00e3o para apurar porque isso n\u00e3o ocorreu&#8221;.<\/p>\n<p>&#8220;Este processo caminha para o final&#8221;, disse o advogado Fl\u00e1vio Crocce Caetano, que representa a ex-presidente Dilma Rousseff. Segundo ele, os documentos apresentados por Jonathan Bastos se referem a uma quest\u00e3o societ\u00e1ria na Focal, que s\u00e3o alheias ao escopo do processo no TSE. &#8220;S\u00e3o quest\u00f5es laterais que devem ser tratadas em outros processos, jamais na Justi\u00e7a Eleitoral. Temos aqui o processo mais importante da hist\u00f3ria da Justi\u00e7a Eleitoral que n\u00e3o pode ser perder em quest\u00f5es laterais&#8221;, disse.<\/p>\n<p>Ao todo, j\u00e1 foram ouvidas 42 pessoas na A\u00e7\u00e3o de Investiga\u00e7\u00e3o Judicial Eleitoral em curso no TSE. Na semana que vem, o ministro Herman Bejnamin dever\u00e1 colher o depoimento de mais uma testemunha, o representante da gr\u00e1fica VTPB, Beckembauer Rivelino.<\/p>\n<p>Fonte: Itatiaia<\/p>\n","protected":false},"excerpt":{"rendered":"<p>O julgamento do processo no Tribunal Superior Eleitoral em que a chapa Dilma\/Temer \u00e9 acusada de abuso de poder econ\u00f4mico na campanha de 2014 deve ocorrer na primeira semana de mar\u00e7o, de acordo com expectativa da defesa. Para os advogados, a fase de coleta de provas deve se encerrar logo ap\u00f3s o carnaval e, a [&hellip;]<\/p>\n","protected":false},"author":2,"featured_media":6707,"comment_status":"closed","ping_status":"open","sticky":false,"template":"","format":"standard","meta":{"advgb_blocks_editor_width":"","advgb_blocks_columns_visual_guide":"","_exactmetrics_skip_tracking":false,"_exactmetrics_sitenote_active":false,"_exactmetrics_sitenote_note":"","_exactmetrics_sitenote_category":0,"footnotes":""},"categories":[12],"tags":[1934,396,1933,2729],"class_list":["post-6706","post","type-post","status-publish","format-standard","has-post-thumbnail","hentry","category-politica","tag-dilma","tag-politica","tag-temer","tag-tse"],"better_featured_image":{"id":6707,"alt_text":"","caption":"","description":"","media_type":"image","media_details":{"width":620,"height":360,"file":"2017\/02\/dilma-e-temer.jpg","sizes":{"thumbnail":{"file":"dilma-e-temer-150x87.jpg","width":150,"height":87,"mime-type":"image\/jpeg","source_url":"https:\/\/lavras.tv\/site\/wp-content\/uploads\/2017\/02\/dilma-e-temer-150x87.jpg"},"medium":{"file":"dilma-e-temer-300x174.jpg","width":300,"height":174,"mime-type":"image\/jpeg","source_url":"https:\/\/lavras.tv\/site\/wp-content\/uploads\/2017\/02\/dilma-e-temer-300x174.jpg"},"featured-post-img":{"file":"dilma-e-temer-480x320.jpg","width":480,"height":320,"mime-type":"image\/jpeg","source_url":"https:\/\/lavras.tv\/site\/wp-content\/uploads\/2017\/02\/dilma-e-temer-480x320.jpg"},"sow-carousel-default":{"file":"dilma-e-temer-272x182.jpg","width":272,"height":182,"mime-type":"image\/jpeg","source_url":"https:\/\/lavras.tv\/site\/wp-content\/uploads\/2017\/02\/dilma-e-temer-272x182.jpg"}},"image_meta":{"aperture":"5","credit":"Foto: Lula Marques\/ Ag\u00eancia PT","camera":"Canon EOS-1D X","caption":"Bras\u00edlia-DF 11-08-2015 Fotos Lula Marques\/Ag\u00eancia PT.  Presidenta Dilma durante cerim\u00f4nia de an\u00fancio do Programa de\rInvestimento em Energia El\u00e9trica","created_timestamp":"1439290081","copyright":"","focal_length":"300","iso":"2000","shutter_speed":"0.008","title":"","orientation":"1","keywords":[]}},"post":6706,"source_url":"https:\/\/lavras.tv\/site\/wp-content\/uploads\/2017\/02\/dilma-e-temer.jpg"},"author_meta":{"display_name":"Lavras TV","author_link":"https:\/\/lavras.tv\/site\/author\/lavrastv\/"},"featured_img":"https:\/\/lavras.tv\/site\/wp-content\/uploads\/2017\/02\/dilma-e-temer-300x174.jpg","coauthors":[],"tax_additional":{"categories":{"linked":["<a href=\"https:\/\/lavras.tv\/site\/category\/politica\/\" class=\"advgb-post-tax-term\">Pol\u00edtica<\/a>"],"unlinked":["<span class=\"advgb-post-tax-term\">Pol\u00edtica<\/span>"]},"tags":{"linked":["<a href=\"https:\/\/lavras.tv\/site\/category\/politica\/\" class=\"advgb-post-tax-term\">Dilma<\/a>","<a href=\"https:\/\/lavras.tv\/site\/category\/politica\/\" class=\"advgb-post-tax-term\">pol\u00edtica<\/a>","<a href=\"https:\/\/lavras.tv\/site\/category\/politica\/\" class=\"advgb-post-tax-term\">Temer<\/a>","<a href=\"https:\/\/lavras.tv\/site\/category\/politica\/\" class=\"advgb-post-tax-term\">tse<\/a>"],"unlinked":["<span class=\"advgb-post-tax-term\">Dilma<\/span>","<span class=\"advgb-post-tax-term\">pol\u00edtica<\/span>","<span class=\"advgb-post-tax-term\">Temer<\/span>","<span class=\"advgb-post-tax-term\">tse<\/span>"]}},"comment_count":"0","relative_dates":{"created":"Publicado 9 anos atr\u00e1s","modified":"Atualizado 9 anos atr\u00e1s"},"absolute_dates":{"created":"Publicado em 21 de fevereiro de 2017","modified":"Atualizado em 21 de fevereiro de 2017"},"absolute_dates_time":{"created":"Publicado em 21 de fevereiro de 2017 09:16","modified":"Atualizado em 21 de fevereiro de 2017 09:16"},"featured_img_caption":"","series_order":"","_links":{"self":[{"href":"https:\/\/lavras.tv\/site\/wp-json\/wp\/v2\/posts\/6706","targetHints":{"allow":["GET"]}}],"collection":[{"href":"https:\/\/lavras.tv\/site\/wp-json\/wp\/v2\/posts"}],"about":[{"href":"https:\/\/lavras.tv\/site\/wp-json\/wp\/v2\/types\/post"}],"author":[{"embeddable":true,"href":"https:\/\/lavras.tv\/site\/wp-json\/wp\/v2\/users\/2"}],"replies":[{"embeddable":true,"href":"https:\/\/lavras.tv\/site\/wp-json\/wp\/v2\/comments?post=6706"}],"version-history":[{"count":1,"href":"https:\/\/lavras.tv\/site\/wp-json\/wp\/v2\/posts\/6706\/revisions"}],"predecessor-version":[{"id":6708,"href":"https:\/\/lavras.tv\/site\/wp-json\/wp\/v2\/posts\/6706\/revisions\/6708"}],"wp:featuredmedia":[{"embeddable":true,"href":"https:\/\/lavras.tv\/site\/wp-json\/wp\/v2\/media\/6707"}],"wp:attachment":[{"href":"https:\/\/lavras.tv\/site\/wp-json\/wp\/v2\/media?parent=6706"}],"wp:term":[{"taxonomy":"category","embeddable":true,"href":"https:\/\/lavras.tv\/site\/wp-json\/wp\/v2\/categories?post=6706"},{"taxonomy":"post_tag","embeddable":true,"href":"https:\/\/lavras.tv\/site\/wp-json\/wp\/v2\/tags?post=6706"}],"curies":[{"name":"wp","href":"https:\/\/api.w.org\/{rel}","templated":true}]}}