{"id":6799,"date":"2017-02-23T10:22:19","date_gmt":"2017-02-23T13:22:19","guid":{"rendered":"http:\/\/lavras.tv\/site\/?p=6799"},"modified":"2017-02-23T10:22:19","modified_gmt":"2017-02-23T13:22:19","slug":"godoy-cruz-x-atletico-venda-de-ingressos-sera-nesta-quinta-e-sexta-feira-em-bh","status":"publish","type":"post","link":"https:\/\/lavras.tv\/site\/2017\/02\/23\/godoy-cruz-x-atletico-venda-de-ingressos-sera-nesta-quinta-e-sexta-feira-em-bh\/","title":{"rendered":"Godoy Cruz x Atl\u00e9tico: venda de ingressos ser\u00e1 nesta quinta e sexta-feira em BH"},"content":{"rendered":"<div class=\"lavra-antes-do-conteudo_2\" id=\"lavra-1100114701\"><div id=\"lavra-slider-27\" class=\"custom-slider lavra-slider-4241926945 lavra-slider\"><ul><li><div style=\"margin-left: auto;margin-right: auto;text-align: center;\" id=\"lavra-3988230590\"><a href=\"https:\/\/sistemas.lavras.mg.gov.br\/portalcidadao\/#df1b1a7c7b2a290bcb31e32771e610784662739a88807c0dacac58ede5f391a7530e299dc302d611ee73cb143fc22eaf93592e53e7b5bdb01b00a0b8d28dae460c141dd2ff83412e4dc1c31b16b25f33144a9e5620ea73b13f5bc1c59411d98439ad226e8af03840603796067d87afe130812cf3de24982d0e306f9e61e764e5\" aria-label=\"Lavras-TV&#8211;720x104px (1) (1)\"><img src=\"https:\/\/lavras.tv\/site\/wp-content\/uploads\/2025\/01\/Lavras-TV-720x104px-1-1.png\" alt=\"\"  srcset=\"https:\/\/lavras.tv\/site\/wp-content\/uploads\/2025\/01\/Lavras-TV-720x104px-1-1.png 720w, https:\/\/lavras.tv\/site\/wp-content\/uploads\/2025\/01\/Lavras-TV-720x104px-1-1-470x68.png 470w, https:\/\/lavras.tv\/site\/wp-content\/uploads\/2025\/01\/Lavras-TV-720x104px-1-1-170x25.png 170w, https:\/\/lavras.tv\/site\/wp-content\/uploads\/2025\/01\/Lavras-TV-720x104px-1-1-200x29.png 200w\" sizes=\"(max-width: 720px) 100vw, 720px\" width=\"720\" height=\"104\"  style=\"display: inline-block;\" \/><\/a><\/div><\/li><li><a href=\"https:\/\/sistemas.lavras.mg.gov.br\/portalcidadao\/#df1b1a7c7b2a290bcb31e32771e610784662739a88807c0dacac58ede5f391a7530e299dc302d611ee73cb143fc22eaf93592e53e7b5bdb01b00a0b8d28dae460c141dd2ff83412e4dc1c31b16b25f33144a9e5620ea73b13f5bc1c59411d98439ad226e8af03840603796067d87afe130812cf3de24982d0e306f9e61e764e5\" aria-label=\"Banner_Emprego_PortallavrasTV\"><img src=\"https:\/\/lavras.tv\/site\/wp-content\/uploads\/2025\/03\/Banner_Emprego_PortallavrasTV.png\" alt=\"\"  srcset=\"https:\/\/lavras.tv\/site\/wp-content\/uploads\/2025\/03\/Banner_Emprego_PortallavrasTV.png 720w, https:\/\/lavras.tv\/site\/wp-content\/uploads\/2025\/03\/Banner_Emprego_PortallavrasTV-470x68.png 470w, https:\/\/lavras.tv\/site\/wp-content\/uploads\/2025\/03\/Banner_Emprego_PortallavrasTV-170x25.png 170w, https:\/\/lavras.tv\/site\/wp-content\/uploads\/2025\/03\/Banner_Emprego_PortallavrasTV-200x29.png 200w\" sizes=\"(max-width: 720px) 100vw, 720px\" width=\"720\" height=\"104\"   \/><\/a><\/li><li><a href=\"https:\/\/sistemas.lavras.mg.gov.br\/portalcidadao\/#df1b1a7c7b2a290bcb31e32771e610784662739a88807c0dacac58ede5f391a7530e299dc302d611ee73cb143fc22eaf93592e53e7b5bdb01b00a0b8d28dae460c141dd2ff83412e4dc1c31b16b25f33144a9e5620ea73b13f5bc1c59411d98439ad226e8af03840603796067d87afe130812cf3de24982d0e306f9e61e764e5\" aria-label=\"Banner_Obras_PortallavrasTV\"><img src=\"https:\/\/lavras.tv\/site\/wp-content\/uploads\/2025\/03\/Banner_Obras_PortallavrasTV.png\" alt=\"\"  srcset=\"https:\/\/lavras.tv\/site\/wp-content\/uploads\/2025\/03\/Banner_Obras_PortallavrasTV.png 720w, https:\/\/lavras.tv\/site\/wp-content\/uploads\/2025\/03\/Banner_Obras_PortallavrasTV-470x68.png 470w, https:\/\/lavras.tv\/site\/wp-content\/uploads\/2025\/03\/Banner_Obras_PortallavrasTV-170x25.png 170w, https:\/\/lavras.tv\/site\/wp-content\/uploads\/2025\/03\/Banner_Obras_PortallavrasTV-200x29.png 200w\" sizes=\"(max-width: 720px) 100vw, 720px\" width=\"720\" height=\"104\"   \/><\/a><\/li><li><div style=\"margin-left: auto;margin-right: auto;text-align: center;\" id=\"lavra-2981480044\"><a href=\"https:\/\/sistemas.lavras.mg.gov.br\/portalcidadao\/#df1b1a7c7b2a290bcb31e32771e610784662739a88807c0dacac58ede5f391a7530e299dc302d611ee73cb143fc22eaf93592e53e7b5bdb01b00a0b8d28dae460c141dd2ff83412e4dc1c31b16b25f33144a9e5620ea73b13f5bc1c59411d98439ad226e8af03840603796067d87afe130812cf3de24982d0e306f9e61e764e5\" aria-label=\"Banner_Educa\u00e7\u00e3o_PortallavrasTV\"><img src=\"https:\/\/lavras.tv\/site\/wp-content\/uploads\/2025\/01\/Banner_Educacao_PortallavrasTV.png\" alt=\"\"  srcset=\"https:\/\/lavras.tv\/site\/wp-content\/uploads\/2025\/01\/Banner_Educacao_PortallavrasTV.png 720w, https:\/\/lavras.tv\/site\/wp-content\/uploads\/2025\/01\/Banner_Educacao_PortallavrasTV-470x68.png 470w, https:\/\/lavras.tv\/site\/wp-content\/uploads\/2025\/01\/Banner_Educacao_PortallavrasTV-170x25.png 170w, https:\/\/lavras.tv\/site\/wp-content\/uploads\/2025\/01\/Banner_Educacao_PortallavrasTV-200x29.png 200w\" sizes=\"(max-width: 720px) 100vw, 720px\" width=\"720\" height=\"104\"  style=\"display: inline-block;\" \/><\/a><\/div><\/li><li><a href=\"https:\/\/sistemas.lavras.mg.gov.br\/portalcidadao\/#df1b1a7c7b2a290bcb31e32771e610784662739a88807c0dacac58ede5f391a7530e299dc302d611ee73cb143fc22eaf93592e53e7b5bdb01b00a0b8d28dae460c141dd2ff83412e4dc1c31b16b25f33144a9e5620ea73b13f5bc1c59411d98439ad226e8af03840603796067d87afe130812cf3de24982d0e306f9e61e764e5\" aria-label=\"Banner_Sa\u00fade_PortallavrasTV\"><img src=\"https:\/\/lavras.tv\/site\/wp-content\/uploads\/2025\/03\/Banner_Saude_PortallavrasTV.png\" alt=\"\"  srcset=\"https:\/\/lavras.tv\/site\/wp-content\/uploads\/2025\/03\/Banner_Saude_PortallavrasTV.png 720w, https:\/\/lavras.tv\/site\/wp-content\/uploads\/2025\/03\/Banner_Saude_PortallavrasTV-470x68.png 470w, https:\/\/lavras.tv\/site\/wp-content\/uploads\/2025\/03\/Banner_Saude_PortallavrasTV-170x25.png 170w, https:\/\/lavras.tv\/site\/wp-content\/uploads\/2025\/03\/Banner_Saude_PortallavrasTV-200x29.png 200w\" sizes=\"(max-width: 720px) 100vw, 720px\" width=\"720\" height=\"104\"   \/><\/a><\/li><li><div id=\"lavra-3595548946\" style=\"width:720px;height:104px;background-color:#ddd;overflow:scroll;\">\n\t<strong>Sa\u00edda da depura\u00e7\u00e3o de an\u00fancios<\/strong>\n\t<br><br>\n\tO an\u00fancio n\u00e3o \u00e9 exibido na p\u00e1gina<br><br>post atual: Godoy Cruz x Atl\u00e9tico: venda de ingressos ser\u00e1 nesta quinta e sexta-feira em BH, ID: 6799<br><br><span style=\"color: red;\">O post atual n\u00e3o \u00e9 id\u00eantico ao post principal.<\/span><br><br>An\u00fancios: ROXO - TOPO INTERNA - ROTATIVO 2 (197)<br \/>Grupo de an\u00fancios: Princ_Meio01_720x104 (27)<br><br>Condi\u00e7\u00f5es de exibi\u00e7\u00e3o<div style=\"margin-bottom: 20px; white-space: pre-wrap; font-family: monospace; width: 100%; background: #ffe9e9;\"><strong>condi\u00e7\u00f5es gerais<\/strong><table border=\"1\"><thead><tr><th><\/th><th>An\u00fancios<\/th><th>wp_the_query<\/th><\/tr><\/thead><tr><td>is_main_query<\/td><td>1<\/td><td>1<\/td><\/tr><tr><td>is_rest_api<\/td><td>0<\/td><td>1<\/td><\/tr><tr><td>page<\/td><td>0<\/td><td>1<\/td><\/tr><tr><td>numpages<\/td><td>0<\/td><td>1<\/td><\/tr><tr><td>is_archive<\/td><td>1<\/td><td><\/td><\/tr><tr><td>is_search<\/td><td>1<\/td><td><\/td><\/tr><tr><td>is_home<\/td><td>1<\/td><td><\/td><\/tr><tr><td>is_404<\/td><td>1<\/td><td><\/td><\/tr><tr><td>is_attachment<\/td><td>1<\/td><td><\/td><\/tr><tr><td>is_singular<\/td><td>1<\/td><td><\/td><\/tr><tr><td>is_front_page<\/td><td>1<\/td><td><\/td><\/tr><tr><td>is_feed<\/td><td>1<\/td><td><\/td><\/tr><\/table><\/div><br><br><span style=\"color: red;\">Seu site usa HTTPS, mas o c\u00f3digo do an\u00fancio cont\u00e9m HTTP e pode n\u00e3o funcionar.<\/span>\t<br><br>\n\t<a style=\"color: green;\" href=\"https:\/\/wpadvancedads.com\/manual\/ad-debug-mode\/?utm_source=advanced-ads&utm_medium=link&utm_campaign=ad-debug-mode\" target=\"_blank\" rel=\"nofollow\">Encontre solu\u00e7\u00f5es no manual<\/a>\n<\/div>\n<\/li><\/ul><\/div><script>( window.advanced_ads_ready || jQuery( document ).ready ).call( null, function() {var $lavraslider4241926945 = jQuery( \".lavra-slider-4241926945\" );$lavraslider4241926945.on( \"unslider.ready\", function() { jQuery( \"div.custom-slider ul li\" ).css( \"display\", \"block\" ); });$lavraslider4241926945.unslider({ delay:4000, autoplay:true, nav:false, arrows:false, infinite:true });$lavraslider4241926945.on(\"mouseover\", function() {$lavraslider4241926945.unslider(\"stop\");}).on(\"mouseout\", function() {$lavraslider4241926945.unslider(\"start\");});});<\/script><\/div><p>Os s\u00f3cios do Atl\u00e9tico ter\u00e3o prioridade na compra de ingressos em Belo Horizonte para estreia do time na Copa Libertadores contra o Godoy Cruz, no dia 8 de mar\u00e7o, \u00e0s 19h30 (de Bras\u00edlia), no est\u00e1dio Malvinas Argentinas, em Mendoza, na Argentina. A venda ser\u00e1 realizada nesta quinta e sexta-feira.<\/p>\n<p><img fetchpriority=\"high\" decoding=\"async\" class=\"size-full wp-image-6800\" src=\"http:\/\/lavras.tv\/site\/wp-content\/uploads\/2017\/02\/galo-1.jpg\" alt=\"BELO HORIZONTE\/ MINAS GERAIS \/ BRASIL  (08.03.2015) Atl\u00e9tico x Cruzeiro - no est\u00e1dio Mineir\u00e3o - Campeonato Mineiro  2015 - foto: Bruno Cantini\" width=\"600\" height=\"300\" srcset=\"https:\/\/lavras.tv\/site\/wp-content\/uploads\/2017\/02\/galo-1.jpg 600w, https:\/\/lavras.tv\/site\/wp-content\/uploads\/2017\/02\/galo-1-150x75.jpg 150w, https:\/\/lavras.tv\/site\/wp-content\/uploads\/2017\/02\/galo-1-300x150.jpg 300w\" sizes=\"(max-width: 600px) 100vw, 600px\" \/><\/p>\n<p>Os associados \u2018Galo na Veia Preto\u2019 ser\u00e3o os primeiros a poderem adquirir os bilhetes. A venda acontecer\u00e1 nesta quinta-feira, das 10h \u00e0s 17h, na Central de Atendimento GNV, em Lourdes. Os ingressos custar\u00e3o R$ 140 e o pagamento ser\u00e1 recebido apenas em dinheiro. Cada s\u00f3cio poder\u00e1 comprar apenas uma entrada. Ser\u00e1 obrigat\u00f3ria a apresenta\u00e7\u00e3o do cart\u00e3o GNV e do documento de identifica\u00e7\u00e3o do titular.<\/p>\n<p>Na sexta-feira, caso ainda restem ingressos, ser\u00e1 a vez dos membros \u2018Galo na Veia Prata\u2019 e \u2018Galo na Veia Branco\u2019. A venda ser\u00e1 realizada das 10h \u00e0s 13h, na Bilheteria Ism\u00eania do est\u00e1dio Independ\u00eancia. O pre\u00e7o \u00e9 o mesmo: R$ 140.<\/p>\n<p>Se os s\u00f3cios n\u00e3o esgotarem os ingressos, a venda ser\u00e1 aberta ao p\u00fablico em geral das 14h \u00e0s 17h de sexta-feira, na Bilheteria Ism\u00eania do Independ\u00eancia. O valor do bilhete tamb\u00e9m \u00e9 R$ 140.<\/p>\n<p><strong>Confira os detalhes da venda:<\/strong><\/p>\n<p><em>GNV PRETO<\/em><\/p>\n<p>Data: 23\/2 (quinta-feira). Hora: 10h \u00e0s 17h. Local: Central de Atendimento GNV, em Lourdes<\/p>\n<p><em>GNV PRATA E GNV BRANCO<\/em><\/p>\n<p>Data: 24\/2 (sexta-feira). Hora: 10h \u00e0s 13h. Local: Bilheteria Ism\u00eania do Independ\u00eancia.<\/p>\n<p><em>P\u00daBLICO EM GERAL (APENAS 1 INGRESSO POR PESSOA):<\/em><\/p>\n<p>Data: 24\/2 (sexta-feira). Hora: 14h \u00e0s 17h. Local: Bilheteria Ism\u00eania do Independ\u00eancia.<\/p>\n<p>&nbsp;<\/p>\n<p>Fonte: Itatiaia<\/p>\n","protected":false},"excerpt":{"rendered":"<p>Os s\u00f3cios do Atl\u00e9tico ter\u00e3o prioridade na compra de ingressos em Belo Horizonte para estreia do time na Copa Libertadores contra o Godoy Cruz, no dia 8 de mar\u00e7o, \u00e0s 19h30 (de Bras\u00edlia), no est\u00e1dio Malvinas Argentinas, em Mendoza, na Argentina. A venda ser\u00e1 realizada nesta quinta e sexta-feira. Os associados \u2018Galo na Veia Preto\u2019 [&hellip;]<\/p>\n","protected":false},"author":2,"featured_media":6800,"comment_status":"closed","ping_status":"open","sticky":false,"template":"","format":"standard","meta":{"advgb_blocks_editor_width":"","advgb_blocks_columns_visual_guide":"","_exactmetrics_skip_tracking":false,"_exactmetrics_sitenote_active":false,"_exactmetrics_sitenote_note":"","_exactmetrics_sitenote_category":0,"footnotes":""},"categories":[3],"tags":[1064,966,1036,2757,1163,2756],"class_list":["post-6799","post","type-post","status-publish","format-standard","has-post-thumbnail","hentry","category-esportes","tag-atletico-mineiro","tag-esporte","tag-futebol","tag-godoy-cruz","tag-ingressos","tag-venda"],"better_featured_image":{"id":6800,"alt_text":"","caption":"","description":"","media_type":"image","media_details":{"width":600,"height":300,"file":"2017\/02\/galo-1.jpg","sizes":{"thumbnail":{"file":"galo-1-150x75.jpg","width":150,"height":75,"mime-type":"image\/jpeg","source_url":"https:\/\/lavras.tv\/site\/wp-content\/uploads\/2017\/02\/galo-1-150x75.jpg"},"medium":{"file":"galo-1-300x150.jpg","width":300,"height":150,"mime-type":"image\/jpeg","source_url":"https:\/\/lavras.tv\/site\/wp-content\/uploads\/2017\/02\/galo-1-300x150.jpg"},"featured-post-img":{"file":"galo-1-480x300.jpg","width":480,"height":300,"mime-type":"image\/jpeg","source_url":"https:\/\/lavras.tv\/site\/wp-content\/uploads\/2017\/02\/galo-1-480x300.jpg"},"sow-carousel-default":{"file":"galo-1-272x182.jpg","width":272,"height":182,"mime-type":"image\/jpeg","source_url":"https:\/\/lavras.tv\/site\/wp-content\/uploads\/2017\/02\/galo-1-272x182.jpg"}},"image_meta":{"aperture":"2.8","credit":"BRUNO CANTINI","camera":"Canon EOS 7D","caption":"BELO HORIZONTE\/ MINAS GERAIS \/ BRASIL  (08.03.2015) Atl\u00e9tico x Cruzeiro - no est\u00e1dio Mineir\u00e3o - Campeonato Mineiro  2015 - foto: Bruno Cantini","created_timestamp":"1425828645","copyright":"Copyright \u00a9 2013 Bruno Cantini","focal_length":"200","iso":"400","shutter_speed":"0.00125","title":"BELO HORIZONTE\/ MINAS GERAIS \/ BRASIL  (08.03.2015) Atl\u00e9tico x Cruzeiro - no est\u00e1dio Mineir\u00e3o - Campeonato Mineiro  2015 - foto: Bruno Cantini","orientation":"1","keywords":[]}},"post":6799,"source_url":"https:\/\/lavras.tv\/site\/wp-content\/uploads\/2017\/02\/galo-1.jpg"},"author_meta":{"display_name":"Lavras TV","author_link":"https:\/\/lavras.tv\/site\/author\/lavrastv\/"},"featured_img":"https:\/\/lavras.tv\/site\/wp-content\/uploads\/2017\/02\/galo-1-300x150.jpg","coauthors":[],"tax_additional":{"categories":{"linked":["<a href=\"https:\/\/lavras.tv\/site\/category\/esportes\/\" class=\"advgb-post-tax-term\">Esportes<\/a>"],"unlinked":["<span class=\"advgb-post-tax-term\">Esportes<\/span>"]},"tags":{"linked":["<a href=\"https:\/\/lavras.tv\/site\/category\/esportes\/\" class=\"advgb-post-tax-term\">atl\u00e9tico mineiro<\/a>","<a href=\"https:\/\/lavras.tv\/site\/category\/esportes\/\" class=\"advgb-post-tax-term\">esporte<\/a>","<a href=\"https:\/\/lavras.tv\/site\/category\/esportes\/\" class=\"advgb-post-tax-term\">futebol<\/a>","<a href=\"https:\/\/lavras.tv\/site\/category\/esportes\/\" class=\"advgb-post-tax-term\">godoy cruz<\/a>","<a href=\"https:\/\/lavras.tv\/site\/category\/esportes\/\" class=\"advgb-post-tax-term\">ingressos<\/a>","<a href=\"https:\/\/lavras.tv\/site\/category\/esportes\/\" class=\"advgb-post-tax-term\">venda<\/a>"],"unlinked":["<span class=\"advgb-post-tax-term\">atl\u00e9tico mineiro<\/span>","<span class=\"advgb-post-tax-term\">esporte<\/span>","<span class=\"advgb-post-tax-term\">futebol<\/span>","<span class=\"advgb-post-tax-term\">godoy cruz<\/span>","<span class=\"advgb-post-tax-term\">ingressos<\/span>","<span class=\"advgb-post-tax-term\">venda<\/span>"]}},"comment_count":"0","relative_dates":{"created":"Publicado 9 anos atr\u00e1s","modified":"Atualizado 9 anos atr\u00e1s"},"absolute_dates":{"created":"Publicado em 23 de fevereiro de 2017","modified":"Atualizado em 23 de fevereiro de 2017"},"absolute_dates_time":{"created":"Publicado em 23 de fevereiro de 2017 10:22","modified":"Atualizado em 23 de fevereiro de 2017 10:22"},"featured_img_caption":"","series_order":"","_links":{"self":[{"href":"https:\/\/lavras.tv\/site\/wp-json\/wp\/v2\/posts\/6799","targetHints":{"allow":["GET"]}}],"collection":[{"href":"https:\/\/lavras.tv\/site\/wp-json\/wp\/v2\/posts"}],"about":[{"href":"https:\/\/lavras.tv\/site\/wp-json\/wp\/v2\/types\/post"}],"author":[{"embeddable":true,"href":"https:\/\/lavras.tv\/site\/wp-json\/wp\/v2\/users\/2"}],"replies":[{"embeddable":true,"href":"https:\/\/lavras.tv\/site\/wp-json\/wp\/v2\/comments?post=6799"}],"version-history":[{"count":1,"href":"https:\/\/lavras.tv\/site\/wp-json\/wp\/v2\/posts\/6799\/revisions"}],"predecessor-version":[{"id":6801,"href":"https:\/\/lavras.tv\/site\/wp-json\/wp\/v2\/posts\/6799\/revisions\/6801"}],"wp:featuredmedia":[{"embeddable":true,"href":"https:\/\/lavras.tv\/site\/wp-json\/wp\/v2\/media\/6800"}],"wp:attachment":[{"href":"https:\/\/lavras.tv\/site\/wp-json\/wp\/v2\/media?parent=6799"}],"wp:term":[{"taxonomy":"category","embeddable":true,"href":"https:\/\/lavras.tv\/site\/wp-json\/wp\/v2\/categories?post=6799"},{"taxonomy":"post_tag","embeddable":true,"href":"https:\/\/lavras.tv\/site\/wp-json\/wp\/v2\/tags?post=6799"}],"curies":[{"name":"wp","href":"https:\/\/api.w.org\/{rel}","templated":true}]}}