{"id":6851,"date":"2017-02-25T09:10:51","date_gmt":"2017-02-25T12:10:51","guid":{"rendered":"http:\/\/lavras.tv\/site\/?p=6851"},"modified":"2017-02-25T09:10:51","modified_gmt":"2017-02-25T12:10:51","slug":"informe-parlamentar-em-lavras-deputada-damina-discute-com-vereadoras-a-importancia-da-criacao-de-uma-procuradoria-da-mulher-no-municipio","status":"publish","type":"post","link":"https:\/\/lavras.tv\/site\/2017\/02\/25\/informe-parlamentar-em-lavras-deputada-damina-discute-com-vereadoras-a-importancia-da-criacao-de-uma-procuradoria-da-mulher-no-municipio\/","title":{"rendered":"[Informe Parlamentar] Em Lavras, deputada D\u00e2mina discute com vereadoras a import\u00e2ncia da cria\u00e7\u00e3o  de uma Procuradoria da Mulher no munic\u00edpio"},"content":{"rendered":"<div class=\"lavra-antes-do-conteudo_2\" id=\"lavra-1544780469\"><div id=\"lavra-slider-27\" class=\"custom-slider lavra-slider-339083801 lavra-slider\"><ul><li><div style=\"margin-left: auto;margin-right: auto;text-align: center;\" id=\"lavra-2960295627\"><a href=\"https:\/\/sistemas.lavras.mg.gov.br\/portalcidadao\/#df1b1a7c7b2a290bcb31e32771e610784662739a88807c0dacac58ede5f391a7530e299dc302d611ee73cb143fc22eaf93592e53e7b5bdb01b00a0b8d28dae460c141dd2ff83412e4dc1c31b16b25f33144a9e5620ea73b13f5bc1c59411d98439ad226e8af03840603796067d87afe130812cf3de24982d0e306f9e61e764e5\" aria-label=\"Lavras-TV&#8211;720x104px (1) (1)\"><img src=\"https:\/\/lavras.tv\/site\/wp-content\/uploads\/2025\/01\/Lavras-TV-720x104px-1-1.png\" alt=\"\"  srcset=\"https:\/\/lavras.tv\/site\/wp-content\/uploads\/2025\/01\/Lavras-TV-720x104px-1-1.png 720w, https:\/\/lavras.tv\/site\/wp-content\/uploads\/2025\/01\/Lavras-TV-720x104px-1-1-470x68.png 470w, https:\/\/lavras.tv\/site\/wp-content\/uploads\/2025\/01\/Lavras-TV-720x104px-1-1-170x25.png 170w, https:\/\/lavras.tv\/site\/wp-content\/uploads\/2025\/01\/Lavras-TV-720x104px-1-1-200x29.png 200w\" sizes=\"(max-width: 720px) 100vw, 720px\" width=\"720\" height=\"104\"  style=\"display: inline-block;\" \/><\/a><\/div><\/li><li><a href=\"https:\/\/sistemas.lavras.mg.gov.br\/portalcidadao\/#df1b1a7c7b2a290bcb31e32771e610784662739a88807c0dacac58ede5f391a7530e299dc302d611ee73cb143fc22eaf93592e53e7b5bdb01b00a0b8d28dae460c141dd2ff83412e4dc1c31b16b25f33144a9e5620ea73b13f5bc1c59411d98439ad226e8af03840603796067d87afe130812cf3de24982d0e306f9e61e764e5\" aria-label=\"Banner_Emprego_PortallavrasTV\"><img src=\"https:\/\/lavras.tv\/site\/wp-content\/uploads\/2025\/03\/Banner_Emprego_PortallavrasTV.png\" alt=\"\"  srcset=\"https:\/\/lavras.tv\/site\/wp-content\/uploads\/2025\/03\/Banner_Emprego_PortallavrasTV.png 720w, https:\/\/lavras.tv\/site\/wp-content\/uploads\/2025\/03\/Banner_Emprego_PortallavrasTV-470x68.png 470w, https:\/\/lavras.tv\/site\/wp-content\/uploads\/2025\/03\/Banner_Emprego_PortallavrasTV-170x25.png 170w, https:\/\/lavras.tv\/site\/wp-content\/uploads\/2025\/03\/Banner_Emprego_PortallavrasTV-200x29.png 200w\" sizes=\"(max-width: 720px) 100vw, 720px\" width=\"720\" height=\"104\"   \/><\/a><\/li><li><a href=\"https:\/\/sistemas.lavras.mg.gov.br\/portalcidadao\/#df1b1a7c7b2a290bcb31e32771e610784662739a88807c0dacac58ede5f391a7530e299dc302d611ee73cb143fc22eaf93592e53e7b5bdb01b00a0b8d28dae460c141dd2ff83412e4dc1c31b16b25f33144a9e5620ea73b13f5bc1c59411d98439ad226e8af03840603796067d87afe130812cf3de24982d0e306f9e61e764e5\" aria-label=\"Banner_Obras_PortallavrasTV\"><img src=\"https:\/\/lavras.tv\/site\/wp-content\/uploads\/2025\/03\/Banner_Obras_PortallavrasTV.png\" alt=\"\"  srcset=\"https:\/\/lavras.tv\/site\/wp-content\/uploads\/2025\/03\/Banner_Obras_PortallavrasTV.png 720w, https:\/\/lavras.tv\/site\/wp-content\/uploads\/2025\/03\/Banner_Obras_PortallavrasTV-470x68.png 470w, https:\/\/lavras.tv\/site\/wp-content\/uploads\/2025\/03\/Banner_Obras_PortallavrasTV-170x25.png 170w, https:\/\/lavras.tv\/site\/wp-content\/uploads\/2025\/03\/Banner_Obras_PortallavrasTV-200x29.png 200w\" sizes=\"(max-width: 720px) 100vw, 720px\" width=\"720\" height=\"104\"   \/><\/a><\/li><li><div style=\"margin-left: auto;margin-right: auto;text-align: center;\" id=\"lavra-3781578163\"><a href=\"https:\/\/sistemas.lavras.mg.gov.br\/portalcidadao\/#df1b1a7c7b2a290bcb31e32771e610784662739a88807c0dacac58ede5f391a7530e299dc302d611ee73cb143fc22eaf93592e53e7b5bdb01b00a0b8d28dae460c141dd2ff83412e4dc1c31b16b25f33144a9e5620ea73b13f5bc1c59411d98439ad226e8af03840603796067d87afe130812cf3de24982d0e306f9e61e764e5\" aria-label=\"Banner_Educa\u00e7\u00e3o_PortallavrasTV\"><img src=\"https:\/\/lavras.tv\/site\/wp-content\/uploads\/2025\/01\/Banner_Educacao_PortallavrasTV.png\" alt=\"\"  srcset=\"https:\/\/lavras.tv\/site\/wp-content\/uploads\/2025\/01\/Banner_Educacao_PortallavrasTV.png 720w, https:\/\/lavras.tv\/site\/wp-content\/uploads\/2025\/01\/Banner_Educacao_PortallavrasTV-470x68.png 470w, https:\/\/lavras.tv\/site\/wp-content\/uploads\/2025\/01\/Banner_Educacao_PortallavrasTV-170x25.png 170w, https:\/\/lavras.tv\/site\/wp-content\/uploads\/2025\/01\/Banner_Educacao_PortallavrasTV-200x29.png 200w\" sizes=\"(max-width: 720px) 100vw, 720px\" width=\"720\" height=\"104\"  style=\"display: inline-block;\" \/><\/a><\/div><\/li><li><a href=\"https:\/\/sistemas.lavras.mg.gov.br\/portalcidadao\/#df1b1a7c7b2a290bcb31e32771e610784662739a88807c0dacac58ede5f391a7530e299dc302d611ee73cb143fc22eaf93592e53e7b5bdb01b00a0b8d28dae460c141dd2ff83412e4dc1c31b16b25f33144a9e5620ea73b13f5bc1c59411d98439ad226e8af03840603796067d87afe130812cf3de24982d0e306f9e61e764e5\" aria-label=\"Banner_Sa\u00fade_PortallavrasTV\"><img src=\"https:\/\/lavras.tv\/site\/wp-content\/uploads\/2025\/03\/Banner_Saude_PortallavrasTV.png\" alt=\"\"  srcset=\"https:\/\/lavras.tv\/site\/wp-content\/uploads\/2025\/03\/Banner_Saude_PortallavrasTV.png 720w, https:\/\/lavras.tv\/site\/wp-content\/uploads\/2025\/03\/Banner_Saude_PortallavrasTV-470x68.png 470w, https:\/\/lavras.tv\/site\/wp-content\/uploads\/2025\/03\/Banner_Saude_PortallavrasTV-170x25.png 170w, https:\/\/lavras.tv\/site\/wp-content\/uploads\/2025\/03\/Banner_Saude_PortallavrasTV-200x29.png 200w\" sizes=\"(max-width: 720px) 100vw, 720px\" width=\"720\" height=\"104\"   \/><\/a><\/li><li><div id=\"lavra-3259286331\" style=\"width:720px;height:104px;background-color:#ddd;overflow:scroll;\">\n\t<strong>Sa\u00edda da depura\u00e7\u00e3o de an\u00fancios<\/strong>\n\t<br><br>\n\tO an\u00fancio n\u00e3o \u00e9 exibido na p\u00e1gina<br><br>post atual: [Informe Parlamentar] Em Lavras, deputada D\u00e2mina discute com vereadoras a import\u00e2ncia da cria\u00e7\u00e3o  de uma Procuradoria da Mulher no munic\u00edpio, ID: 6851<br><br><span style=\"color: red;\">O post atual n\u00e3o \u00e9 id\u00eantico ao post principal.<\/span><br><br>An\u00fancios: ROXO - TOPO INTERNA - ROTATIVO 2 (197)<br \/>Grupo de an\u00fancios: Princ_Meio01_720x104 (27)<br><br>Condi\u00e7\u00f5es de exibi\u00e7\u00e3o<div style=\"margin-bottom: 20px; white-space: pre-wrap; font-family: monospace; width: 100%; background: #ffe9e9;\"><strong>condi\u00e7\u00f5es gerais<\/strong><table border=\"1\"><thead><tr><th><\/th><th>An\u00fancios<\/th><th>wp_the_query<\/th><\/tr><\/thead><tr><td>is_main_query<\/td><td>1<\/td><td>1<\/td><\/tr><tr><td>is_rest_api<\/td><td>0<\/td><td>1<\/td><\/tr><tr><td>page<\/td><td>0<\/td><td>1<\/td><\/tr><tr><td>numpages<\/td><td>0<\/td><td>1<\/td><\/tr><tr><td>is_archive<\/td><td>1<\/td><td><\/td><\/tr><tr><td>is_search<\/td><td>1<\/td><td><\/td><\/tr><tr><td>is_home<\/td><td>1<\/td><td><\/td><\/tr><tr><td>is_404<\/td><td>1<\/td><td><\/td><\/tr><tr><td>is_attachment<\/td><td>1<\/td><td><\/td><\/tr><tr><td>is_singular<\/td><td>1<\/td><td><\/td><\/tr><tr><td>is_front_page<\/td><td>1<\/td><td><\/td><\/tr><tr><td>is_feed<\/td><td>1<\/td><td><\/td><\/tr><\/table><\/div><br><br><span style=\"color: red;\">Seu site usa HTTPS, mas o c\u00f3digo do an\u00fancio cont\u00e9m HTTP e pode n\u00e3o funcionar.<\/span>\t<br><br>\n\t<a style=\"color: green;\" href=\"https:\/\/wpadvancedads.com\/manual\/ad-debug-mode\/?utm_source=advanced-ads&utm_medium=link&utm_campaign=ad-debug-mode\" target=\"_blank\" rel=\"nofollow\">Encontre solu\u00e7\u00f5es no manual<\/a>\n<\/div>\n<\/li><\/ul><\/div><script>( window.advanced_ads_ready || jQuery( document ).ready ).call( null, function() {var $lavraslider339083801 = jQuery( \".lavra-slider-339083801\" );$lavraslider339083801.on( \"unslider.ready\", function() { jQuery( \"div.custom-slider ul li\" ).css( \"display\", \"block\" ); });$lavraslider339083801.unslider({ delay:4000, autoplay:true, nav:false, arrows:false, infinite:true });$lavraslider339083801.on(\"mouseover\", function() {$lavraslider339083801.unslider(\"stop\");}).on(\"mouseout\", function() {$lavraslider339083801.unslider(\"start\");});});<\/script><\/div><p>A deputada federal D\u00e2mina Pereira se reuniu na tarde desta quinta-feira (23) no seu gabinete em Lavras, com a delegada titular da Delegacia da Mulher na cidade Ana Paula Arruda, e as vereadoras Nastenka Georgina Ferreira (Nan\u00e1) e Izabel Cristina Gon\u00e7alves (Dedel) da cidade de Juruaia.<!--more--><\/p>\n<p><img fetchpriority=\"high\" decoding=\"async\" class=\" wp-image-6852 aligncenter\" src=\"http:\/\/lavras.tv\/site\/wp-content\/uploads\/2017\/02\/2f511815-e7bf-4cf3-985e-d5174ff57ae6.jpg\" alt=\"\" width=\"756\" height=\"504\" srcset=\"https:\/\/lavras.tv\/site\/wp-content\/uploads\/2017\/02\/2f511815-e7bf-4cf3-985e-d5174ff57ae6.jpg 1280w, https:\/\/lavras.tv\/site\/wp-content\/uploads\/2017\/02\/2f511815-e7bf-4cf3-985e-d5174ff57ae6-150x100.jpg 150w, https:\/\/lavras.tv\/site\/wp-content\/uploads\/2017\/02\/2f511815-e7bf-4cf3-985e-d5174ff57ae6-300x200.jpg 300w, https:\/\/lavras.tv\/site\/wp-content\/uploads\/2017\/02\/2f511815-e7bf-4cf3-985e-d5174ff57ae6-1024x682.jpg 1024w, https:\/\/lavras.tv\/site\/wp-content\/uploads\/2017\/02\/2f511815-e7bf-4cf3-985e-d5174ff57ae6-480x320.jpg 480w, https:\/\/lavras.tv\/site\/wp-content\/uploads\/2017\/02\/2f511815-e7bf-4cf3-985e-d5174ff57ae6-272x182.jpg 272w\" sizes=\"(max-width: 756px) 100vw, 756px\" \/><\/p>\n<p>Na oportunidade, D\u00e2mina falou sobre a import\u00e2ncia da implanta\u00e7\u00e3o da Procuradoria da Mulher na sua cidade natal. A parlamentar \u00e9 coordenadora da Secretaria da Mulher na C\u00e2mara dos Deputados e ressaltou que o trabalho de assist\u00eancia \u00e0s mulheres v\u00edtimas de viol\u00eancia deve ser feito em todas as cidades. \u201cN\u00e3o \u00e9 f\u00e1cil, mas precisamos unir for\u00e7as para conseguir isso em todos os lugares e ajudar essas mulheres,\u201d completou.<\/p>\n<p>A Procuradoria da Mulher pode ser criada na pr\u00f3pria C\u00e2mara de Vereadores, o \u00f3rg\u00e3o pode receber todas as den\u00fancias de viol\u00eancia e discrimina\u00e7\u00e3o contra a mulher, sendo respons\u00e1vel por fiscalizar e acompanhar a\u00e7\u00f5es de governos nas pol\u00edticas para as mulheres. Al\u00e9m disso, trabalha com campanhas educativas, anti-discriminat\u00f3rias, pesquisas e estudos sobre a viol\u00eancia e discrimina\u00e7\u00e3o, orienta\u00e7\u00e3o e capacita\u00e7\u00e3o para o p\u00fablico feminino. As den\u00fancias ser\u00e3o enviadas a Delegacia da Mulher e ao Minist\u00e9rio P\u00fablico e a procuradoria fica respons\u00e1vel por acompanhar o andamento dos processos.<\/p>\n<p><img decoding=\"async\" class=\"wp-image-6853 aligncenter\" src=\"http:\/\/lavras.tv\/site\/wp-content\/uploads\/2017\/02\/3c099b7c-a163-4fe9-9a94-d1a4609f5fd8.jpg\" alt=\"3c099b7c-a163-4fe9-9a94-d1a4609f5fd8\" width=\"759\" height=\"506\" srcset=\"https:\/\/lavras.tv\/site\/wp-content\/uploads\/2017\/02\/3c099b7c-a163-4fe9-9a94-d1a4609f5fd8.jpg 1280w, https:\/\/lavras.tv\/site\/wp-content\/uploads\/2017\/02\/3c099b7c-a163-4fe9-9a94-d1a4609f5fd8-150x100.jpg 150w, https:\/\/lavras.tv\/site\/wp-content\/uploads\/2017\/02\/3c099b7c-a163-4fe9-9a94-d1a4609f5fd8-300x200.jpg 300w, https:\/\/lavras.tv\/site\/wp-content\/uploads\/2017\/02\/3c099b7c-a163-4fe9-9a94-d1a4609f5fd8-1024x682.jpg 1024w, https:\/\/lavras.tv\/site\/wp-content\/uploads\/2017\/02\/3c099b7c-a163-4fe9-9a94-d1a4609f5fd8-480x320.jpg 480w, https:\/\/lavras.tv\/site\/wp-content\/uploads\/2017\/02\/3c099b7c-a163-4fe9-9a94-d1a4609f5fd8-272x182.jpg 272w\" sizes=\"(max-width: 759px) 100vw, 759px\" \/><\/p>\n<p>De acordo com a delegada Ana Paula Arruda, a assist\u00eancia jur\u00eddica \u00e9 fundamental para as mulheres. \u201cElas chegam at\u00e9 mim querendo se separar do agressor, mas a\u00ed entram outras quest\u00f5es jur\u00eddicas e nessas quest\u00f5es \u00e9 a defensoria p\u00fablica que precisa atuar\u201d. Em Lavras, a Delegacia da Mulher funciona no mesmo pr\u00e9dio da Delegacia Regional de Pol\u00edcia Civil.<\/p>\n<p>A vereadora Nan\u00e1 se comprometeu em apresentar o projeto para a cria\u00e7\u00e3o da do \u00f3rg\u00e3o na cidade no m\u00eas de mar\u00e7o, quando se comemora o \u2018Dia Internacional da Mulher\u2019.<\/p>\n<p><img decoding=\"async\" class=\"wp-image-6854 aligncenter\" src=\"http:\/\/lavras.tv\/site\/wp-content\/uploads\/2017\/02\/d5d8e2f4-81ed-4aba-95c6-1d9b042f4f15.jpg\" alt=\"d5d8e2f4-81ed-4aba-95c6-1d9b042f4f15\" width=\"762\" height=\"508\" srcset=\"https:\/\/lavras.tv\/site\/wp-content\/uploads\/2017\/02\/d5d8e2f4-81ed-4aba-95c6-1d9b042f4f15.jpg 1280w, https:\/\/lavras.tv\/site\/wp-content\/uploads\/2017\/02\/d5d8e2f4-81ed-4aba-95c6-1d9b042f4f15-150x100.jpg 150w, https:\/\/lavras.tv\/site\/wp-content\/uploads\/2017\/02\/d5d8e2f4-81ed-4aba-95c6-1d9b042f4f15-300x200.jpg 300w, https:\/\/lavras.tv\/site\/wp-content\/uploads\/2017\/02\/d5d8e2f4-81ed-4aba-95c6-1d9b042f4f15-1024x682.jpg 1024w, https:\/\/lavras.tv\/site\/wp-content\/uploads\/2017\/02\/d5d8e2f4-81ed-4aba-95c6-1d9b042f4f15-480x320.jpg 480w, https:\/\/lavras.tv\/site\/wp-content\/uploads\/2017\/02\/d5d8e2f4-81ed-4aba-95c6-1d9b042f4f15-272x182.jpg 272w\" sizes=\"(max-width: 762px) 100vw, 762px\" \/><\/p>\n<p>Ao final do encontro, a deputada D\u00e2mina distribuiu material informativo sobre a Procuradoria e colocou a Secretaria da Mulher da C\u00e2mara Federal \u00e0 disposi\u00e7\u00e3o das vereadoras para qualquer d\u00favida em rela\u00e7\u00e3o a implanta\u00e7\u00e3o.<\/p>\n<p><strong>Casos de Viol\u00eancia contra a Mulher<\/strong><\/p>\n<p>Em todo mundo, segundo dados da Organiza\u00e7\u00e3o n\u00e3o Governamental (ONG) Action Aid, a viol\u00eancia dom\u00e9stica \u00e9 respons\u00e1vel pela morte de cinco mulheres por hora. A informa\u00e7\u00e3o \u00e9 resultado de an\u00e1lise do estudo global de crimes das Na\u00e7\u00f5es Unidas e indica um n\u00famero estimado de 119 mulheres assassinadas diariamente por um parceiro ou parente.<\/p>\n<p><img loading=\"lazy\" decoding=\"async\" class=\"wp-image-6855 aligncenter\" src=\"http:\/\/lavras.tv\/site\/wp-content\/uploads\/2017\/02\/df704c0a-f7ba-440c-b00c-c41495f0059a.jpg\" alt=\"df704c0a-f7ba-440c-b00c-c41495f0059a\" width=\"794\" height=\"529\" srcset=\"https:\/\/lavras.tv\/site\/wp-content\/uploads\/2017\/02\/df704c0a-f7ba-440c-b00c-c41495f0059a.jpg 1280w, https:\/\/lavras.tv\/site\/wp-content\/uploads\/2017\/02\/df704c0a-f7ba-440c-b00c-c41495f0059a-150x100.jpg 150w, https:\/\/lavras.tv\/site\/wp-content\/uploads\/2017\/02\/df704c0a-f7ba-440c-b00c-c41495f0059a-300x200.jpg 300w, https:\/\/lavras.tv\/site\/wp-content\/uploads\/2017\/02\/df704c0a-f7ba-440c-b00c-c41495f0059a-1024x682.jpg 1024w, https:\/\/lavras.tv\/site\/wp-content\/uploads\/2017\/02\/df704c0a-f7ba-440c-b00c-c41495f0059a-480x320.jpg 480w, https:\/\/lavras.tv\/site\/wp-content\/uploads\/2017\/02\/df704c0a-f7ba-440c-b00c-c41495f0059a-272x182.jpg 272w\" sizes=\"(max-width: 794px) 100vw, 794px\" \/><\/p>\n<p>Fonte: gabinete da deputada D\u00e2mina Pereira<\/p>\n","protected":false},"excerpt":{"rendered":"<p>A deputada federal D\u00e2mina Pereira se reuniu na tarde desta quinta-feira (23) no seu gabinete em Lavras, com a delegada titular da Delegacia da Mulher na cidade Ana Paula Arruda, e as vereadoras Nastenka Georgina Ferreira (Nan\u00e1) e Izabel Cristina Gon\u00e7alves (Dedel) da cidade de Juruaia.<\/p>\n","protected":false},"author":2,"featured_media":6852,"comment_status":"closed","ping_status":"open","sticky":false,"template":"","format":"standard","meta":{"advgb_blocks_editor_width":"","advgb_blocks_columns_visual_guide":"","_exactmetrics_skip_tracking":false,"_exactmetrics_sitenote_active":false,"_exactmetrics_sitenote_note":"","_exactmetrics_sitenote_category":0,"footnotes":""},"categories":[7,12],"tags":[2783,2652,34,2726,396,2782,2637],"class_list":["post-6851","post","type-post","status-publish","format-standard","has-post-thumbnail","hentry","category-destaques","category-politica","tag-delegacia-da-mulher","tag-deputada-damina-pereira","tag-lavras","tag-mulher","tag-politica","tag-procuradoria-da-mulher","tag-vereadora"],"better_featured_image":{"id":6852,"alt_text":"","caption":"","description":"","media_type":"image","media_details":{"width":1280,"height":853,"file":"2017\/02\/2f511815-e7bf-4cf3-985e-d5174ff57ae6.jpg","sizes":{"thumbnail":{"file":"2f511815-e7bf-4cf3-985e-d5174ff57ae6-150x100.jpg","width":150,"height":100,"mime-type":"image\/jpeg","source_url":"https:\/\/lavras.tv\/site\/wp-content\/uploads\/2017\/02\/2f511815-e7bf-4cf3-985e-d5174ff57ae6-150x100.jpg"},"medium":{"file":"2f511815-e7bf-4cf3-985e-d5174ff57ae6-300x200.jpg","width":300,"height":200,"mime-type":"image\/jpeg","source_url":"https:\/\/lavras.tv\/site\/wp-content\/uploads\/2017\/02\/2f511815-e7bf-4cf3-985e-d5174ff57ae6-300x200.jpg"},"large":{"file":"2f511815-e7bf-4cf3-985e-d5174ff57ae6-1024x682.jpg","width":1024,"height":682,"mime-type":"image\/jpeg","source_url":"https:\/\/lavras.tv\/site\/wp-content\/uploads\/2017\/02\/2f511815-e7bf-4cf3-985e-d5174ff57ae6-1024x682.jpg"},"featured-slider-img":{"file":"2f511815-e7bf-4cf3-985e-d5174ff57ae6-640x480.jpg","width":640,"height":480,"mime-type":"image\/jpeg","source_url":"https:\/\/lavras.tv\/site\/wp-content\/uploads\/2017\/02\/2f511815-e7bf-4cf3-985e-d5174ff57ae6-640x480.jpg"},"featured-post-img":{"file":"2f511815-e7bf-4cf3-985e-d5174ff57ae6-480x320.jpg","width":480,"height":320,"mime-type":"image\/jpeg","source_url":"https:\/\/lavras.tv\/site\/wp-content\/uploads\/2017\/02\/2f511815-e7bf-4cf3-985e-d5174ff57ae6-480x320.jpg"},"sow-carousel-default":{"file":"2f511815-e7bf-4cf3-985e-d5174ff57ae6-272x182.jpg","width":272,"height":182,"mime-type":"image\/jpeg","source_url":"https:\/\/lavras.tv\/site\/wp-content\/uploads\/2017\/02\/2f511815-e7bf-4cf3-985e-d5174ff57ae6-272x182.jpg"}},"image_meta":{"aperture":"0","credit":"","camera":"","caption":"","created_timestamp":"0","copyright":"","focal_length":"0","iso":"0","shutter_speed":"0","title":"","orientation":"1","keywords":[]}},"post":6851,"source_url":"https:\/\/lavras.tv\/site\/wp-content\/uploads\/2017\/02\/2f511815-e7bf-4cf3-985e-d5174ff57ae6.jpg"},"author_meta":{"display_name":"Lavras TV","author_link":"https:\/\/lavras.tv\/site\/author\/lavrastv\/"},"featured_img":"https:\/\/lavras.tv\/site\/wp-content\/uploads\/2017\/02\/2f511815-e7bf-4cf3-985e-d5174ff57ae6-300x200.jpg","coauthors":[],"tax_additional":{"categories":{"linked":["<a href=\"https:\/\/lavras.tv\/site\/category\/destaques\/\" class=\"advgb-post-tax-term\">Destaques<\/a>","<a href=\"https:\/\/lavras.tv\/site\/category\/politica\/\" class=\"advgb-post-tax-term\">Pol\u00edtica<\/a>"],"unlinked":["<span class=\"advgb-post-tax-term\">Destaques<\/span>","<span class=\"advgb-post-tax-term\">Pol\u00edtica<\/span>"]},"tags":{"linked":["<a href=\"https:\/\/lavras.tv\/site\/category\/politica\/\" class=\"advgb-post-tax-term\">delegacia da mulher<\/a>","<a href=\"https:\/\/lavras.tv\/site\/category\/politica\/\" class=\"advgb-post-tax-term\">Deputada D\u00e2mina Pereira<\/a>","<a href=\"https:\/\/lavras.tv\/site\/category\/politica\/\" class=\"advgb-post-tax-term\">lavras<\/a>","<a href=\"https:\/\/lavras.tv\/site\/category\/politica\/\" class=\"advgb-post-tax-term\">mulher<\/a>","<a href=\"https:\/\/lavras.tv\/site\/category\/politica\/\" class=\"advgb-post-tax-term\">pol\u00edtica<\/a>","<a href=\"https:\/\/lavras.tv\/site\/category\/politica\/\" class=\"advgb-post-tax-term\">procuradoria da mulher<\/a>","<a href=\"https:\/\/lavras.tv\/site\/category\/politica\/\" class=\"advgb-post-tax-term\">vereadora<\/a>"],"unlinked":["<span class=\"advgb-post-tax-term\">delegacia da mulher<\/span>","<span class=\"advgb-post-tax-term\">Deputada D\u00e2mina Pereira<\/span>","<span class=\"advgb-post-tax-term\">lavras<\/span>","<span class=\"advgb-post-tax-term\">mulher<\/span>","<span class=\"advgb-post-tax-term\">pol\u00edtica<\/span>","<span class=\"advgb-post-tax-term\">procuradoria da mulher<\/span>","<span class=\"advgb-post-tax-term\">vereadora<\/span>"]}},"comment_count":"0","relative_dates":{"created":"Publicado 9 anos atr\u00e1s","modified":"Atualizado 9 anos atr\u00e1s"},"absolute_dates":{"created":"Publicado em 25 de fevereiro de 2017","modified":"Atualizado em 25 de fevereiro de 2017"},"absolute_dates_time":{"created":"Publicado em 25 de fevereiro de 2017 09:10","modified":"Atualizado em 25 de fevereiro de 2017 09:10"},"featured_img_caption":"","series_order":"","_links":{"self":[{"href":"https:\/\/lavras.tv\/site\/wp-json\/wp\/v2\/posts\/6851","targetHints":{"allow":["GET"]}}],"collection":[{"href":"https:\/\/lavras.tv\/site\/wp-json\/wp\/v2\/posts"}],"about":[{"href":"https:\/\/lavras.tv\/site\/wp-json\/wp\/v2\/types\/post"}],"author":[{"embeddable":true,"href":"https:\/\/lavras.tv\/site\/wp-json\/wp\/v2\/users\/2"}],"replies":[{"embeddable":true,"href":"https:\/\/lavras.tv\/site\/wp-json\/wp\/v2\/comments?post=6851"}],"version-history":[{"count":1,"href":"https:\/\/lavras.tv\/site\/wp-json\/wp\/v2\/posts\/6851\/revisions"}],"predecessor-version":[{"id":6856,"href":"https:\/\/lavras.tv\/site\/wp-json\/wp\/v2\/posts\/6851\/revisions\/6856"}],"wp:featuredmedia":[{"embeddable":true,"href":"https:\/\/lavras.tv\/site\/wp-json\/wp\/v2\/media\/6852"}],"wp:attachment":[{"href":"https:\/\/lavras.tv\/site\/wp-json\/wp\/v2\/media?parent=6851"}],"wp:term":[{"taxonomy":"category","embeddable":true,"href":"https:\/\/lavras.tv\/site\/wp-json\/wp\/v2\/categories?post=6851"},{"taxonomy":"post_tag","embeddable":true,"href":"https:\/\/lavras.tv\/site\/wp-json\/wp\/v2\/tags?post=6851"}],"curies":[{"name":"wp","href":"https:\/\/api.w.org\/{rel}","templated":true}]}}