{"id":6888,"date":"2017-02-28T09:00:19","date_gmt":"2017-02-28T12:00:19","guid":{"rendered":"http:\/\/lavras.tv\/site\/?p=6888"},"modified":"2017-02-28T09:00:19","modified_gmt":"2017-02-28T12:00:19","slug":"sobrevivente-de-queda-de-aviao-alan-ruschel-ja-treina-com-bola-na-chapecoense","status":"publish","type":"post","link":"https:\/\/lavras.tv\/site\/2017\/02\/28\/sobrevivente-de-queda-de-aviao-alan-ruschel-ja-treina-com-bola-na-chapecoense\/","title":{"rendered":"Sobrevivente de queda de avi\u00e3o, Alan Ruschel j\u00e1 treina com bola na Chapecoense"},"content":{"rendered":"<div class=\"lavra-antes-do-conteudo_2\" id=\"lavra-751762119\"><div id=\"lavra-slider-27\" class=\"custom-slider lavra-slider-4011637012 lavra-slider\"><ul><li><div style=\"margin-left: auto;margin-right: auto;text-align: center;\" id=\"lavra-1317114861\"><a href=\"https:\/\/sistemas.lavras.mg.gov.br\/portalcidadao\/#df1b1a7c7b2a290bcb31e32771e610784662739a88807c0dacac58ede5f391a7530e299dc302d611ee73cb143fc22eaf93592e53e7b5bdb01b00a0b8d28dae460c141dd2ff83412e4dc1c31b16b25f33144a9e5620ea73b13f5bc1c59411d98439ad226e8af03840603796067d87afe130812cf3de24982d0e306f9e61e764e5\" aria-label=\"Lavras-TV&#8211;720x104px (1) (1)\"><img src=\"https:\/\/lavras.tv\/site\/wp-content\/uploads\/2025\/01\/Lavras-TV-720x104px-1-1.png\" alt=\"\"  srcset=\"https:\/\/lavras.tv\/site\/wp-content\/uploads\/2025\/01\/Lavras-TV-720x104px-1-1.png 720w, https:\/\/lavras.tv\/site\/wp-content\/uploads\/2025\/01\/Lavras-TV-720x104px-1-1-470x68.png 470w, https:\/\/lavras.tv\/site\/wp-content\/uploads\/2025\/01\/Lavras-TV-720x104px-1-1-170x25.png 170w, https:\/\/lavras.tv\/site\/wp-content\/uploads\/2025\/01\/Lavras-TV-720x104px-1-1-200x29.png 200w\" sizes=\"(max-width: 720px) 100vw, 720px\" width=\"720\" height=\"104\"  style=\"display: inline-block;\" \/><\/a><\/div><\/li><li><a href=\"https:\/\/sistemas.lavras.mg.gov.br\/portalcidadao\/#df1b1a7c7b2a290bcb31e32771e610784662739a88807c0dacac58ede5f391a7530e299dc302d611ee73cb143fc22eaf93592e53e7b5bdb01b00a0b8d28dae460c141dd2ff83412e4dc1c31b16b25f33144a9e5620ea73b13f5bc1c59411d98439ad226e8af03840603796067d87afe130812cf3de24982d0e306f9e61e764e5\" aria-label=\"Banner_Emprego_PortallavrasTV\"><img src=\"https:\/\/lavras.tv\/site\/wp-content\/uploads\/2025\/03\/Banner_Emprego_PortallavrasTV.png\" alt=\"\"  srcset=\"https:\/\/lavras.tv\/site\/wp-content\/uploads\/2025\/03\/Banner_Emprego_PortallavrasTV.png 720w, https:\/\/lavras.tv\/site\/wp-content\/uploads\/2025\/03\/Banner_Emprego_PortallavrasTV-470x68.png 470w, https:\/\/lavras.tv\/site\/wp-content\/uploads\/2025\/03\/Banner_Emprego_PortallavrasTV-170x25.png 170w, https:\/\/lavras.tv\/site\/wp-content\/uploads\/2025\/03\/Banner_Emprego_PortallavrasTV-200x29.png 200w\" sizes=\"(max-width: 720px) 100vw, 720px\" width=\"720\" height=\"104\"   \/><\/a><\/li><li><a href=\"https:\/\/sistemas.lavras.mg.gov.br\/portalcidadao\/#df1b1a7c7b2a290bcb31e32771e610784662739a88807c0dacac58ede5f391a7530e299dc302d611ee73cb143fc22eaf93592e53e7b5bdb01b00a0b8d28dae460c141dd2ff83412e4dc1c31b16b25f33144a9e5620ea73b13f5bc1c59411d98439ad226e8af03840603796067d87afe130812cf3de24982d0e306f9e61e764e5\" aria-label=\"Banner_Obras_PortallavrasTV\"><img src=\"https:\/\/lavras.tv\/site\/wp-content\/uploads\/2025\/03\/Banner_Obras_PortallavrasTV.png\" alt=\"\"  srcset=\"https:\/\/lavras.tv\/site\/wp-content\/uploads\/2025\/03\/Banner_Obras_PortallavrasTV.png 720w, https:\/\/lavras.tv\/site\/wp-content\/uploads\/2025\/03\/Banner_Obras_PortallavrasTV-470x68.png 470w, https:\/\/lavras.tv\/site\/wp-content\/uploads\/2025\/03\/Banner_Obras_PortallavrasTV-170x25.png 170w, https:\/\/lavras.tv\/site\/wp-content\/uploads\/2025\/03\/Banner_Obras_PortallavrasTV-200x29.png 200w\" sizes=\"(max-width: 720px) 100vw, 720px\" width=\"720\" height=\"104\"   \/><\/a><\/li><li><div style=\"margin-left: auto;margin-right: auto;text-align: center;\" id=\"lavra-3193877399\"><a href=\"https:\/\/sistemas.lavras.mg.gov.br\/portalcidadao\/#df1b1a7c7b2a290bcb31e32771e610784662739a88807c0dacac58ede5f391a7530e299dc302d611ee73cb143fc22eaf93592e53e7b5bdb01b00a0b8d28dae460c141dd2ff83412e4dc1c31b16b25f33144a9e5620ea73b13f5bc1c59411d98439ad226e8af03840603796067d87afe130812cf3de24982d0e306f9e61e764e5\" aria-label=\"Banner_Educa\u00e7\u00e3o_PortallavrasTV\"><img src=\"https:\/\/lavras.tv\/site\/wp-content\/uploads\/2025\/01\/Banner_Educacao_PortallavrasTV.png\" alt=\"\"  srcset=\"https:\/\/lavras.tv\/site\/wp-content\/uploads\/2025\/01\/Banner_Educacao_PortallavrasTV.png 720w, https:\/\/lavras.tv\/site\/wp-content\/uploads\/2025\/01\/Banner_Educacao_PortallavrasTV-470x68.png 470w, https:\/\/lavras.tv\/site\/wp-content\/uploads\/2025\/01\/Banner_Educacao_PortallavrasTV-170x25.png 170w, https:\/\/lavras.tv\/site\/wp-content\/uploads\/2025\/01\/Banner_Educacao_PortallavrasTV-200x29.png 200w\" sizes=\"(max-width: 720px) 100vw, 720px\" width=\"720\" height=\"104\"  style=\"display: inline-block;\" \/><\/a><\/div><\/li><li><a href=\"https:\/\/sistemas.lavras.mg.gov.br\/portalcidadao\/#df1b1a7c7b2a290bcb31e32771e610784662739a88807c0dacac58ede5f391a7530e299dc302d611ee73cb143fc22eaf93592e53e7b5bdb01b00a0b8d28dae460c141dd2ff83412e4dc1c31b16b25f33144a9e5620ea73b13f5bc1c59411d98439ad226e8af03840603796067d87afe130812cf3de24982d0e306f9e61e764e5\" aria-label=\"Banner_Sa\u00fade_PortallavrasTV\"><img src=\"https:\/\/lavras.tv\/site\/wp-content\/uploads\/2025\/03\/Banner_Saude_PortallavrasTV.png\" alt=\"\"  srcset=\"https:\/\/lavras.tv\/site\/wp-content\/uploads\/2025\/03\/Banner_Saude_PortallavrasTV.png 720w, https:\/\/lavras.tv\/site\/wp-content\/uploads\/2025\/03\/Banner_Saude_PortallavrasTV-470x68.png 470w, https:\/\/lavras.tv\/site\/wp-content\/uploads\/2025\/03\/Banner_Saude_PortallavrasTV-170x25.png 170w, https:\/\/lavras.tv\/site\/wp-content\/uploads\/2025\/03\/Banner_Saude_PortallavrasTV-200x29.png 200w\" sizes=\"(max-width: 720px) 100vw, 720px\" width=\"720\" height=\"104\"   \/><\/a><\/li><li><div id=\"lavra-3277830984\" style=\"width:720px;height:104px;background-color:#ddd;overflow:scroll;\">\n\t<strong>Sa\u00edda da depura\u00e7\u00e3o de an\u00fancios<\/strong>\n\t<br><br>\n\tO an\u00fancio n\u00e3o \u00e9 exibido na p\u00e1gina<br><br>post atual: Sobrevivente de queda de avi\u00e3o, Alan Ruschel j\u00e1 treina com bola na Chapecoense, ID: 6888<br><br><span style=\"color: red;\">O post atual n\u00e3o \u00e9 id\u00eantico ao post principal.<\/span><br><br>An\u00fancios: ROXO - TOPO INTERNA - ROTATIVO 2 (197)<br \/>Grupo de an\u00fancios: Princ_Meio01_720x104 (27)<br><br>Condi\u00e7\u00f5es de exibi\u00e7\u00e3o<div style=\"margin-bottom: 20px; white-space: pre-wrap; font-family: monospace; width: 100%; background: #ffe9e9;\"><strong>condi\u00e7\u00f5es gerais<\/strong><table border=\"1\"><thead><tr><th><\/th><th>An\u00fancios<\/th><th>wp_the_query<\/th><\/tr><\/thead><tr><td>is_main_query<\/td><td>1<\/td><td>1<\/td><\/tr><tr><td>is_rest_api<\/td><td>0<\/td><td>1<\/td><\/tr><tr><td>page<\/td><td>0<\/td><td>1<\/td><\/tr><tr><td>numpages<\/td><td>0<\/td><td>1<\/td><\/tr><tr><td>is_archive<\/td><td>1<\/td><td><\/td><\/tr><tr><td>is_search<\/td><td>1<\/td><td><\/td><\/tr><tr><td>is_home<\/td><td>1<\/td><td><\/td><\/tr><tr><td>is_404<\/td><td>1<\/td><td><\/td><\/tr><tr><td>is_attachment<\/td><td>1<\/td><td><\/td><\/tr><tr><td>is_singular<\/td><td>1<\/td><td><\/td><\/tr><tr><td>is_front_page<\/td><td>1<\/td><td><\/td><\/tr><tr><td>is_feed<\/td><td>1<\/td><td><\/td><\/tr><\/table><\/div><br><br><span style=\"color: red;\">Seu site usa HTTPS, mas o c\u00f3digo do an\u00fancio cont\u00e9m HTTP e pode n\u00e3o funcionar.<\/span>\t<br><br>\n\t<a style=\"color: green;\" href=\"https:\/\/wpadvancedads.com\/manual\/ad-debug-mode\/?utm_source=advanced-ads&utm_medium=link&utm_campaign=ad-debug-mode\" target=\"_blank\" rel=\"nofollow\">Encontre solu\u00e7\u00f5es no manual<\/a>\n<\/div>\n<\/li><\/ul><\/div><script>( window.advanced_ads_ready || jQuery( document ).ready ).call( null, function() {var $lavraslider4011637012 = jQuery( \".lavra-slider-4011637012\" );$lavraslider4011637012.on( \"unslider.ready\", function() { jQuery( \"div.custom-slider ul li\" ).css( \"display\", \"block\" ); });$lavraslider4011637012.unslider({ delay:4000, autoplay:true, nav:false, arrows:false, infinite:true });$lavraslider4011637012.on(\"mouseover\", function() {$lavraslider4011637012.unslider(\"stop\");}).on(\"mouseout\", function() {$lavraslider4011637012.unslider(\"start\");});});<\/script><\/div><p>O lateral-esquerdo Alan Ruschel, um dos sobreviventes do acidente a\u00e9reo da Chapecoense, j\u00e1 iniciou os trabalhos leves com bola no processo de recupera\u00e7\u00e3o para voltar a jogar. Nesta segunda-feira, ele publicou em uma rede social v\u00eddeos de um treino em que j\u00e1 simula movimenta\u00e7\u00f5es e passes. A expectativa dos m\u00e9dicos do clube \u00e9 para que o atleta volte \u00e0s atividades normais em maio.<\/p>\n<p><img fetchpriority=\"high\" decoding=\"async\" class=\"size-full wp-image-6889 aligncenter\" src=\"http:\/\/lavras.tv\/site\/wp-content\/uploads\/2017\/02\/alan.jpg\" alt=\"alan\" width=\"770\" height=\"433\" srcset=\"https:\/\/lavras.tv\/site\/wp-content\/uploads\/2017\/02\/alan.jpg 770w, https:\/\/lavras.tv\/site\/wp-content\/uploads\/2017\/02\/alan-150x84.jpg 150w, https:\/\/lavras.tv\/site\/wp-content\/uploads\/2017\/02\/alan-300x169.jpg 300w\" sizes=\"(max-width: 770px) 100vw, 770px\" \/><\/p>\n<p>Ruschel aparece no v\u00eddeo junto com o fisioterapeuta da Chapecoense, Marcos Bilibio. O lateral faz corridas em trechos curtos em diagonal, finalizados com toques na bola. Os m\u00e9dicos aguardam a consolida\u00e7\u00e3o de les\u00f5es sofridas na coluna para liberar o jogador a fazer atividades mais intensas, como os treinos no campo junto com o colegas. A estimativa \u00e9 para esse pr\u00f3ximo passo ocorra em at\u00e9 dois meses, desde que Ruschel seja aprovado em novas avalia\u00e7\u00f5es m\u00e9dicas.<\/p>\n<p>O lateral foi o jogador que recebeu alta mais cedo do hospital ap\u00f3s o acidente a\u00e9reo da Chapecoense. Junto com o zagueiro Neto, Alan Ruschel tem feito trabalhos de fisioterapia, refor\u00e7o muscular e treinos leves para tentar voltar a jogar.<\/p>\n<p>O atleta come\u00e7ou o processo de reabilita\u00e7\u00e3o em janeiro, na Arena Cond\u00e1, e nos \u00faltimos dias ganhou folga e viajou para a praia. Fora os dois, o outro integrante do elenco que sobreviveu \u00e0 queda do avi\u00e3o \u00e9 Follmann, que teve parte da perna direita amputada.<\/p>\n<p>Desde o acidente, no fim de novembro, se passaram somente tr\u00eas meses. Ruschel, ali\u00e1s, teve a camisa que usaria na final da Copa Sul-Americana encontrada no local da queda do avi\u00e3o por moradores da regi\u00e3o. A pe\u00e7a foi guardada e ser\u00e1 entregue ao lateral quando a Chapecoense retornar \u00e0 Col\u00f4mbia para disputar a final da Recopa Sul-Americana.<\/p>\n<p>Fonte: Itatiaia<\/p>\n","protected":false},"excerpt":{"rendered":"<p>O lateral-esquerdo Alan Ruschel, um dos sobreviventes do acidente a\u00e9reo da Chapecoense, j\u00e1 iniciou os trabalhos leves com bola no processo de recupera\u00e7\u00e3o para voltar a jogar. Nesta segunda-feira, ele publicou em uma rede social v\u00eddeos de um treino em que j\u00e1 simula movimenta\u00e7\u00f5es e passes. A expectativa dos m\u00e9dicos do clube \u00e9 para que [&hellip;]<\/p>\n","protected":false},"author":2,"featured_media":6889,"comment_status":"closed","ping_status":"open","sticky":false,"template":"","format":"standard","meta":{"advgb_blocks_editor_width":"","advgb_blocks_columns_visual_guide":"","_exactmetrics_skip_tracking":false,"_exactmetrics_sitenote_active":false,"_exactmetrics_sitenote_note":"","_exactmetrics_sitenote_category":0,"footnotes":""},"categories":[3],"tags":[2792,1686,1604,966,1036,134],"class_list":["post-6888","post","type-post","status-publish","format-standard","has-post-thumbnail","hentry","category-esportes","tag-alan-ruschel","tag-chape","tag-chapecoense","tag-esporte","tag-futebol","tag-superacao"],"better_featured_image":{"id":6889,"alt_text":"","caption":"","description":"","media_type":"image","media_details":{"width":770,"height":433,"file":"2017\/02\/alan.jpg","sizes":{"thumbnail":{"file":"alan-150x84.jpg","width":150,"height":84,"mime-type":"image\/jpeg","source_url":"https:\/\/lavras.tv\/site\/wp-content\/uploads\/2017\/02\/alan-150x84.jpg"},"medium":{"file":"alan-300x169.jpg","width":300,"height":169,"mime-type":"image\/jpeg","source_url":"https:\/\/lavras.tv\/site\/wp-content\/uploads\/2017\/02\/alan-300x169.jpg"},"featured-slider-img":{"file":"alan-640x433.jpg","width":640,"height":433,"mime-type":"image\/jpeg","source_url":"https:\/\/lavras.tv\/site\/wp-content\/uploads\/2017\/02\/alan-640x433.jpg"},"featured-post-img":{"file":"alan-480x320.jpg","width":480,"height":320,"mime-type":"image\/jpeg","source_url":"https:\/\/lavras.tv\/site\/wp-content\/uploads\/2017\/02\/alan-480x320.jpg"},"sow-carousel-default":{"file":"alan-272x182.jpg","width":272,"height":182,"mime-type":"image\/jpeg","source_url":"https:\/\/lavras.tv\/site\/wp-content\/uploads\/2017\/02\/alan-272x182.jpg"}},"image_meta":{"aperture":"0","credit":"","camera":"","caption":"","created_timestamp":"0","copyright":"","focal_length":"0","iso":"0","shutter_speed":"0","title":"","orientation":"0","keywords":[]}},"post":6888,"source_url":"https:\/\/lavras.tv\/site\/wp-content\/uploads\/2017\/02\/alan.jpg"},"author_meta":{"display_name":"Lavras TV","author_link":"https:\/\/lavras.tv\/site\/author\/lavrastv\/"},"featured_img":"https:\/\/lavras.tv\/site\/wp-content\/uploads\/2017\/02\/alan-300x169.jpg","coauthors":[],"tax_additional":{"categories":{"linked":["<a href=\"https:\/\/lavras.tv\/site\/category\/esportes\/\" class=\"advgb-post-tax-term\">Esportes<\/a>"],"unlinked":["<span class=\"advgb-post-tax-term\">Esportes<\/span>"]},"tags":{"linked":["<a href=\"https:\/\/lavras.tv\/site\/category\/esportes\/\" class=\"advgb-post-tax-term\">alan ruschel<\/a>","<a href=\"https:\/\/lavras.tv\/site\/category\/esportes\/\" class=\"advgb-post-tax-term\">chape<\/a>","<a href=\"https:\/\/lavras.tv\/site\/category\/esportes\/\" class=\"advgb-post-tax-term\">chapecoense<\/a>","<a href=\"https:\/\/lavras.tv\/site\/category\/esportes\/\" class=\"advgb-post-tax-term\">esporte<\/a>","<a href=\"https:\/\/lavras.tv\/site\/category\/esportes\/\" class=\"advgb-post-tax-term\">futebol<\/a>","<a href=\"https:\/\/lavras.tv\/site\/category\/esportes\/\" class=\"advgb-post-tax-term\">supera\u00e7\u00e3o<\/a>"],"unlinked":["<span class=\"advgb-post-tax-term\">alan ruschel<\/span>","<span class=\"advgb-post-tax-term\">chape<\/span>","<span class=\"advgb-post-tax-term\">chapecoense<\/span>","<span class=\"advgb-post-tax-term\">esporte<\/span>","<span class=\"advgb-post-tax-term\">futebol<\/span>","<span class=\"advgb-post-tax-term\">supera\u00e7\u00e3o<\/span>"]}},"comment_count":"0","relative_dates":{"created":"Publicado 9 anos atr\u00e1s","modified":"Atualizado 9 anos atr\u00e1s"},"absolute_dates":{"created":"Publicado em 28 de fevereiro de 2017","modified":"Atualizado em 28 de fevereiro de 2017"},"absolute_dates_time":{"created":"Publicado em 28 de fevereiro de 2017 09:00","modified":"Atualizado em 28 de fevereiro de 2017 09:00"},"featured_img_caption":"","series_order":"","_links":{"self":[{"href":"https:\/\/lavras.tv\/site\/wp-json\/wp\/v2\/posts\/6888","targetHints":{"allow":["GET"]}}],"collection":[{"href":"https:\/\/lavras.tv\/site\/wp-json\/wp\/v2\/posts"}],"about":[{"href":"https:\/\/lavras.tv\/site\/wp-json\/wp\/v2\/types\/post"}],"author":[{"embeddable":true,"href":"https:\/\/lavras.tv\/site\/wp-json\/wp\/v2\/users\/2"}],"replies":[{"embeddable":true,"href":"https:\/\/lavras.tv\/site\/wp-json\/wp\/v2\/comments?post=6888"}],"version-history":[{"count":1,"href":"https:\/\/lavras.tv\/site\/wp-json\/wp\/v2\/posts\/6888\/revisions"}],"predecessor-version":[{"id":6890,"href":"https:\/\/lavras.tv\/site\/wp-json\/wp\/v2\/posts\/6888\/revisions\/6890"}],"wp:featuredmedia":[{"embeddable":true,"href":"https:\/\/lavras.tv\/site\/wp-json\/wp\/v2\/media\/6889"}],"wp:attachment":[{"href":"https:\/\/lavras.tv\/site\/wp-json\/wp\/v2\/media?parent=6888"}],"wp:term":[{"taxonomy":"category","embeddable":true,"href":"https:\/\/lavras.tv\/site\/wp-json\/wp\/v2\/categories?post=6888"},{"taxonomy":"post_tag","embeddable":true,"href":"https:\/\/lavras.tv\/site\/wp-json\/wp\/v2\/tags?post=6888"}],"curies":[{"name":"wp","href":"https:\/\/api.w.org\/{rel}","templated":true}]}}