{"id":6929,"date":"2017-03-02T09:07:24","date_gmt":"2017-03-02T12:07:24","guid":{"rendered":"http:\/\/lavras.tv\/site\/?p=6929"},"modified":"2017-03-02T09:07:24","modified_gmt":"2017-03-02T12:07:24","slug":"atletico-cede-empate-a-chape-e-dependera-do-cruzeiro-para-avancar-na-primeira-liga","status":"publish","type":"post","link":"https:\/\/lavras.tv\/site\/2017\/03\/02\/atletico-cede-empate-a-chape-e-dependera-do-cruzeiro-para-avancar-na-primeira-liga\/","title":{"rendered":"Atl\u00e9tico cede empate \u00e0 Chape e depender\u00e1 do Cruzeiro para avan\u00e7ar na Primeira Liga"},"content":{"rendered":"<div class=\"lavra-antes-do-conteudo_2\" id=\"lavra-2410020565\"><div id=\"lavra-slider-27\" class=\"custom-slider lavra-slider-2592936364 lavra-slider\"><ul><li><div style=\"margin-left: auto;margin-right: auto;text-align: center;\" id=\"lavra-3783474079\"><a href=\"https:\/\/sistemas.lavras.mg.gov.br\/portalcidadao\/#df1b1a7c7b2a290bcb31e32771e610784662739a88807c0dacac58ede5f391a7530e299dc302d611ee73cb143fc22eaf93592e53e7b5bdb01b00a0b8d28dae460c141dd2ff83412e4dc1c31b16b25f33144a9e5620ea73b13f5bc1c59411d98439ad226e8af03840603796067d87afe130812cf3de24982d0e306f9e61e764e5\" aria-label=\"Lavras-TV&#8211;720x104px (1) (1)\"><img src=\"https:\/\/lavras.tv\/site\/wp-content\/uploads\/2025\/01\/Lavras-TV-720x104px-1-1.png\" alt=\"\"  srcset=\"https:\/\/lavras.tv\/site\/wp-content\/uploads\/2025\/01\/Lavras-TV-720x104px-1-1.png 720w, https:\/\/lavras.tv\/site\/wp-content\/uploads\/2025\/01\/Lavras-TV-720x104px-1-1-470x68.png 470w, https:\/\/lavras.tv\/site\/wp-content\/uploads\/2025\/01\/Lavras-TV-720x104px-1-1-170x25.png 170w, https:\/\/lavras.tv\/site\/wp-content\/uploads\/2025\/01\/Lavras-TV-720x104px-1-1-200x29.png 200w\" sizes=\"(max-width: 720px) 100vw, 720px\" width=\"720\" height=\"104\"  style=\"display: inline-block;\" \/><\/a><\/div><\/li><li><a href=\"https:\/\/sistemas.lavras.mg.gov.br\/portalcidadao\/#df1b1a7c7b2a290bcb31e32771e610784662739a88807c0dacac58ede5f391a7530e299dc302d611ee73cb143fc22eaf93592e53e7b5bdb01b00a0b8d28dae460c141dd2ff83412e4dc1c31b16b25f33144a9e5620ea73b13f5bc1c59411d98439ad226e8af03840603796067d87afe130812cf3de24982d0e306f9e61e764e5\" aria-label=\"Banner_Emprego_PortallavrasTV\"><img src=\"https:\/\/lavras.tv\/site\/wp-content\/uploads\/2025\/03\/Banner_Emprego_PortallavrasTV.png\" alt=\"\"  srcset=\"https:\/\/lavras.tv\/site\/wp-content\/uploads\/2025\/03\/Banner_Emprego_PortallavrasTV.png 720w, https:\/\/lavras.tv\/site\/wp-content\/uploads\/2025\/03\/Banner_Emprego_PortallavrasTV-470x68.png 470w, https:\/\/lavras.tv\/site\/wp-content\/uploads\/2025\/03\/Banner_Emprego_PortallavrasTV-170x25.png 170w, https:\/\/lavras.tv\/site\/wp-content\/uploads\/2025\/03\/Banner_Emprego_PortallavrasTV-200x29.png 200w\" sizes=\"(max-width: 720px) 100vw, 720px\" width=\"720\" height=\"104\"   \/><\/a><\/li><li><a href=\"https:\/\/sistemas.lavras.mg.gov.br\/portalcidadao\/#df1b1a7c7b2a290bcb31e32771e610784662739a88807c0dacac58ede5f391a7530e299dc302d611ee73cb143fc22eaf93592e53e7b5bdb01b00a0b8d28dae460c141dd2ff83412e4dc1c31b16b25f33144a9e5620ea73b13f5bc1c59411d98439ad226e8af03840603796067d87afe130812cf3de24982d0e306f9e61e764e5\" aria-label=\"Banner_Obras_PortallavrasTV\"><img src=\"https:\/\/lavras.tv\/site\/wp-content\/uploads\/2025\/03\/Banner_Obras_PortallavrasTV.png\" alt=\"\"  srcset=\"https:\/\/lavras.tv\/site\/wp-content\/uploads\/2025\/03\/Banner_Obras_PortallavrasTV.png 720w, https:\/\/lavras.tv\/site\/wp-content\/uploads\/2025\/03\/Banner_Obras_PortallavrasTV-470x68.png 470w, https:\/\/lavras.tv\/site\/wp-content\/uploads\/2025\/03\/Banner_Obras_PortallavrasTV-170x25.png 170w, https:\/\/lavras.tv\/site\/wp-content\/uploads\/2025\/03\/Banner_Obras_PortallavrasTV-200x29.png 200w\" sizes=\"(max-width: 720px) 100vw, 720px\" width=\"720\" height=\"104\"   \/><\/a><\/li><li><div style=\"margin-left: auto;margin-right: auto;text-align: center;\" id=\"lavra-2869718243\"><a href=\"https:\/\/sistemas.lavras.mg.gov.br\/portalcidadao\/#df1b1a7c7b2a290bcb31e32771e610784662739a88807c0dacac58ede5f391a7530e299dc302d611ee73cb143fc22eaf93592e53e7b5bdb01b00a0b8d28dae460c141dd2ff83412e4dc1c31b16b25f33144a9e5620ea73b13f5bc1c59411d98439ad226e8af03840603796067d87afe130812cf3de24982d0e306f9e61e764e5\" aria-label=\"Banner_Educa\u00e7\u00e3o_PortallavrasTV\"><img src=\"https:\/\/lavras.tv\/site\/wp-content\/uploads\/2025\/01\/Banner_Educacao_PortallavrasTV.png\" alt=\"\"  srcset=\"https:\/\/lavras.tv\/site\/wp-content\/uploads\/2025\/01\/Banner_Educacao_PortallavrasTV.png 720w, https:\/\/lavras.tv\/site\/wp-content\/uploads\/2025\/01\/Banner_Educacao_PortallavrasTV-470x68.png 470w, https:\/\/lavras.tv\/site\/wp-content\/uploads\/2025\/01\/Banner_Educacao_PortallavrasTV-170x25.png 170w, https:\/\/lavras.tv\/site\/wp-content\/uploads\/2025\/01\/Banner_Educacao_PortallavrasTV-200x29.png 200w\" sizes=\"(max-width: 720px) 100vw, 720px\" width=\"720\" height=\"104\"  style=\"display: inline-block;\" \/><\/a><\/div><\/li><li><a href=\"https:\/\/sistemas.lavras.mg.gov.br\/portalcidadao\/#df1b1a7c7b2a290bcb31e32771e610784662739a88807c0dacac58ede5f391a7530e299dc302d611ee73cb143fc22eaf93592e53e7b5bdb01b00a0b8d28dae460c141dd2ff83412e4dc1c31b16b25f33144a9e5620ea73b13f5bc1c59411d98439ad226e8af03840603796067d87afe130812cf3de24982d0e306f9e61e764e5\" aria-label=\"Banner_Sa\u00fade_PortallavrasTV\"><img src=\"https:\/\/lavras.tv\/site\/wp-content\/uploads\/2025\/03\/Banner_Saude_PortallavrasTV.png\" alt=\"\"  srcset=\"https:\/\/lavras.tv\/site\/wp-content\/uploads\/2025\/03\/Banner_Saude_PortallavrasTV.png 720w, https:\/\/lavras.tv\/site\/wp-content\/uploads\/2025\/03\/Banner_Saude_PortallavrasTV-470x68.png 470w, https:\/\/lavras.tv\/site\/wp-content\/uploads\/2025\/03\/Banner_Saude_PortallavrasTV-170x25.png 170w, https:\/\/lavras.tv\/site\/wp-content\/uploads\/2025\/03\/Banner_Saude_PortallavrasTV-200x29.png 200w\" sizes=\"(max-width: 720px) 100vw, 720px\" width=\"720\" height=\"104\"   \/><\/a><\/li><li><div id=\"lavra-2895127664\" style=\"width:720px;height:104px;background-color:#ddd;overflow:scroll;\">\n\t<strong>Sa\u00edda da depura\u00e7\u00e3o de an\u00fancios<\/strong>\n\t<br><br>\n\tO an\u00fancio n\u00e3o \u00e9 exibido na p\u00e1gina<br><br>post atual: Atl\u00e9tico cede empate \u00e0 Chape e depender\u00e1 do Cruzeiro para avan\u00e7ar na Primeira Liga, ID: 6929<br><br><span style=\"color: red;\">O post atual n\u00e3o \u00e9 id\u00eantico ao post principal.<\/span><br><br>An\u00fancios: ROXO - TOPO INTERNA - ROTATIVO 2 (197)<br \/>Grupo de an\u00fancios: Princ_Meio01_720x104 (27)<br><br>Condi\u00e7\u00f5es de exibi\u00e7\u00e3o<div style=\"margin-bottom: 20px; white-space: pre-wrap; font-family: monospace; width: 100%; background: #ffe9e9;\"><strong>condi\u00e7\u00f5es gerais<\/strong><table border=\"1\"><thead><tr><th><\/th><th>An\u00fancios<\/th><th>wp_the_query<\/th><\/tr><\/thead><tr><td>is_main_query<\/td><td>1<\/td><td>1<\/td><\/tr><tr><td>is_rest_api<\/td><td>0<\/td><td>1<\/td><\/tr><tr><td>page<\/td><td>0<\/td><td>1<\/td><\/tr><tr><td>numpages<\/td><td>0<\/td><td>1<\/td><\/tr><tr><td>is_archive<\/td><td>1<\/td><td><\/td><\/tr><tr><td>is_search<\/td><td>1<\/td><td><\/td><\/tr><tr><td>is_home<\/td><td>1<\/td><td><\/td><\/tr><tr><td>is_404<\/td><td>1<\/td><td><\/td><\/tr><tr><td>is_attachment<\/td><td>1<\/td><td><\/td><\/tr><tr><td>is_singular<\/td><td>1<\/td><td><\/td><\/tr><tr><td>is_front_page<\/td><td>1<\/td><td><\/td><\/tr><tr><td>is_feed<\/td><td>1<\/td><td><\/td><\/tr><\/table><\/div><br><br><span style=\"color: red;\">Seu site usa HTTPS, mas o c\u00f3digo do an\u00fancio cont\u00e9m HTTP e pode n\u00e3o funcionar.<\/span>\t<br><br>\n\t<a style=\"color: green;\" href=\"https:\/\/wpadvancedads.com\/manual\/ad-debug-mode\/?utm_source=advanced-ads&utm_medium=link&utm_campaign=ad-debug-mode\" target=\"_blank\" rel=\"nofollow\">Encontre solu\u00e7\u00f5es no manual<\/a>\n<\/div>\n<\/li><\/ul><\/div><script>( window.advanced_ads_ready || jQuery( document ).ready ).call( null, function() {var $lavraslider2592936364 = jQuery( \".lavra-slider-2592936364\" );$lavraslider2592936364.on( \"unslider.ready\", function() { jQuery( \"div.custom-slider ul li\" ).css( \"display\", \"block\" ); });$lavraslider2592936364.unslider({ delay:4000, autoplay:true, nav:false, arrows:false, infinite:true });$lavraslider2592936364.on(\"mouseover\", function() {$lavraslider2592936364.unslider(\"stop\");}).on(\"mouseout\", function() {$lavraslider2592936364.unslider(\"start\");});});<\/script><\/div><p>O Atl\u00e9tico desperdi\u00e7ou a chance de sair de Chapec\u00f3 classificado para as quartas de final da Copa da Primeira Liga. Depois de uma boa atua\u00e7\u00e3o no primeiro tempo contra a Chapecoense, em que abriu 2 a 0, o time alvinegro voltou para a etapa final totalmente desligado e, mesmo com um jogador a mais, sofreu o empate em sete minutos, na Arena Cond\u00e1, e ter\u00e1 que esperar o complemento da \u00faltima rodada do Grupo C para saber se avan\u00e7a ou n\u00e3o no torneio regional.<\/p>\n<p><img fetchpriority=\"high\" decoding=\"async\" class=\"size-full wp-image-6930 aligncenter\" src=\"http:\/\/lavras.tv\/site\/wp-content\/uploads\/2017\/03\/galo.jpg\" alt=\"CHAPECOENSE E ATL\u00c9TICO MG\" width=\"600\" height=\"340\" srcset=\"https:\/\/lavras.tv\/site\/wp-content\/uploads\/2017\/03\/galo.jpg 600w, https:\/\/lavras.tv\/site\/wp-content\/uploads\/2017\/03\/galo-150x85.jpg 150w, https:\/\/lavras.tv\/site\/wp-content\/uploads\/2017\/03\/galo-300x170.jpg 300w\" sizes=\"(max-width: 600px) 100vw, 600px\" \/><\/p>\n<p>Atuando com os reservas, o Atl\u00e9tico balan\u00e7ou as redes com Carlos C\u00e9sar e Clayton, enquanto Wellington Paulista e Jesiel (contra) deram o empate ao time da casa.<\/p>\n<p>Com o resultado, o Galo fechou a fase de grupos com quatro pontos em tr\u00eas jogos e n\u00e3o confirmou a classifica\u00e7\u00e3o matematicamente. Para avan\u00e7ar, a equipe ter\u00e1 que torcer para o que o Joinville n\u00e3o ven\u00e7a o Cruzeiro por quatro gols de diferen\u00e7a, no confronto do dia 21 de mar\u00e7o, na Arena Joinville. J\u00e1 a Chape est\u00e1 eliminada.<\/p>\n<p>Agora, o Atl\u00e9tico volta a se preocupar com o Campeonato Mineiro. A equipe entra em campo no pr\u00f3ximo s\u00e1bado, \u00e0s 16h30, contra o Villa Nova, no Independ\u00eancia, pela sexta rodada da fase de classifica\u00e7\u00e3o.<\/p>\n<p><strong>O jogo<\/strong><\/p>\n<p>O Atl\u00e9tico come\u00e7ou a partida buscando o gol o mais r\u00e1pido poss\u00edvel. Logo aos tr\u00eas minutos, Rafael Moura recebeu na entrada da \u00e1rea, girou e bateu cruzado rasteiro, mas a bola passou raspando a trave. Aos sete, o He-Man pegou a sobra na pequena \u00e1rea, mas chutou em cima do goleiro, desperdi\u00e7ando uma \u00f3tima chance de abrir o placar.<\/p>\n<p>Ap\u00f3s criar duas boas oportunidades, o Atl\u00e9tico conseguiu balan\u00e7ar as redes. Aos 12 minutos, Carlos C\u00e9sar pegou a bola na intermedi\u00e1ria de ataque, driblou dois marcadores e finalizou no canto esquerdo do goleiro Artur Moraes. Galo 1 a 0.<\/p>\n<p>Depois de levar o gol, a Chapecoense acordou e quase empatou no minuto seguinte com Wellington Paulista, que desviou um cruzamento e viu a bola passar muito perto do gol de Uilson. Depois, o goleiro atleticano saiu errado da meta e quase Arthur marcou de cabe\u00e7a.<\/p>\n<p>O time da casa pressionava em busca do empate, mas o Atl\u00e9tico continuava com sorte. Jo\u00e3o Pedro tentou cruzar e quase pegou Uilson desprevenido. A bola fez uma curva para dentro e passou raspando a trave.<\/p>\n<p>De tanto falhar nas conclus\u00f5es, a Chape foi castigada. Aos 39, o Galo ampliou Clayton, que aproveitou cobran\u00e7a de escanteio de Cazares e, na primeira trave, desviou de cabe\u00e7a para as redes: 2 a 0.<\/p>\n<p><strong>Apag\u00e3o do Atl\u00e9tico e empate em sete minutos<\/strong><\/p>\n<p>Mas logo no primeiro minuto da etapa final a Chapecoense diminuiu. Em cobran\u00e7a de lateral, a defesa do Atl\u00e9tico falhou feio e ficou s\u00f3 olhando. Wellington Paulista apareceu sozinho e cabeceou para o fundo do gol. Atl\u00e9tico 2 a 1. Dois minutos depois, Dod\u00f4 entrou de carrinho no joelho de Carlos Eduardo e foi expulso.<\/p>\n<p>Mesmo com um jogador a menos, a Chape conseguiu chegar ao empate. Ap\u00f3s falta cobrada para a \u00e1rea, o zagueiro Jesiel desviou contra as pr\u00f3prias redes: 2 a 2. A vantagem constru\u00edda pelo Galo no primeiro tempo foi embora em sete minutos.<\/p>\n<p>Irreconhec\u00edvel no segundo tempo, o Atl\u00e9tico n\u00e3o conseguia mais atacar apesar de ter um jogador a mais que o advers\u00e1rio. O time voltou a amea\u00e7ar a meta da Chape somente aos 20 minutos, quando Cazares pegou rebote na entrada da \u00e1rea, driblou o marcador, mas bateu para fora.<\/p>\n<p>No fim da partida, o Atl\u00e9tico tentou retomar o controle das a\u00e7\u00f5es e voltou a chegar ao ataque com perigo. Primeiro, Cazares cobrou falta, o goleiro espalmou e, no rebote, o jovem Anderson acertou o travess\u00e3o. Na sequ\u00eancia, Rafael Moura subiu mais que o marcador e testou no canto, mas Artur salvou a Chape. Nos acr\u00e9scimos, He-Man cabeceou rente \u00e0 trave perdendo a \u00faltima chance do Galo.<\/p>\n<p><strong>Chapecoense 2 x 2 Atl\u00e9tico<\/strong><\/p>\n<p><strong>Chapecoense:<\/strong> Artur Moraes; Jo\u00e3o Pedro, Fabr\u00edcio Bruno, Nathan e Reinaldo; Andrei Girotto, Amaral (Luiz Antonio) e Dod\u00f4; Niltinho, Arthur (T\u00falio de Melo) e Wellington Paulista (Apodi). T\u00e9cnico: Vagner Mancini<\/p>\n<p><strong>Atl\u00e9tico:<\/strong> Uilson; Carlos C\u00e9sar, Jesiel, Felipe Santana e Leonan; Yago, Ralph (C\u00edcero), Carlos Eduardo (Anderson) e Cazares; Clayton e Rafael Moura. T\u00e9cnico: Roger Machado<\/p>\n<p><strong>Motivo:<\/strong> 3\u00aa rodada do Grupo C \u2013 Copa da Primeira Liga<\/p>\n<p><strong>Data:<\/strong> 1\u00ba de mar\u00e7o de 2017, quarta-feira, \u00e0s 19h30<\/p>\n<p><strong>Local:<\/strong> Arena Cond\u00e1, em Chapec\u00f3 (SC)<\/p>\n<p><strong>Gols:<\/strong> Carlos C\u00e9sar (12\u2019\/1\u00ba), Clayton (39\u2019\/1\u00ba), Wellington Paulista (1\u2019\/2\u00ba), Jesiel (gol contra &#8211; 7\u2019\/2\u00ba)<\/p>\n<p><strong>Cart\u00e3o Amarelo:<\/strong> Carlos Eduardo, Ralph, Anderson (Atl\u00e9tico); Jo\u00e3o Pedro (Chapecoense)<\/p>\n<p><strong>Cart\u00e3o Vermelho:<\/strong> Dod\u00f4 (Chapecoense)<\/p>\n<p><strong>\u00c1rbitro:<\/strong> Jean Pierre Gon\u00e7alves (RS)<\/p>\n<p><strong>Auxiliares:<\/strong> Andr\u00e9 da Silva Bittencourt (RS) e Michael Stanislau (RS)<\/p>\n<p>&nbsp;<\/p>\n<p>Fonte: Itatiaia<\/p>\n","protected":false},"excerpt":{"rendered":"<p>O Atl\u00e9tico desperdi\u00e7ou a chance de sair de Chapec\u00f3 classificado para as quartas de final da Copa da Primeira Liga. Depois de uma boa atua\u00e7\u00e3o no primeiro tempo contra a Chapecoense, em que abriu 2 a 0, o time alvinegro voltou para a etapa final totalmente desligado e, mesmo com um jogador a mais, sofreu [&hellip;]<\/p>\n","protected":false},"author":2,"featured_media":6930,"comment_status":"closed","ping_status":"open","sticky":false,"template":"","format":"standard","meta":{"advgb_blocks_editor_width":"","advgb_blocks_columns_visual_guide":"","_exactmetrics_skip_tracking":false,"_exactmetrics_sitenote_active":false,"_exactmetrics_sitenote_note":"","_exactmetrics_sitenote_category":0,"footnotes":""},"categories":[3],"tags":[923,1686,966,1036,1568],"class_list":["post-6929","post","type-post","status-publish","format-standard","has-post-thumbnail","hentry","category-esportes","tag-atletico","tag-chape","tag-esporte","tag-futebol","tag-primeira-liga"],"better_featured_image":{"id":6930,"alt_text":"","caption":"","description":"","media_type":"image","media_details":{"width":600,"height":340,"file":"2017\/03\/galo.jpg","sizes":{"thumbnail":{"file":"galo-150x85.jpg","width":150,"height":85,"mime-type":"image\/jpeg","source_url":"https:\/\/lavras.tv\/site\/wp-content\/uploads\/2017\/03\/galo-150x85.jpg"},"medium":{"file":"galo-300x170.jpg","width":300,"height":170,"mime-type":"image\/jpeg","source_url":"https:\/\/lavras.tv\/site\/wp-content\/uploads\/2017\/03\/galo-300x170.jpg"},"featured-post-img":{"file":"galo-480x320.jpg","width":480,"height":320,"mime-type":"image\/jpeg","source_url":"https:\/\/lavras.tv\/site\/wp-content\/uploads\/2017\/03\/galo-480x320.jpg"},"sow-carousel-default":{"file":"galo-272x182.jpg","width":272,"height":182,"mime-type":"image\/jpeg","source_url":"https:\/\/lavras.tv\/site\/wp-content\/uploads\/2017\/03\/galo-272x182.jpg"}},"image_meta":{"aperture":"2.8","credit":"ESTAD\u00c3O CONTE\u00daDO","camera":"NIKON D7000","caption":"SC - CHAPECOENSE-ATL\u00c9TICO-MG - ESPORTES - Lance durante a partida entre Chapecoense SC e Atl\u00e9tico MG, v\u00e1lida pela Primeira Liga 2017 no Est\u00e1dio Arena Conda em Chapec\u00f3 (SC), nesta quarta-feira (01). 01\/03\/2017 - Foto: TARLA WOLSKI\/FUTURA PRESS\/FUTURA PRESS\/ESTAD\u00c3O CONTE\u00daDO","created_timestamp":"1488326400","copyright":"Copyright \u00a9 Ag\u00eancia Estado. Todos os direitos reservados","focal_length":"105","iso":"5000","shutter_speed":"0.002","title":"CHAPECOENSE E ATL\u00c9TICO MG","orientation":"1","keywords":[]}},"post":6929,"source_url":"https:\/\/lavras.tv\/site\/wp-content\/uploads\/2017\/03\/galo.jpg"},"author_meta":{"display_name":"Lavras TV","author_link":"https:\/\/lavras.tv\/site\/author\/lavrastv\/"},"featured_img":"https:\/\/lavras.tv\/site\/wp-content\/uploads\/2017\/03\/galo-300x170.jpg","coauthors":[],"tax_additional":{"categories":{"linked":["<a href=\"https:\/\/lavras.tv\/site\/category\/esportes\/\" class=\"advgb-post-tax-term\">Esportes<\/a>"],"unlinked":["<span class=\"advgb-post-tax-term\">Esportes<\/span>"]},"tags":{"linked":["<a href=\"https:\/\/lavras.tv\/site\/category\/esportes\/\" class=\"advgb-post-tax-term\">atl\u00e9tico<\/a>","<a href=\"https:\/\/lavras.tv\/site\/category\/esportes\/\" class=\"advgb-post-tax-term\">chape<\/a>","<a href=\"https:\/\/lavras.tv\/site\/category\/esportes\/\" class=\"advgb-post-tax-term\">esporte<\/a>","<a href=\"https:\/\/lavras.tv\/site\/category\/esportes\/\" class=\"advgb-post-tax-term\">futebol<\/a>","<a href=\"https:\/\/lavras.tv\/site\/category\/esportes\/\" class=\"advgb-post-tax-term\">primeira liga<\/a>"],"unlinked":["<span class=\"advgb-post-tax-term\">atl\u00e9tico<\/span>","<span class=\"advgb-post-tax-term\">chape<\/span>","<span class=\"advgb-post-tax-term\">esporte<\/span>","<span class=\"advgb-post-tax-term\">futebol<\/span>","<span class=\"advgb-post-tax-term\">primeira liga<\/span>"]}},"comment_count":"0","relative_dates":{"created":"Publicado 9 anos atr\u00e1s","modified":"Atualizado 9 anos atr\u00e1s"},"absolute_dates":{"created":"Publicado em 2 de mar\u00e7o de 2017","modified":"Atualizado em 2 de mar\u00e7o de 2017"},"absolute_dates_time":{"created":"Publicado em 2 de mar\u00e7o de 2017 09:07","modified":"Atualizado em 2 de mar\u00e7o de 2017 09:07"},"featured_img_caption":"","series_order":"","_links":{"self":[{"href":"https:\/\/lavras.tv\/site\/wp-json\/wp\/v2\/posts\/6929","targetHints":{"allow":["GET"]}}],"collection":[{"href":"https:\/\/lavras.tv\/site\/wp-json\/wp\/v2\/posts"}],"about":[{"href":"https:\/\/lavras.tv\/site\/wp-json\/wp\/v2\/types\/post"}],"author":[{"embeddable":true,"href":"https:\/\/lavras.tv\/site\/wp-json\/wp\/v2\/users\/2"}],"replies":[{"embeddable":true,"href":"https:\/\/lavras.tv\/site\/wp-json\/wp\/v2\/comments?post=6929"}],"version-history":[{"count":1,"href":"https:\/\/lavras.tv\/site\/wp-json\/wp\/v2\/posts\/6929\/revisions"}],"predecessor-version":[{"id":6931,"href":"https:\/\/lavras.tv\/site\/wp-json\/wp\/v2\/posts\/6929\/revisions\/6931"}],"wp:featuredmedia":[{"embeddable":true,"href":"https:\/\/lavras.tv\/site\/wp-json\/wp\/v2\/media\/6930"}],"wp:attachment":[{"href":"https:\/\/lavras.tv\/site\/wp-json\/wp\/v2\/media?parent=6929"}],"wp:term":[{"taxonomy":"category","embeddable":true,"href":"https:\/\/lavras.tv\/site\/wp-json\/wp\/v2\/categories?post=6929"},{"taxonomy":"post_tag","embeddable":true,"href":"https:\/\/lavras.tv\/site\/wp-json\/wp\/v2\/tags?post=6929"}],"curies":[{"name":"wp","href":"https:\/\/api.w.org\/{rel}","templated":true}]}}