{"id":7037,"date":"2017-03-04T08:59:53","date_gmt":"2017-03-04T11:59:53","guid":{"rendered":"http:\/\/lavras.tv\/site\/?p=7037"},"modified":"2017-03-04T08:59:53","modified_gmt":"2017-03-04T11:59:53","slug":"cauteloso-sobre-estreia-adilson-ve-no-atletico-chance-de-ganhar-grande-titulo-na-carreira","status":"publish","type":"post","link":"https:\/\/lavras.tv\/site\/2017\/03\/04\/cauteloso-sobre-estreia-adilson-ve-no-atletico-chance-de-ganhar-grande-titulo-na-carreira\/","title":{"rendered":"Cauteloso sobre estreia, Adilson v\u00ea no Atl\u00e9tico chance de ganhar grande t\u00edtulo na carreira"},"content":{"rendered":"<div class=\"lavra-antes-do-conteudo_2\" id=\"lavra-835960544\"><div id=\"lavra-slider-27\" class=\"custom-slider lavra-slider-2568744506 lavra-slider\"><ul><li><div style=\"margin-left: auto;margin-right: auto;text-align: center;\" id=\"lavra-848157681\"><a href=\"https:\/\/sistemas.lavras.mg.gov.br\/portalcidadao\/#df1b1a7c7b2a290bcb31e32771e610784662739a88807c0dacac58ede5f391a7530e299dc302d611ee73cb143fc22eaf93592e53e7b5bdb01b00a0b8d28dae460c141dd2ff83412e4dc1c31b16b25f33144a9e5620ea73b13f5bc1c59411d98439ad226e8af03840603796067d87afe130812cf3de24982d0e306f9e61e764e5\" aria-label=\"Lavras-TV&#8211;720x104px (1) (1)\"><img src=\"https:\/\/lavras.tv\/site\/wp-content\/uploads\/2025\/01\/Lavras-TV-720x104px-1-1.png\" alt=\"\"  srcset=\"https:\/\/lavras.tv\/site\/wp-content\/uploads\/2025\/01\/Lavras-TV-720x104px-1-1.png 720w, https:\/\/lavras.tv\/site\/wp-content\/uploads\/2025\/01\/Lavras-TV-720x104px-1-1-470x68.png 470w, https:\/\/lavras.tv\/site\/wp-content\/uploads\/2025\/01\/Lavras-TV-720x104px-1-1-170x25.png 170w, https:\/\/lavras.tv\/site\/wp-content\/uploads\/2025\/01\/Lavras-TV-720x104px-1-1-200x29.png 200w\" sizes=\"(max-width: 720px) 100vw, 720px\" width=\"720\" height=\"104\"  style=\"display: inline-block;\" \/><\/a><\/div><\/li><li><a href=\"https:\/\/sistemas.lavras.mg.gov.br\/portalcidadao\/#df1b1a7c7b2a290bcb31e32771e610784662739a88807c0dacac58ede5f391a7530e299dc302d611ee73cb143fc22eaf93592e53e7b5bdb01b00a0b8d28dae460c141dd2ff83412e4dc1c31b16b25f33144a9e5620ea73b13f5bc1c59411d98439ad226e8af03840603796067d87afe130812cf3de24982d0e306f9e61e764e5\" aria-label=\"Banner_Emprego_PortallavrasTV\"><img src=\"https:\/\/lavras.tv\/site\/wp-content\/uploads\/2025\/03\/Banner_Emprego_PortallavrasTV.png\" alt=\"\"  srcset=\"https:\/\/lavras.tv\/site\/wp-content\/uploads\/2025\/03\/Banner_Emprego_PortallavrasTV.png 720w, https:\/\/lavras.tv\/site\/wp-content\/uploads\/2025\/03\/Banner_Emprego_PortallavrasTV-470x68.png 470w, https:\/\/lavras.tv\/site\/wp-content\/uploads\/2025\/03\/Banner_Emprego_PortallavrasTV-170x25.png 170w, https:\/\/lavras.tv\/site\/wp-content\/uploads\/2025\/03\/Banner_Emprego_PortallavrasTV-200x29.png 200w\" sizes=\"(max-width: 720px) 100vw, 720px\" width=\"720\" height=\"104\"   \/><\/a><\/li><li><a href=\"https:\/\/sistemas.lavras.mg.gov.br\/portalcidadao\/#df1b1a7c7b2a290bcb31e32771e610784662739a88807c0dacac58ede5f391a7530e299dc302d611ee73cb143fc22eaf93592e53e7b5bdb01b00a0b8d28dae460c141dd2ff83412e4dc1c31b16b25f33144a9e5620ea73b13f5bc1c59411d98439ad226e8af03840603796067d87afe130812cf3de24982d0e306f9e61e764e5\" aria-label=\"Banner_Obras_PortallavrasTV\"><img src=\"https:\/\/lavras.tv\/site\/wp-content\/uploads\/2025\/03\/Banner_Obras_PortallavrasTV.png\" alt=\"\"  srcset=\"https:\/\/lavras.tv\/site\/wp-content\/uploads\/2025\/03\/Banner_Obras_PortallavrasTV.png 720w, https:\/\/lavras.tv\/site\/wp-content\/uploads\/2025\/03\/Banner_Obras_PortallavrasTV-470x68.png 470w, https:\/\/lavras.tv\/site\/wp-content\/uploads\/2025\/03\/Banner_Obras_PortallavrasTV-170x25.png 170w, https:\/\/lavras.tv\/site\/wp-content\/uploads\/2025\/03\/Banner_Obras_PortallavrasTV-200x29.png 200w\" sizes=\"(max-width: 720px) 100vw, 720px\" width=\"720\" height=\"104\"   \/><\/a><\/li><li><div style=\"margin-left: auto;margin-right: auto;text-align: center;\" id=\"lavra-1975227507\"><a href=\"https:\/\/sistemas.lavras.mg.gov.br\/portalcidadao\/#df1b1a7c7b2a290bcb31e32771e610784662739a88807c0dacac58ede5f391a7530e299dc302d611ee73cb143fc22eaf93592e53e7b5bdb01b00a0b8d28dae460c141dd2ff83412e4dc1c31b16b25f33144a9e5620ea73b13f5bc1c59411d98439ad226e8af03840603796067d87afe130812cf3de24982d0e306f9e61e764e5\" aria-label=\"Banner_Educa\u00e7\u00e3o_PortallavrasTV\"><img src=\"https:\/\/lavras.tv\/site\/wp-content\/uploads\/2025\/01\/Banner_Educacao_PortallavrasTV.png\" alt=\"\"  srcset=\"https:\/\/lavras.tv\/site\/wp-content\/uploads\/2025\/01\/Banner_Educacao_PortallavrasTV.png 720w, https:\/\/lavras.tv\/site\/wp-content\/uploads\/2025\/01\/Banner_Educacao_PortallavrasTV-470x68.png 470w, https:\/\/lavras.tv\/site\/wp-content\/uploads\/2025\/01\/Banner_Educacao_PortallavrasTV-170x25.png 170w, https:\/\/lavras.tv\/site\/wp-content\/uploads\/2025\/01\/Banner_Educacao_PortallavrasTV-200x29.png 200w\" sizes=\"(max-width: 720px) 100vw, 720px\" width=\"720\" height=\"104\"  style=\"display: inline-block;\" \/><\/a><\/div><\/li><li><a href=\"https:\/\/sistemas.lavras.mg.gov.br\/portalcidadao\/#df1b1a7c7b2a290bcb31e32771e610784662739a88807c0dacac58ede5f391a7530e299dc302d611ee73cb143fc22eaf93592e53e7b5bdb01b00a0b8d28dae460c141dd2ff83412e4dc1c31b16b25f33144a9e5620ea73b13f5bc1c59411d98439ad226e8af03840603796067d87afe130812cf3de24982d0e306f9e61e764e5\" aria-label=\"Banner_Sa\u00fade_PortallavrasTV\"><img src=\"https:\/\/lavras.tv\/site\/wp-content\/uploads\/2025\/03\/Banner_Saude_PortallavrasTV.png\" alt=\"\"  srcset=\"https:\/\/lavras.tv\/site\/wp-content\/uploads\/2025\/03\/Banner_Saude_PortallavrasTV.png 720w, https:\/\/lavras.tv\/site\/wp-content\/uploads\/2025\/03\/Banner_Saude_PortallavrasTV-470x68.png 470w, https:\/\/lavras.tv\/site\/wp-content\/uploads\/2025\/03\/Banner_Saude_PortallavrasTV-170x25.png 170w, https:\/\/lavras.tv\/site\/wp-content\/uploads\/2025\/03\/Banner_Saude_PortallavrasTV-200x29.png 200w\" sizes=\"(max-width: 720px) 100vw, 720px\" width=\"720\" height=\"104\"   \/><\/a><\/li><li><div id=\"lavra-3664204377\" style=\"width:720px;height:104px;background-color:#ddd;overflow:scroll;\">\n\t<strong>Sa\u00edda da depura\u00e7\u00e3o de an\u00fancios<\/strong>\n\t<br><br>\n\tO an\u00fancio n\u00e3o \u00e9 exibido na p\u00e1gina<br><br>post atual: Cauteloso sobre estreia, Adilson v\u00ea no Atl\u00e9tico chance de ganhar grande t\u00edtulo na carreira, ID: 7037<br><br><span style=\"color: red;\">O post atual n\u00e3o \u00e9 id\u00eantico ao post principal.<\/span><br><br>An\u00fancios: ROXO - TOPO INTERNA - ROTATIVO 2 (197)<br \/>Grupo de an\u00fancios: Princ_Meio01_720x104 (27)<br><br>Condi\u00e7\u00f5es de exibi\u00e7\u00e3o<div style=\"margin-bottom: 20px; white-space: pre-wrap; font-family: monospace; width: 100%; background: #ffe9e9;\"><strong>condi\u00e7\u00f5es gerais<\/strong><table border=\"1\"><thead><tr><th><\/th><th>An\u00fancios<\/th><th>wp_the_query<\/th><\/tr><\/thead><tr><td>is_main_query<\/td><td>1<\/td><td>1<\/td><\/tr><tr><td>is_rest_api<\/td><td>0<\/td><td>1<\/td><\/tr><tr><td>page<\/td><td>0<\/td><td>1<\/td><\/tr><tr><td>numpages<\/td><td>0<\/td><td>1<\/td><\/tr><tr><td>is_archive<\/td><td>1<\/td><td><\/td><\/tr><tr><td>is_search<\/td><td>1<\/td><td><\/td><\/tr><tr><td>is_home<\/td><td>1<\/td><td><\/td><\/tr><tr><td>is_404<\/td><td>1<\/td><td><\/td><\/tr><tr><td>is_attachment<\/td><td>1<\/td><td><\/td><\/tr><tr><td>is_singular<\/td><td>1<\/td><td><\/td><\/tr><tr><td>is_front_page<\/td><td>1<\/td><td><\/td><\/tr><tr><td>is_feed<\/td><td>1<\/td><td><\/td><\/tr><\/table><\/div><br><br><span style=\"color: red;\">Seu site usa HTTPS, mas o c\u00f3digo do an\u00fancio cont\u00e9m HTTP e pode n\u00e3o funcionar.<\/span>\t<br><br>\n\t<a style=\"color: green;\" href=\"https:\/\/wpadvancedads.com\/manual\/ad-debug-mode\/?utm_source=advanced-ads&utm_medium=link&utm_campaign=ad-debug-mode\" target=\"_blank\" rel=\"nofollow\">Encontre solu\u00e7\u00f5es no manual<\/a>\n<\/div>\n<\/li><\/ul><\/div><script>( window.advanced_ads_ready || jQuery( document ).ready ).call( null, function() {var $lavraslider2568744506 = jQuery( \".lavra-slider-2568744506\" );$lavraslider2568744506.on( \"unslider.ready\", function() { jQuery( \"div.custom-slider ul li\" ).css( \"display\", \"block\" ); });$lavraslider2568744506.unslider({ delay:4000, autoplay:true, nav:false, arrows:false, infinite:true });$lavraslider2568744506.on(\"mouseover\", function() {$lavraslider2568744506.unslider(\"stop\");}).on(\"mouseout\", function() {$lavraslider2568744506.unslider(\"start\");});});<\/script><\/div><p>Novo refor\u00e7o do Atl\u00e9tico para a temporada, o volante Adilson, de 30 anos, foi apresentado oficialmente nesta sexta-feira, na Cidade do Galo. Ap\u00f3s rescindir o contrato que iria at\u00e9 o meio do ano com o Terek Grozny, da R\u00fassia, o jogador destacou que sua vontade de voltar ao Brasil pesou e que o clube alvinegro \u00e9 a sua chance de conquistar um t\u00edtulo de express\u00e3o na carreira.<\/p>\n<p><img fetchpriority=\"high\" decoding=\"async\" class=\"size-full wp-image-7038 aligncenter\" src=\"http:\/\/lavras.tv\/site\/wp-content\/uploads\/2017\/03\/Adilson.jpg\" alt=\"\" width=\"600\" height=\"300\" srcset=\"https:\/\/lavras.tv\/site\/wp-content\/uploads\/2017\/03\/Adilson.jpg 600w, https:\/\/lavras.tv\/site\/wp-content\/uploads\/2017\/03\/Adilson-150x75.jpg 150w, https:\/\/lavras.tv\/site\/wp-content\/uploads\/2017\/03\/Adilson-300x150.jpg 300w\" sizes=\"(max-width: 600px) 100vw, 600px\" \/><\/p>\n<p>\u201cEstava conversando com o Roger [Machado, treinador] e o Maluf [Eduardo, diretor de futebol], ainda n\u00e3o tenho um grande t\u00edtulo na carreira. O Atl\u00e9tico \u00e9 a minha melhor oportunidade, o melhor momento da minha carreira. Tenho convic\u00e7\u00e3o que possa acontecer aqui\u201d, declarou o volante que tem no curr\u00edculo apenas dois Campeonatos Ga\u00fachos pelo Gr\u00eamio, em 2007 e 2010. No Terek ele passou em branco.<\/p>\n<p>As conversas com Adilson foram r\u00e1pidas. De acordo com o presidente Daniel Nepomuceno, ele fez apenas uma liga\u00e7\u00e3o para o jogador, que se mostrou disposto a antecipar a sa\u00edda do clube russo e assinar por duas temporadas com o Atl\u00e9tico. O volante foi um pedido do t\u00e9cnico Roger Machado.<\/p>\n<p>\u201cQueria destacar dois pontos. Desde o primeiro encontro com o Roger Machado, fizemos a listagem de jogadores que a gente tinha interesse e o Adilson era um deles. A responsabilidade \u00e9 at\u00e9 maior. O segundo \u00e9 que fa\u00e7o tamb\u00e9m um agradecimento ao Adilson, que se colocou \u00e0 disposi\u00e7\u00e3o para fazer um pr\u00e9-contrato. Ele fez um esfor\u00e7o muito grande para ser inscrito na Libertadores. Tinha a possibilidade de vir antes do meio do ano. Ele se empenhou, mesmo s\u00f3 com uma liga\u00e7\u00e3o nossa, sem press\u00e3o nenhuma, para conseguir a libera\u00e7\u00e3o\u201d, disse Nepomuceno.<\/p>\n<p>Al\u00e9m da vontade em atuar novamente com Roger, Adilson ressaltou que a saudade da fam\u00edlia pesou para seu retorno ao Brasil. \u201cTinha a chance de vir no meio do ano, mas preferi agora. Meu pai teve um problema de sa\u00fade. Estava h\u00e1 cinco anos l\u00e1 fora e estava sentindo falta de ficar perto da fam\u00edlia. Voltei para um clube grande no Brasil. Vou estar pr\u00f3ximo da fam\u00edlia, v\u00e3o poder ficar perto de mim, poder\u00e3o me visitar. A felicidade est\u00e1 completa\u201d, comemorou.<\/p>\n<p>Sobre a parte f\u00edsica, Adilson se mostrou cauteloso e n\u00e3o quis estipular uma data para ficar \u00e0 disposi\u00e7\u00e3o da comiss\u00e3o t\u00e9cnica. \u201cA gente est\u00e1 avaliando a estreia, estava em pr\u00e9-temporada na R\u00fassia. Estou sendo avaliado. N\u00e3o quero precipitar sobre estreia. Quando os trabalhos forem conclu\u00eddos, teremos ideia da estreia. Vamos aguardar um pouquinho, ter um pouco de paci\u00eancia at\u00e9 eu come\u00e7ar a jogar, mostrar minhas caracter\u00edsticas, para ter uma avalia\u00e7\u00e3o mais completa\u201d, concluiu.<\/p>\n<p>Fonte: Itatiaia<\/p>\n","protected":false},"excerpt":{"rendered":"<p>Novo refor\u00e7o do Atl\u00e9tico para a temporada, o volante Adilson, de 30 anos, foi apresentado oficialmente nesta sexta-feira, na Cidade do Galo. Ap\u00f3s rescindir o contrato que iria at\u00e9 o meio do ano com o Terek Grozny, da R\u00fassia, o jogador destacou que sua vontade de voltar ao Brasil pesou e que o clube alvinegro [&hellip;]<\/p>\n","protected":false},"author":2,"featured_media":7038,"comment_status":"closed","ping_status":"open","sticky":false,"template":"","format":"standard","meta":{"advgb_blocks_editor_width":"","advgb_blocks_columns_visual_guide":"","_exactmetrics_skip_tracking":false,"_exactmetrics_sitenote_active":false,"_exactmetrics_sitenote_note":"","_exactmetrics_sitenote_category":0,"footnotes":""},"categories":[3],"tags":[2797,907,966,1036],"class_list":["post-7037","post","type-post","status-publish","format-standard","has-post-thumbnail","hentry","category-esportes","tag-adilson","tag-atletico-mg","tag-esporte","tag-futebol"],"better_featured_image":{"id":7038,"alt_text":"","caption":"","description":"","media_type":"image","media_details":{"width":600,"height":300,"file":"2017\/03\/Adilson.jpg","sizes":{"thumbnail":{"file":"Adilson-150x75.jpg","width":150,"height":75,"mime-type":"image\/jpeg","source_url":"https:\/\/lavras.tv\/site\/wp-content\/uploads\/2017\/03\/Adilson-150x75.jpg"},"medium":{"file":"Adilson-300x150.jpg","width":300,"height":150,"mime-type":"image\/jpeg","source_url":"https:\/\/lavras.tv\/site\/wp-content\/uploads\/2017\/03\/Adilson-300x150.jpg"},"featured-post-img":{"file":"Adilson-480x300.jpg","width":480,"height":300,"mime-type":"image\/jpeg","source_url":"https:\/\/lavras.tv\/site\/wp-content\/uploads\/2017\/03\/Adilson-480x300.jpg"},"sow-carousel-default":{"file":"Adilson-272x182.jpg","width":272,"height":182,"mime-type":"image\/jpeg","source_url":"https:\/\/lavras.tv\/site\/wp-content\/uploads\/2017\/03\/Adilson-272x182.jpg"}},"image_meta":{"aperture":"5.6","credit":"Bruno S.C. Junior","camera":"Canon EOS 7D Mark II","caption":"VESPASIANO \/ MINAS GERAIS \/ BRASIL (03.03.2017) - treino na Cidade Do Galo - Foto: Bruno Cantini\/Atl\u00e9tico","created_timestamp":"1488566657","copyright":"","focal_length":"50","iso":"2500","shutter_speed":"0.008","title":"VESPASIANO \/ MINAS GERAIS \/ BRASIL (03.03.2017) - treino na Cidade Do Galo - Foto: Bruno Cantini\/Atl\u00e9tico","orientation":"1","keywords":[]}},"post":7037,"source_url":"https:\/\/lavras.tv\/site\/wp-content\/uploads\/2017\/03\/Adilson.jpg"},"author_meta":{"display_name":"Lavras TV","author_link":"https:\/\/lavras.tv\/site\/author\/lavrastv\/"},"featured_img":"https:\/\/lavras.tv\/site\/wp-content\/uploads\/2017\/03\/Adilson-300x150.jpg","coauthors":[],"tax_additional":{"categories":{"linked":["<a href=\"https:\/\/lavras.tv\/site\/category\/esportes\/\" class=\"advgb-post-tax-term\">Esportes<\/a>"],"unlinked":["<span class=\"advgb-post-tax-term\">Esportes<\/span>"]},"tags":{"linked":["<a href=\"https:\/\/lavras.tv\/site\/category\/esportes\/\" class=\"advgb-post-tax-term\">adilson<\/a>","<a href=\"https:\/\/lavras.tv\/site\/category\/esportes\/\" class=\"advgb-post-tax-term\">atl\u00e9tico mg<\/a>","<a href=\"https:\/\/lavras.tv\/site\/category\/esportes\/\" class=\"advgb-post-tax-term\">esporte<\/a>","<a href=\"https:\/\/lavras.tv\/site\/category\/esportes\/\" class=\"advgb-post-tax-term\">futebol<\/a>"],"unlinked":["<span class=\"advgb-post-tax-term\">adilson<\/span>","<span class=\"advgb-post-tax-term\">atl\u00e9tico mg<\/span>","<span class=\"advgb-post-tax-term\">esporte<\/span>","<span class=\"advgb-post-tax-term\">futebol<\/span>"]}},"comment_count":"0","relative_dates":{"created":"Publicado 9 anos atr\u00e1s","modified":"Atualizado 9 anos atr\u00e1s"},"absolute_dates":{"created":"Publicado em 4 de mar\u00e7o de 2017","modified":"Atualizado em 4 de mar\u00e7o de 2017"},"absolute_dates_time":{"created":"Publicado em 4 de mar\u00e7o de 2017 08:59","modified":"Atualizado em 4 de mar\u00e7o de 2017 08:59"},"featured_img_caption":"","series_order":"","_links":{"self":[{"href":"https:\/\/lavras.tv\/site\/wp-json\/wp\/v2\/posts\/7037","targetHints":{"allow":["GET"]}}],"collection":[{"href":"https:\/\/lavras.tv\/site\/wp-json\/wp\/v2\/posts"}],"about":[{"href":"https:\/\/lavras.tv\/site\/wp-json\/wp\/v2\/types\/post"}],"author":[{"embeddable":true,"href":"https:\/\/lavras.tv\/site\/wp-json\/wp\/v2\/users\/2"}],"replies":[{"embeddable":true,"href":"https:\/\/lavras.tv\/site\/wp-json\/wp\/v2\/comments?post=7037"}],"version-history":[{"count":2,"href":"https:\/\/lavras.tv\/site\/wp-json\/wp\/v2\/posts\/7037\/revisions"}],"predecessor-version":[{"id":7040,"href":"https:\/\/lavras.tv\/site\/wp-json\/wp\/v2\/posts\/7037\/revisions\/7040"}],"wp:featuredmedia":[{"embeddable":true,"href":"https:\/\/lavras.tv\/site\/wp-json\/wp\/v2\/media\/7038"}],"wp:attachment":[{"href":"https:\/\/lavras.tv\/site\/wp-json\/wp\/v2\/media?parent=7037"}],"wp:term":[{"taxonomy":"category","embeddable":true,"href":"https:\/\/lavras.tv\/site\/wp-json\/wp\/v2\/categories?post=7037"},{"taxonomy":"post_tag","embeddable":true,"href":"https:\/\/lavras.tv\/site\/wp-json\/wp\/v2\/tags?post=7037"}],"curies":[{"name":"wp","href":"https:\/\/api.w.org\/{rel}","templated":true}]}}