{"id":7042,"date":"2017-03-04T09:01:59","date_gmt":"2017-03-04T12:01:59","guid":{"rendered":"http:\/\/lavras.tv\/site\/?p=7042"},"modified":"2017-03-04T09:01:59","modified_gmt":"2017-03-04T12:01:59","slug":"arrascaeta-e-convocado-para-eliminatorias-e-vai-desfalcar-cruzeiro-em-dois-jogos","status":"publish","type":"post","link":"https:\/\/lavras.tv\/site\/2017\/03\/04\/arrascaeta-e-convocado-para-eliminatorias-e-vai-desfalcar-cruzeiro-em-dois-jogos\/","title":{"rendered":"Arrascaeta \u00e9 convocado para Eliminat\u00f3rias e vai desfalcar Cruzeiro em dois jogos"},"content":{"rendered":"<div class=\"lavra-antes-do-conteudo_2\" id=\"lavra-2810184917\"><div id=\"lavra-slider-27\" class=\"custom-slider lavra-slider-3139618982 lavra-slider\"><ul><li><div style=\"margin-left: auto;margin-right: auto;text-align: center;\" id=\"lavra-1618000577\"><a href=\"https:\/\/sistemas.lavras.mg.gov.br\/portalcidadao\/#df1b1a7c7b2a290bcb31e32771e610784662739a88807c0dacac58ede5f391a7530e299dc302d611ee73cb143fc22eaf93592e53e7b5bdb01b00a0b8d28dae460c141dd2ff83412e4dc1c31b16b25f33144a9e5620ea73b13f5bc1c59411d98439ad226e8af03840603796067d87afe130812cf3de24982d0e306f9e61e764e5\" aria-label=\"Lavras-TV&#8211;720x104px (1) (1)\"><img src=\"https:\/\/lavras.tv\/site\/wp-content\/uploads\/2025\/01\/Lavras-TV-720x104px-1-1.png\" alt=\"\"  srcset=\"https:\/\/lavras.tv\/site\/wp-content\/uploads\/2025\/01\/Lavras-TV-720x104px-1-1.png 720w, https:\/\/lavras.tv\/site\/wp-content\/uploads\/2025\/01\/Lavras-TV-720x104px-1-1-470x68.png 470w, https:\/\/lavras.tv\/site\/wp-content\/uploads\/2025\/01\/Lavras-TV-720x104px-1-1-170x25.png 170w, https:\/\/lavras.tv\/site\/wp-content\/uploads\/2025\/01\/Lavras-TV-720x104px-1-1-200x29.png 200w\" sizes=\"(max-width: 720px) 100vw, 720px\" width=\"720\" height=\"104\"  style=\"display: inline-block;\" \/><\/a><\/div><\/li><li><a href=\"https:\/\/sistemas.lavras.mg.gov.br\/portalcidadao\/#df1b1a7c7b2a290bcb31e32771e610784662739a88807c0dacac58ede5f391a7530e299dc302d611ee73cb143fc22eaf93592e53e7b5bdb01b00a0b8d28dae460c141dd2ff83412e4dc1c31b16b25f33144a9e5620ea73b13f5bc1c59411d98439ad226e8af03840603796067d87afe130812cf3de24982d0e306f9e61e764e5\" aria-label=\"Banner_Emprego_PortallavrasTV\"><img src=\"https:\/\/lavras.tv\/site\/wp-content\/uploads\/2025\/03\/Banner_Emprego_PortallavrasTV.png\" alt=\"\"  srcset=\"https:\/\/lavras.tv\/site\/wp-content\/uploads\/2025\/03\/Banner_Emprego_PortallavrasTV.png 720w, https:\/\/lavras.tv\/site\/wp-content\/uploads\/2025\/03\/Banner_Emprego_PortallavrasTV-470x68.png 470w, https:\/\/lavras.tv\/site\/wp-content\/uploads\/2025\/03\/Banner_Emprego_PortallavrasTV-170x25.png 170w, https:\/\/lavras.tv\/site\/wp-content\/uploads\/2025\/03\/Banner_Emprego_PortallavrasTV-200x29.png 200w\" sizes=\"(max-width: 720px) 100vw, 720px\" width=\"720\" height=\"104\"   \/><\/a><\/li><li><a href=\"https:\/\/sistemas.lavras.mg.gov.br\/portalcidadao\/#df1b1a7c7b2a290bcb31e32771e610784662739a88807c0dacac58ede5f391a7530e299dc302d611ee73cb143fc22eaf93592e53e7b5bdb01b00a0b8d28dae460c141dd2ff83412e4dc1c31b16b25f33144a9e5620ea73b13f5bc1c59411d98439ad226e8af03840603796067d87afe130812cf3de24982d0e306f9e61e764e5\" aria-label=\"Banner_Obras_PortallavrasTV\"><img src=\"https:\/\/lavras.tv\/site\/wp-content\/uploads\/2025\/03\/Banner_Obras_PortallavrasTV.png\" alt=\"\"  srcset=\"https:\/\/lavras.tv\/site\/wp-content\/uploads\/2025\/03\/Banner_Obras_PortallavrasTV.png 720w, https:\/\/lavras.tv\/site\/wp-content\/uploads\/2025\/03\/Banner_Obras_PortallavrasTV-470x68.png 470w, https:\/\/lavras.tv\/site\/wp-content\/uploads\/2025\/03\/Banner_Obras_PortallavrasTV-170x25.png 170w, https:\/\/lavras.tv\/site\/wp-content\/uploads\/2025\/03\/Banner_Obras_PortallavrasTV-200x29.png 200w\" sizes=\"(max-width: 720px) 100vw, 720px\" width=\"720\" height=\"104\"   \/><\/a><\/li><li><div style=\"margin-left: auto;margin-right: auto;text-align: center;\" id=\"lavra-286174349\"><a href=\"https:\/\/sistemas.lavras.mg.gov.br\/portalcidadao\/#df1b1a7c7b2a290bcb31e32771e610784662739a88807c0dacac58ede5f391a7530e299dc302d611ee73cb143fc22eaf93592e53e7b5bdb01b00a0b8d28dae460c141dd2ff83412e4dc1c31b16b25f33144a9e5620ea73b13f5bc1c59411d98439ad226e8af03840603796067d87afe130812cf3de24982d0e306f9e61e764e5\" aria-label=\"Banner_Educa\u00e7\u00e3o_PortallavrasTV\"><img src=\"https:\/\/lavras.tv\/site\/wp-content\/uploads\/2025\/01\/Banner_Educacao_PortallavrasTV.png\" alt=\"\"  srcset=\"https:\/\/lavras.tv\/site\/wp-content\/uploads\/2025\/01\/Banner_Educacao_PortallavrasTV.png 720w, https:\/\/lavras.tv\/site\/wp-content\/uploads\/2025\/01\/Banner_Educacao_PortallavrasTV-470x68.png 470w, https:\/\/lavras.tv\/site\/wp-content\/uploads\/2025\/01\/Banner_Educacao_PortallavrasTV-170x25.png 170w, https:\/\/lavras.tv\/site\/wp-content\/uploads\/2025\/01\/Banner_Educacao_PortallavrasTV-200x29.png 200w\" sizes=\"(max-width: 720px) 100vw, 720px\" width=\"720\" height=\"104\"  style=\"display: inline-block;\" \/><\/a><\/div><\/li><li><a href=\"https:\/\/sistemas.lavras.mg.gov.br\/portalcidadao\/#df1b1a7c7b2a290bcb31e32771e610784662739a88807c0dacac58ede5f391a7530e299dc302d611ee73cb143fc22eaf93592e53e7b5bdb01b00a0b8d28dae460c141dd2ff83412e4dc1c31b16b25f33144a9e5620ea73b13f5bc1c59411d98439ad226e8af03840603796067d87afe130812cf3de24982d0e306f9e61e764e5\" aria-label=\"Banner_Sa\u00fade_PortallavrasTV\"><img src=\"https:\/\/lavras.tv\/site\/wp-content\/uploads\/2025\/03\/Banner_Saude_PortallavrasTV.png\" alt=\"\"  srcset=\"https:\/\/lavras.tv\/site\/wp-content\/uploads\/2025\/03\/Banner_Saude_PortallavrasTV.png 720w, https:\/\/lavras.tv\/site\/wp-content\/uploads\/2025\/03\/Banner_Saude_PortallavrasTV-470x68.png 470w, https:\/\/lavras.tv\/site\/wp-content\/uploads\/2025\/03\/Banner_Saude_PortallavrasTV-170x25.png 170w, https:\/\/lavras.tv\/site\/wp-content\/uploads\/2025\/03\/Banner_Saude_PortallavrasTV-200x29.png 200w\" sizes=\"(max-width: 720px) 100vw, 720px\" width=\"720\" height=\"104\"   \/><\/a><\/li><li><div id=\"lavra-1454287044\" style=\"width:720px;height:104px;background-color:#ddd;overflow:scroll;\">\n\t<strong>Sa\u00edda da depura\u00e7\u00e3o de an\u00fancios<\/strong>\n\t<br><br>\n\tO an\u00fancio n\u00e3o \u00e9 exibido na p\u00e1gina<br><br>post atual: Arrascaeta \u00e9 convocado para Eliminat\u00f3rias e vai desfalcar Cruzeiro em dois jogos, ID: 7042<br><br><span style=\"color: red;\">O post atual n\u00e3o \u00e9 id\u00eantico ao post principal.<\/span><br><br>An\u00fancios: ROXO - TOPO INTERNA - ROTATIVO 2 (197)<br \/>Grupo de an\u00fancios: Princ_Meio01_720x104 (27)<br><br>Condi\u00e7\u00f5es de exibi\u00e7\u00e3o<div style=\"margin-bottom: 20px; white-space: pre-wrap; font-family: monospace; width: 100%; background: #ffe9e9;\"><strong>condi\u00e7\u00f5es gerais<\/strong><table border=\"1\"><thead><tr><th><\/th><th>An\u00fancios<\/th><th>wp_the_query<\/th><\/tr><\/thead><tr><td>is_main_query<\/td><td>1<\/td><td>1<\/td><\/tr><tr><td>is_rest_api<\/td><td>0<\/td><td>1<\/td><\/tr><tr><td>page<\/td><td>0<\/td><td>1<\/td><\/tr><tr><td>numpages<\/td><td>0<\/td><td>1<\/td><\/tr><tr><td>is_archive<\/td><td>1<\/td><td><\/td><\/tr><tr><td>is_search<\/td><td>1<\/td><td><\/td><\/tr><tr><td>is_home<\/td><td>1<\/td><td><\/td><\/tr><tr><td>is_404<\/td><td>1<\/td><td><\/td><\/tr><tr><td>is_attachment<\/td><td>1<\/td><td><\/td><\/tr><tr><td>is_singular<\/td><td>1<\/td><td><\/td><\/tr><tr><td>is_front_page<\/td><td>1<\/td><td><\/td><\/tr><tr><td>is_feed<\/td><td>1<\/td><td><\/td><\/tr><\/table><\/div><br><br><span style=\"color: red;\">Seu site usa HTTPS, mas o c\u00f3digo do an\u00fancio cont\u00e9m HTTP e pode n\u00e3o funcionar.<\/span>\t<br><br>\n\t<a style=\"color: green;\" href=\"https:\/\/wpadvancedads.com\/manual\/ad-debug-mode\/?utm_source=advanced-ads&utm_medium=link&utm_campaign=ad-debug-mode\" target=\"_blank\" rel=\"nofollow\">Encontre solu\u00e7\u00f5es no manual<\/a>\n<\/div>\n<\/li><\/ul><\/div><script>( window.advanced_ads_ready || jQuery( document ).ready ).call( null, function() {var $lavraslider3139618982 = jQuery( \".lavra-slider-3139618982\" );$lavraslider3139618982.on( \"unslider.ready\", function() { jQuery( \"div.custom-slider ul li\" ).css( \"display\", \"block\" ); });$lavraslider3139618982.unslider({ delay:4000, autoplay:true, nav:false, arrows:false, infinite:true });$lavraslider3139618982.on(\"mouseover\", function() {$lavraslider3139618982.unslider(\"stop\");}).on(\"mouseout\", function() {$lavraslider3139618982.unslider(\"start\");});});<\/script><\/div><p>O meia Arrascaeta foi chamado pelo treinador da sele\u00e7\u00e3o uruguaia, Oscar Tab\u00e1rez, para as pr\u00f3ximas duas rodadas das Eliminat\u00f3rias da Copa de 2018. O Uruguai joga contra o Brasil no dia 23 de mar\u00e7o, em Montevid\u00e9u, e depois viaja a Lima para visitar o Peru no dia 28.<\/p>\n<p><img fetchpriority=\"high\" decoding=\"async\" class=\"size-full wp-image-7043 aligncenter\" src=\"http:\/\/lavras.tv\/site\/wp-content\/uploads\/2017\/03\/arrascaeta.jpg\" alt=\"arrascaeta\" width=\"600\" height=\"300\" srcset=\"https:\/\/lavras.tv\/site\/wp-content\/uploads\/2017\/03\/arrascaeta.jpg 600w, https:\/\/lavras.tv\/site\/wp-content\/uploads\/2017\/03\/arrascaeta-150x75.jpg 150w, https:\/\/lavras.tv\/site\/wp-content\/uploads\/2017\/03\/arrascaeta-300x150.jpg 300w\" sizes=\"(max-width: 600px) 100vw, 600px\" \/><\/p>\n<p>Com a apresenta\u00e7\u00e3o est\u00e1 marcada para o dia 20, Arrascaeta vai desfalcar o Cruzeiro em dois confrontos: contra o Joinville, pela Copa da Primeira Liga, e diante do Uberl\u00e2ndia, pelo Campeonato Mineiro. Para o cl\u00e1ssico contra o Atl\u00e9tico, em 1\u00ba de abril, pela pen\u00faltima rodada do Estadual, o uruguaio dever\u00e1 voltar a tempo.<\/p>\n<p>Al\u00e9m de Arrascaeta, outro jogador que atua no futebol brasileiro tamb\u00e9m foi chamado: o goleiro Mart\u00edn Silva, do Vasco. Convocado, ele desfalcar\u00e1 o time em tr\u00eas jogos do Campeonato Carioca, inclusive um cl\u00e1ssico, contra o Flamengo, no fim de semana dos dias 25 e 26 de mar\u00e7o. Tamb\u00e9m n\u00e3o pega Madureira e Boavista.<\/p>\n<p>A lista n\u00e3o apresenta grandes novidades e conta com o atacante Luis Su\u00e1rez, do Barcelona. Ele est\u00e1 suspenso pelo segundo cart\u00e3o amarelo e n\u00e3o enfrenta o Brasil, mas est\u00e1 apto a entrar em campo contra o Peru e far\u00e1 parte do grupo. Fernando Muslera, do Galatasaray, tamb\u00e9m est\u00e1 fora.<\/p>\n<p><strong>Confira os convocados:<\/strong><\/p>\n<p>GOLEIROS &#8211; Fernando Muslera (Galatasaray), Mart\u00edn Silva (Vasco) e Mart\u00edn Campa\u00f1a (Independiente);<\/p>\n<p>DEFENSORES &#8211; Diego God\u00edn, Jos\u00e9 Mar\u00eda Gim\u00e9nez (Atl\u00e9tico de Madrid), Sebasti\u00e1n Coates (Sporting), Gast\u00f3n Silva (Granada), Maxi Pereira (Porto) Alejandro Silva (Olimpia) e \u00c1lvaro Pereira (Cerro Porte\u00f1o);<\/p>\n<p>MEIO-CAMPISTAS &#8211; Mat\u00edas Vecino (Fiorentina), Egidio Ar\u00e9valo R\u00edos (Atlas-MEX), Math\u00edas Corujo (Universidad de Chile), Jonathan Urretaviscaya (Pachuca-MEX), Diego Laxalt (Genoa), Carlos S\u00e1nchez (Monterrey), Giorgian de Arrascaeta (Cruzeiro), Nicol\u00e1s Lodeiro (Seattle Sounders-EUA) e Gast\u00f3n Ram\u00edrez (Middlesbrough);<\/p>\n<p>ATACANTES &#8211; Edinson Cavani (PSG), Abel Hern\u00e1ndez (Hull City), Diego Rolan (Bordeaux), Cristhian Stuani (Middlesbrough) e Luis Su\u00e1rez (Barcelona).<\/p>\n<p>Fonte: Itatiaia<\/p>\n","protected":false},"excerpt":{"rendered":"<p>O meia Arrascaeta foi chamado pelo treinador da sele\u00e7\u00e3o uruguaia, Oscar Tab\u00e1rez, para as pr\u00f3ximas duas rodadas das Eliminat\u00f3rias da Copa de 2018. O Uruguai joga contra o Brasil no dia 23 de mar\u00e7o, em Montevid\u00e9u, e depois viaja a Lima para visitar o Peru no dia 28. Com a apresenta\u00e7\u00e3o est\u00e1 marcada para o [&hellip;]<\/p>\n","protected":false},"author":2,"featured_media":7043,"comment_status":"closed","ping_status":"open","sticky":false,"template":"","format":"standard","meta":{"advgb_blocks_editor_width":"","advgb_blocks_columns_visual_guide":"","_exactmetrics_skip_tracking":false,"_exactmetrics_sitenote_active":false,"_exactmetrics_sitenote_note":"","_exactmetrics_sitenote_category":0,"footnotes":""},"categories":[3],"tags":[2537,908,966,1036],"class_list":["post-7042","post","type-post","status-publish","format-standard","has-post-thumbnail","hentry","category-esportes","tag-arrascaeta","tag-cruzeiro","tag-esporte","tag-futebol"],"better_featured_image":{"id":7043,"alt_text":"","caption":"","description":"","media_type":"image","media_details":{"width":600,"height":300,"file":"2017\/03\/arrascaeta.jpg","sizes":{"thumbnail":{"file":"arrascaeta-150x75.jpg","width":150,"height":75,"mime-type":"image\/jpeg","source_url":"https:\/\/lavras.tv\/site\/wp-content\/uploads\/2017\/03\/arrascaeta-150x75.jpg"},"medium":{"file":"arrascaeta-300x150.jpg","width":300,"height":150,"mime-type":"image\/jpeg","source_url":"https:\/\/lavras.tv\/site\/wp-content\/uploads\/2017\/03\/arrascaeta-300x150.jpg"},"featured-post-img":{"file":"arrascaeta-480x300.jpg","width":480,"height":300,"mime-type":"image\/jpeg","source_url":"https:\/\/lavras.tv\/site\/wp-content\/uploads\/2017\/03\/arrascaeta-480x300.jpg"},"sow-carousel-default":{"file":"arrascaeta-272x182.jpg","width":272,"height":182,"mime-type":"image\/jpeg","source_url":"https:\/\/lavras.tv\/site\/wp-content\/uploads\/2017\/03\/arrascaeta-272x182.jpg"}},"image_meta":{"aperture":"0","credit":"","camera":"","caption":"","created_timestamp":"0","copyright":"","focal_length":"0","iso":"0","shutter_speed":"0","title":"","orientation":"1","keywords":[]}},"post":7042,"source_url":"https:\/\/lavras.tv\/site\/wp-content\/uploads\/2017\/03\/arrascaeta.jpg"},"author_meta":{"display_name":"Lavras TV","author_link":"https:\/\/lavras.tv\/site\/author\/lavrastv\/"},"featured_img":"https:\/\/lavras.tv\/site\/wp-content\/uploads\/2017\/03\/arrascaeta-300x150.jpg","coauthors":[],"tax_additional":{"categories":{"linked":["<a href=\"https:\/\/lavras.tv\/site\/category\/esportes\/\" class=\"advgb-post-tax-term\">Esportes<\/a>"],"unlinked":["<span class=\"advgb-post-tax-term\">Esportes<\/span>"]},"tags":{"linked":["<a href=\"https:\/\/lavras.tv\/site\/category\/esportes\/\" class=\"advgb-post-tax-term\">arrascaeta<\/a>","<a href=\"https:\/\/lavras.tv\/site\/category\/esportes\/\" class=\"advgb-post-tax-term\">cruzeiro<\/a>","<a href=\"https:\/\/lavras.tv\/site\/category\/esportes\/\" class=\"advgb-post-tax-term\">esporte<\/a>","<a href=\"https:\/\/lavras.tv\/site\/category\/esportes\/\" class=\"advgb-post-tax-term\">futebol<\/a>"],"unlinked":["<span class=\"advgb-post-tax-term\">arrascaeta<\/span>","<span class=\"advgb-post-tax-term\">cruzeiro<\/span>","<span class=\"advgb-post-tax-term\">esporte<\/span>","<span class=\"advgb-post-tax-term\">futebol<\/span>"]}},"comment_count":"0","relative_dates":{"created":"Publicado 9 anos atr\u00e1s","modified":"Atualizado 9 anos atr\u00e1s"},"absolute_dates":{"created":"Publicado em 4 de mar\u00e7o de 2017","modified":"Atualizado em 4 de mar\u00e7o de 2017"},"absolute_dates_time":{"created":"Publicado em 4 de mar\u00e7o de 2017 09:01","modified":"Atualizado em 4 de mar\u00e7o de 2017 09:01"},"featured_img_caption":"","series_order":"","_links":{"self":[{"href":"https:\/\/lavras.tv\/site\/wp-json\/wp\/v2\/posts\/7042","targetHints":{"allow":["GET"]}}],"collection":[{"href":"https:\/\/lavras.tv\/site\/wp-json\/wp\/v2\/posts"}],"about":[{"href":"https:\/\/lavras.tv\/site\/wp-json\/wp\/v2\/types\/post"}],"author":[{"embeddable":true,"href":"https:\/\/lavras.tv\/site\/wp-json\/wp\/v2\/users\/2"}],"replies":[{"embeddable":true,"href":"https:\/\/lavras.tv\/site\/wp-json\/wp\/v2\/comments?post=7042"}],"version-history":[{"count":1,"href":"https:\/\/lavras.tv\/site\/wp-json\/wp\/v2\/posts\/7042\/revisions"}],"predecessor-version":[{"id":7044,"href":"https:\/\/lavras.tv\/site\/wp-json\/wp\/v2\/posts\/7042\/revisions\/7044"}],"wp:featuredmedia":[{"embeddable":true,"href":"https:\/\/lavras.tv\/site\/wp-json\/wp\/v2\/media\/7043"}],"wp:attachment":[{"href":"https:\/\/lavras.tv\/site\/wp-json\/wp\/v2\/media?parent=7042"}],"wp:term":[{"taxonomy":"category","embeddable":true,"href":"https:\/\/lavras.tv\/site\/wp-json\/wp\/v2\/categories?post=7042"},{"taxonomy":"post_tag","embeddable":true,"href":"https:\/\/lavras.tv\/site\/wp-json\/wp\/v2\/tags?post=7042"}],"curies":[{"name":"wp","href":"https:\/\/api.w.org\/{rel}","templated":true}]}}