{"id":7063,"date":"2017-03-06T08:23:05","date_gmt":"2017-03-06T11:23:05","guid":{"rendered":"http:\/\/lavras.tv\/site\/?p=7063"},"modified":"2017-03-06T08:23:05","modified_gmt":"2017-03-06T11:23:05","slug":"cruzeiro-vence-o-america-de-teofilo-otoni-fora-de-casa-e-segue-na-cola-do-atletico","status":"publish","type":"post","link":"https:\/\/lavras.tv\/site\/2017\/03\/06\/cruzeiro-vence-o-america-de-teofilo-otoni-fora-de-casa-e-segue-na-cola-do-atletico\/","title":{"rendered":"Cruzeiro vence o Am\u00e9rica de Te\u00f3filo Otoni fora de casa e segue na cola do Atl\u00e9tico"},"content":{"rendered":"<div class=\"lavra-antes-do-conteudo_2\" id=\"lavra-2909243437\"><div id=\"lavra-slider-27\" class=\"custom-slider lavra-slider-3725807896 lavra-slider\"><ul><li><div style=\"margin-left: auto;margin-right: auto;text-align: center;\" id=\"lavra-4180274737\"><a href=\"https:\/\/sistemas.lavras.mg.gov.br\/portalcidadao\/#df1b1a7c7b2a290bcb31e32771e610784662739a88807c0dacac58ede5f391a7530e299dc302d611ee73cb143fc22eaf93592e53e7b5bdb01b00a0b8d28dae460c141dd2ff83412e4dc1c31b16b25f33144a9e5620ea73b13f5bc1c59411d98439ad226e8af03840603796067d87afe130812cf3de24982d0e306f9e61e764e5\" aria-label=\"Lavras-TV&#8211;720x104px (1) (1)\"><img src=\"https:\/\/lavras.tv\/site\/wp-content\/uploads\/2025\/01\/Lavras-TV-720x104px-1-1.png\" alt=\"\"  srcset=\"https:\/\/lavras.tv\/site\/wp-content\/uploads\/2025\/01\/Lavras-TV-720x104px-1-1.png 720w, https:\/\/lavras.tv\/site\/wp-content\/uploads\/2025\/01\/Lavras-TV-720x104px-1-1-470x68.png 470w, https:\/\/lavras.tv\/site\/wp-content\/uploads\/2025\/01\/Lavras-TV-720x104px-1-1-170x25.png 170w, https:\/\/lavras.tv\/site\/wp-content\/uploads\/2025\/01\/Lavras-TV-720x104px-1-1-200x29.png 200w\" sizes=\"(max-width: 720px) 100vw, 720px\" width=\"720\" height=\"104\"  style=\"display: inline-block;\" \/><\/a><\/div><\/li><li><a href=\"https:\/\/sistemas.lavras.mg.gov.br\/portalcidadao\/#df1b1a7c7b2a290bcb31e32771e610784662739a88807c0dacac58ede5f391a7530e299dc302d611ee73cb143fc22eaf93592e53e7b5bdb01b00a0b8d28dae460c141dd2ff83412e4dc1c31b16b25f33144a9e5620ea73b13f5bc1c59411d98439ad226e8af03840603796067d87afe130812cf3de24982d0e306f9e61e764e5\" aria-label=\"Banner_Emprego_PortallavrasTV\"><img src=\"https:\/\/lavras.tv\/site\/wp-content\/uploads\/2025\/03\/Banner_Emprego_PortallavrasTV.png\" alt=\"\"  srcset=\"https:\/\/lavras.tv\/site\/wp-content\/uploads\/2025\/03\/Banner_Emprego_PortallavrasTV.png 720w, https:\/\/lavras.tv\/site\/wp-content\/uploads\/2025\/03\/Banner_Emprego_PortallavrasTV-470x68.png 470w, https:\/\/lavras.tv\/site\/wp-content\/uploads\/2025\/03\/Banner_Emprego_PortallavrasTV-170x25.png 170w, https:\/\/lavras.tv\/site\/wp-content\/uploads\/2025\/03\/Banner_Emprego_PortallavrasTV-200x29.png 200w\" sizes=\"(max-width: 720px) 100vw, 720px\" width=\"720\" height=\"104\"   \/><\/a><\/li><li><a href=\"https:\/\/sistemas.lavras.mg.gov.br\/portalcidadao\/#df1b1a7c7b2a290bcb31e32771e610784662739a88807c0dacac58ede5f391a7530e299dc302d611ee73cb143fc22eaf93592e53e7b5bdb01b00a0b8d28dae460c141dd2ff83412e4dc1c31b16b25f33144a9e5620ea73b13f5bc1c59411d98439ad226e8af03840603796067d87afe130812cf3de24982d0e306f9e61e764e5\" aria-label=\"Banner_Obras_PortallavrasTV\"><img src=\"https:\/\/lavras.tv\/site\/wp-content\/uploads\/2025\/03\/Banner_Obras_PortallavrasTV.png\" alt=\"\"  srcset=\"https:\/\/lavras.tv\/site\/wp-content\/uploads\/2025\/03\/Banner_Obras_PortallavrasTV.png 720w, https:\/\/lavras.tv\/site\/wp-content\/uploads\/2025\/03\/Banner_Obras_PortallavrasTV-470x68.png 470w, https:\/\/lavras.tv\/site\/wp-content\/uploads\/2025\/03\/Banner_Obras_PortallavrasTV-170x25.png 170w, https:\/\/lavras.tv\/site\/wp-content\/uploads\/2025\/03\/Banner_Obras_PortallavrasTV-200x29.png 200w\" sizes=\"(max-width: 720px) 100vw, 720px\" width=\"720\" height=\"104\"   \/><\/a><\/li><li><div style=\"margin-left: auto;margin-right: auto;text-align: center;\" id=\"lavra-1915981641\"><a href=\"https:\/\/sistemas.lavras.mg.gov.br\/portalcidadao\/#df1b1a7c7b2a290bcb31e32771e610784662739a88807c0dacac58ede5f391a7530e299dc302d611ee73cb143fc22eaf93592e53e7b5bdb01b00a0b8d28dae460c141dd2ff83412e4dc1c31b16b25f33144a9e5620ea73b13f5bc1c59411d98439ad226e8af03840603796067d87afe130812cf3de24982d0e306f9e61e764e5\" aria-label=\"Banner_Educa\u00e7\u00e3o_PortallavrasTV\"><img src=\"https:\/\/lavras.tv\/site\/wp-content\/uploads\/2025\/01\/Banner_Educacao_PortallavrasTV.png\" alt=\"\"  srcset=\"https:\/\/lavras.tv\/site\/wp-content\/uploads\/2025\/01\/Banner_Educacao_PortallavrasTV.png 720w, https:\/\/lavras.tv\/site\/wp-content\/uploads\/2025\/01\/Banner_Educacao_PortallavrasTV-470x68.png 470w, https:\/\/lavras.tv\/site\/wp-content\/uploads\/2025\/01\/Banner_Educacao_PortallavrasTV-170x25.png 170w, https:\/\/lavras.tv\/site\/wp-content\/uploads\/2025\/01\/Banner_Educacao_PortallavrasTV-200x29.png 200w\" sizes=\"(max-width: 720px) 100vw, 720px\" width=\"720\" height=\"104\"  style=\"display: inline-block;\" \/><\/a><\/div><\/li><li><a href=\"https:\/\/sistemas.lavras.mg.gov.br\/portalcidadao\/#df1b1a7c7b2a290bcb31e32771e610784662739a88807c0dacac58ede5f391a7530e299dc302d611ee73cb143fc22eaf93592e53e7b5bdb01b00a0b8d28dae460c141dd2ff83412e4dc1c31b16b25f33144a9e5620ea73b13f5bc1c59411d98439ad226e8af03840603796067d87afe130812cf3de24982d0e306f9e61e764e5\" aria-label=\"Banner_Sa\u00fade_PortallavrasTV\"><img src=\"https:\/\/lavras.tv\/site\/wp-content\/uploads\/2025\/03\/Banner_Saude_PortallavrasTV.png\" alt=\"\"  srcset=\"https:\/\/lavras.tv\/site\/wp-content\/uploads\/2025\/03\/Banner_Saude_PortallavrasTV.png 720w, https:\/\/lavras.tv\/site\/wp-content\/uploads\/2025\/03\/Banner_Saude_PortallavrasTV-470x68.png 470w, https:\/\/lavras.tv\/site\/wp-content\/uploads\/2025\/03\/Banner_Saude_PortallavrasTV-170x25.png 170w, https:\/\/lavras.tv\/site\/wp-content\/uploads\/2025\/03\/Banner_Saude_PortallavrasTV-200x29.png 200w\" sizes=\"(max-width: 720px) 100vw, 720px\" width=\"720\" height=\"104\"   \/><\/a><\/li><li><div id=\"lavra-4120006278\" style=\"width:720px;height:104px;background-color:#ddd;overflow:scroll;\">\n\t<strong>Sa\u00edda da depura\u00e7\u00e3o de an\u00fancios<\/strong>\n\t<br><br>\n\tO an\u00fancio n\u00e3o \u00e9 exibido na p\u00e1gina<br><br>post atual: Cruzeiro vence o Am\u00e9rica de Te\u00f3filo Otoni fora de casa e segue na cola do Atl\u00e9tico, ID: 7063<br><br><span style=\"color: red;\">O post atual n\u00e3o \u00e9 id\u00eantico ao post principal.<\/span><br><br>An\u00fancios: ROXO - TOPO INTERNA - ROTATIVO 2 (197)<br \/>Grupo de an\u00fancios: Princ_Meio01_720x104 (27)<br><br>Condi\u00e7\u00f5es de exibi\u00e7\u00e3o<div style=\"margin-bottom: 20px; white-space: pre-wrap; font-family: monospace; width: 100%; background: #ffe9e9;\"><strong>condi\u00e7\u00f5es gerais<\/strong><table border=\"1\"><thead><tr><th><\/th><th>An\u00fancios<\/th><th>wp_the_query<\/th><\/tr><\/thead><tr><td>is_main_query<\/td><td>1<\/td><td>1<\/td><\/tr><tr><td>is_rest_api<\/td><td>0<\/td><td>1<\/td><\/tr><tr><td>page<\/td><td>0<\/td><td>1<\/td><\/tr><tr><td>numpages<\/td><td>0<\/td><td>1<\/td><\/tr><tr><td>is_archive<\/td><td>1<\/td><td><\/td><\/tr><tr><td>is_search<\/td><td>1<\/td><td><\/td><\/tr><tr><td>is_home<\/td><td>1<\/td><td><\/td><\/tr><tr><td>is_404<\/td><td>1<\/td><td><\/td><\/tr><tr><td>is_attachment<\/td><td>1<\/td><td><\/td><\/tr><tr><td>is_singular<\/td><td>1<\/td><td><\/td><\/tr><tr><td>is_front_page<\/td><td>1<\/td><td><\/td><\/tr><tr><td>is_feed<\/td><td>1<\/td><td><\/td><\/tr><\/table><\/div><br><br><span style=\"color: red;\">Seu site usa HTTPS, mas o c\u00f3digo do an\u00fancio cont\u00e9m HTTP e pode n\u00e3o funcionar.<\/span>\t<br><br>\n\t<a style=\"color: green;\" href=\"https:\/\/wpadvancedads.com\/manual\/ad-debug-mode\/?utm_source=advanced-ads&utm_medium=link&utm_campaign=ad-debug-mode\" target=\"_blank\" rel=\"nofollow\">Encontre solu\u00e7\u00f5es no manual<\/a>\n<\/div>\n<\/li><\/ul><\/div><script>( window.advanced_ads_ready || jQuery( document ).ready ).call( null, function() {var $lavraslider3725807896 = jQuery( \".lavra-slider-3725807896\" );$lavraslider3725807896.on( \"unslider.ready\", function() { jQuery( \"div.custom-slider ul li\" ).css( \"display\", \"block\" ); });$lavraslider3725807896.unslider({ delay:4000, autoplay:true, nav:false, arrows:false, infinite:true });$lavraslider3725807896.on(\"mouseover\", function() {$lavraslider3725807896.unslider(\"stop\");}).on(\"mouseout\", function() {$lavraslider3725807896.unslider(\"start\");});});<\/script><\/div><p>O Cruzeiro cumpriu seu papel e passou sem dificuldades pelo lanterna do Campeonato Mineiro. Mesmo jogando na casa do advers\u00e1rio e sob um forte calor, o time de Mano Menezes dominou completamente o Am\u00e9rica de Te\u00f3filo Otoni, neste domingo, no Est\u00e1dio Nassri Mattar, vencendo por 1 a 0. O gol da vit\u00f3ria foi marcado por Alisson, ap\u00f3s bom cruzamento de Rafael S\u00f3bis.<\/p>\n<p><img fetchpriority=\"high\" decoding=\"async\" class=\"size-full wp-image-7064 aligncenter\" src=\"http:\/\/lavras.tv\/site\/wp-content\/uploads\/2017\/03\/cruzeiro.jpg\" alt=\"cruzeiro\" width=\"600\" height=\"300\" \/><\/p>\n<p>Com o resultado, a Raposa chegou aos 16 pontos e segue na cola do arquirrival Atl\u00e9tico, que soma 18. J\u00e1 o Am\u00e9rica segue amargando a \u00faltima posi\u00e7\u00e3o na tabela do Estadual, com apenas dois pontos.<\/p>\n<p>O pr\u00f3ximo compromisso do time celeste pelo Mineiro ser\u00e1 no domingo que vem, diante do Am\u00e9rica, que briga por um lugar entre quatro primeiros. J\u00e1 o Drag\u00e3o tem um dif\u00edcil compromisso contra a URT, em Patos.<\/p>\n<p><strong>O jogo<\/strong><\/p>\n<p>Logo no primeiro minuto o Cruzeiro mostrou seu cart\u00e3o de visitas. Diogo Barbosa recebeu na esquerda e cruzou para Alisson. Sozinho, o atacante pegou de primeira, com for\u00e7a, mas a bola passou por cima do gol de Marcelo Carn\u00e9.<\/p>\n<p>Aos 11, ap\u00f3s boa trama ofensiva, Robinho recebeu livre na direita e cruzou na medida para Rafael S\u00f3bis, que matou no peito e finalizou bem. A bola bateu na defesa e saiu pela linha de fundo.<\/p>\n<p>Por causa do forte calor, o ritmo das duas equipes caiu a partir da metade do primeiro tempo. Ainda assim, o Cruzeiro continuava em cima dos donos da casa, que tentavam se fechar como podiam.<\/p>\n<p>Aos 30, finalmente saiu o primeiro gol celeste. Rafael S\u00f3bis recebeu na direita, aplicou um belo drible no marcador e cruzou de esquerda. Alisson apareceu com velocidade e pegou de primeira, marcando um belo gol em Te\u00f3filo Otoni.<\/p>\n<p>O Am\u00e9rica-TO voltou dos vesti\u00e1rios com duas altera\u00e7\u00f5es e tentando sair um pouco mais para o jogo. Apesar disso, o Cruzeiro seguia dominando o jogo. Aos 11, quase saiu o segundo gol. Arrascaeta carregou na entrada da \u00e1rea e tocou para Robinho, que, sem espa\u00e7o, rolou para Henrique. O volante arriscou de longe, exigindo boa defesa de Marcelo Carn\u00e9.<\/p>\n<p>Aos 22, Alisson recebeu na esquerda, trouxe para o meio e bateu colocado, mas a bola subiu muito. Pouco depois, Rafael S\u00f3bis encontrou Arrascaeta sozinho na \u00e1rea, mas o uruguaio n\u00e3o pegou bem e facilitou a defesa do goleiro americano.<\/p>\n<p>Mesmo amea\u00e7ando pouqu\u00edssimo, o Am\u00e9rica quase empatou aos 28. Geovane aplicou uma linda caneta em Caicedo, invadiu a \u00e1rea pela direita e chutou forte. Rafael apareceu bem e mandou para escanteio.<\/p>\n<p><strong>Am\u00e9rica-TO 0 x 1 Cruzeiro<\/strong><\/p>\n<p>Local: Est\u00e1dio Nassri Mattar, em Te\u00f3filo Otoni (MG)<br \/>\nData: 5 de mar\u00e7o de 2017<br \/>\n\u00c1rbitro: Ricardo Marques Ribeiro (FIFA)<br \/>\nAssistentes: Guilherme Dias Camilo (FIFA) e Marcos Vinicius Gomes (CBF)<br \/>\nGols: Alisson, aos 30 minutos do 1\u00baT<br \/>\nAm\u00e9rica-TO: Marcelo Carn\u00e9; Gleisinho, Vinicius Ga\u00facho, Diego Rosa e Bruno Barros; Kalu, Matheus Gonzaga (Vitinho), Geovane e Leandro Cruz (Edinho); Pedrinho e Som\u00e1lia (Rog\u00e9lio \u00c1vila). T\u00e9cnico: Marcelo Buarque<br \/>\nCruzeiro: Rafael; Ezequiel, Caicedo, Manoel e Diogo Barbosa; Henrique, Lucas Silva (Ariel Cabral), Robinho e Arrascaeta (Thiago Neves); Rafael S\u00f3bis e Alisson (Ram\u00f3n \u00c1bila). T\u00e9cnico: Mano Menezes<\/p>\n<p>&nbsp;<\/p>\n<p>Fonte: Itatiaia<\/p>\n","protected":false},"excerpt":{"rendered":"<p>O Cruzeiro cumpriu seu papel e passou sem dificuldades pelo lanterna do Campeonato Mineiro. Mesmo jogando na casa do advers\u00e1rio e sob um forte calor, o time de Mano Menezes dominou completamente o Am\u00e9rica de Te\u00f3filo Otoni, neste domingo, no Est\u00e1dio Nassri Mattar, vencendo por 1 a 0. O gol da vit\u00f3ria foi marcado por [&hellip;]<\/p>\n","protected":false},"author":2,"featured_media":7064,"comment_status":"closed","ping_status":"open","sticky":false,"template":"","format":"standard","meta":{"advgb_blocks_editor_width":"","advgb_blocks_columns_visual_guide":"","_exactmetrics_skip_tracking":false,"_exactmetrics_sitenote_active":false,"_exactmetrics_sitenote_note":"","_exactmetrics_sitenote_category":0,"footnotes":""},"categories":[3],"tags":[2843,908,966,1036],"class_list":["post-7063","post","type-post","status-publish","format-standard","has-post-thumbnail","hentry","category-esportes","tag-campeonato-mineiro","tag-cruzeiro","tag-esporte","tag-futebol"],"better_featured_image":{"id":7064,"alt_text":"","caption":"","description":"","media_type":"image","media_details":{"width":438,"height":292,"file":"2017\/03\/cruzeiro-e1488799339514.jpg","sizes":{"thumbnail":{"file":"cruzeiro-e1488799339514-150x100.jpg","width":150,"height":100,"mime-type":"image\/jpeg","source_url":"https:\/\/lavras.tv\/site\/wp-content\/uploads\/2017\/03\/cruzeiro-e1488799339514-150x100.jpg"},"medium":{"file":"cruzeiro-e1488799339514-300x200.jpg","width":300,"height":200,"mime-type":"image\/jpeg","source_url":"https:\/\/lavras.tv\/site\/wp-content\/uploads\/2017\/03\/cruzeiro-e1488799339514-300x200.jpg"},"featured-post-img":{"file":"cruzeiro-480x300.jpg","width":480,"height":300,"mime-type":"image\/jpeg","source_url":"https:\/\/lavras.tv\/site\/wp-content\/uploads\/2017\/03\/cruzeiro-480x300.jpg"},"sow-carousel-default":{"file":"cruzeiro-e1488799339514-272x182.jpg","width":272,"height":182,"mime-type":"image\/jpeg","source_url":"https:\/\/lavras.tv\/site\/wp-content\/uploads\/2017\/03\/cruzeiro-e1488799339514-272x182.jpg"}},"image_meta":{"aperture":"0","credit":"","camera":"","caption":"","created_timestamp":"0","copyright":"","focal_length":"0","iso":"0","shutter_speed":"0","title":"","orientation":"0","keywords":[]}},"post":7063,"source_url":"https:\/\/lavras.tv\/site\/wp-content\/uploads\/2017\/03\/cruzeiro-e1488799339514.jpg"},"author_meta":{"display_name":"Lavras TV","author_link":"https:\/\/lavras.tv\/site\/author\/lavrastv\/"},"featured_img":"https:\/\/lavras.tv\/site\/wp-content\/uploads\/2017\/03\/cruzeiro-e1488799339514-300x200.jpg","coauthors":[],"tax_additional":{"categories":{"linked":["<a href=\"https:\/\/lavras.tv\/site\/category\/esportes\/\" class=\"advgb-post-tax-term\">Esportes<\/a>"],"unlinked":["<span class=\"advgb-post-tax-term\">Esportes<\/span>"]},"tags":{"linked":["<a href=\"https:\/\/lavras.tv\/site\/category\/esportes\/\" class=\"advgb-post-tax-term\">campeonato mineiro<\/a>","<a href=\"https:\/\/lavras.tv\/site\/category\/esportes\/\" class=\"advgb-post-tax-term\">cruzeiro<\/a>","<a href=\"https:\/\/lavras.tv\/site\/category\/esportes\/\" class=\"advgb-post-tax-term\">esporte<\/a>","<a href=\"https:\/\/lavras.tv\/site\/category\/esportes\/\" class=\"advgb-post-tax-term\">futebol<\/a>"],"unlinked":["<span class=\"advgb-post-tax-term\">campeonato mineiro<\/span>","<span class=\"advgb-post-tax-term\">cruzeiro<\/span>","<span class=\"advgb-post-tax-term\">esporte<\/span>","<span class=\"advgb-post-tax-term\">futebol<\/span>"]}},"comment_count":"0","relative_dates":{"created":"Publicado 9 anos atr\u00e1s","modified":"Atualizado 9 anos atr\u00e1s"},"absolute_dates":{"created":"Publicado em 6 de mar\u00e7o de 2017","modified":"Atualizado em 6 de mar\u00e7o de 2017"},"absolute_dates_time":{"created":"Publicado em 6 de mar\u00e7o de 2017 08:23","modified":"Atualizado em 6 de mar\u00e7o de 2017 08:23"},"featured_img_caption":"","series_order":"","_links":{"self":[{"href":"https:\/\/lavras.tv\/site\/wp-json\/wp\/v2\/posts\/7063","targetHints":{"allow":["GET"]}}],"collection":[{"href":"https:\/\/lavras.tv\/site\/wp-json\/wp\/v2\/posts"}],"about":[{"href":"https:\/\/lavras.tv\/site\/wp-json\/wp\/v2\/types\/post"}],"author":[{"embeddable":true,"href":"https:\/\/lavras.tv\/site\/wp-json\/wp\/v2\/users\/2"}],"replies":[{"embeddable":true,"href":"https:\/\/lavras.tv\/site\/wp-json\/wp\/v2\/comments?post=7063"}],"version-history":[{"count":1,"href":"https:\/\/lavras.tv\/site\/wp-json\/wp\/v2\/posts\/7063\/revisions"}],"predecessor-version":[{"id":7065,"href":"https:\/\/lavras.tv\/site\/wp-json\/wp\/v2\/posts\/7063\/revisions\/7065"}],"wp:featuredmedia":[{"embeddable":true,"href":"https:\/\/lavras.tv\/site\/wp-json\/wp\/v2\/media\/7064"}],"wp:attachment":[{"href":"https:\/\/lavras.tv\/site\/wp-json\/wp\/v2\/media?parent=7063"}],"wp:term":[{"taxonomy":"category","embeddable":true,"href":"https:\/\/lavras.tv\/site\/wp-json\/wp\/v2\/categories?post=7063"},{"taxonomy":"post_tag","embeddable":true,"href":"https:\/\/lavras.tv\/site\/wp-json\/wp\/v2\/tags?post=7063"}],"curies":[{"name":"wp","href":"https:\/\/api.w.org\/{rel}","templated":true}]}}