{"id":7066,"date":"2017-03-06T08:29:33","date_gmt":"2017-03-06T11:29:33","guid":{"rendered":"http:\/\/lavras.tv\/site\/?p=7066"},"modified":"2017-03-06T08:29:33","modified_gmt":"2017-03-06T11:29:33","slug":"apos-12-dias-de-folga-camara-retoma-discussoes-sobre-reformas-trabalhista-e-da-previdencia","status":"publish","type":"post","link":"https:\/\/lavras.tv\/site\/2017\/03\/06\/apos-12-dias-de-folga-camara-retoma-discussoes-sobre-reformas-trabalhista-e-da-previdencia\/","title":{"rendered":"Ap\u00f3s 12 dias de folga, C\u00e2mara retoma discuss\u00f5es sobre reformas trabalhista e da Previd\u00eancia"},"content":{"rendered":"<div class=\"lavra-antes-do-conteudo_2\" id=\"lavra-493407013\"><div id=\"lavra-slider-27\" class=\"custom-slider lavra-slider-1481615823 lavra-slider\"><ul><li><div style=\"margin-left: auto;margin-right: auto;text-align: center;\" id=\"lavra-2089804860\"><a href=\"https:\/\/sistemas.lavras.mg.gov.br\/portalcidadao\/#df1b1a7c7b2a290bcb31e32771e610784662739a88807c0dacac58ede5f391a7530e299dc302d611ee73cb143fc22eaf93592e53e7b5bdb01b00a0b8d28dae460c141dd2ff83412e4dc1c31b16b25f33144a9e5620ea73b13f5bc1c59411d98439ad226e8af03840603796067d87afe130812cf3de24982d0e306f9e61e764e5\" aria-label=\"Lavras-TV&#8211;720x104px (1) (1)\"><img src=\"https:\/\/lavras.tv\/site\/wp-content\/uploads\/2025\/01\/Lavras-TV-720x104px-1-1.png\" alt=\"\"  srcset=\"https:\/\/lavras.tv\/site\/wp-content\/uploads\/2025\/01\/Lavras-TV-720x104px-1-1.png 720w, https:\/\/lavras.tv\/site\/wp-content\/uploads\/2025\/01\/Lavras-TV-720x104px-1-1-470x68.png 470w, https:\/\/lavras.tv\/site\/wp-content\/uploads\/2025\/01\/Lavras-TV-720x104px-1-1-170x25.png 170w, https:\/\/lavras.tv\/site\/wp-content\/uploads\/2025\/01\/Lavras-TV-720x104px-1-1-200x29.png 200w\" sizes=\"(max-width: 720px) 100vw, 720px\" width=\"720\" height=\"104\"  style=\"display: inline-block;\" \/><\/a><\/div><\/li><li><a href=\"https:\/\/sistemas.lavras.mg.gov.br\/portalcidadao\/#df1b1a7c7b2a290bcb31e32771e610784662739a88807c0dacac58ede5f391a7530e299dc302d611ee73cb143fc22eaf93592e53e7b5bdb01b00a0b8d28dae460c141dd2ff83412e4dc1c31b16b25f33144a9e5620ea73b13f5bc1c59411d98439ad226e8af03840603796067d87afe130812cf3de24982d0e306f9e61e764e5\" aria-label=\"Banner_Emprego_PortallavrasTV\"><img src=\"https:\/\/lavras.tv\/site\/wp-content\/uploads\/2025\/03\/Banner_Emprego_PortallavrasTV.png\" alt=\"\"  srcset=\"https:\/\/lavras.tv\/site\/wp-content\/uploads\/2025\/03\/Banner_Emprego_PortallavrasTV.png 720w, https:\/\/lavras.tv\/site\/wp-content\/uploads\/2025\/03\/Banner_Emprego_PortallavrasTV-470x68.png 470w, https:\/\/lavras.tv\/site\/wp-content\/uploads\/2025\/03\/Banner_Emprego_PortallavrasTV-170x25.png 170w, https:\/\/lavras.tv\/site\/wp-content\/uploads\/2025\/03\/Banner_Emprego_PortallavrasTV-200x29.png 200w\" sizes=\"(max-width: 720px) 100vw, 720px\" width=\"720\" height=\"104\"   \/><\/a><\/li><li><a href=\"https:\/\/sistemas.lavras.mg.gov.br\/portalcidadao\/#df1b1a7c7b2a290bcb31e32771e610784662739a88807c0dacac58ede5f391a7530e299dc302d611ee73cb143fc22eaf93592e53e7b5bdb01b00a0b8d28dae460c141dd2ff83412e4dc1c31b16b25f33144a9e5620ea73b13f5bc1c59411d98439ad226e8af03840603796067d87afe130812cf3de24982d0e306f9e61e764e5\" aria-label=\"Banner_Obras_PortallavrasTV\"><img src=\"https:\/\/lavras.tv\/site\/wp-content\/uploads\/2025\/03\/Banner_Obras_PortallavrasTV.png\" alt=\"\"  srcset=\"https:\/\/lavras.tv\/site\/wp-content\/uploads\/2025\/03\/Banner_Obras_PortallavrasTV.png 720w, https:\/\/lavras.tv\/site\/wp-content\/uploads\/2025\/03\/Banner_Obras_PortallavrasTV-470x68.png 470w, https:\/\/lavras.tv\/site\/wp-content\/uploads\/2025\/03\/Banner_Obras_PortallavrasTV-170x25.png 170w, https:\/\/lavras.tv\/site\/wp-content\/uploads\/2025\/03\/Banner_Obras_PortallavrasTV-200x29.png 200w\" sizes=\"(max-width: 720px) 100vw, 720px\" width=\"720\" height=\"104\"   \/><\/a><\/li><li><div style=\"margin-left: auto;margin-right: auto;text-align: center;\" id=\"lavra-352571249\"><a href=\"https:\/\/sistemas.lavras.mg.gov.br\/portalcidadao\/#df1b1a7c7b2a290bcb31e32771e610784662739a88807c0dacac58ede5f391a7530e299dc302d611ee73cb143fc22eaf93592e53e7b5bdb01b00a0b8d28dae460c141dd2ff83412e4dc1c31b16b25f33144a9e5620ea73b13f5bc1c59411d98439ad226e8af03840603796067d87afe130812cf3de24982d0e306f9e61e764e5\" aria-label=\"Banner_Educa\u00e7\u00e3o_PortallavrasTV\"><img src=\"https:\/\/lavras.tv\/site\/wp-content\/uploads\/2025\/01\/Banner_Educacao_PortallavrasTV.png\" alt=\"\"  srcset=\"https:\/\/lavras.tv\/site\/wp-content\/uploads\/2025\/01\/Banner_Educacao_PortallavrasTV.png 720w, https:\/\/lavras.tv\/site\/wp-content\/uploads\/2025\/01\/Banner_Educacao_PortallavrasTV-470x68.png 470w, https:\/\/lavras.tv\/site\/wp-content\/uploads\/2025\/01\/Banner_Educacao_PortallavrasTV-170x25.png 170w, https:\/\/lavras.tv\/site\/wp-content\/uploads\/2025\/01\/Banner_Educacao_PortallavrasTV-200x29.png 200w\" sizes=\"(max-width: 720px) 100vw, 720px\" width=\"720\" height=\"104\"  style=\"display: inline-block;\" \/><\/a><\/div><\/li><li><a href=\"https:\/\/sistemas.lavras.mg.gov.br\/portalcidadao\/#df1b1a7c7b2a290bcb31e32771e610784662739a88807c0dacac58ede5f391a7530e299dc302d611ee73cb143fc22eaf93592e53e7b5bdb01b00a0b8d28dae460c141dd2ff83412e4dc1c31b16b25f33144a9e5620ea73b13f5bc1c59411d98439ad226e8af03840603796067d87afe130812cf3de24982d0e306f9e61e764e5\" aria-label=\"Banner_Sa\u00fade_PortallavrasTV\"><img src=\"https:\/\/lavras.tv\/site\/wp-content\/uploads\/2025\/03\/Banner_Saude_PortallavrasTV.png\" alt=\"\"  srcset=\"https:\/\/lavras.tv\/site\/wp-content\/uploads\/2025\/03\/Banner_Saude_PortallavrasTV.png 720w, https:\/\/lavras.tv\/site\/wp-content\/uploads\/2025\/03\/Banner_Saude_PortallavrasTV-470x68.png 470w, https:\/\/lavras.tv\/site\/wp-content\/uploads\/2025\/03\/Banner_Saude_PortallavrasTV-170x25.png 170w, https:\/\/lavras.tv\/site\/wp-content\/uploads\/2025\/03\/Banner_Saude_PortallavrasTV-200x29.png 200w\" sizes=\"(max-width: 720px) 100vw, 720px\" width=\"720\" height=\"104\"   \/><\/a><\/li><li><div id=\"lavra-248997512\" style=\"width:720px;height:104px;background-color:#ddd;overflow:scroll;\">\n\t<strong>Sa\u00edda da depura\u00e7\u00e3o de an\u00fancios<\/strong>\n\t<br><br>\n\tO an\u00fancio n\u00e3o \u00e9 exibido na p\u00e1gina<br><br>post atual: Ap\u00f3s 12 dias de folga, C\u00e2mara retoma discuss\u00f5es sobre reformas trabalhista e da Previd\u00eancia, ID: 7066<br><br><span style=\"color: red;\">O post atual n\u00e3o \u00e9 id\u00eantico ao post principal.<\/span><br><br>An\u00fancios: ROXO - TOPO INTERNA - ROTATIVO 2 (197)<br \/>Grupo de an\u00fancios: Princ_Meio01_720x104 (27)<br><br>Condi\u00e7\u00f5es de exibi\u00e7\u00e3o<div style=\"margin-bottom: 20px; white-space: pre-wrap; font-family: monospace; width: 100%; background: #ffe9e9;\"><strong>condi\u00e7\u00f5es gerais<\/strong><table border=\"1\"><thead><tr><th><\/th><th>An\u00fancios<\/th><th>wp_the_query<\/th><\/tr><\/thead><tr><td>is_main_query<\/td><td>1<\/td><td>1<\/td><\/tr><tr><td>is_rest_api<\/td><td>0<\/td><td>1<\/td><\/tr><tr><td>page<\/td><td>0<\/td><td>1<\/td><\/tr><tr><td>numpages<\/td><td>0<\/td><td>1<\/td><\/tr><tr><td>is_archive<\/td><td>1<\/td><td><\/td><\/tr><tr><td>is_search<\/td><td>1<\/td><td><\/td><\/tr><tr><td>is_home<\/td><td>1<\/td><td><\/td><\/tr><tr><td>is_404<\/td><td>1<\/td><td><\/td><\/tr><tr><td>is_attachment<\/td><td>1<\/td><td><\/td><\/tr><tr><td>is_singular<\/td><td>1<\/td><td><\/td><\/tr><tr><td>is_front_page<\/td><td>1<\/td><td><\/td><\/tr><tr><td>is_feed<\/td><td>1<\/td><td><\/td><\/tr><\/table><\/div><br><br><span style=\"color: red;\">Seu site usa HTTPS, mas o c\u00f3digo do an\u00fancio cont\u00e9m HTTP e pode n\u00e3o funcionar.<\/span>\t<br><br>\n\t<a style=\"color: green;\" href=\"https:\/\/wpadvancedads.com\/manual\/ad-debug-mode\/?utm_source=advanced-ads&utm_medium=link&utm_campaign=ad-debug-mode\" target=\"_blank\" rel=\"nofollow\">Encontre solu\u00e7\u00f5es no manual<\/a>\n<\/div>\n<\/li><\/ul><\/div><script>( window.advanced_ads_ready || jQuery( document ).ready ).call( null, function() {var $lavraslider1481615823 = jQuery( \".lavra-slider-1481615823\" );$lavraslider1481615823.on( \"unslider.ready\", function() { jQuery( \"div.custom-slider ul li\" ).css( \"display\", \"block\" ); });$lavraslider1481615823.unslider({ delay:4000, autoplay:true, nav:false, arrows:false, infinite:true });$lavraslider1481615823.on(\"mouseover\", function() {$lavraslider1481615823.unslider(\"stop\");}).on(\"mouseout\", function() {$lavraslider1481615823.unslider(\"start\");});});<\/script><\/div><p>Ap\u00f3s o feriado do carnaval, a C\u00e2mara dos Deputados retoma os trabalhos com discuss\u00f5es sobre as reformas trabalhista e da Previd\u00eancia. Em audi\u00eancias p\u00fablicas nesta semana, deputados e convidados debater\u00e3o as mudan\u00e7as propostas pelo governo para essas duas \u00e1reas.\u00a0Ao todo, os parlamentares ficaram 12 dias de folga. A \u00faltima sess\u00e3o deliberativa da C\u00e2mara aconteceu na quarta-feira da semana passada.<\/p>\n<p><img fetchpriority=\"high\" decoding=\"async\" class=\"size-full wp-image-6978 aligncenter\" src=\"http:\/\/lavras.tv\/site\/wp-content\/uploads\/2017\/03\/depuados.jpg\" alt=\"depuados\" width=\"956\" height=\"500\" srcset=\"https:\/\/lavras.tv\/site\/wp-content\/uploads\/2017\/03\/depuados.jpg 956w, https:\/\/lavras.tv\/site\/wp-content\/uploads\/2017\/03\/depuados-150x78.jpg 150w, https:\/\/lavras.tv\/site\/wp-content\/uploads\/2017\/03\/depuados-300x157.jpg 300w\" sizes=\"(max-width: 956px) 100vw, 956px\" \/><\/p>\n<p>A Comiss\u00e3o Especial da Reforma da Previd\u00eancia, que analisa e discute o m\u00e9rito da Proposta de Emenda Constitucional (PEC) 287, far\u00e1 tr\u00eas audi\u00eancias p\u00fablicas ao longo da semana. Na ter\u00e7a-feira (7), ser\u00e3o discutidas as aposentadorias de profissionais envolvidos em atividades de risco, como os policiais.<\/p>\n<p>Na quarta (8), ser\u00e1 a vez dos professores e dos trabalhadores que atuam em atividades que prejudicam a sa\u00fade. Na quinta (9), a discuss\u00e3o ser\u00e1 sobre as novas regras de aposentadoria para servidores p\u00fablicos.<\/p>\n<p>A primeira audi\u00eancia da comiss\u00e3o especial, no dia 15 de fevereiro, teve participa\u00e7\u00e3o do ministro-chefe da Casa Civil, Eliseu Padilha, e do secret\u00e1rio nacional da Previd\u00eancia Social, Marcelo Caetano, que apresentaram detalhes da proposta do governo. Outra audi\u00eancia debateu com t\u00e9cnicos do governo e representantes dos servidores o Regime Pr\u00f3prio de Previd\u00eancia Social a que est\u00e1 submetido o funcionalismo p\u00fablico.<\/p>\n<p>A PEC 287 foi enviada \u00e0 C\u00e2mara no fim do ano passado pelo governo e prev\u00ea idade m\u00ednima de 65 anos para homens e mulheres se aposentarem. O tempo m\u00ednimo de contribui\u00e7\u00e3o deve subir de 15 anos para 25 anos. Pelo novo modelo, para se aposentar com acesso ao benef\u00edcio integral ser\u00e1 necess\u00e1rio contribuir ao longo de 49 anos.<\/p>\n<p>Na sexta-feira (3), o presidente da C\u00e2mara dos Deputados, Rodrigo Maia (DEM-RJ), disse que a expectativa \u00e9 que a reforma da Previd\u00eancia seja aprovada no plen\u00e1rio da C\u00e2mara na segunda quinzena de abril. Ele defendeu a aprova\u00e7\u00e3o sem flexibiliza\u00e7\u00e3o da proposta enviada pelo governo ao Congresso.<\/p>\n<p><strong>Reforma Trabalhista<\/strong><\/p>\n<p>J\u00e1 a Comiss\u00e3o Especial da Reforma Trabalhista, que analisa as mudan\u00e7as propostas no Projeto de Lei do Executivo 6.788\/16, realizar\u00e1 duas audi\u00eancias p\u00fablicas esta semana. Na quarta-feira (8), a reforma trabalhista ser\u00e1 debatida com as confedera\u00e7\u00f5es patronais. Na quinta-feira (9), o tema ser\u00e1 direito do trabalho urbano.<\/p>\n<p>A comiss\u00e3o especial j\u00e1 debateu a reforma em outras duas audi\u00eancias. O projeto de lei altera as regras da Consolida\u00e7\u00e3o das Leis do Trabalho (CLT) e outros dispositivos. Tamb\u00e9m possibilita que, nas negocia\u00e7\u00f5es entre patr\u00e3o e empregado, os acordos coletivos tenham mais valor do que o previsto na legisla\u00e7\u00e3o, permitindo, entre outros pontos, o parcelamento de f\u00e9rias e mudan\u00e7as na jornada de trabalho.<\/p>\n<p>Fonte: Itatiaia<\/p>\n","protected":false},"excerpt":{"rendered":"<p>Ap\u00f3s o feriado do carnaval, a C\u00e2mara dos Deputados retoma os trabalhos com discuss\u00f5es sobre as reformas trabalhista e da Previd\u00eancia. Em audi\u00eancias p\u00fablicas nesta semana, deputados e convidados debater\u00e3o as mudan\u00e7as propostas pelo governo para essas duas \u00e1reas.\u00a0Ao todo, os parlamentares ficaram 12 dias de folga. A \u00faltima sess\u00e3o deliberativa da C\u00e2mara aconteceu na [&hellip;]<\/p>\n","protected":false},"author":2,"featured_media":6978,"comment_status":"closed","ping_status":"open","sticky":false,"template":"","format":"standard","meta":{"advgb_blocks_editor_width":"","advgb_blocks_columns_visual_guide":"","_exactmetrics_skip_tracking":false,"_exactmetrics_sitenote_active":false,"_exactmetrics_sitenote_note":"","_exactmetrics_sitenote_category":0,"footnotes":""},"categories":[12],"tags":[2844,677,2717,2845],"class_list":["post-7066","post","type-post","status-publish","format-standard","has-post-thumbnail","hentry","category-politica","tag-12-dias","tag-camara-dos-deputados","tag-recesso","tag-volta-ao-trabalho"],"better_featured_image":{"id":6978,"alt_text":"","caption":"","description":"","media_type":"image","media_details":{"width":956,"height":500,"file":"2017\/03\/depuados.jpg","sizes":{"thumbnail":{"file":"depuados-150x78.jpg","width":150,"height":78,"mime-type":"image\/jpeg","source_url":"https:\/\/lavras.tv\/site\/wp-content\/uploads\/2017\/03\/depuados-150x78.jpg"},"medium":{"file":"depuados-300x157.jpg","width":300,"height":157,"mime-type":"image\/jpeg","source_url":"https:\/\/lavras.tv\/site\/wp-content\/uploads\/2017\/03\/depuados-300x157.jpg"},"featured-slider-img":{"file":"depuados-640x480.jpg","width":640,"height":480,"mime-type":"image\/jpeg","source_url":"https:\/\/lavras.tv\/site\/wp-content\/uploads\/2017\/03\/depuados-640x480.jpg"},"featured-post-img":{"file":"depuados-480x320.jpg","width":480,"height":320,"mime-type":"image\/jpeg","source_url":"https:\/\/lavras.tv\/site\/wp-content\/uploads\/2017\/03\/depuados-480x320.jpg"},"sow-carousel-default":{"file":"depuados-272x182.jpg","width":272,"height":182,"mime-type":"image\/jpeg","source_url":"https:\/\/lavras.tv\/site\/wp-content\/uploads\/2017\/03\/depuados-272x182.jpg"}},"image_meta":{"aperture":"0","credit":"","camera":"","caption":"","created_timestamp":"0","copyright":"","focal_length":"0","iso":"0","shutter_speed":"0","title":"","orientation":"0","keywords":[]}},"post":6977,"source_url":"https:\/\/lavras.tv\/site\/wp-content\/uploads\/2017\/03\/depuados.jpg"},"author_meta":{"display_name":"Lavras TV","author_link":"https:\/\/lavras.tv\/site\/author\/lavrastv\/"},"featured_img":"https:\/\/lavras.tv\/site\/wp-content\/uploads\/2017\/03\/depuados-300x157.jpg","coauthors":[],"tax_additional":{"categories":{"linked":["<a href=\"https:\/\/lavras.tv\/site\/category\/politica\/\" class=\"advgb-post-tax-term\">Pol\u00edtica<\/a>"],"unlinked":["<span class=\"advgb-post-tax-term\">Pol\u00edtica<\/span>"]},"tags":{"linked":["<a href=\"https:\/\/lavras.tv\/site\/category\/politica\/\" class=\"advgb-post-tax-term\">12 dias<\/a>","<a href=\"https:\/\/lavras.tv\/site\/category\/politica\/\" class=\"advgb-post-tax-term\">c\u00e2mara dos deputados<\/a>","<a href=\"https:\/\/lavras.tv\/site\/category\/politica\/\" class=\"advgb-post-tax-term\">recesso<\/a>","<a href=\"https:\/\/lavras.tv\/site\/category\/politica\/\" class=\"advgb-post-tax-term\">volta ao trabalho<\/a>"],"unlinked":["<span class=\"advgb-post-tax-term\">12 dias<\/span>","<span class=\"advgb-post-tax-term\">c\u00e2mara dos deputados<\/span>","<span class=\"advgb-post-tax-term\">recesso<\/span>","<span class=\"advgb-post-tax-term\">volta ao trabalho<\/span>"]}},"comment_count":"0","relative_dates":{"created":"Publicado 9 anos atr\u00e1s","modified":"Atualizado 9 anos atr\u00e1s"},"absolute_dates":{"created":"Publicado em 6 de mar\u00e7o de 2017","modified":"Atualizado em 6 de mar\u00e7o de 2017"},"absolute_dates_time":{"created":"Publicado em 6 de mar\u00e7o de 2017 08:29","modified":"Atualizado em 6 de mar\u00e7o de 2017 08:29"},"featured_img_caption":"","series_order":"","_links":{"self":[{"href":"https:\/\/lavras.tv\/site\/wp-json\/wp\/v2\/posts\/7066","targetHints":{"allow":["GET"]}}],"collection":[{"href":"https:\/\/lavras.tv\/site\/wp-json\/wp\/v2\/posts"}],"about":[{"href":"https:\/\/lavras.tv\/site\/wp-json\/wp\/v2\/types\/post"}],"author":[{"embeddable":true,"href":"https:\/\/lavras.tv\/site\/wp-json\/wp\/v2\/users\/2"}],"replies":[{"embeddable":true,"href":"https:\/\/lavras.tv\/site\/wp-json\/wp\/v2\/comments?post=7066"}],"version-history":[{"count":1,"href":"https:\/\/lavras.tv\/site\/wp-json\/wp\/v2\/posts\/7066\/revisions"}],"predecessor-version":[{"id":7067,"href":"https:\/\/lavras.tv\/site\/wp-json\/wp\/v2\/posts\/7066\/revisions\/7067"}],"wp:featuredmedia":[{"embeddable":true,"href":"https:\/\/lavras.tv\/site\/wp-json\/wp\/v2\/media\/6978"}],"wp:attachment":[{"href":"https:\/\/lavras.tv\/site\/wp-json\/wp\/v2\/media?parent=7066"}],"wp:term":[{"taxonomy":"category","embeddable":true,"href":"https:\/\/lavras.tv\/site\/wp-json\/wp\/v2\/categories?post=7066"},{"taxonomy":"post_tag","embeddable":true,"href":"https:\/\/lavras.tv\/site\/wp-json\/wp\/v2\/tags?post=7066"}],"curies":[{"name":"wp","href":"https:\/\/api.w.org\/{rel}","templated":true}]}}