{"id":7068,"date":"2017-03-06T08:43:40","date_gmt":"2017-03-06T11:43:40","guid":{"rendered":"http:\/\/lavras.tv\/site\/?p=7068"},"modified":"2017-03-06T08:43:40","modified_gmt":"2017-03-06T11:43:40","slug":"saques-de-contas-inativas-do-fgts-comecam-a-ser-feitos-na-proxima-sexta-feira","status":"publish","type":"post","link":"https:\/\/lavras.tv\/site\/2017\/03\/06\/saques-de-contas-inativas-do-fgts-comecam-a-ser-feitos-na-proxima-sexta-feira\/","title":{"rendered":"Saques de contas inativas do FGTS come\u00e7am a ser feitos na pr\u00f3xima sexta-feira"},"content":{"rendered":"<div class=\"lavra-antes-do-conteudo_2\" id=\"lavra-1928334028\"><div id=\"lavra-slider-27\" class=\"custom-slider lavra-slider-1814791349 lavra-slider\"><ul><li><div style=\"margin-left: auto;margin-right: auto;text-align: center;\" id=\"lavra-4049446466\"><a href=\"https:\/\/sistemas.lavras.mg.gov.br\/portalcidadao\/#df1b1a7c7b2a290bcb31e32771e610784662739a88807c0dacac58ede5f391a7530e299dc302d611ee73cb143fc22eaf93592e53e7b5bdb01b00a0b8d28dae460c141dd2ff83412e4dc1c31b16b25f33144a9e5620ea73b13f5bc1c59411d98439ad226e8af03840603796067d87afe130812cf3de24982d0e306f9e61e764e5\" aria-label=\"Lavras-TV&#8211;720x104px (1) (1)\"><img src=\"https:\/\/lavras.tv\/site\/wp-content\/uploads\/2025\/01\/Lavras-TV-720x104px-1-1.png\" alt=\"\"  srcset=\"https:\/\/lavras.tv\/site\/wp-content\/uploads\/2025\/01\/Lavras-TV-720x104px-1-1.png 720w, https:\/\/lavras.tv\/site\/wp-content\/uploads\/2025\/01\/Lavras-TV-720x104px-1-1-470x68.png 470w, https:\/\/lavras.tv\/site\/wp-content\/uploads\/2025\/01\/Lavras-TV-720x104px-1-1-170x25.png 170w, https:\/\/lavras.tv\/site\/wp-content\/uploads\/2025\/01\/Lavras-TV-720x104px-1-1-200x29.png 200w\" sizes=\"(max-width: 720px) 100vw, 720px\" width=\"720\" height=\"104\"  style=\"display: inline-block;\" \/><\/a><\/div><\/li><li><a href=\"https:\/\/sistemas.lavras.mg.gov.br\/portalcidadao\/#df1b1a7c7b2a290bcb31e32771e610784662739a88807c0dacac58ede5f391a7530e299dc302d611ee73cb143fc22eaf93592e53e7b5bdb01b00a0b8d28dae460c141dd2ff83412e4dc1c31b16b25f33144a9e5620ea73b13f5bc1c59411d98439ad226e8af03840603796067d87afe130812cf3de24982d0e306f9e61e764e5\" aria-label=\"Banner_Emprego_PortallavrasTV\"><img src=\"https:\/\/lavras.tv\/site\/wp-content\/uploads\/2025\/03\/Banner_Emprego_PortallavrasTV.png\" alt=\"\"  srcset=\"https:\/\/lavras.tv\/site\/wp-content\/uploads\/2025\/03\/Banner_Emprego_PortallavrasTV.png 720w, https:\/\/lavras.tv\/site\/wp-content\/uploads\/2025\/03\/Banner_Emprego_PortallavrasTV-470x68.png 470w, https:\/\/lavras.tv\/site\/wp-content\/uploads\/2025\/03\/Banner_Emprego_PortallavrasTV-170x25.png 170w, https:\/\/lavras.tv\/site\/wp-content\/uploads\/2025\/03\/Banner_Emprego_PortallavrasTV-200x29.png 200w\" sizes=\"(max-width: 720px) 100vw, 720px\" width=\"720\" height=\"104\"   \/><\/a><\/li><li><a href=\"https:\/\/sistemas.lavras.mg.gov.br\/portalcidadao\/#df1b1a7c7b2a290bcb31e32771e610784662739a88807c0dacac58ede5f391a7530e299dc302d611ee73cb143fc22eaf93592e53e7b5bdb01b00a0b8d28dae460c141dd2ff83412e4dc1c31b16b25f33144a9e5620ea73b13f5bc1c59411d98439ad226e8af03840603796067d87afe130812cf3de24982d0e306f9e61e764e5\" aria-label=\"Banner_Obras_PortallavrasTV\"><img src=\"https:\/\/lavras.tv\/site\/wp-content\/uploads\/2025\/03\/Banner_Obras_PortallavrasTV.png\" alt=\"\"  srcset=\"https:\/\/lavras.tv\/site\/wp-content\/uploads\/2025\/03\/Banner_Obras_PortallavrasTV.png 720w, https:\/\/lavras.tv\/site\/wp-content\/uploads\/2025\/03\/Banner_Obras_PortallavrasTV-470x68.png 470w, https:\/\/lavras.tv\/site\/wp-content\/uploads\/2025\/03\/Banner_Obras_PortallavrasTV-170x25.png 170w, https:\/\/lavras.tv\/site\/wp-content\/uploads\/2025\/03\/Banner_Obras_PortallavrasTV-200x29.png 200w\" sizes=\"(max-width: 720px) 100vw, 720px\" width=\"720\" height=\"104\"   \/><\/a><\/li><li><div style=\"margin-left: auto;margin-right: auto;text-align: center;\" id=\"lavra-4263313048\"><a href=\"https:\/\/sistemas.lavras.mg.gov.br\/portalcidadao\/#df1b1a7c7b2a290bcb31e32771e610784662739a88807c0dacac58ede5f391a7530e299dc302d611ee73cb143fc22eaf93592e53e7b5bdb01b00a0b8d28dae460c141dd2ff83412e4dc1c31b16b25f33144a9e5620ea73b13f5bc1c59411d98439ad226e8af03840603796067d87afe130812cf3de24982d0e306f9e61e764e5\" aria-label=\"Banner_Educa\u00e7\u00e3o_PortallavrasTV\"><img src=\"https:\/\/lavras.tv\/site\/wp-content\/uploads\/2025\/01\/Banner_Educacao_PortallavrasTV.png\" alt=\"\"  srcset=\"https:\/\/lavras.tv\/site\/wp-content\/uploads\/2025\/01\/Banner_Educacao_PortallavrasTV.png 720w, https:\/\/lavras.tv\/site\/wp-content\/uploads\/2025\/01\/Banner_Educacao_PortallavrasTV-470x68.png 470w, https:\/\/lavras.tv\/site\/wp-content\/uploads\/2025\/01\/Banner_Educacao_PortallavrasTV-170x25.png 170w, https:\/\/lavras.tv\/site\/wp-content\/uploads\/2025\/01\/Banner_Educacao_PortallavrasTV-200x29.png 200w\" sizes=\"(max-width: 720px) 100vw, 720px\" width=\"720\" height=\"104\"  style=\"display: inline-block;\" \/><\/a><\/div><\/li><li><a href=\"https:\/\/sistemas.lavras.mg.gov.br\/portalcidadao\/#df1b1a7c7b2a290bcb31e32771e610784662739a88807c0dacac58ede5f391a7530e299dc302d611ee73cb143fc22eaf93592e53e7b5bdb01b00a0b8d28dae460c141dd2ff83412e4dc1c31b16b25f33144a9e5620ea73b13f5bc1c59411d98439ad226e8af03840603796067d87afe130812cf3de24982d0e306f9e61e764e5\" aria-label=\"Banner_Sa\u00fade_PortallavrasTV\"><img src=\"https:\/\/lavras.tv\/site\/wp-content\/uploads\/2025\/03\/Banner_Saude_PortallavrasTV.png\" alt=\"\"  srcset=\"https:\/\/lavras.tv\/site\/wp-content\/uploads\/2025\/03\/Banner_Saude_PortallavrasTV.png 720w, https:\/\/lavras.tv\/site\/wp-content\/uploads\/2025\/03\/Banner_Saude_PortallavrasTV-470x68.png 470w, https:\/\/lavras.tv\/site\/wp-content\/uploads\/2025\/03\/Banner_Saude_PortallavrasTV-170x25.png 170w, https:\/\/lavras.tv\/site\/wp-content\/uploads\/2025\/03\/Banner_Saude_PortallavrasTV-200x29.png 200w\" sizes=\"(max-width: 720px) 100vw, 720px\" width=\"720\" height=\"104\"   \/><\/a><\/li><li><div id=\"lavra-1389937831\" style=\"width:720px;height:104px;background-color:#ddd;overflow:scroll;\">\n\t<strong>Sa\u00edda da depura\u00e7\u00e3o de an\u00fancios<\/strong>\n\t<br><br>\n\tO an\u00fancio n\u00e3o \u00e9 exibido na p\u00e1gina<br><br>post atual: Saques de contas inativas do FGTS come\u00e7am a ser feitos na pr\u00f3xima sexta-feira, ID: 7068<br><br><span style=\"color: red;\">O post atual n\u00e3o \u00e9 id\u00eantico ao post principal.<\/span><br><br>An\u00fancios: ROXO - TOPO INTERNA - ROTATIVO 2 (197)<br \/>Grupo de an\u00fancios: Princ_Meio01_720x104 (27)<br><br>Condi\u00e7\u00f5es de exibi\u00e7\u00e3o<div style=\"margin-bottom: 20px; white-space: pre-wrap; font-family: monospace; width: 100%; background: #ffe9e9;\"><strong>condi\u00e7\u00f5es gerais<\/strong><table border=\"1\"><thead><tr><th><\/th><th>An\u00fancios<\/th><th>wp_the_query<\/th><\/tr><\/thead><tr><td>is_main_query<\/td><td>1<\/td><td>1<\/td><\/tr><tr><td>is_rest_api<\/td><td>0<\/td><td>1<\/td><\/tr><tr><td>page<\/td><td>0<\/td><td>1<\/td><\/tr><tr><td>numpages<\/td><td>0<\/td><td>1<\/td><\/tr><tr><td>is_archive<\/td><td>1<\/td><td><\/td><\/tr><tr><td>is_search<\/td><td>1<\/td><td><\/td><\/tr><tr><td>is_home<\/td><td>1<\/td><td><\/td><\/tr><tr><td>is_404<\/td><td>1<\/td><td><\/td><\/tr><tr><td>is_attachment<\/td><td>1<\/td><td><\/td><\/tr><tr><td>is_singular<\/td><td>1<\/td><td><\/td><\/tr><tr><td>is_front_page<\/td><td>1<\/td><td><\/td><\/tr><tr><td>is_feed<\/td><td>1<\/td><td><\/td><\/tr><\/table><\/div><br><br><span style=\"color: red;\">Seu site usa HTTPS, mas o c\u00f3digo do an\u00fancio cont\u00e9m HTTP e pode n\u00e3o funcionar.<\/span>\t<br><br>\n\t<a style=\"color: green;\" href=\"https:\/\/wpadvancedads.com\/manual\/ad-debug-mode\/?utm_source=advanced-ads&utm_medium=link&utm_campaign=ad-debug-mode\" target=\"_blank\" rel=\"nofollow\">Encontre solu\u00e7\u00f5es no manual<\/a>\n<\/div>\n<\/li><\/ul><\/div><script>( window.advanced_ads_ready || jQuery( document ).ready ).call( null, function() {var $lavraslider1814791349 = jQuery( \".lavra-slider-1814791349\" );$lavraslider1814791349.on( \"unslider.ready\", function() { jQuery( \"div.custom-slider ul li\" ).css( \"display\", \"block\" ); });$lavraslider1814791349.unslider({ delay:4000, autoplay:true, nav:false, arrows:false, infinite:true });$lavraslider1814791349.on(\"mouseover\", function() {$lavraslider1814791349.unslider(\"stop\");}).on(\"mouseout\", function() {$lavraslider1814791349.unslider(\"start\");});});<\/script><\/div><p>Na pr\u00f3xima sexta-feira (10), mais de 4,8 milh\u00f5es de trabalhadores que t\u00eam contas inativas do Fundo de Garantia do Tempo de Servi\u00e7o (FGTS) e se enquadram nas regras definidas pelo governo poder\u00e3o sacar o valor depositados nessas contas. <!--more-->Segundo a Caixa Econ\u00f4mica Federal, mais de 30,2 milh\u00f5es de trabalhadores t\u00eam direito ao saque do saldo das contas inativas do FGTS.<\/p>\n<p><img decoding=\"async\" class=\"size-full wp-image-7069 aligncenter\" src=\"http:\/\/lavras.tv\/site\/wp-content\/uploads\/2017\/03\/fgts-e1488800227672.jpg\" alt=\"fgts\" width=\"265\" height=\"170\" srcset=\"https:\/\/lavras.tv\/site\/wp-content\/uploads\/2017\/03\/fgts-e1488800227672.jpg 265w, https:\/\/lavras.tv\/site\/wp-content\/uploads\/2017\/03\/fgts-e1488800227672-150x96.jpg 150w\" sizes=\"(max-width: 265px) 100vw, 265px\" \/><\/p>\n<p>De acordo com o cronograma definido pelo banco, os trabalhadores com contas inativas do FGTS e que fazem anivers\u00e1rio nos meses de janeiro e fevereiro poder\u00e3o efetuar o saque entre os dias 10 de mar\u00e7o e 7 de abril. Esse primeiro lote compreender\u00e1 16% do total de pessoas com direito a fazer a retirada. Ao todo, o saldo das contas inativas \u00e9 de R$ 43,6 bilh\u00f5es.<\/p>\n<p>O trabalhador que perder o prazo s\u00f3 poder\u00e1 sacar o valor das contas inativas quando se aposentar, comprar moradia pr\u00f3pria ou se enquadrar nas outras possibilidade de saque previstas nas regras do fundo, entre elas, ser morador de regi\u00e3o afetada por cat\u00e1strofe natural.<\/p>\n<p>Podem sacar o saldo das contas inativas do FGTS os trabalhadores com carteira assinada que, em um ou mais contratos de trabalho, pediram demiss\u00e3o ou foram demitidos por justa causa com o contrato finalizado at\u00e9 31 de dezembro de 2015.<\/p>\n<p>Conforme o calend\u00e1rio de saque definido pela Caixa Econ\u00f4mica Federal, o m\u00eas de abril ter\u00e1 o maior volume de pagamentos, com a possibilidade de saque para os trabalhadores que fazem anivers\u00e1rio nos meses de mar\u00e7o, abril e maio. Ao todo, 26% dos trabalhadores ter\u00e3o o direito de retirar o montante entre os dias 10 de abril e 11 de maio.<\/p>\n<p>Entre 12 de maio e 14 de junho, os cotistas que fazem anivers\u00e1rio nos meses de junho, julho e agosto poder\u00e3o sacar o valor das contas inativas. Segundo a Caixa, o per\u00edodo compreende 25% das pessoas com direito ao benef\u00edcios.<\/p>\n<p>Esse \u00e9 o mesmo percentual dos que poder\u00e3o efetuar o saque das contas inativas entre os dias 16 de junho e 13 de julho, per\u00edodo destinado para os trabalhadores que fazem anivers\u00e1rio em setembro, outubro e novembro.<\/p>\n<p>De 14 a 31 de julho, poder\u00e3o fazer o saque os trabalhadores aniversariantes no m\u00eas de dezembro, que representam 8% do total.<\/p>\n<p><strong>Trabalhadores que morreram<\/strong><\/p>\n<p>Filhos, c\u00f4njuges e dependentes de trabalhadores que j\u00e1 morreram tamb\u00e9m poder\u00e3o sacar os recursos em contas inativas do FGTS. As regras para essas pessoas n\u00e3o mudaram. Para ter acesso aos valores, no entanto, \u00e9 necess\u00e1ria a apresenta\u00e7\u00e3o da carteira de trabalho do titular da conta, al\u00e9m da identidade do sacador.<\/p>\n<p>De acordo com as regras do FGTS, caso a fam\u00edlia n\u00e3o tenha um invent\u00e1rio deixado pelo ente falecido indicando a divis\u00e3o de bens, \u00e9 preciso ir at\u00e9 o Instituto Nacional do Seguro Social (INSS) e solicitar a emiss\u00e3o de uma declara\u00e7\u00e3o de depend\u00eancia econ\u00f4mica e da inexist\u00eancia de dependentes preferenciais.<\/p>\n<p>Tamb\u00e9m \u00e9 necess\u00e1rio apresentar a identidade e o CPF dos filhos do trabalhador que forem menores de idade. Nesse caso, os recursos ser\u00e3o partilhados e depositados na caderneta de poupan\u00e7a desses dependentes, que s\u00f3 poder\u00e3o acess\u00e1-la ap\u00f3s completarem 18 anos.<\/p>\n<p>Fonte: Itatiaia<\/p>\n","protected":false},"excerpt":{"rendered":"<p>Na pr\u00f3xima sexta-feira (10), mais de 4,8 milh\u00f5es de trabalhadores que t\u00eam contas inativas do Fundo de Garantia do Tempo de Servi\u00e7o (FGTS) e se enquadram nas regras definidas pelo governo poder\u00e3o sacar o valor depositados nessas contas.<\/p>\n","protected":false},"author":2,"featured_media":7069,"comment_status":"closed","ping_status":"open","sticky":false,"template":"","format":"standard","meta":{"advgb_blocks_editor_width":"","advgb_blocks_columns_visual_guide":"","_exactmetrics_skip_tracking":false,"_exactmetrics_sitenote_active":false,"_exactmetrics_sitenote_note":"","_exactmetrics_sitenote_category":0,"footnotes":""},"categories":[7,2],"tags":[],"class_list":["post-7068","post","type-post","status-publish","format-standard","has-post-thumbnail","hentry","category-destaques","category-noticias"],"better_featured_image":{"id":7069,"alt_text":"","caption":"","description":"","media_type":"image","media_details":{"width":265,"height":170,"file":"2017\/03\/fgts-e1488800227672.jpg","sizes":{"thumbnail":{"file":"fgts-e1488800227672-150x96.jpg","width":150,"height":96,"mime-type":"image\/jpeg","source_url":"https:\/\/lavras.tv\/site\/wp-content\/uploads\/2017\/03\/fgts-e1488800227672-150x96.jpg"},"sow-carousel-default":{"file":"fgts-272x181.jpg","width":272,"height":181,"mime-type":"image\/jpeg","source_url":"https:\/\/lavras.tv\/site\/wp-content\/uploads\/2017\/03\/fgts-272x181.jpg"}},"image_meta":{"aperture":"0","credit":"","camera":"","caption":"","created_timestamp":"0","copyright":"","focal_length":"0","iso":"0","shutter_speed":"0","title":"","orientation":"0","keywords":[]}},"post":7068,"source_url":"https:\/\/lavras.tv\/site\/wp-content\/uploads\/2017\/03\/fgts-e1488800227672.jpg"},"author_meta":{"display_name":"Lavras TV","author_link":"https:\/\/lavras.tv\/site\/author\/lavrastv\/"},"featured_img":"https:\/\/lavras.tv\/site\/wp-content\/uploads\/2017\/03\/fgts-e1488800227672.jpg","coauthors":[],"tax_additional":{"categories":{"linked":["<a href=\"https:\/\/lavras.tv\/site\/category\/destaques\/\" class=\"advgb-post-tax-term\">Destaques<\/a>","<a href=\"https:\/\/lavras.tv\/site\/category\/noticias\/\" class=\"advgb-post-tax-term\">Not\u00edcias<\/a>"],"unlinked":["<span class=\"advgb-post-tax-term\">Destaques<\/span>","<span class=\"advgb-post-tax-term\">Not\u00edcias<\/span>"]}},"comment_count":"0","relative_dates":{"created":"Publicado 9 anos atr\u00e1s","modified":"Atualizado 9 anos atr\u00e1s"},"absolute_dates":{"created":"Publicado em 6 de mar\u00e7o de 2017","modified":"Atualizado em 6 de mar\u00e7o de 2017"},"absolute_dates_time":{"created":"Publicado em 6 de mar\u00e7o de 2017 08:43","modified":"Atualizado em 6 de mar\u00e7o de 2017 08:43"},"featured_img_caption":"","series_order":"","_links":{"self":[{"href":"https:\/\/lavras.tv\/site\/wp-json\/wp\/v2\/posts\/7068","targetHints":{"allow":["GET"]}}],"collection":[{"href":"https:\/\/lavras.tv\/site\/wp-json\/wp\/v2\/posts"}],"about":[{"href":"https:\/\/lavras.tv\/site\/wp-json\/wp\/v2\/types\/post"}],"author":[{"embeddable":true,"href":"https:\/\/lavras.tv\/site\/wp-json\/wp\/v2\/users\/2"}],"replies":[{"embeddable":true,"href":"https:\/\/lavras.tv\/site\/wp-json\/wp\/v2\/comments?post=7068"}],"version-history":[{"count":1,"href":"https:\/\/lavras.tv\/site\/wp-json\/wp\/v2\/posts\/7068\/revisions"}],"predecessor-version":[{"id":7070,"href":"https:\/\/lavras.tv\/site\/wp-json\/wp\/v2\/posts\/7068\/revisions\/7070"}],"wp:featuredmedia":[{"embeddable":true,"href":"https:\/\/lavras.tv\/site\/wp-json\/wp\/v2\/media\/7069"}],"wp:attachment":[{"href":"https:\/\/lavras.tv\/site\/wp-json\/wp\/v2\/media?parent=7068"}],"wp:term":[{"taxonomy":"category","embeddable":true,"href":"https:\/\/lavras.tv\/site\/wp-json\/wp\/v2\/categories?post=7068"},{"taxonomy":"post_tag","embeddable":true,"href":"https:\/\/lavras.tv\/site\/wp-json\/wp\/v2\/tags?post=7068"}],"curies":[{"name":"wp","href":"https:\/\/api.w.org\/{rel}","templated":true}]}}