{"id":7088,"date":"2017-03-07T08:19:49","date_gmt":"2017-03-07T11:19:49","guid":{"rendered":"http:\/\/lavras.tv\/site\/?p=7088"},"modified":"2017-03-07T08:19:49","modified_gmt":"2017-03-07T11:19:49","slug":"cafeteria-escola-da-ufla-abre-processo-seletivo-para-vivencia-profissional","status":"publish","type":"post","link":"https:\/\/lavras.tv\/site\/2017\/03\/07\/cafeteria-escola-da-ufla-abre-processo-seletivo-para-vivencia-profissional\/","title":{"rendered":"Cafeteria Escola da UFLA abre processo seletivo para viv\u00eancia profissional"},"content":{"rendered":"<div class=\"lavra-antes-do-conteudo_2\" id=\"lavra-883510659\"><div id=\"lavra-slider-27\" class=\"custom-slider lavra-slider-3104583799 lavra-slider\"><ul><li><div style=\"margin-left: auto;margin-right: auto;text-align: center;\" id=\"lavra-1203019738\"><a href=\"https:\/\/sistemas.lavras.mg.gov.br\/portalcidadao\/#df1b1a7c7b2a290bcb31e32771e610784662739a88807c0dacac58ede5f391a7530e299dc302d611ee73cb143fc22eaf93592e53e7b5bdb01b00a0b8d28dae460c141dd2ff83412e4dc1c31b16b25f33144a9e5620ea73b13f5bc1c59411d98439ad226e8af03840603796067d87afe130812cf3de24982d0e306f9e61e764e5\" aria-label=\"Lavras-TV&#8211;720x104px (1) (1)\"><img src=\"https:\/\/lavras.tv\/site\/wp-content\/uploads\/2025\/01\/Lavras-TV-720x104px-1-1.png\" alt=\"\"  srcset=\"https:\/\/lavras.tv\/site\/wp-content\/uploads\/2025\/01\/Lavras-TV-720x104px-1-1.png 720w, https:\/\/lavras.tv\/site\/wp-content\/uploads\/2025\/01\/Lavras-TV-720x104px-1-1-470x68.png 470w, https:\/\/lavras.tv\/site\/wp-content\/uploads\/2025\/01\/Lavras-TV-720x104px-1-1-170x25.png 170w, https:\/\/lavras.tv\/site\/wp-content\/uploads\/2025\/01\/Lavras-TV-720x104px-1-1-200x29.png 200w\" sizes=\"(max-width: 720px) 100vw, 720px\" width=\"720\" height=\"104\"  style=\"display: inline-block;\" \/><\/a><\/div><\/li><li><a href=\"https:\/\/sistemas.lavras.mg.gov.br\/portalcidadao\/#df1b1a7c7b2a290bcb31e32771e610784662739a88807c0dacac58ede5f391a7530e299dc302d611ee73cb143fc22eaf93592e53e7b5bdb01b00a0b8d28dae460c141dd2ff83412e4dc1c31b16b25f33144a9e5620ea73b13f5bc1c59411d98439ad226e8af03840603796067d87afe130812cf3de24982d0e306f9e61e764e5\" aria-label=\"Banner_Emprego_PortallavrasTV\"><img src=\"https:\/\/lavras.tv\/site\/wp-content\/uploads\/2025\/03\/Banner_Emprego_PortallavrasTV.png\" alt=\"\"  srcset=\"https:\/\/lavras.tv\/site\/wp-content\/uploads\/2025\/03\/Banner_Emprego_PortallavrasTV.png 720w, https:\/\/lavras.tv\/site\/wp-content\/uploads\/2025\/03\/Banner_Emprego_PortallavrasTV-470x68.png 470w, https:\/\/lavras.tv\/site\/wp-content\/uploads\/2025\/03\/Banner_Emprego_PortallavrasTV-170x25.png 170w, https:\/\/lavras.tv\/site\/wp-content\/uploads\/2025\/03\/Banner_Emprego_PortallavrasTV-200x29.png 200w\" sizes=\"(max-width: 720px) 100vw, 720px\" width=\"720\" height=\"104\"   \/><\/a><\/li><li><a href=\"https:\/\/sistemas.lavras.mg.gov.br\/portalcidadao\/#df1b1a7c7b2a290bcb31e32771e610784662739a88807c0dacac58ede5f391a7530e299dc302d611ee73cb143fc22eaf93592e53e7b5bdb01b00a0b8d28dae460c141dd2ff83412e4dc1c31b16b25f33144a9e5620ea73b13f5bc1c59411d98439ad226e8af03840603796067d87afe130812cf3de24982d0e306f9e61e764e5\" aria-label=\"Banner_Obras_PortallavrasTV\"><img src=\"https:\/\/lavras.tv\/site\/wp-content\/uploads\/2025\/03\/Banner_Obras_PortallavrasTV.png\" alt=\"\"  srcset=\"https:\/\/lavras.tv\/site\/wp-content\/uploads\/2025\/03\/Banner_Obras_PortallavrasTV.png 720w, https:\/\/lavras.tv\/site\/wp-content\/uploads\/2025\/03\/Banner_Obras_PortallavrasTV-470x68.png 470w, https:\/\/lavras.tv\/site\/wp-content\/uploads\/2025\/03\/Banner_Obras_PortallavrasTV-170x25.png 170w, https:\/\/lavras.tv\/site\/wp-content\/uploads\/2025\/03\/Banner_Obras_PortallavrasTV-200x29.png 200w\" sizes=\"(max-width: 720px) 100vw, 720px\" width=\"720\" height=\"104\"   \/><\/a><\/li><li><div style=\"margin-left: auto;margin-right: auto;text-align: center;\" id=\"lavra-640641276\"><a href=\"https:\/\/sistemas.lavras.mg.gov.br\/portalcidadao\/#df1b1a7c7b2a290bcb31e32771e610784662739a88807c0dacac58ede5f391a7530e299dc302d611ee73cb143fc22eaf93592e53e7b5bdb01b00a0b8d28dae460c141dd2ff83412e4dc1c31b16b25f33144a9e5620ea73b13f5bc1c59411d98439ad226e8af03840603796067d87afe130812cf3de24982d0e306f9e61e764e5\" aria-label=\"Banner_Educa\u00e7\u00e3o_PortallavrasTV\"><img src=\"https:\/\/lavras.tv\/site\/wp-content\/uploads\/2025\/01\/Banner_Educacao_PortallavrasTV.png\" alt=\"\"  srcset=\"https:\/\/lavras.tv\/site\/wp-content\/uploads\/2025\/01\/Banner_Educacao_PortallavrasTV.png 720w, https:\/\/lavras.tv\/site\/wp-content\/uploads\/2025\/01\/Banner_Educacao_PortallavrasTV-470x68.png 470w, https:\/\/lavras.tv\/site\/wp-content\/uploads\/2025\/01\/Banner_Educacao_PortallavrasTV-170x25.png 170w, https:\/\/lavras.tv\/site\/wp-content\/uploads\/2025\/01\/Banner_Educacao_PortallavrasTV-200x29.png 200w\" sizes=\"(max-width: 720px) 100vw, 720px\" width=\"720\" height=\"104\"  style=\"display: inline-block;\" \/><\/a><\/div><\/li><li><a href=\"https:\/\/sistemas.lavras.mg.gov.br\/portalcidadao\/#df1b1a7c7b2a290bcb31e32771e610784662739a88807c0dacac58ede5f391a7530e299dc302d611ee73cb143fc22eaf93592e53e7b5bdb01b00a0b8d28dae460c141dd2ff83412e4dc1c31b16b25f33144a9e5620ea73b13f5bc1c59411d98439ad226e8af03840603796067d87afe130812cf3de24982d0e306f9e61e764e5\" aria-label=\"Banner_Sa\u00fade_PortallavrasTV\"><img src=\"https:\/\/lavras.tv\/site\/wp-content\/uploads\/2025\/03\/Banner_Saude_PortallavrasTV.png\" alt=\"\"  srcset=\"https:\/\/lavras.tv\/site\/wp-content\/uploads\/2025\/03\/Banner_Saude_PortallavrasTV.png 720w, https:\/\/lavras.tv\/site\/wp-content\/uploads\/2025\/03\/Banner_Saude_PortallavrasTV-470x68.png 470w, https:\/\/lavras.tv\/site\/wp-content\/uploads\/2025\/03\/Banner_Saude_PortallavrasTV-170x25.png 170w, https:\/\/lavras.tv\/site\/wp-content\/uploads\/2025\/03\/Banner_Saude_PortallavrasTV-200x29.png 200w\" sizes=\"(max-width: 720px) 100vw, 720px\" width=\"720\" height=\"104\"   \/><\/a><\/li><li><div id=\"lavra-1082019656\" style=\"width:720px;height:104px;background-color:#ddd;overflow:scroll;\">\n\t<strong>Sa\u00edda da depura\u00e7\u00e3o de an\u00fancios<\/strong>\n\t<br><br>\n\tO an\u00fancio n\u00e3o \u00e9 exibido na p\u00e1gina<br><br>post atual: Cafeteria Escola da UFLA abre processo seletivo para viv\u00eancia profissional, ID: 7088<br><br><span style=\"color: red;\">O post atual n\u00e3o \u00e9 id\u00eantico ao post principal.<\/span><br><br>An\u00fancios: ROXO - TOPO INTERNA - ROTATIVO 2 (197)<br \/>Grupo de an\u00fancios: Princ_Meio01_720x104 (27)<br><br>Condi\u00e7\u00f5es de exibi\u00e7\u00e3o<div style=\"margin-bottom: 20px; white-space: pre-wrap; font-family: monospace; width: 100%; background: #ffe9e9;\"><strong>condi\u00e7\u00f5es gerais<\/strong><table border=\"1\"><thead><tr><th><\/th><th>An\u00fancios<\/th><th>wp_the_query<\/th><\/tr><\/thead><tr><td>is_main_query<\/td><td>1<\/td><td>1<\/td><\/tr><tr><td>is_rest_api<\/td><td>0<\/td><td>1<\/td><\/tr><tr><td>page<\/td><td>0<\/td><td>1<\/td><\/tr><tr><td>numpages<\/td><td>0<\/td><td>1<\/td><\/tr><tr><td>is_archive<\/td><td>1<\/td><td><\/td><\/tr><tr><td>is_search<\/td><td>1<\/td><td><\/td><\/tr><tr><td>is_home<\/td><td>1<\/td><td><\/td><\/tr><tr><td>is_404<\/td><td>1<\/td><td><\/td><\/tr><tr><td>is_attachment<\/td><td>1<\/td><td><\/td><\/tr><tr><td>is_singular<\/td><td>1<\/td><td><\/td><\/tr><tr><td>is_front_page<\/td><td>1<\/td><td><\/td><\/tr><tr><td>is_feed<\/td><td>1<\/td><td><\/td><\/tr><\/table><\/div><br><br><span style=\"color: red;\">Seu site usa HTTPS, mas o c\u00f3digo do an\u00fancio cont\u00e9m HTTP e pode n\u00e3o funcionar.<\/span>\t<br><br>\n\t<a style=\"color: green;\" href=\"https:\/\/wpadvancedads.com\/manual\/ad-debug-mode\/?utm_source=advanced-ads&utm_medium=link&utm_campaign=ad-debug-mode\" target=\"_blank\" rel=\"nofollow\">Encontre solu\u00e7\u00f5es no manual<\/a>\n<\/div>\n<\/li><\/ul><\/div><script>( window.advanced_ads_ready || jQuery( document ).ready ).call( null, function() {var $lavraslider3104583799 = jQuery( \".lavra-slider-3104583799\" );$lavraslider3104583799.on( \"unslider.ready\", function() { jQuery( \"div.custom-slider ul li\" ).css( \"display\", \"block\" ); });$lavraslider3104583799.unslider({ delay:4000, autoplay:true, nav:false, arrows:false, infinite:true });$lavraslider3104583799.on(\"mouseover\", function() {$lavraslider3104583799.unslider(\"stop\");}).on(\"mouseout\", function() {$lavraslider3104583799.unslider(\"start\");});});<\/script><\/div><p>A Cafeteria Escola CafEsal da Universidade Federal de Lavras (UFLA), abre inscri\u00e7\u00f5es para o processo seletivo da segunda viv\u00eancia profissional. <!--more-->Os selecionados ir\u00e3o receber treinamento de Barista e participar ativamente do dia a dia da Cafeteria.<\/p>\n<p>Qualquer pessoa acima de 18 anos e que possua v\u00ednculo com a universidade pode participar. N\u00e3o \u00e9 necess\u00e1rio ter experi\u00eancia anterior com caf\u00e9.<\/p>\n<p>Os interessados podem se inscrever at\u00e9 o dia 08 de mar\u00e7o e devem enviar um e-mail para <a href=\"mailto:cafesalcafeteria@gmail.com\">cafesalcafeteria@gmail.com<\/a>, contendo:<\/p>\n<p>1\u00a0\u00a0\u00a0\u00a0\u00a0 Termo de compromisso<\/p>\n<p>2\u00a0\u00a0\u00a0\u00a0\u00a0 Resumo do curr\u00edculo;<\/p>\n<p>3\u00a0\u00a0\u00a0\u00a0\u00a0 Disponibilidade de hor\u00e1rios;<\/p>\n<p>4\u00a0\u00a0\u00a0\u00a0\u00a0 Resposta da pergunta: O que voc\u00ea espera vivenciar na Cafeteria Escola CafEsal?<\/p>\n<p>Voc\u00ea pode\u00a0acessar o regulamento e o termo de compromisso atrav\u00e9s do link:\u00a0<a href=\"https:\/\/l.facebook.com\/l.php?u=https%3A%2F%2Fgoo.gl%2FDpS63o&amp;h=ATNQd1aIBn7thTuBlS4T3X2OJy2dQ0z2cq3aryN_w2C2iRB3kndLN_JNdQ7hmGxjcHSimRm4N_ayL_iDAEq8h6EeAqSLCnajBHeiWPOU9U8I0tPQy52jY_tzvhXzWCwV0yk7&amp;enc=AZPaMoMOn1S5JXCvzt8iweh9Z904sKdKKUZKgIPuO9IdULejq2cXFMl-PlIzGrsfhber7XX7D1PCC2JEJiNpbqv2-zsnZ22tfCAO31z9DPzChyL9b_4J6I6ayAMxNZVvqMcORDItC1IxmHoVgwm5l2YC0-uMmK9Taz77RGNJwMcAPWbcnqMOO9snoTmy2R-yaIHQom0fE5f0oFNhVGj6lvMK&amp;s=1\" data-saferedirecturl=\"https:\/\/www.google.com\/url?hl=pt-BR&amp;q=https:\/\/l.facebook.com\/l.php?u%3Dhttps%253A%252F%252Fgoo.gl%252FDpS63o%26h%3DATNQd1aIBn7thTuBlS4T3X2OJy2dQ0z2cq3aryN_w2C2iRB3kndLN_JNdQ7hmGxjcHSimRm4N_ayL_iDAEq8h6EeAqSLCnajBHeiWPOU9U8I0tPQy52jY_tzvhXzWCwV0yk7%26enc%3DAZPaMoMOn1S5JXCvzt8iweh9Z904sKdKKUZKgIPuO9IdULejq2cXFMl-PlIzGrsfhber7XX7D1PCC2JEJiNpbqv2-zsnZ22tfCAO31z9DPzChyL9b_4J6I6ayAMxNZVvqMcORDItC1IxmHoVgwm5l2YC0-uMmK9Taz77RGNJwMcAPWbcnqMOO9snoTmy2R-yaIHQom0fE5f0oFNhVGj6lvMK%26s%3D1&amp;source=gmail&amp;ust=1488971518495000&amp;usg=AFQjCNEqlmp3KPbWhjbRbFXmzzwwcEaHfA\">https:\/\/goo.gl\/DpS63o<\/a>.<\/p>\n<p>Para o estudante do curso de engenharia de controle e automa\u00e7\u00e3o da UFLA, Rodrigo de Oliveira, a viv\u00eancia profissional proporcionou \u201cConhecer e entender mais sobre caf\u00e9, entendendo suas sutilezas no preparo e consumo da bebida. O que mais chama aten\u00e7\u00e3o na viv\u00eancia \u00e9 a oportunidade de interagir com uma equipe multidisciplinar e com clientes. \u201d<\/p>\n<p>Mais informa\u00e7\u00f5es na p\u00e1gina da <a href=\"https:\/\/www.facebook.com\/CafeteriaCAFESAL\/\" data-saferedirecturl=\"https:\/\/www.google.com\/url?hl=pt-BR&amp;q=https:\/\/www.facebook.com\/CafeteriaCAFESAL\/&amp;source=gmail&amp;ust=1488971518495000&amp;usg=AFQjCNGLNagfjouHRlmfoBc9sjfhCHgWNg\">CafESAL no Facebook<\/a>.<\/p>\n<p>Fonte: InovaCaf\u00e9<\/p>\n","protected":false},"excerpt":{"rendered":"<p>A Cafeteria Escola CafEsal da Universidade Federal de Lavras (UFLA), abre inscri\u00e7\u00f5es para o processo seletivo da segunda viv\u00eancia profissional.<\/p>\n","protected":false},"author":2,"featured_media":3906,"comment_status":"closed","ping_status":"open","sticky":false,"template":"","format":"standard","meta":{"advgb_blocks_editor_width":"","advgb_blocks_columns_visual_guide":"","_exactmetrics_skip_tracking":false,"_exactmetrics_sitenote_active":false,"_exactmetrics_sitenote_note":"","_exactmetrics_sitenote_category":0,"footnotes":""},"categories":[7,2],"tags":[998,2485,796,56],"class_list":["post-7088","post","type-post","status-publish","format-standard","has-post-thumbnail","hentry","category-destaques","category-noticias","tag-cafesal-cafeteria","tag-cafeteria","tag-processo-seletivo","tag-ufla"],"better_featured_image":{"id":3906,"alt_text":"","caption":"","description":"","media_type":"image","media_details":{"width":1000,"height":667,"file":"2016\/11\/Estudantes-tiveram-a-oportunidade-de-conhecer-a-Cafeteria-CafEsal.jpg","sizes":{"thumbnail":{"file":"Estudantes-tiveram-a-oportunidade-de-conhecer-a-Cafeteria-CafEsal-150x100.jpg","width":150,"height":100,"mime-type":"image\/jpeg","source_url":"https:\/\/lavras.tv\/site\/wp-content\/uploads\/2016\/11\/Estudantes-tiveram-a-oportunidade-de-conhecer-a-Cafeteria-CafEsal-150x100.jpg"},"medium":{"file":"Estudantes-tiveram-a-oportunidade-de-conhecer-a-Cafeteria-CafEsal-300x200.jpg","width":300,"height":200,"mime-type":"image\/jpeg","source_url":"https:\/\/lavras.tv\/site\/wp-content\/uploads\/2016\/11\/Estudantes-tiveram-a-oportunidade-de-conhecer-a-Cafeteria-CafEsal-300x200.jpg"},"featured-slider-img":{"file":"Estudantes-tiveram-a-oportunidade-de-conhecer-a-Cafeteria-CafEsal-640x480.jpg","width":640,"height":480,"mime-type":"image\/jpeg","source_url":"https:\/\/lavras.tv\/site\/wp-content\/uploads\/2016\/11\/Estudantes-tiveram-a-oportunidade-de-conhecer-a-Cafeteria-CafEsal-640x480.jpg"},"featured-post-img":{"file":"Estudantes-tiveram-a-oportunidade-de-conhecer-a-Cafeteria-CafEsal-480x320.jpg","width":480,"height":320,"mime-type":"image\/jpeg","source_url":"https:\/\/lavras.tv\/site\/wp-content\/uploads\/2016\/11\/Estudantes-tiveram-a-oportunidade-de-conhecer-a-Cafeteria-CafEsal-480x320.jpg"},"sow-carousel-default":{"file":"Estudantes-tiveram-a-oportunidade-de-conhecer-a-Cafeteria-CafEsal-272x182.jpg","width":272,"height":182,"mime-type":"image\/jpeg","source_url":"https:\/\/lavras.tv\/site\/wp-content\/uploads\/2016\/11\/Estudantes-tiveram-a-oportunidade-de-conhecer-a-Cafeteria-CafEsal-272x182.jpg"}},"image_meta":{"aperture":"4","credit":"","camera":"Canon EOS REBEL T5i","caption":"","created_timestamp":"1379029368","copyright":"","focal_length":"18","iso":"1250","shutter_speed":"0.0333333333333","title":"","orientation":"0","keywords":[]}},"post":3903,"source_url":"https:\/\/lavras.tv\/site\/wp-content\/uploads\/2016\/11\/Estudantes-tiveram-a-oportunidade-de-conhecer-a-Cafeteria-CafEsal.jpg"},"author_meta":{"display_name":"Lavras TV","author_link":"https:\/\/lavras.tv\/site\/author\/lavrastv\/"},"featured_img":"https:\/\/lavras.tv\/site\/wp-content\/uploads\/2016\/11\/Estudantes-tiveram-a-oportunidade-de-conhecer-a-Cafeteria-CafEsal-300x200.jpg","coauthors":[],"tax_additional":{"categories":{"linked":["<a href=\"https:\/\/lavras.tv\/site\/category\/destaques\/\" class=\"advgb-post-tax-term\">Destaques<\/a>","<a href=\"https:\/\/lavras.tv\/site\/category\/noticias\/\" class=\"advgb-post-tax-term\">Not\u00edcias<\/a>"],"unlinked":["<span class=\"advgb-post-tax-term\">Destaques<\/span>","<span class=\"advgb-post-tax-term\">Not\u00edcias<\/span>"]},"tags":{"linked":["<a href=\"https:\/\/lavras.tv\/site\/category\/noticias\/\" class=\"advgb-post-tax-term\">CafEsal Cafeteria<\/a>","<a href=\"https:\/\/lavras.tv\/site\/category\/noticias\/\" class=\"advgb-post-tax-term\">Cafeteria<\/a>","<a href=\"https:\/\/lavras.tv\/site\/category\/noticias\/\" class=\"advgb-post-tax-term\">Processo Seletivo<\/a>","<a href=\"https:\/\/lavras.tv\/site\/category\/noticias\/\" class=\"advgb-post-tax-term\">ufla<\/a>"],"unlinked":["<span class=\"advgb-post-tax-term\">CafEsal Cafeteria<\/span>","<span class=\"advgb-post-tax-term\">Cafeteria<\/span>","<span class=\"advgb-post-tax-term\">Processo Seletivo<\/span>","<span class=\"advgb-post-tax-term\">ufla<\/span>"]}},"comment_count":"0","relative_dates":{"created":"Publicado 9 anos atr\u00e1s","modified":"Atualizado 9 anos atr\u00e1s"},"absolute_dates":{"created":"Publicado em 7 de mar\u00e7o de 2017","modified":"Atualizado em 7 de mar\u00e7o de 2017"},"absolute_dates_time":{"created":"Publicado em 7 de mar\u00e7o de 2017 08:19","modified":"Atualizado em 7 de mar\u00e7o de 2017 08:19"},"featured_img_caption":"","series_order":"","_links":{"self":[{"href":"https:\/\/lavras.tv\/site\/wp-json\/wp\/v2\/posts\/7088","targetHints":{"allow":["GET"]}}],"collection":[{"href":"https:\/\/lavras.tv\/site\/wp-json\/wp\/v2\/posts"}],"about":[{"href":"https:\/\/lavras.tv\/site\/wp-json\/wp\/v2\/types\/post"}],"author":[{"embeddable":true,"href":"https:\/\/lavras.tv\/site\/wp-json\/wp\/v2\/users\/2"}],"replies":[{"embeddable":true,"href":"https:\/\/lavras.tv\/site\/wp-json\/wp\/v2\/comments?post=7088"}],"version-history":[{"count":1,"href":"https:\/\/lavras.tv\/site\/wp-json\/wp\/v2\/posts\/7088\/revisions"}],"predecessor-version":[{"id":7089,"href":"https:\/\/lavras.tv\/site\/wp-json\/wp\/v2\/posts\/7088\/revisions\/7089"}],"wp:featuredmedia":[{"embeddable":true,"href":"https:\/\/lavras.tv\/site\/wp-json\/wp\/v2\/media\/3906"}],"wp:attachment":[{"href":"https:\/\/lavras.tv\/site\/wp-json\/wp\/v2\/media?parent=7088"}],"wp:term":[{"taxonomy":"category","embeddable":true,"href":"https:\/\/lavras.tv\/site\/wp-json\/wp\/v2\/categories?post=7088"},{"taxonomy":"post_tag","embeddable":true,"href":"https:\/\/lavras.tv\/site\/wp-json\/wp\/v2\/tags?post=7088"}],"curies":[{"name":"wp","href":"https:\/\/api.w.org\/{rel}","templated":true}]}}