{"id":7093,"date":"2017-03-07T08:52:51","date_gmt":"2017-03-07T11:52:51","guid":{"rendered":"http:\/\/lavras.tv\/site\/?p=7093"},"modified":"2017-03-07T08:52:51","modified_gmt":"2017-03-07T11:52:51","slug":"senac-realiza-5a-semana-da-mulher-com-programacao-gratuita","status":"publish","type":"post","link":"https:\/\/lavras.tv\/site\/2017\/03\/07\/senac-realiza-5a-semana-da-mulher-com-programacao-gratuita\/","title":{"rendered":"Senac realiza 5\u00aa Semana da Mulher com programa\u00e7\u00e3o gratuita"},"content":{"rendered":"<div class=\"lavra-antes-do-conteudo_2\" id=\"lavra-1099002092\"><div id=\"lavra-slider-27\" class=\"custom-slider lavra-slider-2648732714 lavra-slider\"><ul><li><div style=\"margin-left: auto;margin-right: auto;text-align: center;\" id=\"lavra-271399516\"><a href=\"https:\/\/sistemas.lavras.mg.gov.br\/portalcidadao\/#df1b1a7c7b2a290bcb31e32771e610784662739a88807c0dacac58ede5f391a7530e299dc302d611ee73cb143fc22eaf93592e53e7b5bdb01b00a0b8d28dae460c141dd2ff83412e4dc1c31b16b25f33144a9e5620ea73b13f5bc1c59411d98439ad226e8af03840603796067d87afe130812cf3de24982d0e306f9e61e764e5\" aria-label=\"Lavras-TV&#8211;720x104px (1) (1)\"><img src=\"https:\/\/lavras.tv\/site\/wp-content\/uploads\/2025\/01\/Lavras-TV-720x104px-1-1.png\" alt=\"\"  srcset=\"https:\/\/lavras.tv\/site\/wp-content\/uploads\/2025\/01\/Lavras-TV-720x104px-1-1.png 720w, https:\/\/lavras.tv\/site\/wp-content\/uploads\/2025\/01\/Lavras-TV-720x104px-1-1-470x68.png 470w, https:\/\/lavras.tv\/site\/wp-content\/uploads\/2025\/01\/Lavras-TV-720x104px-1-1-170x25.png 170w, https:\/\/lavras.tv\/site\/wp-content\/uploads\/2025\/01\/Lavras-TV-720x104px-1-1-200x29.png 200w\" sizes=\"(max-width: 720px) 100vw, 720px\" width=\"720\" height=\"104\"  style=\"display: inline-block;\" \/><\/a><\/div><\/li><li><a href=\"https:\/\/sistemas.lavras.mg.gov.br\/portalcidadao\/#df1b1a7c7b2a290bcb31e32771e610784662739a88807c0dacac58ede5f391a7530e299dc302d611ee73cb143fc22eaf93592e53e7b5bdb01b00a0b8d28dae460c141dd2ff83412e4dc1c31b16b25f33144a9e5620ea73b13f5bc1c59411d98439ad226e8af03840603796067d87afe130812cf3de24982d0e306f9e61e764e5\" aria-label=\"Banner_Emprego_PortallavrasTV\"><img src=\"https:\/\/lavras.tv\/site\/wp-content\/uploads\/2025\/03\/Banner_Emprego_PortallavrasTV.png\" alt=\"\"  srcset=\"https:\/\/lavras.tv\/site\/wp-content\/uploads\/2025\/03\/Banner_Emprego_PortallavrasTV.png 720w, https:\/\/lavras.tv\/site\/wp-content\/uploads\/2025\/03\/Banner_Emprego_PortallavrasTV-470x68.png 470w, https:\/\/lavras.tv\/site\/wp-content\/uploads\/2025\/03\/Banner_Emprego_PortallavrasTV-170x25.png 170w, https:\/\/lavras.tv\/site\/wp-content\/uploads\/2025\/03\/Banner_Emprego_PortallavrasTV-200x29.png 200w\" sizes=\"(max-width: 720px) 100vw, 720px\" width=\"720\" height=\"104\"   \/><\/a><\/li><li><a href=\"https:\/\/sistemas.lavras.mg.gov.br\/portalcidadao\/#df1b1a7c7b2a290bcb31e32771e610784662739a88807c0dacac58ede5f391a7530e299dc302d611ee73cb143fc22eaf93592e53e7b5bdb01b00a0b8d28dae460c141dd2ff83412e4dc1c31b16b25f33144a9e5620ea73b13f5bc1c59411d98439ad226e8af03840603796067d87afe130812cf3de24982d0e306f9e61e764e5\" aria-label=\"Banner_Obras_PortallavrasTV\"><img src=\"https:\/\/lavras.tv\/site\/wp-content\/uploads\/2025\/03\/Banner_Obras_PortallavrasTV.png\" alt=\"\"  srcset=\"https:\/\/lavras.tv\/site\/wp-content\/uploads\/2025\/03\/Banner_Obras_PortallavrasTV.png 720w, https:\/\/lavras.tv\/site\/wp-content\/uploads\/2025\/03\/Banner_Obras_PortallavrasTV-470x68.png 470w, https:\/\/lavras.tv\/site\/wp-content\/uploads\/2025\/03\/Banner_Obras_PortallavrasTV-170x25.png 170w, https:\/\/lavras.tv\/site\/wp-content\/uploads\/2025\/03\/Banner_Obras_PortallavrasTV-200x29.png 200w\" sizes=\"(max-width: 720px) 100vw, 720px\" width=\"720\" height=\"104\"   \/><\/a><\/li><li><div style=\"margin-left: auto;margin-right: auto;text-align: center;\" id=\"lavra-681620520\"><a href=\"https:\/\/sistemas.lavras.mg.gov.br\/portalcidadao\/#df1b1a7c7b2a290bcb31e32771e610784662739a88807c0dacac58ede5f391a7530e299dc302d611ee73cb143fc22eaf93592e53e7b5bdb01b00a0b8d28dae460c141dd2ff83412e4dc1c31b16b25f33144a9e5620ea73b13f5bc1c59411d98439ad226e8af03840603796067d87afe130812cf3de24982d0e306f9e61e764e5\" aria-label=\"Banner_Educa\u00e7\u00e3o_PortallavrasTV\"><img src=\"https:\/\/lavras.tv\/site\/wp-content\/uploads\/2025\/01\/Banner_Educacao_PortallavrasTV.png\" alt=\"\"  srcset=\"https:\/\/lavras.tv\/site\/wp-content\/uploads\/2025\/01\/Banner_Educacao_PortallavrasTV.png 720w, https:\/\/lavras.tv\/site\/wp-content\/uploads\/2025\/01\/Banner_Educacao_PortallavrasTV-470x68.png 470w, https:\/\/lavras.tv\/site\/wp-content\/uploads\/2025\/01\/Banner_Educacao_PortallavrasTV-170x25.png 170w, https:\/\/lavras.tv\/site\/wp-content\/uploads\/2025\/01\/Banner_Educacao_PortallavrasTV-200x29.png 200w\" sizes=\"(max-width: 720px) 100vw, 720px\" width=\"720\" height=\"104\"  style=\"display: inline-block;\" \/><\/a><\/div><\/li><li><a href=\"https:\/\/sistemas.lavras.mg.gov.br\/portalcidadao\/#df1b1a7c7b2a290bcb31e32771e610784662739a88807c0dacac58ede5f391a7530e299dc302d611ee73cb143fc22eaf93592e53e7b5bdb01b00a0b8d28dae460c141dd2ff83412e4dc1c31b16b25f33144a9e5620ea73b13f5bc1c59411d98439ad226e8af03840603796067d87afe130812cf3de24982d0e306f9e61e764e5\" aria-label=\"Banner_Sa\u00fade_PortallavrasTV\"><img src=\"https:\/\/lavras.tv\/site\/wp-content\/uploads\/2025\/03\/Banner_Saude_PortallavrasTV.png\" alt=\"\"  srcset=\"https:\/\/lavras.tv\/site\/wp-content\/uploads\/2025\/03\/Banner_Saude_PortallavrasTV.png 720w, https:\/\/lavras.tv\/site\/wp-content\/uploads\/2025\/03\/Banner_Saude_PortallavrasTV-470x68.png 470w, https:\/\/lavras.tv\/site\/wp-content\/uploads\/2025\/03\/Banner_Saude_PortallavrasTV-170x25.png 170w, https:\/\/lavras.tv\/site\/wp-content\/uploads\/2025\/03\/Banner_Saude_PortallavrasTV-200x29.png 200w\" sizes=\"(max-width: 720px) 100vw, 720px\" width=\"720\" height=\"104\"   \/><\/a><\/li><li><div id=\"lavra-283118158\" style=\"width:720px;height:104px;background-color:#ddd;overflow:scroll;\">\n\t<strong>Sa\u00edda da depura\u00e7\u00e3o de an\u00fancios<\/strong>\n\t<br><br>\n\tO an\u00fancio n\u00e3o \u00e9 exibido na p\u00e1gina<br><br>post atual: Senac realiza 5\u00aa Semana da Mulher com programa\u00e7\u00e3o gratuita, ID: 7093<br><br><span style=\"color: red;\">O post atual n\u00e3o \u00e9 id\u00eantico ao post principal.<\/span><br><br>An\u00fancios: ROXO - TOPO INTERNA - ROTATIVO 2 (197)<br \/>Grupo de an\u00fancios: Princ_Meio01_720x104 (27)<br><br>Condi\u00e7\u00f5es de exibi\u00e7\u00e3o<div style=\"margin-bottom: 20px; white-space: pre-wrap; font-family: monospace; width: 100%; background: #ffe9e9;\"><strong>condi\u00e7\u00f5es gerais<\/strong><table border=\"1\"><thead><tr><th><\/th><th>An\u00fancios<\/th><th>wp_the_query<\/th><\/tr><\/thead><tr><td>is_main_query<\/td><td>1<\/td><td>1<\/td><\/tr><tr><td>is_rest_api<\/td><td>0<\/td><td>1<\/td><\/tr><tr><td>page<\/td><td>0<\/td><td>1<\/td><\/tr><tr><td>numpages<\/td><td>0<\/td><td>1<\/td><\/tr><tr><td>is_archive<\/td><td>1<\/td><td><\/td><\/tr><tr><td>is_search<\/td><td>1<\/td><td><\/td><\/tr><tr><td>is_home<\/td><td>1<\/td><td><\/td><\/tr><tr><td>is_404<\/td><td>1<\/td><td><\/td><\/tr><tr><td>is_attachment<\/td><td>1<\/td><td><\/td><\/tr><tr><td>is_singular<\/td><td>1<\/td><td><\/td><\/tr><tr><td>is_front_page<\/td><td>1<\/td><td><\/td><\/tr><tr><td>is_feed<\/td><td>1<\/td><td><\/td><\/tr><\/table><\/div><br><br><span style=\"color: red;\">Seu site usa HTTPS, mas o c\u00f3digo do an\u00fancio cont\u00e9m HTTP e pode n\u00e3o funcionar.<\/span>\t<br><br>\n\t<a style=\"color: green;\" href=\"https:\/\/wpadvancedads.com\/manual\/ad-debug-mode\/?utm_source=advanced-ads&utm_medium=link&utm_campaign=ad-debug-mode\" target=\"_blank\" rel=\"nofollow\">Encontre solu\u00e7\u00f5es no manual<\/a>\n<\/div>\n<\/li><\/ul><\/div><script>( window.advanced_ads_ready || jQuery( document ).ready ).call( null, function() {var $lavraslider2648732714 = jQuery( \".lavra-slider-2648732714\" );$lavraslider2648732714.on( \"unslider.ready\", function() { jQuery( \"div.custom-slider ul li\" ).css( \"display\", \"block\" ); });$lavraslider2648732714.unslider({ delay:4000, autoplay:true, nav:false, arrows:false, infinite:true });$lavraslider2648732714.on(\"mouseover\", function() {$lavraslider2648732714.unslider(\"stop\");}).on(\"mouseout\", function() {$lavraslider2648732714.unslider(\"start\");});});<\/script><\/div><p class=\"x_MsoNormal\">Em comemora\u00e7\u00e3o ao Dia Internacional da Mulher, o Senac em Minas realiza, entre os dias 6 e 11 de mar\u00e7o, a Semana da Mulher, um evento com programa\u00e7\u00e3o gratuita de palestras, workshops e atendimentos \u00e0 popula\u00e7\u00e3o em todo o Estado.<!--more--> Ao propor o tema \u201cBeleza e Feminilidade \u2013 Mulher Plural\u201d, a institui\u00e7\u00e3o destaca o reposicionamento da mulher na sociedade contempor\u00e2nea, a partir de uma figura aut\u00eantica, aut\u00f4noma e feminina. A expectativa \u00e9 que 5 mil pessoas participem da quinta edi\u00e7\u00e3o do evento nas unidades em todo o Estado.<\/p>\n<p class=\"x_MsoNormal\">\n<p class=\"x_MsoNormal\"><b>Confira a programa\u00e7\u00e3o da regi\u00e3o abaixo:<\/b><\/p>\n<p><span style=\"text-decoration: underline;\"><strong>Lavras<\/strong><\/span><\/p>\n<p>Data: 08\/03<\/p>\n<p><b>Hor\u00e1rio:<\/b> 8h<br \/>\n<b>Atividade:<\/b> Palestra \u2013 A Mulher e suas Diversidades<br \/>\n<b>Local:<\/b> Rua Mamante Vitorino, 500 \u2013 Aquenta Sol<\/p>\n<p class=\"x_MsoNormal\">\n<p class=\"x_MsoNormal\"><b>Feminista e feminina<\/b><\/p>\n<p class=\"x_MsoNormal\">As atividades especiais da Semana da Mulher, realizadas com a expertise dos profissionais do Senac em diversas \u00e1reas, visam estimular, inspirar e homenagear a mulher plural. A gerente de produtos em Moda e Beleza do Senac, Patr\u00edcia Carvalhais, explica que vivemos a fase de um novo feminismo, que traz consigo o mesmo prop\u00f3sito de luta, incluindo causas antigas e outras mais atuais, t\u00edpicas da mulher moderna, que \u00e9 aut\u00f4noma, exerce v\u00e1rios pap\u00e9is na sociedade, mas n\u00e3o deixa a feminilidade de lado.<\/p>\n<p class=\"x_MsoNormal\">\u201cA mulher tem o direito de ser bela a partir do pr\u00f3prio olhar, longe de ideais e estere\u00f3tipos na vis\u00e3o do outro. Ela cuida da sa\u00fade f\u00edsica, mental, se respeita e exige respeito quanto \u00e0s suas caracter\u00edsticas e virtudes, estando bem consigo mesma independentemente de peso, ra\u00e7a e idade. E as a\u00e7\u00f5es do Senac nesse evento educacional permitem a amplia\u00e7\u00e3o dessa vis\u00e3o e geram conscientiza\u00e7\u00e3o social\u201d, avalia Patr\u00edcia.<\/p>\n<p class=\"x_MsoNormal\">\u00a0\u00a0\u00a0\u00a0\u00a0\u00a0\u00a0\u00a0\u00a0\u00a0\u00a0 Outras informa\u00e7\u00f5es, assim como a programa\u00e7\u00e3o completa do evento, est\u00e3o dispon\u00edveis pelo <u>www.mg.senac.br\/semana-da-mulher<\/u>\u00a0ou 0800 724 4440.<\/p>\n<p class=\"x_MsoNormal\">Fonte: Senac<\/p>\n","protected":false},"excerpt":{"rendered":"<p>Em comemora\u00e7\u00e3o ao Dia Internacional da Mulher, o Senac em Minas realiza, entre os dias 6 e 11 de mar\u00e7o, a Semana da Mulher, um evento com programa\u00e7\u00e3o gratuita de palestras, workshops e atendimentos \u00e0 popula\u00e7\u00e3o em todo o Estado.<\/p>\n","protected":false},"author":2,"featured_media":7094,"comment_status":"closed","ping_status":"open","sticky":false,"template":"","format":"standard","meta":{"advgb_blocks_editor_width":"","advgb_blocks_columns_visual_guide":"","_exactmetrics_skip_tracking":false,"_exactmetrics_sitenote_active":false,"_exactmetrics_sitenote_note":"","_exactmetrics_sitenote_category":0,"footnotes":""},"categories":[7,2],"tags":[2851,34,201,845],"class_list":["post-7093","post","type-post","status-publish","format-standard","has-post-thumbnail","hentry","category-destaques","category-noticias","tag-dia-da-mulher","tag-lavras","tag-programacao","tag-senac"],"better_featured_image":{"id":7094,"alt_text":"","caption":"","description":"","media_type":"image","media_details":{"width":1600,"height":1071,"file":"2017\/03\/mulheres.jpg","sizes":{"thumbnail":{"file":"mulheres-150x100.jpg","width":150,"height":100,"mime-type":"image\/jpeg","source_url":"https:\/\/lavras.tv\/site\/wp-content\/uploads\/2017\/03\/mulheres-150x100.jpg"},"medium":{"file":"mulheres-300x201.jpg","width":300,"height":201,"mime-type":"image\/jpeg","source_url":"https:\/\/lavras.tv\/site\/wp-content\/uploads\/2017\/03\/mulheres-300x201.jpg"},"large":{"file":"mulheres-1024x685.jpg","width":1024,"height":685,"mime-type":"image\/jpeg","source_url":"https:\/\/lavras.tv\/site\/wp-content\/uploads\/2017\/03\/mulheres-1024x685.jpg"},"featured-slider-img":{"file":"mulheres-640x480.jpg","width":640,"height":480,"mime-type":"image\/jpeg","source_url":"https:\/\/lavras.tv\/site\/wp-content\/uploads\/2017\/03\/mulheres-640x480.jpg"},"featured-post-img":{"file":"mulheres-480x320.jpg","width":480,"height":320,"mime-type":"image\/jpeg","source_url":"https:\/\/lavras.tv\/site\/wp-content\/uploads\/2017\/03\/mulheres-480x320.jpg"},"sow-carousel-default":{"file":"mulheres-272x182.jpg","width":272,"height":182,"mime-type":"image\/jpeg","source_url":"https:\/\/lavras.tv\/site\/wp-content\/uploads\/2017\/03\/mulheres-272x182.jpg"}},"image_meta":{"aperture":"0","credit":"","camera":"","caption":"","created_timestamp":"0","copyright":"","focal_length":"0","iso":"0","shutter_speed":"0","title":"","orientation":"0","keywords":[]}},"post":7093,"source_url":"https:\/\/lavras.tv\/site\/wp-content\/uploads\/2017\/03\/mulheres.jpg"},"author_meta":{"display_name":"Lavras TV","author_link":"https:\/\/lavras.tv\/site\/author\/lavrastv\/"},"featured_img":"https:\/\/lavras.tv\/site\/wp-content\/uploads\/2017\/03\/mulheres-300x201.jpg","coauthors":[],"tax_additional":{"categories":{"linked":["<a href=\"https:\/\/lavras.tv\/site\/category\/destaques\/\" class=\"advgb-post-tax-term\">Destaques<\/a>","<a href=\"https:\/\/lavras.tv\/site\/category\/noticias\/\" class=\"advgb-post-tax-term\">Not\u00edcias<\/a>"],"unlinked":["<span class=\"advgb-post-tax-term\">Destaques<\/span>","<span class=\"advgb-post-tax-term\">Not\u00edcias<\/span>"]},"tags":{"linked":["<a href=\"https:\/\/lavras.tv\/site\/category\/noticias\/\" class=\"advgb-post-tax-term\">dia da mulher<\/a>","<a href=\"https:\/\/lavras.tv\/site\/category\/noticias\/\" class=\"advgb-post-tax-term\">lavras<\/a>","<a href=\"https:\/\/lavras.tv\/site\/category\/noticias\/\" class=\"advgb-post-tax-term\">programa\u00e7\u00e3o<\/a>","<a href=\"https:\/\/lavras.tv\/site\/category\/noticias\/\" class=\"advgb-post-tax-term\">SENAC<\/a>"],"unlinked":["<span class=\"advgb-post-tax-term\">dia da mulher<\/span>","<span class=\"advgb-post-tax-term\">lavras<\/span>","<span class=\"advgb-post-tax-term\">programa\u00e7\u00e3o<\/span>","<span class=\"advgb-post-tax-term\">SENAC<\/span>"]}},"comment_count":"0","relative_dates":{"created":"Publicado 9 anos atr\u00e1s","modified":"Atualizado 9 anos atr\u00e1s"},"absolute_dates":{"created":"Publicado em 7 de mar\u00e7o de 2017","modified":"Atualizado em 7 de mar\u00e7o de 2017"},"absolute_dates_time":{"created":"Publicado em 7 de mar\u00e7o de 2017 08:52","modified":"Atualizado em 7 de mar\u00e7o de 2017 08:52"},"featured_img_caption":"","series_order":"","_links":{"self":[{"href":"https:\/\/lavras.tv\/site\/wp-json\/wp\/v2\/posts\/7093","targetHints":{"allow":["GET"]}}],"collection":[{"href":"https:\/\/lavras.tv\/site\/wp-json\/wp\/v2\/posts"}],"about":[{"href":"https:\/\/lavras.tv\/site\/wp-json\/wp\/v2\/types\/post"}],"author":[{"embeddable":true,"href":"https:\/\/lavras.tv\/site\/wp-json\/wp\/v2\/users\/2"}],"replies":[{"embeddable":true,"href":"https:\/\/lavras.tv\/site\/wp-json\/wp\/v2\/comments?post=7093"}],"version-history":[{"count":2,"href":"https:\/\/lavras.tv\/site\/wp-json\/wp\/v2\/posts\/7093\/revisions"}],"predecessor-version":[{"id":7096,"href":"https:\/\/lavras.tv\/site\/wp-json\/wp\/v2\/posts\/7093\/revisions\/7096"}],"wp:featuredmedia":[{"embeddable":true,"href":"https:\/\/lavras.tv\/site\/wp-json\/wp\/v2\/media\/7094"}],"wp:attachment":[{"href":"https:\/\/lavras.tv\/site\/wp-json\/wp\/v2\/media?parent=7093"}],"wp:term":[{"taxonomy":"category","embeddable":true,"href":"https:\/\/lavras.tv\/site\/wp-json\/wp\/v2\/categories?post=7093"},{"taxonomy":"post_tag","embeddable":true,"href":"https:\/\/lavras.tv\/site\/wp-json\/wp\/v2\/tags?post=7093"}],"curies":[{"name":"wp","href":"https:\/\/api.w.org\/{rel}","templated":true}]}}