{"id":7115,"date":"2017-03-07T09:40:40","date_gmt":"2017-03-07T12:40:40","guid":{"rendered":"http:\/\/lavras.tv\/site\/?p=7115"},"modified":"2017-03-07T09:40:40","modified_gmt":"2017-03-07T12:40:40","slug":"bancada-mineira-pressiona-temer-por-dividas-do-estado-com-a-uniao","status":"publish","type":"post","link":"https:\/\/lavras.tv\/site\/2017\/03\/07\/bancada-mineira-pressiona-temer-por-dividas-do-estado-com-a-uniao\/","title":{"rendered":"Bancada mineira pressiona Temer por d\u00edvidas do Estado com a Uni\u00e3o"},"content":{"rendered":"<div class=\"lavra-antes-do-conteudo_2\" id=\"lavra-3959197764\"><div id=\"lavra-slider-27\" class=\"custom-slider lavra-slider-63984376 lavra-slider\"><ul><li><div style=\"margin-left: auto;margin-right: auto;text-align: center;\" id=\"lavra-3621499821\"><a href=\"https:\/\/sistemas.lavras.mg.gov.br\/portalcidadao\/#df1b1a7c7b2a290bcb31e32771e610784662739a88807c0dacac58ede5f391a7530e299dc302d611ee73cb143fc22eaf93592e53e7b5bdb01b00a0b8d28dae460c141dd2ff83412e4dc1c31b16b25f33144a9e5620ea73b13f5bc1c59411d98439ad226e8af03840603796067d87afe130812cf3de24982d0e306f9e61e764e5\" aria-label=\"Lavras-TV&#8211;720x104px (1) (1)\"><img src=\"https:\/\/lavras.tv\/site\/wp-content\/uploads\/2025\/01\/Lavras-TV-720x104px-1-1.png\" alt=\"\"  srcset=\"https:\/\/lavras.tv\/site\/wp-content\/uploads\/2025\/01\/Lavras-TV-720x104px-1-1.png 720w, https:\/\/lavras.tv\/site\/wp-content\/uploads\/2025\/01\/Lavras-TV-720x104px-1-1-470x68.png 470w, https:\/\/lavras.tv\/site\/wp-content\/uploads\/2025\/01\/Lavras-TV-720x104px-1-1-170x25.png 170w, https:\/\/lavras.tv\/site\/wp-content\/uploads\/2025\/01\/Lavras-TV-720x104px-1-1-200x29.png 200w\" sizes=\"(max-width: 720px) 100vw, 720px\" width=\"720\" height=\"104\"  style=\"display: inline-block;\" \/><\/a><\/div><\/li><li><a href=\"https:\/\/sistemas.lavras.mg.gov.br\/portalcidadao\/#df1b1a7c7b2a290bcb31e32771e610784662739a88807c0dacac58ede5f391a7530e299dc302d611ee73cb143fc22eaf93592e53e7b5bdb01b00a0b8d28dae460c141dd2ff83412e4dc1c31b16b25f33144a9e5620ea73b13f5bc1c59411d98439ad226e8af03840603796067d87afe130812cf3de24982d0e306f9e61e764e5\" aria-label=\"Banner_Emprego_PortallavrasTV\"><img src=\"https:\/\/lavras.tv\/site\/wp-content\/uploads\/2025\/03\/Banner_Emprego_PortallavrasTV.png\" alt=\"\"  srcset=\"https:\/\/lavras.tv\/site\/wp-content\/uploads\/2025\/03\/Banner_Emprego_PortallavrasTV.png 720w, https:\/\/lavras.tv\/site\/wp-content\/uploads\/2025\/03\/Banner_Emprego_PortallavrasTV-470x68.png 470w, https:\/\/lavras.tv\/site\/wp-content\/uploads\/2025\/03\/Banner_Emprego_PortallavrasTV-170x25.png 170w, https:\/\/lavras.tv\/site\/wp-content\/uploads\/2025\/03\/Banner_Emprego_PortallavrasTV-200x29.png 200w\" sizes=\"(max-width: 720px) 100vw, 720px\" width=\"720\" height=\"104\"   \/><\/a><\/li><li><a href=\"https:\/\/sistemas.lavras.mg.gov.br\/portalcidadao\/#df1b1a7c7b2a290bcb31e32771e610784662739a88807c0dacac58ede5f391a7530e299dc302d611ee73cb143fc22eaf93592e53e7b5bdb01b00a0b8d28dae460c141dd2ff83412e4dc1c31b16b25f33144a9e5620ea73b13f5bc1c59411d98439ad226e8af03840603796067d87afe130812cf3de24982d0e306f9e61e764e5\" aria-label=\"Banner_Obras_PortallavrasTV\"><img src=\"https:\/\/lavras.tv\/site\/wp-content\/uploads\/2025\/03\/Banner_Obras_PortallavrasTV.png\" alt=\"\"  srcset=\"https:\/\/lavras.tv\/site\/wp-content\/uploads\/2025\/03\/Banner_Obras_PortallavrasTV.png 720w, https:\/\/lavras.tv\/site\/wp-content\/uploads\/2025\/03\/Banner_Obras_PortallavrasTV-470x68.png 470w, https:\/\/lavras.tv\/site\/wp-content\/uploads\/2025\/03\/Banner_Obras_PortallavrasTV-170x25.png 170w, https:\/\/lavras.tv\/site\/wp-content\/uploads\/2025\/03\/Banner_Obras_PortallavrasTV-200x29.png 200w\" sizes=\"(max-width: 720px) 100vw, 720px\" width=\"720\" height=\"104\"   \/><\/a><\/li><li><div style=\"margin-left: auto;margin-right: auto;text-align: center;\" id=\"lavra-3757177705\"><a href=\"https:\/\/sistemas.lavras.mg.gov.br\/portalcidadao\/#df1b1a7c7b2a290bcb31e32771e610784662739a88807c0dacac58ede5f391a7530e299dc302d611ee73cb143fc22eaf93592e53e7b5bdb01b00a0b8d28dae460c141dd2ff83412e4dc1c31b16b25f33144a9e5620ea73b13f5bc1c59411d98439ad226e8af03840603796067d87afe130812cf3de24982d0e306f9e61e764e5\" aria-label=\"Banner_Educa\u00e7\u00e3o_PortallavrasTV\"><img src=\"https:\/\/lavras.tv\/site\/wp-content\/uploads\/2025\/01\/Banner_Educacao_PortallavrasTV.png\" alt=\"\"  srcset=\"https:\/\/lavras.tv\/site\/wp-content\/uploads\/2025\/01\/Banner_Educacao_PortallavrasTV.png 720w, https:\/\/lavras.tv\/site\/wp-content\/uploads\/2025\/01\/Banner_Educacao_PortallavrasTV-470x68.png 470w, https:\/\/lavras.tv\/site\/wp-content\/uploads\/2025\/01\/Banner_Educacao_PortallavrasTV-170x25.png 170w, https:\/\/lavras.tv\/site\/wp-content\/uploads\/2025\/01\/Banner_Educacao_PortallavrasTV-200x29.png 200w\" sizes=\"(max-width: 720px) 100vw, 720px\" width=\"720\" height=\"104\"  style=\"display: inline-block;\" \/><\/a><\/div><\/li><li><a href=\"https:\/\/sistemas.lavras.mg.gov.br\/portalcidadao\/#df1b1a7c7b2a290bcb31e32771e610784662739a88807c0dacac58ede5f391a7530e299dc302d611ee73cb143fc22eaf93592e53e7b5bdb01b00a0b8d28dae460c141dd2ff83412e4dc1c31b16b25f33144a9e5620ea73b13f5bc1c59411d98439ad226e8af03840603796067d87afe130812cf3de24982d0e306f9e61e764e5\" aria-label=\"Banner_Sa\u00fade_PortallavrasTV\"><img src=\"https:\/\/lavras.tv\/site\/wp-content\/uploads\/2025\/03\/Banner_Saude_PortallavrasTV.png\" alt=\"\"  srcset=\"https:\/\/lavras.tv\/site\/wp-content\/uploads\/2025\/03\/Banner_Saude_PortallavrasTV.png 720w, https:\/\/lavras.tv\/site\/wp-content\/uploads\/2025\/03\/Banner_Saude_PortallavrasTV-470x68.png 470w, https:\/\/lavras.tv\/site\/wp-content\/uploads\/2025\/03\/Banner_Saude_PortallavrasTV-170x25.png 170w, https:\/\/lavras.tv\/site\/wp-content\/uploads\/2025\/03\/Banner_Saude_PortallavrasTV-200x29.png 200w\" sizes=\"(max-width: 720px) 100vw, 720px\" width=\"720\" height=\"104\"   \/><\/a><\/li><li><div id=\"lavra-1198838069\" style=\"width:720px;height:104px;background-color:#ddd;overflow:scroll;\">\n\t<strong>Sa\u00edda da depura\u00e7\u00e3o de an\u00fancios<\/strong>\n\t<br><br>\n\tO an\u00fancio n\u00e3o \u00e9 exibido na p\u00e1gina<br><br>post atual: Bancada mineira pressiona Temer por d\u00edvidas do Estado com a Uni\u00e3o, ID: 7115<br><br><span style=\"color: red;\">O post atual n\u00e3o \u00e9 id\u00eantico ao post principal.<\/span><br><br>An\u00fancios: ROXO - TOPO INTERNA - ROTATIVO 2 (197)<br \/>Grupo de an\u00fancios: Princ_Meio01_720x104 (27)<br><br>Condi\u00e7\u00f5es de exibi\u00e7\u00e3o<div style=\"margin-bottom: 20px; white-space: pre-wrap; font-family: monospace; width: 100%; background: #ffe9e9;\"><strong>condi\u00e7\u00f5es gerais<\/strong><table border=\"1\"><thead><tr><th><\/th><th>An\u00fancios<\/th><th>wp_the_query<\/th><\/tr><\/thead><tr><td>is_main_query<\/td><td>1<\/td><td>1<\/td><\/tr><tr><td>is_rest_api<\/td><td>0<\/td><td>1<\/td><\/tr><tr><td>page<\/td><td>0<\/td><td>1<\/td><\/tr><tr><td>numpages<\/td><td>0<\/td><td>1<\/td><\/tr><tr><td>is_archive<\/td><td>1<\/td><td><\/td><\/tr><tr><td>is_search<\/td><td>1<\/td><td><\/td><\/tr><tr><td>is_home<\/td><td>1<\/td><td><\/td><\/tr><tr><td>is_404<\/td><td>1<\/td><td><\/td><\/tr><tr><td>is_attachment<\/td><td>1<\/td><td><\/td><\/tr><tr><td>is_singular<\/td><td>1<\/td><td><\/td><\/tr><tr><td>is_front_page<\/td><td>1<\/td><td><\/td><\/tr><tr><td>is_feed<\/td><td>1<\/td><td><\/td><\/tr><\/table><\/div><br><br><span style=\"color: red;\">Seu site usa HTTPS, mas o c\u00f3digo do an\u00fancio cont\u00e9m HTTP e pode n\u00e3o funcionar.<\/span>\t<br><br>\n\t<a style=\"color: green;\" href=\"https:\/\/wpadvancedads.com\/manual\/ad-debug-mode\/?utm_source=advanced-ads&utm_medium=link&utm_campaign=ad-debug-mode\" target=\"_blank\" rel=\"nofollow\">Encontre solu\u00e7\u00f5es no manual<\/a>\n<\/div>\n<\/li><\/ul><\/div><script>( window.advanced_ads_ready || jQuery( document ).ready ).call( null, function() {var $lavraslider63984376 = jQuery( \".lavra-slider-63984376\" );$lavraslider63984376.on( \"unslider.ready\", function() { jQuery( \"div.custom-slider ul li\" ).css( \"display\", \"block\" ); });$lavraslider63984376.unslider({ delay:4000, autoplay:true, nav:false, arrows:false, infinite:true });$lavraslider63984376.on(\"mouseover\", function() {$lavraslider63984376.unslider(\"stop\");}).on(\"mouseout\", function() {$lavraslider63984376.unslider(\"start\");});});<\/script><\/div><p>O governador Fernando Pimentel (PT) reuniu a bancada federal dos deputados mineiros nesta segunda-feira (6), no Pal\u00e1cio da Liberdade, para pedir apoio em rela\u00e7\u00e3o ao pedido j\u00e1 feito por ele ao presidente Michel Temer (PMDB) para um acerto de contas com o governo federal. De acordo com o governo estadual, a Uni\u00e3o deve a Minas R$ 135,7 bilh\u00f5es e, em contrapartida, as d\u00edvidas com o governo federal somariam R$ 88,4 bilh\u00f5es, resultando em um saldo positivo para Minas. Dos 53 deputados, 31 estiveram presentes, e na sa\u00edda, o tom foi quase de amea\u00e7a. Os parlamentares deixaram claro que podem complicar a vota\u00e7\u00e3o de projetos nacionais, como a reforma da previd\u00eancia, se a demanda local n\u00e3o for atendida.<\/p>\n<p><img fetchpriority=\"high\" decoding=\"async\" class=\"size-full wp-image-7116 aligncenter\" src=\"http:\/\/lavras.tv\/site\/wp-content\/uploads\/2017\/03\/deputados.jpg\" alt=\"deputados\" width=\"620\" height=\"420\" srcset=\"https:\/\/lavras.tv\/site\/wp-content\/uploads\/2017\/03\/deputados.jpg 620w, https:\/\/lavras.tv\/site\/wp-content\/uploads\/2017\/03\/deputados-150x102.jpg 150w, https:\/\/lavras.tv\/site\/wp-content\/uploads\/2017\/03\/deputados-300x203.jpg 300w\" sizes=\"(max-width: 620px) 100vw, 620px\" \/><\/p>\n<p>O pedido do Estado \u00e9 para que Minas pare de pagar a d\u00edvida de cerca de R$ 500 milh\u00f5es mensais. O acerto pode ser feito a partir de uma proposi\u00e7\u00e3o de emenda dos deputados mineiros ao projeto de lei que trata da renegocia\u00e7\u00e3o da d\u00edvidas dos Estados, em tramita\u00e7\u00e3o no Congresso. Sem falar abertamente em barganha, o coordenador da bancada mineira na C\u00e2mara Federal, F\u00e1bio Ramalho (PMDB), disse que o Estado n\u00e3o aceita \u201crasteiras&#8221; e afirmou que as reformas ter\u00e3o que passar pela bancada mineira.<\/p>\n<p>\u201cMinas hoje d\u00e1 para as reformas, no m\u00ednimo, 43 votos, ent\u00e3o, acho que o presidente Temer tem que saber que as reformas passam por Minas, as reformas t\u00eam que ser boas para o Brasil, mas boas para os mineiros\u201d, disse Ramalho. O deputado disse que, atualmente, a bancada n\u00e3o concorda com os termos da reforma previdenci\u00e1ria.<\/p>\n<p>Minas afirma ser credor da Uni\u00e3o em cerca de R$ 135,7 bilh\u00f5es, referentes a perdas com a desonera\u00e7\u00e3o do ICMS nas exporta\u00e7\u00f5es de produtos prim\u00e1rios, como caf\u00e9 e min\u00e9rio. A desonera\u00e7\u00e3o foi institu\u00edda pela Lei Kandir, em 1996, e constitucionalizada em 2003, com a previs\u00e3o de uma lei complementar que definisse os termos das compensa\u00e7\u00f5es das perdas dos Estados em favor da Uni\u00e3o. Em novembro do ano passado, o Supremo Tribunal Federal (STF) deu um prazo de um ano para que o Congresso aprove a legisla\u00e7\u00e3o.<\/p>\n<p>Sobre a demanda do Estado, Ramalho disse que \u201cMinas n\u00e3o tem costume de barganhar com ningu\u00e9m\u201d e que a quest\u00e3o \u00e9 \u201cde exigir o que \u00e9 de Minas e eu tenho visto que o presidente Temer n\u00e3o tem olhado com o devido olhar para os mineiros\u201d, disse Ramalho. Ele ainda fez quest\u00e3o de lembrar que Minas deu 41 votos favor\u00e1veis ao impeachment de Dilma Rousseff.<\/p>\n<p>O secret\u00e1rio de Governo do Estado, Odair Cunha, disse que o acerto de contas iria resolver a crise fiscal do Estado e permitir que o governo de Minas fizesse um programa de investimentos. &#8220;Queremos encontro de contas com a suspens\u00e3o imediata do pagamento da d\u00edvida. Ter\u00edamos condi\u00e7\u00f5es de ter um programa de investimento buscando mais recursos no mercado, atendendo a outras demandas dos mineiros&#8221;, disse. &#8220;O fundamental \u00e9 que queremos uma unidade em Minas em torno de um tema central para o Estado que \u00e9 o encontro de contas, que resolve de maneira definitiva o problema de endividamento e a crise fiscal do Estado&#8221;, defendeu Odair Cunha.<\/p>\n<p>Segundo ele, o governador usou \u201cpalavras amenas\u201d e Pimentel \u201cn\u00e3o \u00e9 contra a governabilidade do presidente Temer\u201d. \u201cO presidente Temer sempre me escuta, nunca deixou de me atender, nunca deixou de me atender, se eu for ao Pal\u00e1cio dez vezes no dia, dez vezes ele me atende, mas s\u00f3 me escuta, o que eu quero \u00e9 que ele possa discutir as quest\u00f5es mineira. Espero que ele me d\u00ea a resposta necess\u00e1ria porque agora, infelizmente, n\u00e3o queremos partir para o confronto, queremos o di\u00e1logo, mas o di\u00e1logo que seja bom para os mineiros, Minas n\u00e3o aceita rasteira\u201d, refor\u00e7ou Ramalho.<\/p>\n<p><strong>Diverg\u00eancias<\/strong><\/p>\n<p>Nesta ter\u00e7a-feria (7), a bacanda ir\u00e1 se reunir em Bras\u00edlia, Ramalho afirmou que deve ser divulgada uma carta de Minas Gerais e que o documento deve ter o apoio de todos os deputados, inclusive os da oposi\u00e7\u00e3o a Fernando Pimentel em Minas e que n\u00e3o compareceram ao encontro desta segunda-feira (6). O apoio, contudo, n\u00e3o deve ser integral. O presidente do PSDB em Minas, deputado federal Domingos S\u00e1vio, afirmou ser contra o tom de F\u00e1bio Ramalho que, segundo ele, est\u00e1 contaminado pelo fato de Minas Gerais n\u00e3o ter sido contemplada com a indica\u00e7\u00e3o de um mineiro para a vaga de ministro da Justi\u00e7a.<\/p>\n<p>\u201cO PSDB tem estado sempre em defesa de Minas, o Fabinho, neste momento tem manifestado mais com a emo\u00e7\u00e3o. \u00c9 preciso separar uma coisa da outra, n\u00e3o podemos deixar que essa rela\u00e7\u00e3o com o governo federal seja pautada em interesse espec\u00edfico. N\u00e3o podemos fazer moeda de troca das quest\u00f5es nacionais\u201d, disse o tucano. Segundo ele, se a bancada trocar o apoio \u00e0 reforma da previd\u00eancia, por exemplo, pelo acerto de contas e cancelamento do pagamento das d\u00edvidas, pode se comprometer com um texto prejudicial aos mineiros. Ele garantiu que o PSDB n\u00e3o ir\u00e1 \u201ctratar de forma pequena (o apoio ao acerto de contas) porque \u00e9 o PT no governo (estadual). Somos aliados de Minas. N\u00e3o me parece razo\u00e1vel vincular e amanha os pr\u00f3prios v\u00e3o nos criticar\u201d, disse Domingos S\u00e1vio.<\/p>\n<p>Fonte: O Tempo<\/p>\n","protected":false},"excerpt":{"rendered":"<p>O governador Fernando Pimentel (PT) reuniu a bancada federal dos deputados mineiros nesta segunda-feira (6), no Pal\u00e1cio da Liberdade, para pedir apoio em rela\u00e7\u00e3o ao pedido j\u00e1 feito por ele ao presidente Michel Temer (PMDB) para um acerto de contas com o governo federal. De acordo com o governo estadual, a Uni\u00e3o deve a Minas [&hellip;]<\/p>\n","protected":false},"author":2,"featured_media":7116,"comment_status":"closed","ping_status":"open","sticky":false,"template":"","format":"standard","meta":{"advgb_blocks_editor_width":"","advgb_blocks_columns_visual_guide":"","_exactmetrics_skip_tracking":false,"_exactmetrics_sitenote_active":false,"_exactmetrics_sitenote_note":"","_exactmetrics_sitenote_category":0,"footnotes":""},"categories":[12],"tags":[1296,530,396,1933],"class_list":["post-7115","post","type-post","status-publish","format-standard","has-post-thumbnail","hentry","category-politica","tag-deputados","tag-minas-gerais","tag-politica","tag-temer"],"better_featured_image":{"id":7116,"alt_text":"","caption":"","description":"","media_type":"image","media_details":{"width":620,"height":420,"file":"2017\/03\/deputados.jpg","sizes":{"thumbnail":{"file":"deputados-150x102.jpg","width":150,"height":102,"mime-type":"image\/jpeg","source_url":"https:\/\/lavras.tv\/site\/wp-content\/uploads\/2017\/03\/deputados-150x102.jpg"},"medium":{"file":"deputados-300x203.jpg","width":300,"height":203,"mime-type":"image\/jpeg","source_url":"https:\/\/lavras.tv\/site\/wp-content\/uploads\/2017\/03\/deputados-300x203.jpg"},"featured-post-img":{"file":"deputados-480x320.jpg","width":480,"height":320,"mime-type":"image\/jpeg","source_url":"https:\/\/lavras.tv\/site\/wp-content\/uploads\/2017\/03\/deputados-480x320.jpg"},"sow-carousel-default":{"file":"deputados-272x182.jpg","width":272,"height":182,"mime-type":"image\/jpeg","source_url":"https:\/\/lavras.tv\/site\/wp-content\/uploads\/2017\/03\/deputados-272x182.jpg"}},"image_meta":{"aperture":"0","credit":"","camera":"","caption":"","created_timestamp":"0","copyright":"","focal_length":"0","iso":"0","shutter_speed":"0","title":"","orientation":"0","keywords":[]}},"post":7115,"source_url":"https:\/\/lavras.tv\/site\/wp-content\/uploads\/2017\/03\/deputados.jpg"},"author_meta":{"display_name":"Lavras TV","author_link":"https:\/\/lavras.tv\/site\/author\/lavrastv\/"},"featured_img":"https:\/\/lavras.tv\/site\/wp-content\/uploads\/2017\/03\/deputados-300x203.jpg","coauthors":[],"tax_additional":{"categories":{"linked":["<a href=\"https:\/\/lavras.tv\/site\/category\/politica\/\" class=\"advgb-post-tax-term\">Pol\u00edtica<\/a>"],"unlinked":["<span class=\"advgb-post-tax-term\">Pol\u00edtica<\/span>"]},"tags":{"linked":["<a href=\"https:\/\/lavras.tv\/site\/category\/politica\/\" class=\"advgb-post-tax-term\">deputados<\/a>","<a href=\"https:\/\/lavras.tv\/site\/category\/politica\/\" class=\"advgb-post-tax-term\">minas gerais<\/a>","<a href=\"https:\/\/lavras.tv\/site\/category\/politica\/\" class=\"advgb-post-tax-term\">pol\u00edtica<\/a>","<a href=\"https:\/\/lavras.tv\/site\/category\/politica\/\" class=\"advgb-post-tax-term\">Temer<\/a>"],"unlinked":["<span class=\"advgb-post-tax-term\">deputados<\/span>","<span class=\"advgb-post-tax-term\">minas gerais<\/span>","<span class=\"advgb-post-tax-term\">pol\u00edtica<\/span>","<span class=\"advgb-post-tax-term\">Temer<\/span>"]}},"comment_count":"0","relative_dates":{"created":"Publicado 9 anos atr\u00e1s","modified":"Atualizado 9 anos atr\u00e1s"},"absolute_dates":{"created":"Publicado em 7 de mar\u00e7o de 2017","modified":"Atualizado em 7 de mar\u00e7o de 2017"},"absolute_dates_time":{"created":"Publicado em 7 de mar\u00e7o de 2017 09:40","modified":"Atualizado em 7 de mar\u00e7o de 2017 09:40"},"featured_img_caption":"","series_order":"","_links":{"self":[{"href":"https:\/\/lavras.tv\/site\/wp-json\/wp\/v2\/posts\/7115","targetHints":{"allow":["GET"]}}],"collection":[{"href":"https:\/\/lavras.tv\/site\/wp-json\/wp\/v2\/posts"}],"about":[{"href":"https:\/\/lavras.tv\/site\/wp-json\/wp\/v2\/types\/post"}],"author":[{"embeddable":true,"href":"https:\/\/lavras.tv\/site\/wp-json\/wp\/v2\/users\/2"}],"replies":[{"embeddable":true,"href":"https:\/\/lavras.tv\/site\/wp-json\/wp\/v2\/comments?post=7115"}],"version-history":[{"count":1,"href":"https:\/\/lavras.tv\/site\/wp-json\/wp\/v2\/posts\/7115\/revisions"}],"predecessor-version":[{"id":7117,"href":"https:\/\/lavras.tv\/site\/wp-json\/wp\/v2\/posts\/7115\/revisions\/7117"}],"wp:featuredmedia":[{"embeddable":true,"href":"https:\/\/lavras.tv\/site\/wp-json\/wp\/v2\/media\/7116"}],"wp:attachment":[{"href":"https:\/\/lavras.tv\/site\/wp-json\/wp\/v2\/media?parent=7115"}],"wp:term":[{"taxonomy":"category","embeddable":true,"href":"https:\/\/lavras.tv\/site\/wp-json\/wp\/v2\/categories?post=7115"},{"taxonomy":"post_tag","embeddable":true,"href":"https:\/\/lavras.tv\/site\/wp-json\/wp\/v2\/tags?post=7115"}],"curies":[{"name":"wp","href":"https:\/\/api.w.org\/{rel}","templated":true}]}}