{"id":7142,"date":"2017-03-08T09:36:27","date_gmt":"2017-03-08T12:36:27","guid":{"rendered":"http:\/\/lavras.tv\/site\/?p=7142"},"modified":"2017-03-08T09:36:27","modified_gmt":"2017-03-08T12:36:27","slug":"oposicao-na-camara-comeca-a-coletar-assinaturas-para-criar-cpi-da-previdencia","status":"publish","type":"post","link":"https:\/\/lavras.tv\/site\/2017\/03\/08\/oposicao-na-camara-comeca-a-coletar-assinaturas-para-criar-cpi-da-previdencia\/","title":{"rendered":"Oposi\u00e7\u00e3o na C\u00e2mara come\u00e7a a coletar assinaturas para criar CPI da Previd\u00eancia"},"content":{"rendered":"<div class=\"lavra-antes-do-conteudo_2\" id=\"lavra-2142480091\"><div id=\"lavra-slider-27\" class=\"custom-slider lavra-slider-959497964 lavra-slider\"><ul><li><div style=\"margin-left: auto;margin-right: auto;text-align: center;\" id=\"lavra-3259372575\"><a href=\"https:\/\/sistemas.lavras.mg.gov.br\/portalcidadao\/#df1b1a7c7b2a290bcb31e32771e610784662739a88807c0dacac58ede5f391a7530e299dc302d611ee73cb143fc22eaf93592e53e7b5bdb01b00a0b8d28dae460c141dd2ff83412e4dc1c31b16b25f33144a9e5620ea73b13f5bc1c59411d98439ad226e8af03840603796067d87afe130812cf3de24982d0e306f9e61e764e5\" aria-label=\"Lavras-TV&#8211;720x104px (1) (1)\"><img src=\"https:\/\/lavras.tv\/site\/wp-content\/uploads\/2025\/01\/Lavras-TV-720x104px-1-1.png\" alt=\"\"  srcset=\"https:\/\/lavras.tv\/site\/wp-content\/uploads\/2025\/01\/Lavras-TV-720x104px-1-1.png 720w, https:\/\/lavras.tv\/site\/wp-content\/uploads\/2025\/01\/Lavras-TV-720x104px-1-1-470x68.png 470w, https:\/\/lavras.tv\/site\/wp-content\/uploads\/2025\/01\/Lavras-TV-720x104px-1-1-170x25.png 170w, https:\/\/lavras.tv\/site\/wp-content\/uploads\/2025\/01\/Lavras-TV-720x104px-1-1-200x29.png 200w\" sizes=\"(max-width: 720px) 100vw, 720px\" width=\"720\" height=\"104\"  style=\"display: inline-block;\" \/><\/a><\/div><\/li><li><a href=\"https:\/\/sistemas.lavras.mg.gov.br\/portalcidadao\/#df1b1a7c7b2a290bcb31e32771e610784662739a88807c0dacac58ede5f391a7530e299dc302d611ee73cb143fc22eaf93592e53e7b5bdb01b00a0b8d28dae460c141dd2ff83412e4dc1c31b16b25f33144a9e5620ea73b13f5bc1c59411d98439ad226e8af03840603796067d87afe130812cf3de24982d0e306f9e61e764e5\" aria-label=\"Banner_Emprego_PortallavrasTV\"><img src=\"https:\/\/lavras.tv\/site\/wp-content\/uploads\/2025\/03\/Banner_Emprego_PortallavrasTV.png\" alt=\"\"  srcset=\"https:\/\/lavras.tv\/site\/wp-content\/uploads\/2025\/03\/Banner_Emprego_PortallavrasTV.png 720w, https:\/\/lavras.tv\/site\/wp-content\/uploads\/2025\/03\/Banner_Emprego_PortallavrasTV-470x68.png 470w, https:\/\/lavras.tv\/site\/wp-content\/uploads\/2025\/03\/Banner_Emprego_PortallavrasTV-170x25.png 170w, https:\/\/lavras.tv\/site\/wp-content\/uploads\/2025\/03\/Banner_Emprego_PortallavrasTV-200x29.png 200w\" sizes=\"(max-width: 720px) 100vw, 720px\" width=\"720\" height=\"104\"   \/><\/a><\/li><li><a href=\"https:\/\/sistemas.lavras.mg.gov.br\/portalcidadao\/#df1b1a7c7b2a290bcb31e32771e610784662739a88807c0dacac58ede5f391a7530e299dc302d611ee73cb143fc22eaf93592e53e7b5bdb01b00a0b8d28dae460c141dd2ff83412e4dc1c31b16b25f33144a9e5620ea73b13f5bc1c59411d98439ad226e8af03840603796067d87afe130812cf3de24982d0e306f9e61e764e5\" aria-label=\"Banner_Obras_PortallavrasTV\"><img src=\"https:\/\/lavras.tv\/site\/wp-content\/uploads\/2025\/03\/Banner_Obras_PortallavrasTV.png\" alt=\"\"  srcset=\"https:\/\/lavras.tv\/site\/wp-content\/uploads\/2025\/03\/Banner_Obras_PortallavrasTV.png 720w, https:\/\/lavras.tv\/site\/wp-content\/uploads\/2025\/03\/Banner_Obras_PortallavrasTV-470x68.png 470w, https:\/\/lavras.tv\/site\/wp-content\/uploads\/2025\/03\/Banner_Obras_PortallavrasTV-170x25.png 170w, https:\/\/lavras.tv\/site\/wp-content\/uploads\/2025\/03\/Banner_Obras_PortallavrasTV-200x29.png 200w\" sizes=\"(max-width: 720px) 100vw, 720px\" width=\"720\" height=\"104\"   \/><\/a><\/li><li><div style=\"margin-left: auto;margin-right: auto;text-align: center;\" id=\"lavra-3807626209\"><a href=\"https:\/\/sistemas.lavras.mg.gov.br\/portalcidadao\/#df1b1a7c7b2a290bcb31e32771e610784662739a88807c0dacac58ede5f391a7530e299dc302d611ee73cb143fc22eaf93592e53e7b5bdb01b00a0b8d28dae460c141dd2ff83412e4dc1c31b16b25f33144a9e5620ea73b13f5bc1c59411d98439ad226e8af03840603796067d87afe130812cf3de24982d0e306f9e61e764e5\" aria-label=\"Banner_Educa\u00e7\u00e3o_PortallavrasTV\"><img src=\"https:\/\/lavras.tv\/site\/wp-content\/uploads\/2025\/01\/Banner_Educacao_PortallavrasTV.png\" alt=\"\"  srcset=\"https:\/\/lavras.tv\/site\/wp-content\/uploads\/2025\/01\/Banner_Educacao_PortallavrasTV.png 720w, https:\/\/lavras.tv\/site\/wp-content\/uploads\/2025\/01\/Banner_Educacao_PortallavrasTV-470x68.png 470w, https:\/\/lavras.tv\/site\/wp-content\/uploads\/2025\/01\/Banner_Educacao_PortallavrasTV-170x25.png 170w, https:\/\/lavras.tv\/site\/wp-content\/uploads\/2025\/01\/Banner_Educacao_PortallavrasTV-200x29.png 200w\" sizes=\"(max-width: 720px) 100vw, 720px\" width=\"720\" height=\"104\"  style=\"display: inline-block;\" \/><\/a><\/div><\/li><li><a href=\"https:\/\/sistemas.lavras.mg.gov.br\/portalcidadao\/#df1b1a7c7b2a290bcb31e32771e610784662739a88807c0dacac58ede5f391a7530e299dc302d611ee73cb143fc22eaf93592e53e7b5bdb01b00a0b8d28dae460c141dd2ff83412e4dc1c31b16b25f33144a9e5620ea73b13f5bc1c59411d98439ad226e8af03840603796067d87afe130812cf3de24982d0e306f9e61e764e5\" aria-label=\"Banner_Sa\u00fade_PortallavrasTV\"><img src=\"https:\/\/lavras.tv\/site\/wp-content\/uploads\/2025\/03\/Banner_Saude_PortallavrasTV.png\" alt=\"\"  srcset=\"https:\/\/lavras.tv\/site\/wp-content\/uploads\/2025\/03\/Banner_Saude_PortallavrasTV.png 720w, https:\/\/lavras.tv\/site\/wp-content\/uploads\/2025\/03\/Banner_Saude_PortallavrasTV-470x68.png 470w, https:\/\/lavras.tv\/site\/wp-content\/uploads\/2025\/03\/Banner_Saude_PortallavrasTV-170x25.png 170w, https:\/\/lavras.tv\/site\/wp-content\/uploads\/2025\/03\/Banner_Saude_PortallavrasTV-200x29.png 200w\" sizes=\"(max-width: 720px) 100vw, 720px\" width=\"720\" height=\"104\"   \/><\/a><\/li><li><div id=\"lavra-1980269098\" style=\"width:720px;height:104px;background-color:#ddd;overflow:scroll;\">\n\t<strong>Sa\u00edda da depura\u00e7\u00e3o de an\u00fancios<\/strong>\n\t<br><br>\n\tO an\u00fancio n\u00e3o \u00e9 exibido na p\u00e1gina<br><br>post atual: Oposi\u00e7\u00e3o na C\u00e2mara come\u00e7a a coletar assinaturas para criar CPI da Previd\u00eancia, ID: 7142<br><br><span style=\"color: red;\">O post atual n\u00e3o \u00e9 id\u00eantico ao post principal.<\/span><br><br>An\u00fancios: ROXO - TOPO INTERNA - ROTATIVO 2 (197)<br \/>Grupo de an\u00fancios: Princ_Meio01_720x104 (27)<br><br>Condi\u00e7\u00f5es de exibi\u00e7\u00e3o<div style=\"margin-bottom: 20px; white-space: pre-wrap; font-family: monospace; width: 100%; background: #ffe9e9;\"><strong>condi\u00e7\u00f5es gerais<\/strong><table border=\"1\"><thead><tr><th><\/th><th>An\u00fancios<\/th><th>wp_the_query<\/th><\/tr><\/thead><tr><td>is_main_query<\/td><td>1<\/td><td>1<\/td><\/tr><tr><td>is_rest_api<\/td><td>0<\/td><td>1<\/td><\/tr><tr><td>page<\/td><td>0<\/td><td>1<\/td><\/tr><tr><td>numpages<\/td><td>0<\/td><td>1<\/td><\/tr><tr><td>is_archive<\/td><td>1<\/td><td><\/td><\/tr><tr><td>is_search<\/td><td>1<\/td><td><\/td><\/tr><tr><td>is_home<\/td><td>1<\/td><td><\/td><\/tr><tr><td>is_404<\/td><td>1<\/td><td><\/td><\/tr><tr><td>is_attachment<\/td><td>1<\/td><td><\/td><\/tr><tr><td>is_singular<\/td><td>1<\/td><td><\/td><\/tr><tr><td>is_front_page<\/td><td>1<\/td><td><\/td><\/tr><tr><td>is_feed<\/td><td>1<\/td><td><\/td><\/tr><\/table><\/div><br><br><span style=\"color: red;\">Seu site usa HTTPS, mas o c\u00f3digo do an\u00fancio cont\u00e9m HTTP e pode n\u00e3o funcionar.<\/span>\t<br><br>\n\t<a style=\"color: green;\" href=\"https:\/\/wpadvancedads.com\/manual\/ad-debug-mode\/?utm_source=advanced-ads&utm_medium=link&utm_campaign=ad-debug-mode\" target=\"_blank\" rel=\"nofollow\">Encontre solu\u00e7\u00f5es no manual<\/a>\n<\/div>\n<\/li><\/ul><\/div><script>( window.advanced_ads_ready || jQuery( document ).ready ).call( null, function() {var $lavraslider959497964 = jQuery( \".lavra-slider-959497964\" );$lavraslider959497964.on( \"unslider.ready\", function() { jQuery( \"div.custom-slider ul li\" ).css( \"display\", \"block\" ); });$lavraslider959497964.unslider({ delay:4000, autoplay:true, nav:false, arrows:false, infinite:true });$lavraslider959497964.on(\"mouseover\", function() {$lavraslider959497964.unslider(\"stop\");}).on(\"mouseout\", function() {$lavraslider959497964.unslider(\"start\");});});<\/script><\/div><p>Em a\u00e7\u00e3o casada com os senadores, a oposi\u00e7\u00e3o na C\u00e2mara quer criar uma CPI da Previd\u00eancia. O l\u00edder da bancada do PT, Carlos Zarattini (SP), come\u00e7ou a coletar as 171 assinaturas necess\u00e1rias para a constitui\u00e7\u00e3o da comiss\u00e3o.<\/p>\n<p><img fetchpriority=\"high\" decoding=\"async\" class=\"size-full wp-image-7143 alignleft\" src=\"http:\/\/lavras.tv\/site\/wp-content\/uploads\/2017\/03\/zaratinni.jpg\" alt=\"zaratinni\" width=\"278\" height=\"182\" srcset=\"https:\/\/lavras.tv\/site\/wp-content\/uploads\/2017\/03\/zaratinni.jpg 278w, https:\/\/lavras.tv\/site\/wp-content\/uploads\/2017\/03\/zaratinni-150x98.jpg 150w\" sizes=\"(max-width: 278px) 100vw, 278px\" \/>No requerimento de instala\u00e7\u00e3o, o petista pede a investiga\u00e7\u00e3o da contabilidade da Previd\u00eancia Social e o esclarecimento das receitas e despesas do sistema. O deputado prop\u00f5e apurar &#8220;todos os desvios de recursos, sejam anistias, desonera\u00e7\u00f5es, desvincula\u00e7\u00f5es, sonega\u00e7\u00e3o ou qualquer outro meio que propicie a retirada de fontes da Previd\u00eancia, focando n\u00e3o somente nos valores, mas tamb\u00e9m nos benefici\u00e1rios desses desvios&#8221;.<\/p>\n<p>Na justificativa, o parlamentar argumenta que, como est\u00e1 em tramita\u00e7\u00e3o uma Proposta de Emenda \u00e0 Constitui\u00e7\u00e3o (PEC) para reformar o sistema previdenci\u00e1rio, \u00e9 &#8220;imprescind\u00edvel&#8221; conhecer a situa\u00e7\u00e3o da Previd\u00eancia para que os parlamentares possam construir uma legisla\u00e7\u00e3o justa. Zarattini destaca que h\u00e1 diverg\u00eancias sobre a exist\u00eancia de d\u00e9ficit ou super\u00e1vit na Previd\u00eancia. &#8220;Toda a discuss\u00e3o gira em torno da contabilidade da Previd\u00eancia Social, sobre quais despesas e receitas devem ser consideradas, al\u00e9m de se levar em conta tamb\u00e9m receitas perdidas com desonera\u00e7\u00f5es, desvincula\u00e7\u00e3o ou sonega\u00e7\u00e3o&#8221;, diz o parlamentar.<\/p>\n<p>No Senado, a oposi\u00e7\u00e3o est\u00e1 mobilizada para abrir uma comiss\u00e3o para investigar o mesmo tema. At\u00e9 a segunda-feira, 6, foram arregimentadas 29 assinaturas para cria\u00e7\u00e3o da CPI, dois apoios a mais do que o regimento exige para que seja instalada a comiss\u00e3o.<\/p>\n<p>Na C\u00e2mara, s\u00e3o necess\u00e1rias as 171 assinaturas de apoio para que o pedido seja protocolado e submetido ao crivo do presidente da Casa, Rodrigo Maia (DEM-RJ).<\/p>\n<p>Fonte: Hoje em Dia<\/p>\n","protected":false},"excerpt":{"rendered":"<p>Em a\u00e7\u00e3o casada com os senadores, a oposi\u00e7\u00e3o na C\u00e2mara quer criar uma CPI da Previd\u00eancia. O l\u00edder da bancada do PT, Carlos Zarattini (SP), come\u00e7ou a coletar as 171 assinaturas necess\u00e1rias para a constitui\u00e7\u00e3o da comiss\u00e3o. No requerimento de instala\u00e7\u00e3o, o petista pede a investiga\u00e7\u00e3o da contabilidade da Previd\u00eancia Social e o esclarecimento das [&hellip;]<\/p>\n","protected":false},"author":2,"featured_media":7143,"comment_status":"closed","ping_status":"open","sticky":false,"template":"","format":"standard","meta":{"advgb_blocks_editor_width":"","advgb_blocks_columns_visual_guide":"","_exactmetrics_skip_tracking":false,"_exactmetrics_sitenote_active":false,"_exactmetrics_sitenote_note":"","_exactmetrics_sitenote_category":0,"footnotes":""},"categories":[12],"tags":[677,2871],"class_list":["post-7142","post","type-post","status-publish","format-standard","has-post-thumbnail","hentry","category-politica","tag-camara-dos-deputados","tag-cpi-da-previdencia"],"better_featured_image":{"id":7143,"alt_text":"","caption":"","description":"","media_type":"image","media_details":{"width":278,"height":182,"file":"2017\/03\/zaratinni.jpg","sizes":{"thumbnail":{"file":"zaratinni-150x98.jpg","width":150,"height":98,"mime-type":"image\/jpeg","source_url":"https:\/\/lavras.tv\/site\/wp-content\/uploads\/2017\/03\/zaratinni-150x98.jpg"},"sow-carousel-default":{"file":"zaratinni-272x182.jpg","width":272,"height":182,"mime-type":"image\/jpeg","source_url":"https:\/\/lavras.tv\/site\/wp-content\/uploads\/2017\/03\/zaratinni-272x182.jpg"}},"image_meta":{"aperture":"0","credit":"","camera":"","caption":"","created_timestamp":"0","copyright":"","focal_length":"0","iso":"0","shutter_speed":"0","title":"","orientation":"0","keywords":[]}},"post":7142,"source_url":"https:\/\/lavras.tv\/site\/wp-content\/uploads\/2017\/03\/zaratinni.jpg"},"author_meta":{"display_name":"Lavras TV","author_link":"https:\/\/lavras.tv\/site\/author\/lavrastv\/"},"featured_img":"https:\/\/lavras.tv\/site\/wp-content\/uploads\/2017\/03\/zaratinni.jpg","coauthors":[],"tax_additional":{"categories":{"linked":["<a href=\"https:\/\/lavras.tv\/site\/category\/politica\/\" class=\"advgb-post-tax-term\">Pol\u00edtica<\/a>"],"unlinked":["<span class=\"advgb-post-tax-term\">Pol\u00edtica<\/span>"]},"tags":{"linked":["<a href=\"https:\/\/lavras.tv\/site\/category\/politica\/\" class=\"advgb-post-tax-term\">c\u00e2mara dos deputados<\/a>","<a href=\"https:\/\/lavras.tv\/site\/category\/politica\/\" class=\"advgb-post-tax-term\">cpi da previd\u00eancia<\/a>"],"unlinked":["<span class=\"advgb-post-tax-term\">c\u00e2mara dos deputados<\/span>","<span class=\"advgb-post-tax-term\">cpi da previd\u00eancia<\/span>"]}},"comment_count":"0","relative_dates":{"created":"Publicado 9 anos atr\u00e1s","modified":"Atualizado 9 anos atr\u00e1s"},"absolute_dates":{"created":"Publicado em 8 de mar\u00e7o de 2017","modified":"Atualizado em 8 de mar\u00e7o de 2017"},"absolute_dates_time":{"created":"Publicado em 8 de mar\u00e7o de 2017 09:36","modified":"Atualizado em 8 de mar\u00e7o de 2017 09:36"},"featured_img_caption":"","series_order":"","_links":{"self":[{"href":"https:\/\/lavras.tv\/site\/wp-json\/wp\/v2\/posts\/7142","targetHints":{"allow":["GET"]}}],"collection":[{"href":"https:\/\/lavras.tv\/site\/wp-json\/wp\/v2\/posts"}],"about":[{"href":"https:\/\/lavras.tv\/site\/wp-json\/wp\/v2\/types\/post"}],"author":[{"embeddable":true,"href":"https:\/\/lavras.tv\/site\/wp-json\/wp\/v2\/users\/2"}],"replies":[{"embeddable":true,"href":"https:\/\/lavras.tv\/site\/wp-json\/wp\/v2\/comments?post=7142"}],"version-history":[{"count":1,"href":"https:\/\/lavras.tv\/site\/wp-json\/wp\/v2\/posts\/7142\/revisions"}],"predecessor-version":[{"id":7144,"href":"https:\/\/lavras.tv\/site\/wp-json\/wp\/v2\/posts\/7142\/revisions\/7144"}],"wp:featuredmedia":[{"embeddable":true,"href":"https:\/\/lavras.tv\/site\/wp-json\/wp\/v2\/media\/7143"}],"wp:attachment":[{"href":"https:\/\/lavras.tv\/site\/wp-json\/wp\/v2\/media?parent=7142"}],"wp:term":[{"taxonomy":"category","embeddable":true,"href":"https:\/\/lavras.tv\/site\/wp-json\/wp\/v2\/categories?post=7142"},{"taxonomy":"post_tag","embeddable":true,"href":"https:\/\/lavras.tv\/site\/wp-json\/wp\/v2\/tags?post=7142"}],"curies":[{"name":"wp","href":"https:\/\/api.w.org\/{rel}","templated":true}]}}